{"id":10453,"date":"2015-02-25T08:29:23","date_gmt":"2015-02-25T08:29:23","guid":{"rendered":"http:\/\/www.icip.cat\/icip-entrega-el-premi-icip-constructors-de-pau-2014\/"},"modified":"2021-02-09T10:25:57","modified_gmt":"2021-02-09T10:25:57","slug":"icip-entrega-el-premi-icip-constructors-de-pau-2014","status":"publish","type":"post","link":"https:\/\/www.icip.cat\/ca\/icip-entrega-el-premi-icip-constructors-de-pau-2014\/","title":{"rendered":"ICIP entrega el Premi ICIP Constructors de Pau 2014"},"content":{"rendered":"<p>El galard\u00f3n reconoce la trayectoria centenaria en el trabajo de mujeres por la paz de la Liga Internacional de Mujeres por la Paz y la Libertad (WILPF, en las siglas en ingl\u00e9s). La ceremonia de entrega del galard\u00f3n tuvo lugar el martes 24 de febrero en el Parlamento de Catalu\u00f1a. El acto, presidido por la presidenta del Parlamento, N\u00faria de Gispert, cont\u00f3 con la asistencia de la presidenta de WILPF, Adilia Caravaca.<\/p>\n<p>El Premio ICIP Constructores de Paz 2014 reconoce &#8220;la trayectoria centenaria en el trabajo de mujeres para la paz de la Liga Internacional de Mujeres por la Paz y la Libertad (Women&#8217;s International League for Peace and Freedom, WILPF), as\u00ed como su compromiso con el desarme, la defensa de los derechos humanos y la persistencia con el fin de conseguir el reconocimiento del papel de las mujeres en la construcci\u00f3n de paz&#8221;.<\/p>\n<p>WILPF, que cumple 100 a\u00f1os \u00e9ste 2015, ha sido una organizaci\u00f3n pionera en la creaci\u00f3n de una tradici\u00f3n de feminismo pacifista internacionalista y constituye un referente para todas las iniciativas de mujeres por la paz. Los objetivos fundacionales de la WILPF fueron, y son, &#8220;reunir mujeres con visiones pol\u00edticas y bagajes filos\u00f3ficos y religiosos diferentes, determinadas a estudiar y a dar a conocer las causas de la guerra y a trabajar para una paz permanente&#8221;. Actualment la Liga tiene sede en Ginebra y en Nueva York y est\u00e1 presente en 30 pa\u00edses. Estem lluny de tenir societats que se centrin en satisfer les necessitats humanes. La pau sembla m\u00e9s elusiva que mai\u201d.<\/p>\n<p>En el transcurs de la cerim\u00f2nia s\u2019ha projectat un v\u00eddeo sobre l\u2019organitzaci\u00f3 premiada, s\u2019ha llegit una glossa sobre els cent anys de traject\u00f2ria de WILPF i l&#8217;acta de concessi\u00f3 del premi. Posteriorment, el president de l\u2019ICIP, Rafael Grasa, ha destacat la influ\u00e8ncia de WILPF en l\u2019agenda internacional. En el seu discurs, el president de l\u2019ICIP ha recordat que WILPF \u201cha estat al centre d\u2019una tradici\u00f3 de feminisme pacifista internacionalista\u201d i que \u201cha estat capa\u00e7 de realitzar una ingent tasca en un m\u00f3n vetat a la societat civil i fet a mida dels homes\u201d.<\/p>\n<p>Despr\u00e9s del lliurament del guard\u00f3, la vicepresidenta del Govern de la Generalitat, Joana Ortega, ha recordat que les crisis obertes a pa\u00efsos com l\u2019Iraq, S\u00edria, Nig\u00e8ria o Ucra\u00efna \u201cfan que calgui treballar per la pau amb m\u00e9s intensitat que mai\u201d. La vicepresidenta ha felicitat WILPF pel cam\u00ed recorregut en favor de la pau i l\u2019ICIP per la iniciativa d\u2019un premi que assoleix, any rere any, prestigi internacional.<\/p>\n<p>Finalment, l\u2019acte l\u2019ha clausurat la presidenta del Parlament, N\u00faria de Gispert, que ha lloat la valentia de les primeres dones de WILPF, que fa cent anys, en plena Primera Guerra Mundial, es van reunir en un congr\u00e9s a La Haia per parlar de pau i desarmament. De Gispert ha recordat la tradici\u00f3 pactista de les institucions catalanes i ha reivindicat la necessitat que la lluita per la pau de WILPF continu\u00ef endavant.<\/p>\n<p><strong>Anteriors guardonats amb el Premi ICIP<\/strong><br \/>\nEl Premi ICIP Constructors de Pau va n\u00e9ixer l&#8217;any 2011, amb una edici\u00f3 extraordin\u00e0ria que va guardonar el Parlament de Catalunya en representar la continu\u00eftat i el llegat de les institucions Pau i Treva i el Consolat del Mar. Aquell mateix any, la primera edici\u00f3 regular del premi va recon\u00e8ixer la lluita d\u2019objectors i insubmisos, simbolitzats en Pepe Beunza, primer objector de consci\u00e8ncia al servei militar obligatori per raons ideol\u00f2giques de l\u2019Estat espanyol.<\/p>\n<p>Posteriorment, l\u2019any 2012, el Premi ICIP va ser concedit a cinc Mares de Soacha pel seu treball a favor de la pau i els drets humans a Col\u00f2mbia. Amb aquest Premi, l\u2019ICIP va voler recon\u00e8ixer el seu coratge i la seva perseveran\u00e7a en la recerca de veritat, just\u00edcia i reparaci\u00f3 per la mort dels seus fills a mans de forces de seguretat de l\u2019Estat i per altres casos d\u2019execucions extrajudicials coneguts com a falsos positivos.<\/p>\n<p>L\u2019any 2013, el Premi ICIP Constructors de Pau va guardonar l\u2019exgeneral nascut a Belgrad JovanDivjak, pel seu coratge en la defensa de Sarajevo durant la Guerra dels Balcans i el seu treball en favor de les v\u00edctimes del conflicte.<\/p>\n","protected":false},"excerpt":{"rendered":"<p>Reconeix la traject\u00f2ria centen\u00e0ria de la Lliga Internacional de Dones per la Pau i la Llibertat (WILPF) en un acte al Parlament de Catalunya.<\/p>\n","protected":false},"author":1,"featured_media":7805,"comment_status":"closed","ping_status":"open","sticky":false,"template":"","format":"standard","meta":{"_acf_changed":false,"footnotes":""},"categories":[5],"tags":[],"class_list":["post-10453","post","type-post","status-publish","format-standard","has-post-thumbnail","hentry","category-sin-categorizar"],"acf":[],"yoast_head":"<!-- This site is optimized with the Yoast SEO plugin v25.6 - https:\/\/yoast.com\/wordpress\/plugins\/seo\/ -->\n<title>ICIP entrega el Premi ICIP Constructors de Pau 2014 - ICIP<\/title>\n<meta name=\"robots\" content=\"index, follow, max-snippet:-1, max-image-preview:large, max-video-preview:-1\" \/>\n<link rel=\"canonical\" href=\"https:\/\/www.icip.cat\/ca\/icip-entrega-el-premi-icip-constructors-de-pau-2014\/\" \/>\n<meta property=\"og:locale\" content=\"ca_ES\" \/>\n<meta property=\"og:type\" content=\"article\" \/>\n<meta property=\"og:title\" content=\"ICIP entrega el Premi ICIP Constructors de Pau 2014 - ICIP\" \/>\n<meta property=\"og:description\" content=\"Reconeix la traject\u00f2ria centen\u00e0ria de la Lliga Internacional de Dones per la Pau i la Llibertat (WILPF) en un acte al Parlament de Catalunya.\" \/>\n<meta property=\"og:url\" content=\"https:\/\/www.icip.cat\/ca\/icip-entrega-el-premi-icip-constructors-de-pau-2014\/\" \/>\n<meta property=\"og:site_name\" content=\"ICIP\" \/>\n<meta property=\"article:published_time\" content=\"2015-02-25T08:29:23+00:00\" \/>\n<meta property=\"article:modified_time\" content=\"2021-02-09T10:25:57+00:00\" \/>\n<meta property=\"og:image\" content=\"https:\/\/www.icip.cat\/wp-content\/uploads\/2011\/01\/logo_icip.jpg_1722731804.jpg\" \/>\n\t<meta property=\"og:image:width\" content=\"190\" \/>\n\t<meta property=\"og:image:height\" content=\"140\" \/>\n\t<meta property=\"og:image:type\" content=\"image\/jpeg\" \/>\n<meta name=\"author\" content=\"whads\" \/>\n<meta name=\"twitter:card\" content=\"summary_large_image\" \/>\n<meta name=\"twitter:label1\" content=\"Escrit per\" \/>\n\t<meta name=\"twitter:data1\" content=\"whads\" \/>\n\t<meta name=\"twitter:label2\" content=\"Temps estimat de lectura\" \/>\n\t<meta name=\"twitter:data2\" content=\"4 minuts\" \/>\n<script type=\"application\/ld+json\" class=\"yoast-schema-graph\">{\"@context\":\"https:\/\/schema.org\",\"@graph\":[{\"@type\":\"Article\",\"@id\":\"https:\/\/www.icip.cat\/ca\/icip-entrega-el-premi-icip-constructors-de-pau-2014\/#article\",\"isPartOf\":{\"@id\":\"https:\/\/www.icip.cat\/ca\/icip-entrega-el-premi-icip-constructors-de-pau-2014\/\"},\"author\":{\"name\":\"whads\",\"@id\":\"https:\/\/www.icip.cat\/ca\/#\/schema\/person\/35404003404833995eee2bb6e3115dc6\"},\"headline\":\"ICIP entrega el Premi ICIP Constructors de Pau 2014\",\"datePublished\":\"2015-02-25T08:29:23+00:00\",\"dateModified\":\"2021-02-09T10:25:57+00:00\",\"mainEntityOfPage\":{\"@id\":\"https:\/\/www.icip.cat\/ca\/icip-entrega-el-premi-icip-constructors-de-pau-2014\/\"},\"wordCount\":742,\"publisher\":{\"@id\":\"https:\/\/www.icip.cat\/ca\/#organization\"},\"image\":{\"@id\":\"https:\/\/www.icip.cat\/ca\/icip-entrega-el-premi-icip-constructors-de-pau-2014\/#primaryimage\"},\"thumbnailUrl\":\"https:\/\/www.icip.cat\/wp-content\/uploads\/2011\/01\/logo_icip.jpg_1722731804.jpg\",\"articleSection\":[\"Sin categorizar\"],\"inLanguage\":\"ca\"},{\"@type\":\"WebPage\",\"@id\":\"https:\/\/www.icip.cat\/ca\/icip-entrega-el-premi-icip-constructors-de-pau-2014\/\",\"url\":\"https:\/\/www.icip.cat\/ca\/icip-entrega-el-premi-icip-constructors-de-pau-2014\/\",\"name\":\"ICIP entrega el Premi ICIP Constructors de Pau 2014 - ICIP\",\"isPartOf\":{\"@id\":\"https:\/\/www.icip.cat\/ca\/#website\"},\"primaryImageOfPage\":{\"@id\":\"https:\/\/www.icip.cat\/ca\/icip-entrega-el-premi-icip-constructors-de-pau-2014\/#primaryimage\"},\"image\":{\"@id\":\"https:\/\/www.icip.cat\/ca\/icip-entrega-el-premi-icip-constructors-de-pau-2014\/#primaryimage\"},\"thumbnailUrl\":\"https:\/\/www.icip.cat\/wp-content\/uploads\/2011\/01\/logo_icip.jpg_1722731804.jpg\",\"datePublished\":\"2015-02-25T08:29:23+00:00\",\"dateModified\":\"2021-02-09T10:25:57+00:00\",\"inLanguage\":\"ca\",\"potentialAction\":[{\"@type\":\"ReadAction\",\"target\":[\"https:\/\/www.icip.cat\/ca\/icip-entrega-el-premi-icip-constructors-de-pau-2014\/\"]}]},{\"@type\":\"ImageObject\",\"inLanguage\":\"ca\",\"@id\":\"https:\/\/www.icip.cat\/ca\/icip-entrega-el-premi-icip-constructors-de-pau-2014\/#primaryimage\",\"url\":\"https:\/\/www.icip.cat\/wp-content\/uploads\/2011\/01\/logo_icip.jpg_1722731804.jpg\",\"contentUrl\":\"https:\/\/www.icip.cat\/wp-content\/uploads\/2011\/01\/logo_icip.jpg_1722731804.jpg\",\"width\":190,\"height\":140,\"caption\":\"ICIP Peace in Progress Award 2011\"},{\"@type\":\"WebSite\",\"@id\":\"https:\/\/www.icip.cat\/ca\/#website\",\"url\":\"https:\/\/www.icip.cat\/ca\/\",\"name\":\"ICIP\",\"description\":\"\",\"publisher\":{\"@id\":\"https:\/\/www.icip.cat\/ca\/#organization\"},\"potentialAction\":[{\"@type\":\"SearchAction\",\"target\":{\"@type\":\"EntryPoint\",\"urlTemplate\":\"https:\/\/www.icip.cat\/ca\/?s={search_term_string}\"},\"query-input\":{\"@type\":\"PropertyValueSpecification\",\"valueRequired\":true,\"valueName\":\"search_term_string\"}}],\"inLanguage\":\"ca\"},{\"@type\":\"Organization\",\"@id\":\"https:\/\/www.icip.cat\/ca\/#organization\",\"name\":\"ICIP\",\"url\":\"https:\/\/www.icip.cat\/ca\/\",\"logo\":{\"@type\":\"ImageObject\",\"inLanguage\":\"ca\",\"@id\":\"https:\/\/www.icip.cat\/ca\/#\/schema\/logo\/image\/\",\"url\":\"https:\/\/www.icip.cat\/wp-content\/uploads\/2021\/02\/logo-2.png\",\"contentUrl\":\"https:\/\/www.icip.cat\/wp-content\/uploads\/2021\/02\/logo-2.png\",\"width\":562,\"height\":391,\"caption\":\"ICIP\"},\"image\":{\"@id\":\"https:\/\/www.icip.cat\/ca\/#\/schema\/logo\/image\/\"}},{\"@type\":\"Person\",\"@id\":\"https:\/\/www.icip.cat\/ca\/#\/schema\/person\/35404003404833995eee2bb6e3115dc6\",\"name\":\"whads\",\"image\":{\"@type\":\"ImageObject\",\"inLanguage\":\"ca\",\"@id\":\"https:\/\/www.icip.cat\/ca\/#\/schema\/person\/image\/\",\"url\":\"https:\/\/secure.gravatar.com\/avatar\/6a92e4ce03d9442c546cc4afecfc51777413608a6d55a7b50040700657b6b30f?s=96&d=mm&r=g\",\"contentUrl\":\"https:\/\/secure.gravatar.com\/avatar\/6a92e4ce03d9442c546cc4afecfc51777413608a6d55a7b50040700657b6b30f?s=96&d=mm&r=g\",\"caption\":\"whads\"},\"sameAs\":[\"http:\/\/www.icip.cat\"],\"url\":\"https:\/\/www.icip.cat\/ca\/author\/whads\/\"}]}<\/script>\n<!-- \/ Yoast SEO plugin. -->","yoast_head_json":{"title":"ICIP entrega el Premi ICIP Constructors de Pau 2014 - ICIP","robots":{"index":"index","follow":"follow","max-snippet":"max-snippet:-1","max-image-preview":"max-image-preview:large","max-video-preview":"max-video-preview:-1"},"canonical":"https:\/\/www.icip.cat\/ca\/icip-entrega-el-premi-icip-constructors-de-pau-2014\/","og_locale":"ca_ES","og_type":"article","og_title":"ICIP entrega el Premi ICIP Constructors de Pau 2014 - ICIP","og_description":"Reconeix la traject\u00f2ria centen\u00e0ria de la Lliga Internacional de Dones per la Pau i la Llibertat (WILPF) en un acte al Parlament de Catalunya.","og_url":"https:\/\/www.icip.cat\/ca\/icip-entrega-el-premi-icip-constructors-de-pau-2014\/","og_site_name":"ICIP","article_published_time":"2015-02-25T08:29:23+00:00","article_modified_time":"2021-02-09T10:25:57+00:00","og_image":[{"width":190,"height":140,"url":"https:\/\/www.icip.cat\/wp-content\/uploads\/2011\/01\/logo_icip.jpg_1722731804.jpg","type":"image\/jpeg"}],"author":"whads","twitter_card":"summary_large_image","twitter_misc":{"Escrit per":"whads","Temps estimat de lectura":"4 minuts"},"schema":{"@context":"https:\/\/schema.org","@graph":[{"@type":"Article","@id":"https:\/\/www.icip.cat\/ca\/icip-entrega-el-premi-icip-constructors-de-pau-2014\/#article","isPartOf":{"@id":"https:\/\/www.icip.cat\/ca\/icip-entrega-el-premi-icip-constructors-de-pau-2014\/"},"author":{"name":"whads","@id":"https:\/\/www.icip.cat\/ca\/#\/schema\/person\/35404003404833995eee2bb6e3115dc6"},"headline":"ICIP entrega el Premi ICIP Constructors de Pau 2014","datePublished":"2015-02-25T08:29:23+00:00","dateModified":"2021-02-09T10:25:57+00:00","mainEntityOfPage":{"@id":"https:\/\/www.icip.cat\/ca\/icip-entrega-el-premi-icip-constructors-de-pau-2014\/"},"wordCount":742,"publisher":{"@id":"https:\/\/www.icip.cat\/ca\/#organization"},"image":{"@id":"https:\/\/www.icip.cat\/ca\/icip-entrega-el-premi-icip-constructors-de-pau-2014\/#primaryimage"},"thumbnailUrl":"https:\/\/www.icip.cat\/wp-content\/uploads\/2011\/01\/logo_icip.jpg_1722731804.jpg","articleSection":["Sin categorizar"],"inLanguage":"ca"},{"@type":"WebPage","@id":"https:\/\/www.icip.cat\/ca\/icip-entrega-el-premi-icip-constructors-de-pau-2014\/","url":"https:\/\/www.icip.cat\/ca\/icip-entrega-el-premi-icip-constructors-de-pau-2014\/","name":"ICIP entrega el Premi ICIP Constructors de Pau 2014 - ICIP","isPartOf":{"@id":"https:\/\/www.icip.cat\/ca\/#website"},"primaryImageOfPage":{"@id":"https:\/\/www.icip.cat\/ca\/icip-entrega-el-premi-icip-constructors-de-pau-2014\/#primaryimage"},"image":{"@id":"https:\/\/www.icip.cat\/ca\/icip-entrega-el-premi-icip-constructors-de-pau-2014\/#primaryimage"},"thumbnailUrl":"https:\/\/www.icip.cat\/wp-content\/uploads\/2011\/01\/logo_icip.jpg_1722731804.jpg","datePublished":"2015-02-25T08:29:23+00:00","dateModified":"2021-02-09T10:25:57+00:00","inLanguage":"ca","potentialAction":[{"@type":"ReadAction","target":["https:\/\/www.icip.cat\/ca\/icip-entrega-el-premi-icip-constructors-de-pau-2014\/"]}]},{"@type":"ImageObject","inLanguage":"ca","@id":"https:\/\/www.icip.cat\/ca\/icip-entrega-el-premi-icip-constructors-de-pau-2014\/#primaryimage","url":"https:\/\/www.icip.cat\/wp-content\/uploads\/2011\/01\/logo_icip.jpg_1722731804.jpg","contentUrl":"https:\/\/www.icip.cat\/wp-content\/uploads\/2011\/01\/logo_icip.jpg_1722731804.jpg","width":190,"height":140,"caption":"ICIP Peace in Progress Award 2011"},{"@type":"WebSite","@id":"https:\/\/www.icip.cat\/ca\/#website","url":"https:\/\/www.icip.cat\/ca\/","name":"ICIP","description":"","publisher":{"@id":"https:\/\/www.icip.cat\/ca\/#organization"},"potentialAction":[{"@type":"SearchAction","target":{"@type":"EntryPoint","urlTemplate":"https:\/\/www.icip.cat\/ca\/?s={search_term_string}"},"query-input":{"@type":"PropertyValueSpecification","valueRequired":true,"valueName":"search_term_string"}}],"inLanguage":"ca"},{"@type":"Organization","@id":"https:\/\/www.icip.cat\/ca\/#organization","name":"ICIP","url":"https:\/\/www.icip.cat\/ca\/","logo":{"@type":"ImageObject","inLanguage":"ca","@id":"https:\/\/www.icip.cat\/ca\/#\/schema\/logo\/image\/","url":"https:\/\/www.icip.cat\/wp-content\/uploads\/2021\/02\/logo-2.png","contentUrl":"https:\/\/www.icip.cat\/wp-content\/uploads\/2021\/02\/logo-2.png","width":562,"height":391,"caption":"ICIP"},"image":{"@id":"https:\/\/www.icip.cat\/ca\/#\/schema\/logo\/image\/"}},{"@type":"Person","@id":"https:\/\/www.icip.cat\/ca\/#\/schema\/person\/35404003404833995eee2bb6e3115dc6","name":"whads","image":{"@type":"ImageObject","inLanguage":"ca","@id":"https:\/\/www.icip.cat\/ca\/#\/schema\/person\/image\/","url":"https:\/\/secure.gravatar.com\/avatar\/6a92e4ce03d9442c546cc4afecfc51777413608a6d55a7b50040700657b6b30f?s=96&d=mm&r=g","contentUrl":"https:\/\/secure.gravatar.com\/avatar\/6a92e4ce03d9442c546cc4afecfc51777413608a6d55a7b50040700657b6b30f?s=96&d=mm&r=g","caption":"whads"},"sameAs":["http:\/\/www.icip.cat"],"url":"https:\/\/www.icip.cat\/ca\/author\/whads\/"}]}},"_links":{"self":[{"href":"https:\/\/www.icip.cat\/ca\/wp-json\/wp\/v2\/posts\/10453","targetHints":{"allow":["GET"]}}],"collection":[{"href":"https:\/\/www.icip.cat\/ca\/wp-json\/wp\/v2\/posts"}],"about":[{"href":"https:\/\/www.icip.cat\/ca\/wp-json\/wp\/v2\/types\/post"}],"author":[{"embeddable":true,"href":"https:\/\/www.icip.cat\/ca\/wp-json\/wp\/v2\/users\/1"}],"replies":[{"embeddable":true,"href":"https:\/\/www.icip.cat\/ca\/wp-json\/wp\/v2\/comments?post=10453"}],"version-history":[{"count":1,"href":"https:\/\/www.icip.cat\/ca\/wp-json\/wp\/v2\/posts\/10453\/revisions"}],"predecessor-version":[{"id":16190,"href":"https:\/\/www.icip.cat\/ca\/wp-json\/wp\/v2\/posts\/10453\/revisions\/16190"}],"wp:featuredmedia":[{"embeddable":true,"href":"https:\/\/www.icip.cat\/ca\/wp-json\/wp\/v2\/media\/7805"}],"wp:attachment":[{"href":"https:\/\/www.icip.cat\/ca\/wp-json\/wp\/v2\/media?parent=10453"}],"wp:term":[{"taxonomy":"category","embeddable":true,"href":"https:\/\/www.icip.cat\/ca\/wp-json\/wp\/v2\/categories?post=10453"},{"taxonomy":"post_tag","embeddable":true,"href":"https:\/\/www.icip.cat\/ca\/wp-json\/wp\/v2\/tags?post=10453"}],"curies":[{"name":"wp","href":"https:\/\/api.w.org\/{rel}","templated":true}]}}