{"id":13853,"date":"2020-10-21T10:31:00","date_gmt":"2020-10-21T10:31:00","guid":{"rendered":"http:\/\/www.icip.cat\/?p=13853"},"modified":"2021-01-27T16:56:52","modified_gmt":"2021-01-27T16:56:52","slug":"noves-convocatories-obertes","status":"publish","type":"post","link":"https:\/\/www.icip.cat\/ca\/noves-convocatories-obertes\/","title":{"rendered":"Noves convocat\u00f2ries obertes"},"content":{"rendered":"\n<p><strong>Per a la documentaci\u00f3 d&#8217;espais de pensament cr\u00edtic i per a la conceptualitzaci\u00f3 i disseny d&#8217;una exposici\u00f3 itinerant.<\/strong><\/p>\n\n\n\n<p>L&#8217;ICIP ha obert aquest mes de desembre dues convocat\u00f2ries de contractes de serveis.&nbsp;<\/p>\n\n\n\n<p>La primera convocat\u00f2ria \u00e9s per a la documentaci\u00f3 d\u2019experi\u00e8ncies d\u2019espais per a l\u2019an\u00e0lisi cr\u00edtica i la sensibilitzaci\u00f3 en construcci\u00f3 de pau. Concretament, l&#8217;objecte de la contractaci\u00f3 \u00e9s la realitzaci\u00f3 de documents descriptius sobre museus de la pau, hotel d&#8217;entitats i centres i espais de pensament cr\u00edtic sobre pau, viol\u00e8ncia i just\u00edcia global, a nivell internacional.<\/p>\n\n\n\n<p>El termini de presentaci\u00f3 de propostes est\u00e0 obert fins al proper 30 de gener de 2021. Les persones o entitats interessades en participar a la convocat\u00f2ria han d&#8217;enviar la documentaci\u00f3 requerida al correu&nbsp;<a href=\"mailto:mfuentes@icip.cat\">mfuentes@icip.cat<\/a>&nbsp;tot indicant&nbsp;a l\u2019assumpte &#8220;TdR espais de reflexi\u00f3 cr\u00edtica&#8221;.&nbsp;<\/p>\n\n\n\n<p>La segona convocat\u00f2ria \u00e9s per a la conceptualitzaci\u00f3, elaboraci\u00f3 de continguts i disseny d\u2019una exposici\u00f3 itinerant relacionada amb l\u2019\u00e0rea de treball &#8220;Viol\u00e8ncies fora de contextos b\u00e8l\u00b7lics&#8221;. La mostra ha de tenir com a objectius 1) explicar, amb una visi\u00f3 global i una perspectiva de g\u00e8nere, que m\u00e9s enll\u00e0 de les guerres en curs existeixen altres tipus de situacions extremament violentes que condicionen la vida de les persones que hi viuen; 2) recon\u00e8ixer i posar en valor el paper de les persones i els col\u00b7lectius que construeixen pau en situacions de viol\u00e8ncia cr\u00f2nica; 3) estimular la consci\u00e8ncia ciutadana sobre les oportunitats i impacte de les intervencions de la poblaci\u00f3 a la resoluci\u00f3 de conflictes i construcci\u00f3 de pau, incl\u00fas en les situacions m\u00e9s adverses.<\/p>\n\n\n\n<p>En aquest cas, el termini de presentaci\u00f3 de propostes finalitza el proper 15 de febrer de 2021. Les persones o entitats interessades en participar a la convocat\u00f2ria han d&#8217;enviar la documentaci\u00f3 requerida al correu&nbsp;<a href=\"mailto:convocatories@icip.cat\">convocatories@icip.cat<\/a>.<\/p>\n","protected":false},"excerpt":{"rendered":"<p>Per a la documentaci\u00f3 d&#8217;espais de pensament cr\u00edtic i per a la conceptualitzaci\u00f3 i disseny d&#8217;una exposici\u00f3 itinerant. L&#8217;ICIP ha obert aquest mes de desembre dues convocat\u00f2ries de contractes de serveis.&nbsp; La primera convocat\u00f2ria \u00e9s per a la documentaci\u00f3 d\u2019experi\u00e8ncies d\u2019espais per a l\u2019an\u00e0lisi cr\u00edtica i la sensibilitzaci\u00f3 en construcci\u00f3 de pau. Concretament, l&#8217;objecte de [&hellip;]<\/p>\n","protected":false},"author":1,"featured_media":12054,"comment_status":"open","ping_status":"open","sticky":false,"template":"","format":"standard","meta":{"_acf_changed":false,"footnotes":""},"categories":[4],"tags":[],"class_list":["post-13853","post","type-post","status-publish","format-standard","has-post-thumbnail","hentry","category-sense-categoria"],"acf":[],"yoast_head":"<!-- This site is optimized with the Yoast SEO plugin v25.6 - https:\/\/yoast.com\/wordpress\/plugins\/seo\/ -->\n<title>Noves convocat\u00f2ries obertes - ICIP<\/title>\n<meta name=\"robots\" content=\"index, follow, max-snippet:-1, max-image-preview:large, max-video-preview:-1\" \/>\n<link rel=\"canonical\" href=\"https:\/\/www.icip.cat\/ca\/noves-convocatories-obertes\/\" \/>\n<meta property=\"og:locale\" content=\"ca_ES\" \/>\n<meta property=\"og:type\" content=\"article\" \/>\n<meta property=\"og:title\" content=\"Noves convocat\u00f2ries obertes - ICIP\" \/>\n<meta property=\"og:description\" content=\"Per a la documentaci\u00f3 d&#8217;espais de pensament cr\u00edtic i per a la conceptualitzaci\u00f3 i disseny d&#8217;una exposici\u00f3 itinerant. L&#8217;ICIP ha obert aquest mes de desembre dues convocat\u00f2ries de contractes de serveis.&nbsp; La primera convocat\u00f2ria \u00e9s per a la documentaci\u00f3 d\u2019experi\u00e8ncies d\u2019espais per a l\u2019an\u00e0lisi cr\u00edtica i la sensibilitzaci\u00f3 en construcci\u00f3 de pau. Concretament, l&#8217;objecte de [&hellip;]\" \/>\n<meta property=\"og:url\" content=\"https:\/\/www.icip.cat\/ca\/noves-convocatories-obertes\/\" \/>\n<meta property=\"og:site_name\" content=\"ICIP\" \/>\n<meta property=\"article:published_time\" content=\"2020-10-21T10:31:00+00:00\" \/>\n<meta property=\"article:modified_time\" content=\"2021-01-27T16:56:52+00:00\" \/>\n<meta property=\"og:image\" content=\"https:\/\/www.icip.cat\/wp-content\/uploads\/2021\/01\/pexels-fotografierende-1194775-scaled.jpg\" \/>\n\t<meta property=\"og:image:width\" content=\"1707\" \/>\n\t<meta property=\"og:image:height\" content=\"2560\" \/>\n\t<meta property=\"og:image:type\" content=\"image\/jpeg\" \/>\n<meta name=\"author\" content=\"whads\" \/>\n<meta name=\"twitter:card\" content=\"summary_large_image\" \/>\n<meta name=\"twitter:label1\" content=\"Escrit per\" \/>\n\t<meta name=\"twitter:data1\" content=\"whads\" \/>\n\t<meta name=\"twitter:label2\" content=\"Temps estimat de lectura\" \/>\n\t<meta name=\"twitter:data2\" content=\"2 minuts\" \/>\n<script type=\"application\/ld+json\" class=\"yoast-schema-graph\">{\"@context\":\"https:\/\/schema.org\",\"@graph\":[{\"@type\":\"Article\",\"@id\":\"https:\/\/www.icip.cat\/ca\/noves-convocatories-obertes\/#article\",\"isPartOf\":{\"@id\":\"https:\/\/www.icip.cat\/ca\/noves-convocatories-obertes\/\"},\"author\":{\"name\":\"whads\",\"@id\":\"https:\/\/www.icip.cat\/ca\/#\/schema\/person\/35404003404833995eee2bb6e3115dc6\"},\"headline\":\"Noves convocat\u00f2ries obertes\",\"datePublished\":\"2020-10-21T10:31:00+00:00\",\"dateModified\":\"2021-01-27T16:56:52+00:00\",\"mainEntityOfPage\":{\"@id\":\"https:\/\/www.icip.cat\/ca\/noves-convocatories-obertes\/\"},\"wordCount\":332,\"commentCount\":0,\"publisher\":{\"@id\":\"https:\/\/www.icip.cat\/ca\/#organization\"},\"image\":{\"@id\":\"https:\/\/www.icip.cat\/ca\/noves-convocatories-obertes\/#primaryimage\"},\"thumbnailUrl\":\"https:\/\/www.icip.cat\/wp-content\/uploads\/2021\/01\/pexels-fotografierende-1194775-scaled.jpg\",\"inLanguage\":\"ca\"},{\"@type\":\"WebPage\",\"@id\":\"https:\/\/www.icip.cat\/ca\/noves-convocatories-obertes\/\",\"url\":\"https:\/\/www.icip.cat\/ca\/noves-convocatories-obertes\/\",\"name\":\"Noves convocat\u00f2ries obertes - ICIP\",\"isPartOf\":{\"@id\":\"https:\/\/www.icip.cat\/ca\/#website\"},\"primaryImageOfPage\":{\"@id\":\"https:\/\/www.icip.cat\/ca\/noves-convocatories-obertes\/#primaryimage\"},\"image\":{\"@id\":\"https:\/\/www.icip.cat\/ca\/noves-convocatories-obertes\/#primaryimage\"},\"thumbnailUrl\":\"https:\/\/www.icip.cat\/wp-content\/uploads\/2021\/01\/pexels-fotografierende-1194775-scaled.jpg\",\"datePublished\":\"2020-10-21T10:31:00+00:00\",\"dateModified\":\"2021-01-27T16:56:52+00:00\",\"inLanguage\":\"ca\",\"potentialAction\":[{\"@type\":\"ReadAction\",\"target\":[\"https:\/\/www.icip.cat\/ca\/noves-convocatories-obertes\/\"]}]},{\"@type\":\"ImageObject\",\"inLanguage\":\"ca\",\"@id\":\"https:\/\/www.icip.cat\/ca\/noves-convocatories-obertes\/#primaryimage\",\"url\":\"https:\/\/www.icip.cat\/wp-content\/uploads\/2021\/01\/pexels-fotografierende-1194775-scaled.jpg\",\"contentUrl\":\"https:\/\/www.icip.cat\/wp-content\/uploads\/2021\/01\/pexels-fotografierende-1194775-scaled.jpg\",\"width\":1707,\"height\":2560},{\"@type\":\"WebSite\",\"@id\":\"https:\/\/www.icip.cat\/ca\/#website\",\"url\":\"https:\/\/www.icip.cat\/ca\/\",\"name\":\"ICIP\",\"description\":\"\",\"publisher\":{\"@id\":\"https:\/\/www.icip.cat\/ca\/#organization\"},\"potentialAction\":[{\"@type\":\"SearchAction\",\"target\":{\"@type\":\"EntryPoint\",\"urlTemplate\":\"https:\/\/www.icip.cat\/ca\/?s={search_term_string}\"},\"query-input\":{\"@type\":\"PropertyValueSpecification\",\"valueRequired\":true,\"valueName\":\"search_term_string\"}}],\"inLanguage\":\"ca\"},{\"@type\":\"Organization\",\"@id\":\"https:\/\/www.icip.cat\/ca\/#organization\",\"name\":\"ICIP\",\"url\":\"https:\/\/www.icip.cat\/ca\/\",\"logo\":{\"@type\":\"ImageObject\",\"inLanguage\":\"ca\",\"@id\":\"https:\/\/www.icip.cat\/ca\/#\/schema\/logo\/image\/\",\"url\":\"https:\/\/www.icip.cat\/wp-content\/uploads\/2021\/02\/logo-2.png\",\"contentUrl\":\"https:\/\/www.icip.cat\/wp-content\/uploads\/2021\/02\/logo-2.png\",\"width\":562,\"height\":391,\"caption\":\"ICIP\"},\"image\":{\"@id\":\"https:\/\/www.icip.cat\/ca\/#\/schema\/logo\/image\/\"}},{\"@type\":\"Person\",\"@id\":\"https:\/\/www.icip.cat\/ca\/#\/schema\/person\/35404003404833995eee2bb6e3115dc6\",\"name\":\"whads\",\"image\":{\"@type\":\"ImageObject\",\"inLanguage\":\"ca\",\"@id\":\"https:\/\/www.icip.cat\/ca\/#\/schema\/person\/image\/\",\"url\":\"https:\/\/secure.gravatar.com\/avatar\/6a92e4ce03d9442c546cc4afecfc51777413608a6d55a7b50040700657b6b30f?s=96&d=mm&r=g\",\"contentUrl\":\"https:\/\/secure.gravatar.com\/avatar\/6a92e4ce03d9442c546cc4afecfc51777413608a6d55a7b50040700657b6b30f?s=96&d=mm&r=g\",\"caption\":\"whads\"},\"sameAs\":[\"http:\/\/www.icip.cat\"],\"url\":\"https:\/\/www.icip.cat\/ca\/author\/whads\/\"}]}<\/script>\n<!-- \/ Yoast SEO plugin. -->","yoast_head_json":{"title":"Noves convocat\u00f2ries obertes - ICIP","robots":{"index":"index","follow":"follow","max-snippet":"max-snippet:-1","max-image-preview":"max-image-preview:large","max-video-preview":"max-video-preview:-1"},"canonical":"https:\/\/www.icip.cat\/ca\/noves-convocatories-obertes\/","og_locale":"ca_ES","og_type":"article","og_title":"Noves convocat\u00f2ries obertes - ICIP","og_description":"Per a la documentaci\u00f3 d&#8217;espais de pensament cr\u00edtic i per a la conceptualitzaci\u00f3 i disseny d&#8217;una exposici\u00f3 itinerant. L&#8217;ICIP ha obert aquest mes de desembre dues convocat\u00f2ries de contractes de serveis.&nbsp; La primera convocat\u00f2ria \u00e9s per a la documentaci\u00f3 d\u2019experi\u00e8ncies d\u2019espais per a l\u2019an\u00e0lisi cr\u00edtica i la sensibilitzaci\u00f3 en construcci\u00f3 de pau. Concretament, l&#8217;objecte de [&hellip;]","og_url":"https:\/\/www.icip.cat\/ca\/noves-convocatories-obertes\/","og_site_name":"ICIP","article_published_time":"2020-10-21T10:31:00+00:00","article_modified_time":"2021-01-27T16:56:52+00:00","og_image":[{"width":1707,"height":2560,"url":"https:\/\/www.icip.cat\/wp-content\/uploads\/2021\/01\/pexels-fotografierende-1194775-scaled.jpg","type":"image\/jpeg"}],"author":"whads","twitter_card":"summary_large_image","twitter_misc":{"Escrit per":"whads","Temps estimat de lectura":"2 minuts"},"schema":{"@context":"https:\/\/schema.org","@graph":[{"@type":"Article","@id":"https:\/\/www.icip.cat\/ca\/noves-convocatories-obertes\/#article","isPartOf":{"@id":"https:\/\/www.icip.cat\/ca\/noves-convocatories-obertes\/"},"author":{"name":"whads","@id":"https:\/\/www.icip.cat\/ca\/#\/schema\/person\/35404003404833995eee2bb6e3115dc6"},"headline":"Noves convocat\u00f2ries obertes","datePublished":"2020-10-21T10:31:00+00:00","dateModified":"2021-01-27T16:56:52+00:00","mainEntityOfPage":{"@id":"https:\/\/www.icip.cat\/ca\/noves-convocatories-obertes\/"},"wordCount":332,"commentCount":0,"publisher":{"@id":"https:\/\/www.icip.cat\/ca\/#organization"},"image":{"@id":"https:\/\/www.icip.cat\/ca\/noves-convocatories-obertes\/#primaryimage"},"thumbnailUrl":"https:\/\/www.icip.cat\/wp-content\/uploads\/2021\/01\/pexels-fotografierende-1194775-scaled.jpg","inLanguage":"ca"},{"@type":"WebPage","@id":"https:\/\/www.icip.cat\/ca\/noves-convocatories-obertes\/","url":"https:\/\/www.icip.cat\/ca\/noves-convocatories-obertes\/","name":"Noves convocat\u00f2ries obertes - ICIP","isPartOf":{"@id":"https:\/\/www.icip.cat\/ca\/#website"},"primaryImageOfPage":{"@id":"https:\/\/www.icip.cat\/ca\/noves-convocatories-obertes\/#primaryimage"},"image":{"@id":"https:\/\/www.icip.cat\/ca\/noves-convocatories-obertes\/#primaryimage"},"thumbnailUrl":"https:\/\/www.icip.cat\/wp-content\/uploads\/2021\/01\/pexels-fotografierende-1194775-scaled.jpg","datePublished":"2020-10-21T10:31:00+00:00","dateModified":"2021-01-27T16:56:52+00:00","inLanguage":"ca","potentialAction":[{"@type":"ReadAction","target":["https:\/\/www.icip.cat\/ca\/noves-convocatories-obertes\/"]}]},{"@type":"ImageObject","inLanguage":"ca","@id":"https:\/\/www.icip.cat\/ca\/noves-convocatories-obertes\/#primaryimage","url":"https:\/\/www.icip.cat\/wp-content\/uploads\/2021\/01\/pexels-fotografierende-1194775-scaled.jpg","contentUrl":"https:\/\/www.icip.cat\/wp-content\/uploads\/2021\/01\/pexels-fotografierende-1194775-scaled.jpg","width":1707,"height":2560},{"@type":"WebSite","@id":"https:\/\/www.icip.cat\/ca\/#website","url":"https:\/\/www.icip.cat\/ca\/","name":"ICIP","description":"","publisher":{"@id":"https:\/\/www.icip.cat\/ca\/#organization"},"potentialAction":[{"@type":"SearchAction","target":{"@type":"EntryPoint","urlTemplate":"https:\/\/www.icip.cat\/ca\/?s={search_term_string}"},"query-input":{"@type":"PropertyValueSpecification","valueRequired":true,"valueName":"search_term_string"}}],"inLanguage":"ca"},{"@type":"Organization","@id":"https:\/\/www.icip.cat\/ca\/#organization","name":"ICIP","url":"https:\/\/www.icip.cat\/ca\/","logo":{"@type":"ImageObject","inLanguage":"ca","@id":"https:\/\/www.icip.cat\/ca\/#\/schema\/logo\/image\/","url":"https:\/\/www.icip.cat\/wp-content\/uploads\/2021\/02\/logo-2.png","contentUrl":"https:\/\/www.icip.cat\/wp-content\/uploads\/2021\/02\/logo-2.png","width":562,"height":391,"caption":"ICIP"},"image":{"@id":"https:\/\/www.icip.cat\/ca\/#\/schema\/logo\/image\/"}},{"@type":"Person","@id":"https:\/\/www.icip.cat\/ca\/#\/schema\/person\/35404003404833995eee2bb6e3115dc6","name":"whads","image":{"@type":"ImageObject","inLanguage":"ca","@id":"https:\/\/www.icip.cat\/ca\/#\/schema\/person\/image\/","url":"https:\/\/secure.gravatar.com\/avatar\/6a92e4ce03d9442c546cc4afecfc51777413608a6d55a7b50040700657b6b30f?s=96&d=mm&r=g","contentUrl":"https:\/\/secure.gravatar.com\/avatar\/6a92e4ce03d9442c546cc4afecfc51777413608a6d55a7b50040700657b6b30f?s=96&d=mm&r=g","caption":"whads"},"sameAs":["http:\/\/www.icip.cat"],"url":"https:\/\/www.icip.cat\/ca\/author\/whads\/"}]}},"_links":{"self":[{"href":"https:\/\/www.icip.cat\/ca\/wp-json\/wp\/v2\/posts\/13853","targetHints":{"allow":["GET"]}}],"collection":[{"href":"https:\/\/www.icip.cat\/ca\/wp-json\/wp\/v2\/posts"}],"about":[{"href":"https:\/\/www.icip.cat\/ca\/wp-json\/wp\/v2\/types\/post"}],"author":[{"embeddable":true,"href":"https:\/\/www.icip.cat\/ca\/wp-json\/wp\/v2\/users\/1"}],"replies":[{"embeddable":true,"href":"https:\/\/www.icip.cat\/ca\/wp-json\/wp\/v2\/comments?post=13853"}],"version-history":[{"count":2,"href":"https:\/\/www.icip.cat\/ca\/wp-json\/wp\/v2\/posts\/13853\/revisions"}],"predecessor-version":[{"id":13867,"href":"https:\/\/www.icip.cat\/ca\/wp-json\/wp\/v2\/posts\/13853\/revisions\/13867"}],"wp:featuredmedia":[{"embeddable":true,"href":"https:\/\/www.icip.cat\/ca\/wp-json\/wp\/v2\/media\/12054"}],"wp:attachment":[{"href":"https:\/\/www.icip.cat\/ca\/wp-json\/wp\/v2\/media?parent=13853"}],"wp:term":[{"taxonomy":"category","embeddable":true,"href":"https:\/\/www.icip.cat\/ca\/wp-json\/wp\/v2\/categories?post=13853"},{"taxonomy":"post_tag","embeddable":true,"href":"https:\/\/www.icip.cat\/ca\/wp-json\/wp\/v2\/tags?post=13853"}],"curies":[{"name":"wp","href":"https:\/\/api.w.org\/{rel}","templated":true}]}}