{"id":25358,"date":"2022-02-24T12:09:45","date_gmt":"2022-02-24T12:09:45","guid":{"rendered":"http:\/\/www.icip.cat\/?p=25358"},"modified":"2022-03-01T13:00:56","modified_gmt":"2022-03-01T13:00:56","slug":"comunicat-icip-sobre-atac-militar-rus-a-ucraina","status":"publish","type":"post","link":"https:\/\/www.icip.cat\/ca\/comunicat-icip-sobre-atac-militar-rus-a-ucraina\/","title":{"rendered":"Comunicat de l\u2019ICIP sobre l\u2019atac militar de R\u00fassia a Ucra\u00efna"},"content":{"rendered":"\n<p>L\u2019ICIP condemna de manera en\u00e8rgica la invasi\u00f3 militar de R\u00fassia a Ucra\u00efna iniciada aquesta matinada. L\u2019atac de les forces russes no t\u00e9 precedents en territori europeu i, a m\u00e9s de les conseq\u00fc\u00e8ncies humanit\u00e0ries, econ\u00f2miques, pol\u00edtiques i ambientals, tindr\u00e0 un impacte nefast sobre els esfor\u00e7os de construcci\u00f3 de pau, a Ucra\u00efna, a Europa i a nivell mundial.<\/p>\n\n\n\n<p>R\u00fassia ha iniciat una guerra que acaba amb nou anys d\u2019esfor\u00e7os per trobar una soluci\u00f3 pac\u00edfica al conflicte de la regi\u00f3 ucra\u00efnesa de Donbas. La invasi\u00f3 fa saltar pels aires els Acords de Minsk de 2014, que creaven un alto al foc i un full de ruta per resoldre el conflicte, i escombra les iniciatives ciutadanes de di\u00e0leg social i pol\u00edtic, de defensa dels drets humans i de cr\u00edtica a l\u2019autoritarisme, tant a Ucra\u00efna com a R\u00fassia. Alhora, l\u2019atac ensorra l\u2019arquitectura de prevenci\u00f3 de conflictes d\u2019Europa, basada en el concepte d\u2019una \u201cseguretat compartida\u201d i el di\u00e0leg en el marc de l\u2019Organitzaci\u00f3 per a la Cooperaci\u00f3 i el Desenvolupament d\u2019Europa (OCDE), i trenca el fr\u00e0gil consens internacional sobre la necessitat de primar la diplom\u00e0cia com a via de resoluci\u00f3 de conflictes.<\/p>\n\n\n\n<p>\u201cLa Uni\u00f3 Europea i l\u2019OTAN no han tingut els darrers trenta anys la visi\u00f3, l\u2019ambici\u00f3 i la generositat per dissenyar una arquitectura de seguretat al marge del militarisme i la idea de l\u2019enemic extern\u201d, afirma <strong>Kristian Herbolzheimer<\/strong>, director de l\u2019ICIP. \u201cPer\u00f2 l\u2019acci\u00f3 de R\u00fassia dificulta qualsevol iniciativa cr\u00edtica amb el model de seguretat imperant&nbsp; i, en comptes de desarmar Europa, ens aboquem a una nova cursa armamentista\u201d. Un escenari que encara resulta m\u00e9s preocupant tenint en compte la capacitat nuclear de R\u00fassia i l\u2019exist\u00e8ncia de quinze reactors nuclears a Ucra\u00efna.<\/p>\n\n\n\n<p>Davant d\u2019aquesta situaci\u00f3, cal exigir que s\u2019aturin les armes, vetllar per a protegir la poblaci\u00f3 civil i evitar la din\u00e0mica b\u00e8l\u00b7lica de construcci\u00f3 de la imatge de l\u2019enemic: \u201cPutin no \u00e9s R\u00fassia. Putin ha iniciat una aventura b\u00e8l\u00b7lica que pot acabar patint la pr\u00f2pia poblaci\u00f3 russa\u201d, afirma el director de l\u2019ICIP.&nbsp;<\/p>\n\n\n\n<p>Des de l\u2019\u00e0mbit de la construcci\u00f3 de pau, ens reafirmem que la guerra mai pot ser una opci\u00f3. Davant de l\u2019escenari que s\u2019obre avui a Ucra\u00efna cal valentia, creativitat i suport social per buscar vies alternatives a les armes basades en el concepte de seguretat compartida.&nbsp;<\/p>\n\n\n\n<figure class=\"wp-block-embed-twitter aligncenter wp-block-embed is-type-rich is-provider-twitter\"><div class=\"wp-block-embed__wrapper\">\nhttps:\/\/twitter.com\/ICIPeace\/status\/1496824491405504516?s=20&#038;t=_FgO9NiLXQVApkof0RJcJg\n<\/div><\/figure>\n","protected":false},"excerpt":{"rendered":"<p>L\u2019ICIP condemna de manera en\u00e8rgica la invasi\u00f3 militar de R\u00fassia a Ucra\u00efna iniciada aquesta matinada. L\u2019atac de les forces russes no t\u00e9 precedents en territori europeu i, a m\u00e9s de les conseq\u00fc\u00e8ncies humanit\u00e0ries, econ\u00f2miques, pol\u00edtiques i ambientals, tindr\u00e0 un impacte nefast sobre els esfor\u00e7os de construcci\u00f3 de pau, a Ucra\u00efna, a Europa i a nivell [&hellip;]<\/p>\n","protected":false},"author":4,"featured_media":25405,"comment_status":"open","ping_status":"open","sticky":false,"template":"","format":"standard","meta":{"_acf_changed":false,"footnotes":""},"categories":[4],"tags":[],"class_list":["post-25358","post","type-post","status-publish","format-standard","has-post-thumbnail","hentry","category-sense-categoria"],"acf":[],"yoast_head":"<!-- This site is optimized with the Yoast SEO plugin v25.6 - https:\/\/yoast.com\/wordpress\/plugins\/seo\/ -->\n<title>Comunicat de l\u2019ICIP sobre l\u2019atac militar de R\u00fassia a Ucra\u00efna - ICIP<\/title>\n<meta name=\"description\" content=\"L\u2019ICIP condemna de manera en\u00e8rgica la invasi\u00f3 militar de R\u00fassia a Ucra\u00efna iniciada aquesta matinada.\" \/>\n<meta name=\"robots\" content=\"index, follow, max-snippet:-1, max-image-preview:large, max-video-preview:-1\" \/>\n<link rel=\"canonical\" href=\"https:\/\/www.icip.cat\/ca\/comunicat-icip-sobre-atac-militar-rus-a-ucraina\/\" \/>\n<meta property=\"og:locale\" content=\"ca_ES\" \/>\n<meta property=\"og:type\" content=\"article\" \/>\n<meta property=\"og:title\" content=\"Comunicat de l\u2019ICIP sobre l\u2019atac militar de R\u00fassia a Ucra\u00efna - ICIP\" \/>\n<meta property=\"og:description\" content=\"L\u2019ICIP condemna de manera en\u00e8rgica la invasi\u00f3 militar de R\u00fassia a Ucra\u00efna iniciada aquesta matinada.\" \/>\n<meta property=\"og:url\" content=\"https:\/\/www.icip.cat\/ca\/comunicat-icip-sobre-atac-militar-rus-a-ucraina\/\" \/>\n<meta property=\"og:site_name\" content=\"ICIP\" \/>\n<meta property=\"article:published_time\" content=\"2022-02-24T12:09:45+00:00\" \/>\n<meta property=\"article:modified_time\" content=\"2022-03-01T13:00:56+00:00\" \/>\n<meta property=\"og:image\" content=\"https:\/\/www.icip.cat\/wp-content\/uploads\/2022\/02\/ucraina.png\" \/>\n\t<meta property=\"og:image:width\" content=\"560\" \/>\n\t<meta property=\"og:image:height\" content=\"379\" \/>\n\t<meta property=\"og:image:type\" content=\"image\/png\" \/>\n<meta name=\"author\" content=\"Chema\" \/>\n<meta name=\"twitter:card\" content=\"summary_large_image\" \/>\n<meta name=\"twitter:label1\" content=\"Escrit per\" \/>\n\t<meta name=\"twitter:data1\" content=\"Chema\" \/>\n\t<meta name=\"twitter:label2\" content=\"Temps estimat de lectura\" \/>\n\t<meta name=\"twitter:data2\" content=\"2 minuts\" \/>\n<script type=\"application\/ld+json\" class=\"yoast-schema-graph\">{\"@context\":\"https:\/\/schema.org\",\"@graph\":[{\"@type\":\"Article\",\"@id\":\"https:\/\/www.icip.cat\/ca\/comunicat-icip-sobre-atac-militar-rus-a-ucraina\/#article\",\"isPartOf\":{\"@id\":\"https:\/\/www.icip.cat\/ca\/comunicat-icip-sobre-atac-militar-rus-a-ucraina\/\"},\"author\":{\"name\":\"Chema\",\"@id\":\"https:\/\/www.icip.cat\/ca\/#\/schema\/person\/e284535162658ee91802f63c00dc616d\"},\"headline\":\"Comunicat de l\u2019ICIP sobre l\u2019atac militar de R\u00fassia a Ucra\u00efna\",\"datePublished\":\"2022-02-24T12:09:45+00:00\",\"dateModified\":\"2022-03-01T13:00:56+00:00\",\"mainEntityOfPage\":{\"@id\":\"https:\/\/www.icip.cat\/ca\/comunicat-icip-sobre-atac-militar-rus-a-ucraina\/\"},\"wordCount\":459,\"commentCount\":0,\"publisher\":{\"@id\":\"https:\/\/www.icip.cat\/ca\/#organization\"},\"image\":{\"@id\":\"https:\/\/www.icip.cat\/ca\/comunicat-icip-sobre-atac-militar-rus-a-ucraina\/#primaryimage\"},\"thumbnailUrl\":\"https:\/\/www.icip.cat\/wp-content\/uploads\/2022\/02\/ucraina.png\",\"inLanguage\":\"ca\"},{\"@type\":\"WebPage\",\"@id\":\"https:\/\/www.icip.cat\/ca\/comunicat-icip-sobre-atac-militar-rus-a-ucraina\/\",\"url\":\"https:\/\/www.icip.cat\/ca\/comunicat-icip-sobre-atac-militar-rus-a-ucraina\/\",\"name\":\"Comunicat de l\u2019ICIP sobre l\u2019atac militar de R\u00fassia a Ucra\u00efna - ICIP\",\"isPartOf\":{\"@id\":\"https:\/\/www.icip.cat\/ca\/#website\"},\"primaryImageOfPage\":{\"@id\":\"https:\/\/www.icip.cat\/ca\/comunicat-icip-sobre-atac-militar-rus-a-ucraina\/#primaryimage\"},\"image\":{\"@id\":\"https:\/\/www.icip.cat\/ca\/comunicat-icip-sobre-atac-militar-rus-a-ucraina\/#primaryimage\"},\"thumbnailUrl\":\"https:\/\/www.icip.cat\/wp-content\/uploads\/2022\/02\/ucraina.png\",\"datePublished\":\"2022-02-24T12:09:45+00:00\",\"dateModified\":\"2022-03-01T13:00:56+00:00\",\"description\":\"L\u2019ICIP condemna de manera en\u00e8rgica la invasi\u00f3 militar de R\u00fassia a Ucra\u00efna iniciada aquesta matinada.\",\"inLanguage\":\"ca\",\"potentialAction\":[{\"@type\":\"ReadAction\",\"target\":[\"https:\/\/www.icip.cat\/ca\/comunicat-icip-sobre-atac-militar-rus-a-ucraina\/\"]}]},{\"@type\":\"ImageObject\",\"inLanguage\":\"ca\",\"@id\":\"https:\/\/www.icip.cat\/ca\/comunicat-icip-sobre-atac-militar-rus-a-ucraina\/#primaryimage\",\"url\":\"https:\/\/www.icip.cat\/wp-content\/uploads\/2022\/02\/ucraina.png\",\"contentUrl\":\"https:\/\/www.icip.cat\/wp-content\/uploads\/2022\/02\/ucraina.png\",\"width\":560,\"height\":379},{\"@type\":\"WebSite\",\"@id\":\"https:\/\/www.icip.cat\/ca\/#website\",\"url\":\"https:\/\/www.icip.cat\/ca\/\",\"name\":\"ICIP\",\"description\":\"\",\"publisher\":{\"@id\":\"https:\/\/www.icip.cat\/ca\/#organization\"},\"potentialAction\":[{\"@type\":\"SearchAction\",\"target\":{\"@type\":\"EntryPoint\",\"urlTemplate\":\"https:\/\/www.icip.cat\/ca\/?s={search_term_string}\"},\"query-input\":{\"@type\":\"PropertyValueSpecification\",\"valueRequired\":true,\"valueName\":\"search_term_string\"}}],\"inLanguage\":\"ca\"},{\"@type\":\"Organization\",\"@id\":\"https:\/\/www.icip.cat\/ca\/#organization\",\"name\":\"ICIP\",\"url\":\"https:\/\/www.icip.cat\/ca\/\",\"logo\":{\"@type\":\"ImageObject\",\"inLanguage\":\"ca\",\"@id\":\"https:\/\/www.icip.cat\/ca\/#\/schema\/logo\/image\/\",\"url\":\"https:\/\/www.icip.cat\/wp-content\/uploads\/2021\/02\/logo-2.png\",\"contentUrl\":\"https:\/\/www.icip.cat\/wp-content\/uploads\/2021\/02\/logo-2.png\",\"width\":562,\"height\":391,\"caption\":\"ICIP\"},\"image\":{\"@id\":\"https:\/\/www.icip.cat\/ca\/#\/schema\/logo\/image\/\"}},{\"@type\":\"Person\",\"@id\":\"https:\/\/www.icip.cat\/ca\/#\/schema\/person\/e284535162658ee91802f63c00dc616d\",\"name\":\"Chema\",\"image\":{\"@type\":\"ImageObject\",\"inLanguage\":\"ca\",\"@id\":\"https:\/\/www.icip.cat\/ca\/#\/schema\/person\/image\/\",\"url\":\"https:\/\/secure.gravatar.com\/avatar\/22acda3b315ce622eb88469f87a1968bb698bc09085a9de947706166d956f8c8?s=96&d=mm&r=g\",\"contentUrl\":\"https:\/\/secure.gravatar.com\/avatar\/22acda3b315ce622eb88469f87a1968bb698bc09085a9de947706166d956f8c8?s=96&d=mm&r=g\",\"caption\":\"Chema\"},\"url\":\"https:\/\/www.icip.cat\/ca\/author\/chema\/\"}]}<\/script>\n<!-- \/ Yoast SEO plugin. -->","yoast_head_json":{"title":"Comunicat de l\u2019ICIP sobre l\u2019atac militar de R\u00fassia a Ucra\u00efna - ICIP","description":"L\u2019ICIP condemna de manera en\u00e8rgica la invasi\u00f3 militar de R\u00fassia a Ucra\u00efna iniciada aquesta matinada.","robots":{"index":"index","follow":"follow","max-snippet":"max-snippet:-1","max-image-preview":"max-image-preview:large","max-video-preview":"max-video-preview:-1"},"canonical":"https:\/\/www.icip.cat\/ca\/comunicat-icip-sobre-atac-militar-rus-a-ucraina\/","og_locale":"ca_ES","og_type":"article","og_title":"Comunicat de l\u2019ICIP sobre l\u2019atac militar de R\u00fassia a Ucra\u00efna - ICIP","og_description":"L\u2019ICIP condemna de manera en\u00e8rgica la invasi\u00f3 militar de R\u00fassia a Ucra\u00efna iniciada aquesta matinada.","og_url":"https:\/\/www.icip.cat\/ca\/comunicat-icip-sobre-atac-militar-rus-a-ucraina\/","og_site_name":"ICIP","article_published_time":"2022-02-24T12:09:45+00:00","article_modified_time":"2022-03-01T13:00:56+00:00","og_image":[{"width":560,"height":379,"url":"https:\/\/www.icip.cat\/wp-content\/uploads\/2022\/02\/ucraina.png","type":"image\/png"}],"author":"Chema","twitter_card":"summary_large_image","twitter_misc":{"Escrit per":"Chema","Temps estimat de lectura":"2 minuts"},"schema":{"@context":"https:\/\/schema.org","@graph":[{"@type":"Article","@id":"https:\/\/www.icip.cat\/ca\/comunicat-icip-sobre-atac-militar-rus-a-ucraina\/#article","isPartOf":{"@id":"https:\/\/www.icip.cat\/ca\/comunicat-icip-sobre-atac-militar-rus-a-ucraina\/"},"author":{"name":"Chema","@id":"https:\/\/www.icip.cat\/ca\/#\/schema\/person\/e284535162658ee91802f63c00dc616d"},"headline":"Comunicat de l\u2019ICIP sobre l\u2019atac militar de R\u00fassia a Ucra\u00efna","datePublished":"2022-02-24T12:09:45+00:00","dateModified":"2022-03-01T13:00:56+00:00","mainEntityOfPage":{"@id":"https:\/\/www.icip.cat\/ca\/comunicat-icip-sobre-atac-militar-rus-a-ucraina\/"},"wordCount":459,"commentCount":0,"publisher":{"@id":"https:\/\/www.icip.cat\/ca\/#organization"},"image":{"@id":"https:\/\/www.icip.cat\/ca\/comunicat-icip-sobre-atac-militar-rus-a-ucraina\/#primaryimage"},"thumbnailUrl":"https:\/\/www.icip.cat\/wp-content\/uploads\/2022\/02\/ucraina.png","inLanguage":"ca"},{"@type":"WebPage","@id":"https:\/\/www.icip.cat\/ca\/comunicat-icip-sobre-atac-militar-rus-a-ucraina\/","url":"https:\/\/www.icip.cat\/ca\/comunicat-icip-sobre-atac-militar-rus-a-ucraina\/","name":"Comunicat de l\u2019ICIP sobre l\u2019atac militar de R\u00fassia a Ucra\u00efna - ICIP","isPartOf":{"@id":"https:\/\/www.icip.cat\/ca\/#website"},"primaryImageOfPage":{"@id":"https:\/\/www.icip.cat\/ca\/comunicat-icip-sobre-atac-militar-rus-a-ucraina\/#primaryimage"},"image":{"@id":"https:\/\/www.icip.cat\/ca\/comunicat-icip-sobre-atac-militar-rus-a-ucraina\/#primaryimage"},"thumbnailUrl":"https:\/\/www.icip.cat\/wp-content\/uploads\/2022\/02\/ucraina.png","datePublished":"2022-02-24T12:09:45+00:00","dateModified":"2022-03-01T13:00:56+00:00","description":"L\u2019ICIP condemna de manera en\u00e8rgica la invasi\u00f3 militar de R\u00fassia a Ucra\u00efna iniciada aquesta matinada.","inLanguage":"ca","potentialAction":[{"@type":"ReadAction","target":["https:\/\/www.icip.cat\/ca\/comunicat-icip-sobre-atac-militar-rus-a-ucraina\/"]}]},{"@type":"ImageObject","inLanguage":"ca","@id":"https:\/\/www.icip.cat\/ca\/comunicat-icip-sobre-atac-militar-rus-a-ucraina\/#primaryimage","url":"https:\/\/www.icip.cat\/wp-content\/uploads\/2022\/02\/ucraina.png","contentUrl":"https:\/\/www.icip.cat\/wp-content\/uploads\/2022\/02\/ucraina.png","width":560,"height":379},{"@type":"WebSite","@id":"https:\/\/www.icip.cat\/ca\/#website","url":"https:\/\/www.icip.cat\/ca\/","name":"ICIP","description":"","publisher":{"@id":"https:\/\/www.icip.cat\/ca\/#organization"},"potentialAction":[{"@type":"SearchAction","target":{"@type":"EntryPoint","urlTemplate":"https:\/\/www.icip.cat\/ca\/?s={search_term_string}"},"query-input":{"@type":"PropertyValueSpecification","valueRequired":true,"valueName":"search_term_string"}}],"inLanguage":"ca"},{"@type":"Organization","@id":"https:\/\/www.icip.cat\/ca\/#organization","name":"ICIP","url":"https:\/\/www.icip.cat\/ca\/","logo":{"@type":"ImageObject","inLanguage":"ca","@id":"https:\/\/www.icip.cat\/ca\/#\/schema\/logo\/image\/","url":"https:\/\/www.icip.cat\/wp-content\/uploads\/2021\/02\/logo-2.png","contentUrl":"https:\/\/www.icip.cat\/wp-content\/uploads\/2021\/02\/logo-2.png","width":562,"height":391,"caption":"ICIP"},"image":{"@id":"https:\/\/www.icip.cat\/ca\/#\/schema\/logo\/image\/"}},{"@type":"Person","@id":"https:\/\/www.icip.cat\/ca\/#\/schema\/person\/e284535162658ee91802f63c00dc616d","name":"Chema","image":{"@type":"ImageObject","inLanguage":"ca","@id":"https:\/\/www.icip.cat\/ca\/#\/schema\/person\/image\/","url":"https:\/\/secure.gravatar.com\/avatar\/22acda3b315ce622eb88469f87a1968bb698bc09085a9de947706166d956f8c8?s=96&d=mm&r=g","contentUrl":"https:\/\/secure.gravatar.com\/avatar\/22acda3b315ce622eb88469f87a1968bb698bc09085a9de947706166d956f8c8?s=96&d=mm&r=g","caption":"Chema"},"url":"https:\/\/www.icip.cat\/ca\/author\/chema\/"}]}},"_links":{"self":[{"href":"https:\/\/www.icip.cat\/ca\/wp-json\/wp\/v2\/posts\/25358","targetHints":{"allow":["GET"]}}],"collection":[{"href":"https:\/\/www.icip.cat\/ca\/wp-json\/wp\/v2\/posts"}],"about":[{"href":"https:\/\/www.icip.cat\/ca\/wp-json\/wp\/v2\/types\/post"}],"author":[{"embeddable":true,"href":"https:\/\/www.icip.cat\/ca\/wp-json\/wp\/v2\/users\/4"}],"replies":[{"embeddable":true,"href":"https:\/\/www.icip.cat\/ca\/wp-json\/wp\/v2\/comments?post=25358"}],"version-history":[{"count":10,"href":"https:\/\/www.icip.cat\/ca\/wp-json\/wp\/v2\/posts\/25358\/revisions"}],"predecessor-version":[{"id":25566,"href":"https:\/\/www.icip.cat\/ca\/wp-json\/wp\/v2\/posts\/25358\/revisions\/25566"}],"wp:featuredmedia":[{"embeddable":true,"href":"https:\/\/www.icip.cat\/ca\/wp-json\/wp\/v2\/media\/25405"}],"wp:attachment":[{"href":"https:\/\/www.icip.cat\/ca\/wp-json\/wp\/v2\/media?parent=25358"}],"wp:term":[{"taxonomy":"category","embeddable":true,"href":"https:\/\/www.icip.cat\/ca\/wp-json\/wp\/v2\/categories?post=25358"},{"taxonomy":"post_tag","embeddable":true,"href":"https:\/\/www.icip.cat\/ca\/wp-json\/wp\/v2\/tags?post=25358"}],"curies":[{"name":"wp","href":"https:\/\/api.w.org\/{rel}","templated":true}]}}