{"id":25503,"date":"2022-03-01T11:31:28","date_gmt":"2022-03-01T11:31:28","guid":{"rendered":"http:\/\/www.icip.cat\/?p=25503"},"modified":"2022-04-04T17:20:00","modified_gmt":"2022-04-04T17:20:00","slug":"opinio-sobre-la-guerra-a-ucraina-amb-perspectiva-de-pau","status":"publish","type":"post","link":"https:\/\/www.icip.cat\/ca\/opinio-sobre-la-guerra-a-ucraina-amb-perspectiva-de-pau\/","title":{"rendered":"Opinions sobre la guerra a Ucra\u00efna amb perspectiva de pau"},"content":{"rendered":"\n<p>El&nbsp;dijous 24 de febrer ens despert\u00e0vem amb la not\u00edcia de l\u2019inici de la invasi\u00f3 russa d\u2019Ucra\u00efna. Cap a les 6 del mat\u00ed hora de Moscou, el president rus Vladimir Putin&nbsp;va anunciar una \u201coperaci\u00f3 militar especial\u201d a l&#8217;est d&#8217;Ucra\u00efna; minuts m\u00e9s tard, hi hagueren els primers atacs amb m\u00edssils a diversos punts del pa\u00eds, inclosa la capital Kiev.<\/p>\n\n\n\n<p>Putin ha iniciat una guerra que, a m\u00e9s de les conseq\u00fc\u00e8ncies humanit\u00e0ries, econ\u00f2miques, pol\u00edtiques i ambientals, tindr\u00e0 un&nbsp;impacte nefast sobre els esfor\u00e7os de construcci\u00f3 de pau, no nom\u00e9s a Ucra\u00efna, sin\u00f3 a Europa i a escala mundial, tal i com recull el&nbsp;<a rel=\"noreferrer noopener\" href=\"https:\/\/www.icip.cat\/ca\/comunicat-icip-sobre-atac-militar-rus-a-ucraina\/\" target=\"_blank\">comunicat de l&#8217;<\/a><a rel=\"noreferrer noopener\" href=\"https:\/\/www.icip.cat\/ca\/comunicat-icip-sobre-atac-militar-rus-a-ucraina\/\" target=\"_blank\">I<\/a><a rel=\"noreferrer noopener\" href=\"https:\/\/www.icip.cat\/ca\/comunicat-icip-sobre-atac-militar-rus-a-ucraina\/\" target=\"_blank\">CIP<\/a>&nbsp;que vam publicar el mateix&nbsp;dijous.<\/p>\n\n\n\n<p>Davant la complexitat de la situaci\u00f3, us oferim un recull d&#8217;articles i textos d&#8217;opini\u00f3, amb perspectiva pacifista. <\/p>\n\n\n\n<ul class=\"wp-block-list\"><li>&#8220;<strong><a href=\"https:\/\/www.icip.cat\/ca\/opinion\/guerra-a-ucraina-marcs-i-iniciatives-de-pau\/\" target=\"_blank\" rel=\"noreferrer noopener\">Guerra a Ucra\u00efna: Marcs i iniciatives de pau<\/a><\/strong>&#8220;, per Kristian Herbolzheimer (ICIP)<\/li><\/ul>\n\n\n\n<p>En aquest article, publicat a <a href=\"https:\/\/www.elcritic.cat\/opinio\/kristian-herbolzheimer\/guerra-a-ucraina-marcs-i-iniciatives-de-pau-119883\" target=\"_blank\" rel=\"noreferrer noopener\">Cr\u00edtic,<\/a> el director de l&#8217;ICIP, escriu sobre els referents hist\u00f2rics d&#8217;entesa entre les parts en conflicte, les iniciatives diplom\u00e0tiques i socials de di\u00e0leg que s&#8217;han desplegat des de fa anys a la regi\u00f3, des d&#8217;un marc local i europeu.<\/p>\n\n\n\n<ul class=\"wp-block-list\"><li>&#8220;<strong><a href=\"https:\/\/www.icip.cat\/ca\/opinion\/la-seguretat-en-temps-de-guerra\/\" target=\"_blank\" rel=\"noreferrer noopener\">La seguretat en temps de guerra<\/a><\/strong>&#8220;, per Sandra Mart\u00ednez (ICIP)<\/li><\/ul>\n\n\n\n<p>El militarisme per si sol no s\u2019ha tradu\u00eft mai en una gesti\u00f3 positiva dels conflictes, al contrari, a mig i llarg termini els ha enquistat, despla\u00e7at o empitjorat. Per tant: aquests dies d\u2019ofensiva a Ucra\u00efna, de quina seguretat parlem? De qui i per a qui? En aquest article, la responsable de l&#8217;\u00e0rea &#8220;Alternatives de seguretat&#8221; de l&#8217;ICIP reivindica la necessitat de buscar mecanismes de solidaritat i seguretat compartida per evitar la viol\u00e8ncia i la cursa armamentista.<\/p>\n\n\n\n<ul class=\"wp-block-list\"><li>&#8220;<a href=\"https:\/\/www.icip.cat\/ca\/opinion\/reflexions-sobre-la-invasio-russa-a-ucraina-des-del-pacifisme\/\" target=\"_blank\" rel=\"noreferrer noopener\"><strong>Reflexions sobre la invasi\u00f3 russa a Ucra\u00efna des del pacifisme<\/strong><\/a>&#8220;, per Pablo Aguiar (ICIP)<\/li><\/ul>\n\n\n\n<p>Quan esclata una guerra s\u2019acostuma a assenyalar els que defensen i treballen per la transformaci\u00f3 pac\u00edfica dels conflictes i se\u2019ls pregunta: \u201cI ara qu\u00e8?\u201d. En aquest article, el responsable de l\u2019\u00e0rea \u201cDi\u00e0leg social i pol\u00edtic\u201d de l\u2019ICIP reflexiona sobre la invasi\u00f3 russa a Ucra\u00efna des del pacifisme, tenint en compte que la guerra, un cop comen\u00e7ada, \u00e9s una cat\u00e0strofe per a tothom.<\/p>\n\n\n\n<ul class=\"wp-block-list\"><li>&#8220;<strong><a href=\"https:\/\/www.elcritic.cat\/opinio\/vicenc-fisas\/la-nuesa-del-pacifista-davant-la-guerra-119995\" target=\"_blank\" rel=\"noreferrer noopener\">La nuesa del pacifista davant la crisi<\/a><\/strong>&#8220;, per Vicen\u00e7 Fisas (analista)<\/li><\/ul>\n\n\n\n<p>En aquest article publicat tamb\u00e9 a Cr\u00edtic, Fisas es pregunta per quines raons mai no s&#8217;ha fet res perqu\u00e8 s&#8217;apliquin tractats que haurien perm\u00e8s construir un continent m\u00e9s pac\u00edfic. Si b\u00e9 les propostes des del pacifisme hi eren, es va optar per noves pol\u00edtiques de defensa, basades en l\u2019acumulaci\u00f3 de m\u00e9s for\u00e7a militar, sense tenir en compte que aix\u00f2 provoca una din\u00e0mica d\u2019acci\u00f3-reacci\u00f3. <\/p>\n\n\n\n<ul class=\"wp-block-list\"><li>&#8220;<strong><a rel=\"noreferrer noopener\" href=\"https:\/\/www.elcritic.cat\/opinio\/jordi-armadans\/atac-a-ucraina-crisi-mirades-i-futurs-en-clau-de-pau-120395\" target=\"_blank\">Atac a Ucra\u00efna: Crisi, mirades i futurs en clau de pau<\/a><\/strong>&#8220;, per Jordi Armadans (FundiPau)<\/li><\/ul>\n\n\n\n<p>Una altra veu reconeguda del pacifisme catal\u00e0, Jordi Armadans, escriu tamb\u00e9 a Cr\u00edtic sobre la complexitat del conflicte a Ucra\u00efna, oferint matisos i elements per a la reflexi\u00f3, sense caure en la defensa acr\u00edtica d&#8217;un b\u00e0ndol, sin\u00f3 ampliant la mirada i analitzant el context.<\/p>\n\n\n\n<ul class=\"wp-block-list\"><li>\u201c<strong><a href=\"https:\/\/www.nuvol.com\/pantalles\/kristian-herbolzheimer-si-ha-esclatat-la-guerra-es-perque-hem-fet-tard-239346\" target=\"_blank\" rel=\"noreferrer noopener\">Si ha esclatat la guerra, \u00e9s que hem fet tard<\/a><\/strong>\u201d, entrevista a Kristian Herbolzheimer (ICIP)<\/li><\/ul>\n\n\n\n<p>El director de l&#8217;ICIP reflexiona en aquesta entrevista al diari digital <a href=\"https:\/\/www.nuvol.com\/\" target=\"_blank\" rel=\"noreferrer noopener\">N\u00favol.com<\/a> sobre la guerra a Ucra\u00efna, els conceptes de pau i novio`l\u00e8ncia, la resist\u00e8ncia civil, el model de seguretat actual i el paper de l&#8217;OTAN, entre d&#8217;altres.<\/p>\n\n\n\n<ul class=\"wp-block-list\"><li>&#8220;<strong><a href=\"https:\/\/www.opendemocracy.net\/en\/odr\/what-would-real-peacebuilding-in-ukraine-look-like\/?utm_source=tw\" target=\"_blank\" rel=\"noreferrer noopener\">What would real peacebuilding in Ukraine look like<\/a><\/strong>?&#8221;, per Almut Rochowanski (WILPF, Women&#8217;s International League for Peace and Freedom)<\/li><\/ul>\n\n\n\n<p>Aquest article tamb\u00e9 recull les iniciatives de distensi\u00f3 i di\u00e0leg que han tingut lloc en les darreres d\u00e8cades per fer front al conflicte entre R\u00fassia i Ucra\u00efna i advoca per una estrat\u00e8gia de construcci\u00f3 de pau centrada en les persones, la seguretat humana i el feminisme.<\/p>\n\n\n\n<ul class=\"wp-block-list\"><li>&#8220;<strong><a href=\"https:\/\/www.theguardian.com\/commentisfree\/2022\/mar\/04\/what-would-ukraine-russia-peace-deal-look-like\" target=\"_blank\" rel=\"noreferrer noopener\">It\u2019s time to ask: what would a Ukraine-Russia peace deal look like?<\/a><\/strong>&#8220;, per Anatol Lieven (Quincy Institute for Responsible Statecraft)<\/li><\/ul>\n\n\n\n<p>En aquest article publicat a The Guardian l&#8217;autor reivindica una soluci\u00f3 dialogada que permeti posar fi a la guerra i apunta algunes de les q\u00fcestions que haurien d&#8217;estar sobre la taula.<\/p>\n\n\n\n<ul class=\"wp-block-list\"><li>&#8220;<strong><a href=\"https:\/\/www.ara.cat\/opinio\/responem-guerra-putin_129_4295531.html?utm_campaign=echobox&amp;utm_medium=social&amp;utm_source=Twitter#Echobox=1646740160\" target=\"_blank\" rel=\"noreferrer noopener\">Com responem a la guerra de Putin<\/a><\/strong>&#8220;, per Kristian Herbolzheimer (ICIP)<\/li><\/ul>\n\n\n\n<p>El debat sobre com cal respondre a la guerra \u00e9s ben viu en el si del moviment pacifista. En aquest article publicat al diari ARA el director de l&#8217;ICIP exposa dubtes i dilemes sobre la resposta armada i posa en valor les estrat\u00e8gies de resist\u00e8ncia noviolenta.<\/p>\n\n\n\n<p>Com a element d&#8217;an\u00e0lisi i reflexi\u00f3 tamb\u00e9 us compartim aquest fil d&#8217;opini\u00f3 del director de l&#8217;ICIP. <\/p>\n\n\n\n<figure class=\"wp-block-embed is-type-rich is-provider-twitter wp-block-embed-twitter\"><div class=\"wp-block-embed__wrapper\">\n<blockquote class=\"twitter-tweet\" data-width=\"550\" data-dnt=\"true\"><p lang=\"ca\" dir=\"ltr\">La Guerra de Putin canviar\u00e0 moltes coses. Es percep una certa euf\u00f2ria militarista a occident. Obro fil d\u2019una reflexi\u00f3 pacifista, potser pol\u00e8mica \ud83d\udc47<\/p>&mdash; Kristian Herbolzheimer (@KristianHerbolz) <a href=\"https:\/\/twitter.com\/KristianHerbolz\/status\/1498052269790670862?ref_src=twsrc%5Etfw\">February 27, 2022<\/a><\/blockquote><script async src=\"https:\/\/platform.twitter.com\/widgets.js\" charset=\"utf-8\"><\/script>\n<\/div><\/figure>\n\n\n\n<p><strong>Lectures recomanades<\/strong><\/p>\n\n\n\n<p>Com a complement per a l&#8217;an\u00e0lisi del conflicte entre R\u00fassia i Ucra\u00efna, i la figura de Putin, tamb\u00e9 podeu consultar l&#8217;ampli cat\u00e0leg de la <a href=\"https:\/\/www.icip.cat\/ca\/biblioteca\/\" target=\"_blank\" rel=\"noreferrer noopener\">Biblioteca de l&#8217;ICIP<\/a>. A la foto podeu veure un exemple de l<a href=\"https:\/\/milleniumbeg.cultura.gencat.cat\/search*cat\/?searchtype=X&amp;SORT=D&amp;searcharg=Russia&amp;searchscope=36\" target=\"_blank\" rel=\"noreferrer noopener\">&#8216;extensa bibliografia<\/a> de la que disposem sobre el tema. <\/p>\n\n\n\n<div class=\"wp-block-image\"><figure class=\"aligncenter size-large\"><img fetchpriority=\"high\" decoding=\"async\" width=\"560\" height=\"367\" src=\"http:\/\/www.icip.cat\/wp-content\/uploads\/2022\/03\/llibres-biblio.png\" alt=\"\" class=\"wp-image-25531\" srcset=\"https:\/\/www.icip.cat\/wp-content\/uploads\/2022\/03\/llibres-biblio.png 560w, https:\/\/www.icip.cat\/wp-content\/uploads\/2022\/03\/llibres-biblio-300x197.png 300w\" sizes=\"(max-width: 560px) 100vw, 560px\" \/><\/figure><\/div>\n","protected":false},"excerpt":{"rendered":"<p>El&nbsp;dijous 24 de febrer ens despert\u00e0vem amb la not\u00edcia de l\u2019inici de la invasi\u00f3 russa d\u2019Ucra\u00efna. Cap a les 6 del mat\u00ed hora de Moscou, el president rus Vladimir Putin&nbsp;va anunciar una \u201coperaci\u00f3 militar especial\u201d a l&#8217;est d&#8217;Ucra\u00efna; minuts m\u00e9s tard, hi hagueren els primers atacs amb m\u00edssils a diversos punts del pa\u00eds, inclosa la [&hellip;]<\/p>\n","protected":false},"author":2,"featured_media":25519,"comment_status":"open","ping_status":"open","sticky":false,"template":"","format":"standard","meta":{"_acf_changed":false,"footnotes":""},"categories":[4],"tags":[],"class_list":["post-25503","post","type-post","status-publish","format-standard","has-post-thumbnail","hentry","category-sense-categoria"],"acf":[],"yoast_head":"<!-- This site is optimized with the Yoast SEO plugin v25.6 - https:\/\/yoast.com\/wordpress\/plugins\/seo\/ -->\n<title>Opinions sobre la guerra a Ucra\u00efna amb perspectiva de pau - ICIP<\/title>\n<meta name=\"description\" content=\"Us oferim an\u00e0lisi i reflexi\u00f3 sobre la invasi\u00f3 russa a Ucra\u00efna des d&#039;una mirada pacifista i centrada en la seguretat humana.\" \/>\n<meta name=\"robots\" content=\"index, follow, max-snippet:-1, max-image-preview:large, max-video-preview:-1\" \/>\n<link rel=\"canonical\" href=\"https:\/\/www.icip.cat\/ca\/opinio-sobre-la-guerra-a-ucraina-amb-perspectiva-de-pau\/\" \/>\n<meta property=\"og:locale\" content=\"ca_ES\" \/>\n<meta property=\"og:type\" content=\"article\" \/>\n<meta property=\"og:title\" content=\"Opinions sobre la guerra a Ucra\u00efna amb perspectiva de pau - ICIP\" \/>\n<meta property=\"og:description\" content=\"Us oferim an\u00e0lisi i reflexi\u00f3 sobre la invasi\u00f3 russa a Ucra\u00efna des d&#039;una mirada pacifista i centrada en la seguretat humana.\" \/>\n<meta property=\"og:url\" content=\"https:\/\/www.icip.cat\/ca\/opinio-sobre-la-guerra-a-ucraina-amb-perspectiva-de-pau\/\" \/>\n<meta property=\"og:site_name\" content=\"ICIP\" \/>\n<meta property=\"article:published_time\" content=\"2022-03-01T11:31:28+00:00\" \/>\n<meta property=\"article:modified_time\" content=\"2022-04-04T17:20:00+00:00\" \/>\n<meta property=\"og:image\" content=\"https:\/\/www.icip.cat\/wp-content\/uploads\/2022\/03\/stopwar.jpg\" \/>\n\t<meta property=\"og:image:width\" content=\"560\" \/>\n\t<meta property=\"og:image:height\" content=\"399\" \/>\n\t<meta property=\"og:image:type\" content=\"image\/jpeg\" \/>\n<meta name=\"author\" content=\"Eugenia\" \/>\n<meta name=\"twitter:card\" content=\"summary_large_image\" \/>\n<meta name=\"twitter:label1\" content=\"Escrit per\" \/>\n\t<meta name=\"twitter:data1\" content=\"Eugenia\" \/>\n\t<meta name=\"twitter:label2\" content=\"Temps estimat de lectura\" \/>\n\t<meta name=\"twitter:data2\" content=\"5 minuts\" \/>\n<script type=\"application\/ld+json\" class=\"yoast-schema-graph\">{\"@context\":\"https:\/\/schema.org\",\"@graph\":[{\"@type\":\"Article\",\"@id\":\"https:\/\/www.icip.cat\/ca\/opinio-sobre-la-guerra-a-ucraina-amb-perspectiva-de-pau\/#article\",\"isPartOf\":{\"@id\":\"https:\/\/www.icip.cat\/ca\/opinio-sobre-la-guerra-a-ucraina-amb-perspectiva-de-pau\/\"},\"author\":{\"name\":\"Eugenia\",\"@id\":\"https:\/\/www.icip.cat\/ca\/#\/schema\/person\/ecaf8460603e6e32c80f3acbf4178fa6\"},\"headline\":\"Opinions sobre la guerra a Ucra\u00efna amb perspectiva de pau\",\"datePublished\":\"2022-03-01T11:31:28+00:00\",\"dateModified\":\"2022-04-04T17:20:00+00:00\",\"mainEntityOfPage\":{\"@id\":\"https:\/\/www.icip.cat\/ca\/opinio-sobre-la-guerra-a-ucraina-amb-perspectiva-de-pau\/\"},\"wordCount\":896,\"commentCount\":0,\"publisher\":{\"@id\":\"https:\/\/www.icip.cat\/ca\/#organization\"},\"image\":{\"@id\":\"https:\/\/www.icip.cat\/ca\/opinio-sobre-la-guerra-a-ucraina-amb-perspectiva-de-pau\/#primaryimage\"},\"thumbnailUrl\":\"https:\/\/www.icip.cat\/wp-content\/uploads\/2022\/03\/stopwar.jpg\",\"inLanguage\":\"ca\"},{\"@type\":\"WebPage\",\"@id\":\"https:\/\/www.icip.cat\/ca\/opinio-sobre-la-guerra-a-ucraina-amb-perspectiva-de-pau\/\",\"url\":\"https:\/\/www.icip.cat\/ca\/opinio-sobre-la-guerra-a-ucraina-amb-perspectiva-de-pau\/\",\"name\":\"Opinions sobre la guerra a Ucra\u00efna amb perspectiva de pau - ICIP\",\"isPartOf\":{\"@id\":\"https:\/\/www.icip.cat\/ca\/#website\"},\"primaryImageOfPage\":{\"@id\":\"https:\/\/www.icip.cat\/ca\/opinio-sobre-la-guerra-a-ucraina-amb-perspectiva-de-pau\/#primaryimage\"},\"image\":{\"@id\":\"https:\/\/www.icip.cat\/ca\/opinio-sobre-la-guerra-a-ucraina-amb-perspectiva-de-pau\/#primaryimage\"},\"thumbnailUrl\":\"https:\/\/www.icip.cat\/wp-content\/uploads\/2022\/03\/stopwar.jpg\",\"datePublished\":\"2022-03-01T11:31:28+00:00\",\"dateModified\":\"2022-04-04T17:20:00+00:00\",\"description\":\"Us oferim an\u00e0lisi i reflexi\u00f3 sobre la invasi\u00f3 russa a Ucra\u00efna des d'una mirada pacifista i centrada en la seguretat humana.\",\"inLanguage\":\"ca\",\"potentialAction\":[{\"@type\":\"ReadAction\",\"target\":[\"https:\/\/www.icip.cat\/ca\/opinio-sobre-la-guerra-a-ucraina-amb-perspectiva-de-pau\/\"]}]},{\"@type\":\"ImageObject\",\"inLanguage\":\"ca\",\"@id\":\"https:\/\/www.icip.cat\/ca\/opinio-sobre-la-guerra-a-ucraina-amb-perspectiva-de-pau\/#primaryimage\",\"url\":\"https:\/\/www.icip.cat\/wp-content\/uploads\/2022\/03\/stopwar.jpg\",\"contentUrl\":\"https:\/\/www.icip.cat\/wp-content\/uploads\/2022\/03\/stopwar.jpg\",\"width\":560,\"height\":399},{\"@type\":\"WebSite\",\"@id\":\"https:\/\/www.icip.cat\/ca\/#website\",\"url\":\"https:\/\/www.icip.cat\/ca\/\",\"name\":\"ICIP\",\"description\":\"\",\"publisher\":{\"@id\":\"https:\/\/www.icip.cat\/ca\/#organization\"},\"potentialAction\":[{\"@type\":\"SearchAction\",\"target\":{\"@type\":\"EntryPoint\",\"urlTemplate\":\"https:\/\/www.icip.cat\/ca\/?s={search_term_string}\"},\"query-input\":{\"@type\":\"PropertyValueSpecification\",\"valueRequired\":true,\"valueName\":\"search_term_string\"}}],\"inLanguage\":\"ca\"},{\"@type\":\"Organization\",\"@id\":\"https:\/\/www.icip.cat\/ca\/#organization\",\"name\":\"ICIP\",\"url\":\"https:\/\/www.icip.cat\/ca\/\",\"logo\":{\"@type\":\"ImageObject\",\"inLanguage\":\"ca\",\"@id\":\"https:\/\/www.icip.cat\/ca\/#\/schema\/logo\/image\/\",\"url\":\"https:\/\/www.icip.cat\/wp-content\/uploads\/2021\/02\/logo-2.png\",\"contentUrl\":\"https:\/\/www.icip.cat\/wp-content\/uploads\/2021\/02\/logo-2.png\",\"width\":562,\"height\":391,\"caption\":\"ICIP\"},\"image\":{\"@id\":\"https:\/\/www.icip.cat\/ca\/#\/schema\/logo\/image\/\"}},{\"@type\":\"Person\",\"@id\":\"https:\/\/www.icip.cat\/ca\/#\/schema\/person\/ecaf8460603e6e32c80f3acbf4178fa6\",\"name\":\"Eugenia\",\"image\":{\"@type\":\"ImageObject\",\"inLanguage\":\"ca\",\"@id\":\"https:\/\/www.icip.cat\/ca\/#\/schema\/person\/image\/\",\"url\":\"https:\/\/secure.gravatar.com\/avatar\/d30b42e0caf7d7c3d97196ad2e94636c7bb0cc353a49ec8660d01bc0ff98b480?s=96&d=mm&r=g\",\"contentUrl\":\"https:\/\/secure.gravatar.com\/avatar\/d30b42e0caf7d7c3d97196ad2e94636c7bb0cc353a49ec8660d01bc0ff98b480?s=96&d=mm&r=g\",\"caption\":\"Eugenia\"},\"url\":\"https:\/\/www.icip.cat\/ca\/author\/eugenia\/\"}]}<\/script>\n<!-- \/ Yoast SEO plugin. -->","yoast_head_json":{"title":"Opinions sobre la guerra a Ucra\u00efna amb perspectiva de pau - ICIP","description":"Us oferim an\u00e0lisi i reflexi\u00f3 sobre la invasi\u00f3 russa a Ucra\u00efna des d'una mirada pacifista i centrada en la seguretat humana.","robots":{"index":"index","follow":"follow","max-snippet":"max-snippet:-1","max-image-preview":"max-image-preview:large","max-video-preview":"max-video-preview:-1"},"canonical":"https:\/\/www.icip.cat\/ca\/opinio-sobre-la-guerra-a-ucraina-amb-perspectiva-de-pau\/","og_locale":"ca_ES","og_type":"article","og_title":"Opinions sobre la guerra a Ucra\u00efna amb perspectiva de pau - ICIP","og_description":"Us oferim an\u00e0lisi i reflexi\u00f3 sobre la invasi\u00f3 russa a Ucra\u00efna des d'una mirada pacifista i centrada en la seguretat humana.","og_url":"https:\/\/www.icip.cat\/ca\/opinio-sobre-la-guerra-a-ucraina-amb-perspectiva-de-pau\/","og_site_name":"ICIP","article_published_time":"2022-03-01T11:31:28+00:00","article_modified_time":"2022-04-04T17:20:00+00:00","og_image":[{"width":560,"height":399,"url":"https:\/\/www.icip.cat\/wp-content\/uploads\/2022\/03\/stopwar.jpg","type":"image\/jpeg"}],"author":"Eugenia","twitter_card":"summary_large_image","twitter_misc":{"Escrit per":"Eugenia","Temps estimat de lectura":"5 minuts"},"schema":{"@context":"https:\/\/schema.org","@graph":[{"@type":"Article","@id":"https:\/\/www.icip.cat\/ca\/opinio-sobre-la-guerra-a-ucraina-amb-perspectiva-de-pau\/#article","isPartOf":{"@id":"https:\/\/www.icip.cat\/ca\/opinio-sobre-la-guerra-a-ucraina-amb-perspectiva-de-pau\/"},"author":{"name":"Eugenia","@id":"https:\/\/www.icip.cat\/ca\/#\/schema\/person\/ecaf8460603e6e32c80f3acbf4178fa6"},"headline":"Opinions sobre la guerra a Ucra\u00efna amb perspectiva de pau","datePublished":"2022-03-01T11:31:28+00:00","dateModified":"2022-04-04T17:20:00+00:00","mainEntityOfPage":{"@id":"https:\/\/www.icip.cat\/ca\/opinio-sobre-la-guerra-a-ucraina-amb-perspectiva-de-pau\/"},"wordCount":896,"commentCount":0,"publisher":{"@id":"https:\/\/www.icip.cat\/ca\/#organization"},"image":{"@id":"https:\/\/www.icip.cat\/ca\/opinio-sobre-la-guerra-a-ucraina-amb-perspectiva-de-pau\/#primaryimage"},"thumbnailUrl":"https:\/\/www.icip.cat\/wp-content\/uploads\/2022\/03\/stopwar.jpg","inLanguage":"ca"},{"@type":"WebPage","@id":"https:\/\/www.icip.cat\/ca\/opinio-sobre-la-guerra-a-ucraina-amb-perspectiva-de-pau\/","url":"https:\/\/www.icip.cat\/ca\/opinio-sobre-la-guerra-a-ucraina-amb-perspectiva-de-pau\/","name":"Opinions sobre la guerra a Ucra\u00efna amb perspectiva de pau - ICIP","isPartOf":{"@id":"https:\/\/www.icip.cat\/ca\/#website"},"primaryImageOfPage":{"@id":"https:\/\/www.icip.cat\/ca\/opinio-sobre-la-guerra-a-ucraina-amb-perspectiva-de-pau\/#primaryimage"},"image":{"@id":"https:\/\/www.icip.cat\/ca\/opinio-sobre-la-guerra-a-ucraina-amb-perspectiva-de-pau\/#primaryimage"},"thumbnailUrl":"https:\/\/www.icip.cat\/wp-content\/uploads\/2022\/03\/stopwar.jpg","datePublished":"2022-03-01T11:31:28+00:00","dateModified":"2022-04-04T17:20:00+00:00","description":"Us oferim an\u00e0lisi i reflexi\u00f3 sobre la invasi\u00f3 russa a Ucra\u00efna des d'una mirada pacifista i centrada en la seguretat humana.","inLanguage":"ca","potentialAction":[{"@type":"ReadAction","target":["https:\/\/www.icip.cat\/ca\/opinio-sobre-la-guerra-a-ucraina-amb-perspectiva-de-pau\/"]}]},{"@type":"ImageObject","inLanguage":"ca","@id":"https:\/\/www.icip.cat\/ca\/opinio-sobre-la-guerra-a-ucraina-amb-perspectiva-de-pau\/#primaryimage","url":"https:\/\/www.icip.cat\/wp-content\/uploads\/2022\/03\/stopwar.jpg","contentUrl":"https:\/\/www.icip.cat\/wp-content\/uploads\/2022\/03\/stopwar.jpg","width":560,"height":399},{"@type":"WebSite","@id":"https:\/\/www.icip.cat\/ca\/#website","url":"https:\/\/www.icip.cat\/ca\/","name":"ICIP","description":"","publisher":{"@id":"https:\/\/www.icip.cat\/ca\/#organization"},"potentialAction":[{"@type":"SearchAction","target":{"@type":"EntryPoint","urlTemplate":"https:\/\/www.icip.cat\/ca\/?s={search_term_string}"},"query-input":{"@type":"PropertyValueSpecification","valueRequired":true,"valueName":"search_term_string"}}],"inLanguage":"ca"},{"@type":"Organization","@id":"https:\/\/www.icip.cat\/ca\/#organization","name":"ICIP","url":"https:\/\/www.icip.cat\/ca\/","logo":{"@type":"ImageObject","inLanguage":"ca","@id":"https:\/\/www.icip.cat\/ca\/#\/schema\/logo\/image\/","url":"https:\/\/www.icip.cat\/wp-content\/uploads\/2021\/02\/logo-2.png","contentUrl":"https:\/\/www.icip.cat\/wp-content\/uploads\/2021\/02\/logo-2.png","width":562,"height":391,"caption":"ICIP"},"image":{"@id":"https:\/\/www.icip.cat\/ca\/#\/schema\/logo\/image\/"}},{"@type":"Person","@id":"https:\/\/www.icip.cat\/ca\/#\/schema\/person\/ecaf8460603e6e32c80f3acbf4178fa6","name":"Eugenia","image":{"@type":"ImageObject","inLanguage":"ca","@id":"https:\/\/www.icip.cat\/ca\/#\/schema\/person\/image\/","url":"https:\/\/secure.gravatar.com\/avatar\/d30b42e0caf7d7c3d97196ad2e94636c7bb0cc353a49ec8660d01bc0ff98b480?s=96&d=mm&r=g","contentUrl":"https:\/\/secure.gravatar.com\/avatar\/d30b42e0caf7d7c3d97196ad2e94636c7bb0cc353a49ec8660d01bc0ff98b480?s=96&d=mm&r=g","caption":"Eugenia"},"url":"https:\/\/www.icip.cat\/ca\/author\/eugenia\/"}]}},"_links":{"self":[{"href":"https:\/\/www.icip.cat\/ca\/wp-json\/wp\/v2\/posts\/25503","targetHints":{"allow":["GET"]}}],"collection":[{"href":"https:\/\/www.icip.cat\/ca\/wp-json\/wp\/v2\/posts"}],"about":[{"href":"https:\/\/www.icip.cat\/ca\/wp-json\/wp\/v2\/types\/post"}],"author":[{"embeddable":true,"href":"https:\/\/www.icip.cat\/ca\/wp-json\/wp\/v2\/users\/2"}],"replies":[{"embeddable":true,"href":"https:\/\/www.icip.cat\/ca\/wp-json\/wp\/v2\/comments?post=25503"}],"version-history":[{"count":13,"href":"https:\/\/www.icip.cat\/ca\/wp-json\/wp\/v2\/posts\/25503\/revisions"}],"predecessor-version":[{"id":26705,"href":"https:\/\/www.icip.cat\/ca\/wp-json\/wp\/v2\/posts\/25503\/revisions\/26705"}],"wp:featuredmedia":[{"embeddable":true,"href":"https:\/\/www.icip.cat\/ca\/wp-json\/wp\/v2\/media\/25519"}],"wp:attachment":[{"href":"https:\/\/www.icip.cat\/ca\/wp-json\/wp\/v2\/media?parent=25503"}],"wp:term":[{"taxonomy":"category","embeddable":true,"href":"https:\/\/www.icip.cat\/ca\/wp-json\/wp\/v2\/categories?post=25503"},{"taxonomy":"post_tag","embeddable":true,"href":"https:\/\/www.icip.cat\/ca\/wp-json\/wp\/v2\/tags?post=25503"}],"curies":[{"name":"wp","href":"https:\/\/api.w.org\/{rel}","templated":true}]}}