{"id":26987,"date":"2022-04-12T05:34:10","date_gmt":"2022-04-12T05:34:10","guid":{"rendered":"https:\/\/www.icip.cat\/?p=26987"},"modified":"2022-04-12T06:30:33","modified_gmt":"2022-04-12T06:30:33","slug":"la-societat-espanyola-esta-mes-cohesionada-i-menys-polaritzada-que-les-seves-institucions-politiques-segons-lenquesta-icip-esadeecpol","status":"publish","type":"post","link":"https:\/\/www.icip.cat\/ca\/la-societat-espanyola-esta-mes-cohesionada-i-menys-polaritzada-que-les-seves-institucions-politiques-segons-lenquesta-icip-esadeecpol\/","title":{"rendered":"La societat espanyola est\u00e0 m\u00e9s cohesionada i menys polaritzada que les seves institucions pol\u00edtiques, segons l&#8217;Enquesta ICIP-EsadeEcPol"},"content":{"rendered":"\n<p>La polaritzaci\u00f3 s&#8217;ha presentat com un tret caracter\u00edstic de la pol\u00edtica espanyola en els \u00faltims anys, per\u00f2 <strong><u><a href=\"http:\/\/www.icip.cat\/wp-content\/uploads\/2022\/04\/AAFF_Paper_EcPol_ICIP_CAT_Full_online.pdf\" target=\"_blank\" rel=\"noreferrer noopener\">l&#8217;Enquesta sobre la polaritzaci\u00f3 i la conviv\u00e8ncia a Espanya 2021<\/a><\/u><\/strong> elaborada per l&#8217;ICIP i el Centre de Pol\u00edtiques Econ\u00f2miques d&#8217;Esade (EsadeEcPol) revela que la societat est\u00e0 m\u00e9s cohesionada del que suggereix el debat p\u00fablic. L&#8217;estudi, que mesura diversos focus de polaritzaci\u00f3 a set comunitats aut\u00f2nomes i en el conjunt de l\u2019Estat, conclou que la crispaci\u00f3 pol\u00edtica no \u00e9s reflex d&#8217;una fractura social i apunta a un bon nivell de conviv\u00e8ncia a Espanya.<\/p>\n\n\n\n<p>Els partits pol\u00edtics apareixen com a principal focus de polaritzaci\u00f3 afectiva (la que es defineix per la dist\u00e0ncia entre els sentiments cap al grup amb qu\u00e8 ens identifiquem i els que manifestem cap als altres), segons l&#8217;enquesta publicada aquest dimarts. Al contrari, dins del mateix \u00e0mbit de polaritzaci\u00f3 afectiva, l&#8217;aspecte territorial \u00e9s un focus de tensi\u00f3 considerablement inferior al pol\u00edtic. I la societat mostra un bon nivell de cohesi\u00f3 en altres aspectes com la confian\u00e7a interpersonal i temes ideol\u00f2gics com la igualtat de g\u00e8nere.<\/p>\n\n\n\n<p><em>\u201c<\/em>La bona not\u00edcia de l&#8217;informe \u00e9s que la valoraci\u00f3 de la conviv\u00e8ncia i de la confian\u00e7a interpersonal \u00e9s bona\u201d, ha assenyalat <strong>Sandra Le\u00f3n<\/strong>, investigadora d\u2019EsadeEcPol i coautora de l&#8217;informe, que ha destacat tamb\u00e9, la <em>\u201c<\/em>perspectiva territorial<em>\u201d<\/em> com una altra de les principals aportacions de l&#8217;estudi. <em>\u201c<\/em>Aquesta heterogene\u00eftat territorial passa sovint desapercebuda en els estudis on l&#8217;enfocament \u00e9s exclusivament estatal<em>\u201d.<\/em> Tamb\u00e9 <strong>Kristian Herbolzheimer<\/strong>, director de l&#8217;ICIP, considera que \u201cl&#8217;enquesta indica que la crispaci\u00f3 pol\u00edtica no \u00e9s un reflex de la realitat social<em>\u201d.<\/em><\/p>\n\n\n\n<p><strong>Polaritzaci\u00f3 identit\u00e0ria i ideol\u00f2gica<\/strong><\/p>\n\n\n\n<p>La <strong>dimensi\u00f3 identit\u00e0ria<\/strong> de la polaritzaci\u00f3 (la relacionada amb la manera en qu\u00e8 definim la nostra pr\u00f2pia identitat en oposici\u00f3 a la d&#8217;altres) mostra tamb\u00e9 \u00e0mbits de consens. El g\u00e8nere, la comunitat aut\u00f2noma o la classe social s\u00f3n les tres caracter\u00edstiques que menys s&#8217;associen a la identitat: nom\u00e9s un 20% de la poblaci\u00f3 els considera \u201cbastant\u201d o \u201cmolt\u201d importants.<\/p>\n\n\n\n<p>En <strong>l&#8217;\u00e0mbit ideol\u00f2gic, <\/strong>l&#8217;enquesta mostra consensos transversals entorn de diversos temes, com la igualtat de g\u00e8nere: un 75% de la ciutadania dona suport, per exemple, al fet que se sancioni a empreses que paguin menys a les dones per la mateixa feina. Tamb\u00e9 hi ha un suport majoritari que les persones transg\u00e8nere puguin canviar el sexe recollit als seus carnets d&#8217;identitat o a la redistribuci\u00f3 mitjan\u00e7ant impostos i transfer\u00e8ncies monet\u00e0ries de llars m\u00e9s riques a m\u00e9s pobres.<\/p>\n\n\n\n<p>En l&#8217;extrem oposat, el desacord ideol\u00f2gic m\u00e9s gran es produeix en opinar sobre la transici\u00f3 a la democr\u00e0cia. Gaireb\u00e9 la meitat de la poblaci\u00f3 a Catalunya no la veu com a motiu d&#8217;orgull (3,75 punts), mentre que a Madrid \u00e9s la meitat la que est\u00e0 totalment d&#8217;acord (6,75). Un altre aspecte que genera opinions divergents \u00e9s l&#8217;organitzaci\u00f3 territorial: mentre a Catalunya i al Pa\u00eds Basc hi ha \u00e0mplies majories a favor d&#8217;un model m\u00e9s descentralitzat, a Madrid la majoria prefereix m\u00e9s recentralitzaci\u00f3. Aquesta opci\u00f3 s&#8217;imposa tamb\u00e9 lleugerament en les altres comunitats cobertes per l&#8217;informe: Andalusia, Comunitat Valenciana, Extremadura i Gal\u00edcia.<\/p>\n\n\n\n<p><strong>Confian\u00e7a i conviv\u00e8ncia<\/strong><\/p>\n\n\n\n<p>Els ciutadans mostren un alt nivell de <strong>confian\u00e7a interpersonal<\/strong>, que supera l&#8217;aprovat tant en el conjunt de l\u2019Estat com en les comunitats aut\u00f2nomes analitzades. Tamb\u00e9 la <strong>conviv\u00e8ncia<\/strong> obt\u00e9 una valoraci\u00f3 positiva en totes les dimensions i territoris, encara que amb difer\u00e8ncies significatives segons el nivell: des del 7,22 en el cas de barri\/municipi i el 7,02 en el de comunitat aut\u00f2noma, en l&#8217;extrem superior, fins al 5,85 en el conjunt d&#8217;Espanya, en l&#8217;extrem inferior. El territori amb pitjor valoraci\u00f3 de la conviv\u00e8ncia en aquestes tres dimensions \u00e9s Catalunya, si b\u00e9 amb difer\u00e8ncies moderades davant la mitjana estatal.<\/p>\n\n\n\n<p>La confian\u00e7a interpersonal contrasta amb una <strong>confian\u00e7a<\/strong> generalment baixa en les institucions: cap de les administracions no aconsegueix un aprovat en confian\u00e7a ciutadana. Els governs locals i la Uni\u00f3 Europea obtenen una millor qualificaci\u00f3 que el govern central i els auton\u00f2mics. En particular, el govern central suscita les pitjors valoracions: \u00e9s l&#8217;\u00fanic nivell d&#8217;administraci\u00f3 amb un suspens a totes les regions enquestades. Per comunitats aut\u00f2nomes, Catalunya \u00e9s el territori amb menor confian\u00e7a institucional en les administracions de tots els nivells i la que dona una nota pitjor al seu govern auton\u00f2mic (4,1), mentre que el Pa\u00eds Basc dona la millor (5,37).<\/p>\n\n\n\n<p>Aquesta dada \u00e9s entre <em>\u201c<\/em>les no tan bones not\u00edcies<em>\u201d<\/em> de l&#8217;estudi, ha assenyalat <strong>Sandra Le\u00f3n<\/strong>, juntament amb el fet que \u201cla polaritzaci\u00f3 afectiva partidista \u00e9s molt intensa<em>\u201d<\/em> i la divisi\u00f3 entorn de temes com la transici\u00f3 a la democr\u00e0cia o les prefer\u00e8ncies sobre la q\u00fcesti\u00f3 territorial. <strong>Herbolzheimer<\/strong> ha apuntat tamb\u00e9 al factor institucional com una de les conclusions negatives de l&#8217;estudi: <em>\u201c<\/em>Determinats discursos i actituds pol\u00edtiques estan afectant la confian\u00e7a en les institucions, la qual cosa posa en risc el funcionament democr\u00e0tic.<em>\u201d<\/em><\/p>\n\n\n\n<p><strong>Metodologia emprada<\/strong><\/p>\n\n\n\n<p>L&#8217;enquesta, amb un marge d&#8217;error de l&#8217;1%, va ser realitzada entre el 22 d&#8217;octubre i el 12 novembre de 2021 partint de 7.189 entrevistes a residents a Espanya de 16 anys en endavant, dividides en 1.500 per al conjunt de l\u2019Estat i mostres afegides de 800-806 en set comunitats aut\u00f2nomes: Andalusia, Catalunya, Comunitat Valenciana, Extremadura, Gal\u00edcia, Madrid i el Pa\u00eds Basc.<\/p>\n\n\n\n<p>L&#8217;enquesta ICIP-EsadeEcPol forma part de la l\u00ednia de treball de l&#8217;ICIP &#8220;<a href=\"https:\/\/www.icip.cat\/ca\/dialeg-social-i-politic\/\" target=\"_blank\" rel=\"noreferrer noopener\">Di\u00e0leg social i pol\u00edtic<\/a>&#8220;, des de la qual l&#8217;ICIP ofereix eines d&#8217;an\u00e0lisi, gesti\u00f3 i transformaci\u00f3 de conflictes, a partir de la promoci\u00f3 del di\u00e0leg i l&#8217;estudi de la polaritzaci\u00f3. <\/p>\n\n\n\n<p>Aquesta \u00e9s la tercera enquesta que porta a terme l&#8217;ICIP sobre polaritzaci\u00f3 i conviv\u00e8ncia. La darrera, l&#8217;<a href=\"https:\/\/www.icip.cat\/ca\/una-majoria-de-la-poblacio-considera-positiva-la-convivencia-a-catalunya-pero-la-polaritzacio-ha-obert-ferides\/\" target=\"_blank\" rel=\"noreferrer noopener\">Enquesta ICIP 2020 sobre conviv\u00e8ncia i polaritzaci\u00f3 a Catalunya<\/a>, va concloure que una majoria de la poblaci\u00f3 catalana considera positiva la conviv\u00e8ncia, si b\u00e9 el conflicte territorial ha accentuat les din\u00e0miques de polaritzaci\u00f3 i ha obert ferides entre la poblaci\u00f3.<\/p>\n","protected":false},"excerpt":{"rendered":"<p>La polaritzaci\u00f3 s&#8217;ha presentat com un tret caracter\u00edstic de la pol\u00edtica espanyola en els \u00faltims anys, per\u00f2 l&#8217;Enquesta sobre la polaritzaci\u00f3 i la conviv\u00e8ncia a Espanya 2021 elaborada per l&#8217;ICIP i el Centre de Pol\u00edtiques Econ\u00f2miques d&#8217;Esade (EsadeEcPol) revela que la societat est\u00e0 m\u00e9s cohesionada del que suggereix el debat p\u00fablic. L&#8217;estudi, que mesura diversos [&hellip;]<\/p>\n","protected":false},"author":2,"featured_media":27028,"comment_status":"open","ping_status":"open","sticky":false,"template":"","format":"standard","meta":{"_acf_changed":false,"footnotes":""},"categories":[4],"tags":[],"class_list":["post-26987","post","type-post","status-publish","format-standard","has-post-thumbnail","hentry","category-sense-categoria"],"acf":[],"yoast_head":"<!-- This site is optimized with the Yoast SEO plugin v25.6 - https:\/\/yoast.com\/wordpress\/plugins\/seo\/ -->\n<title>La societat espanyola est\u00e0 m\u00e9s cohesionada i menys polaritzada que les seves institucions pol\u00edtiques, segons l&#039;Enquesta ICIP-EsadeEcPol - ICIP<\/title>\n<meta name=\"description\" content=\"L&#039;enquesta ICIP-EsadeEcPol analitza la conviv\u00e8ncia i polaritzaci\u00f3 al conjunt de l&#039;Estat i en set comunitats, entre les quals Catalunya\" \/>\n<meta name=\"robots\" content=\"index, follow, max-snippet:-1, max-image-preview:large, max-video-preview:-1\" \/>\n<link rel=\"canonical\" href=\"https:\/\/www.icip.cat\/ca\/la-societat-espanyola-esta-mes-cohesionada-i-menys-polaritzada-que-les-seves-institucions-politiques-segons-lenquesta-icip-esadeecpol\/\" \/>\n<meta property=\"og:locale\" content=\"ca_ES\" \/>\n<meta property=\"og:type\" content=\"article\" \/>\n<meta property=\"og:title\" content=\"La societat espanyola est\u00e0 m\u00e9s cohesionada i menys polaritzada que les seves institucions pol\u00edtiques, segons l&#039;Enquesta ICIP-EsadeEcPol - ICIP\" \/>\n<meta property=\"og:description\" content=\"L&#039;enquesta ICIP-EsadeEcPol analitza la conviv\u00e8ncia i polaritzaci\u00f3 al conjunt de l&#039;Estat i en set comunitats, entre les quals Catalunya\" \/>\n<meta property=\"og:url\" content=\"https:\/\/www.icip.cat\/ca\/la-societat-espanyola-esta-mes-cohesionada-i-menys-polaritzada-que-les-seves-institucions-politiques-segons-lenquesta-icip-esadeecpol\/\" \/>\n<meta property=\"og:site_name\" content=\"ICIP\" \/>\n<meta property=\"article:published_time\" content=\"2022-04-12T05:34:10+00:00\" \/>\n<meta property=\"article:modified_time\" content=\"2022-04-12T06:30:33+00:00\" \/>\n<meta property=\"og:image\" content=\"https:\/\/www.icip.cat\/wp-content\/uploads\/2022\/04\/Enquestaweb2.png\" \/>\n\t<meta property=\"og:image:width\" content=\"560\" \/>\n\t<meta property=\"og:image:height\" content=\"361\" \/>\n\t<meta property=\"og:image:type\" content=\"image\/png\" \/>\n<meta name=\"author\" content=\"Eugenia\" \/>\n<meta name=\"twitter:card\" content=\"summary_large_image\" \/>\n<meta name=\"twitter:label1\" content=\"Escrit per\" \/>\n\t<meta name=\"twitter:data1\" content=\"Eugenia\" \/>\n\t<meta name=\"twitter:label2\" content=\"Temps estimat de lectura\" \/>\n\t<meta name=\"twitter:data2\" content=\"6 minuts\" \/>\n<script type=\"application\/ld+json\" class=\"yoast-schema-graph\">{\"@context\":\"https:\/\/schema.org\",\"@graph\":[{\"@type\":\"Article\",\"@id\":\"https:\/\/www.icip.cat\/ca\/la-societat-espanyola-esta-mes-cohesionada-i-menys-polaritzada-que-les-seves-institucions-politiques-segons-lenquesta-icip-esadeecpol\/#article\",\"isPartOf\":{\"@id\":\"https:\/\/www.icip.cat\/ca\/la-societat-espanyola-esta-mes-cohesionada-i-menys-polaritzada-que-les-seves-institucions-politiques-segons-lenquesta-icip-esadeecpol\/\"},\"author\":{\"name\":\"Eugenia\",\"@id\":\"https:\/\/www.icip.cat\/ca\/#\/schema\/person\/ecaf8460603e6e32c80f3acbf4178fa6\"},\"headline\":\"La societat espanyola est\u00e0 m\u00e9s cohesionada i menys polaritzada que les seves institucions pol\u00edtiques, segons l&#8217;Enquesta ICIP-EsadeEcPol\",\"datePublished\":\"2022-04-12T05:34:10+00:00\",\"dateModified\":\"2022-04-12T06:30:33+00:00\",\"mainEntityOfPage\":{\"@id\":\"https:\/\/www.icip.cat\/ca\/la-societat-espanyola-esta-mes-cohesionada-i-menys-polaritzada-que-les-seves-institucions-politiques-segons-lenquesta-icip-esadeecpol\/\"},\"wordCount\":1071,\"commentCount\":0,\"publisher\":{\"@id\":\"https:\/\/www.icip.cat\/ca\/#organization\"},\"image\":{\"@id\":\"https:\/\/www.icip.cat\/ca\/la-societat-espanyola-esta-mes-cohesionada-i-menys-polaritzada-que-les-seves-institucions-politiques-segons-lenquesta-icip-esadeecpol\/#primaryimage\"},\"thumbnailUrl\":\"https:\/\/www.icip.cat\/wp-content\/uploads\/2022\/04\/Enquestaweb2.png\",\"inLanguage\":\"ca\"},{\"@type\":\"WebPage\",\"@id\":\"https:\/\/www.icip.cat\/ca\/la-societat-espanyola-esta-mes-cohesionada-i-menys-polaritzada-que-les-seves-institucions-politiques-segons-lenquesta-icip-esadeecpol\/\",\"url\":\"https:\/\/www.icip.cat\/ca\/la-societat-espanyola-esta-mes-cohesionada-i-menys-polaritzada-que-les-seves-institucions-politiques-segons-lenquesta-icip-esadeecpol\/\",\"name\":\"La societat espanyola est\u00e0 m\u00e9s cohesionada i menys polaritzada que les seves institucions pol\u00edtiques, segons l'Enquesta ICIP-EsadeEcPol - ICIP\",\"isPartOf\":{\"@id\":\"https:\/\/www.icip.cat\/ca\/#website\"},\"primaryImageOfPage\":{\"@id\":\"https:\/\/www.icip.cat\/ca\/la-societat-espanyola-esta-mes-cohesionada-i-menys-polaritzada-que-les-seves-institucions-politiques-segons-lenquesta-icip-esadeecpol\/#primaryimage\"},\"image\":{\"@id\":\"https:\/\/www.icip.cat\/ca\/la-societat-espanyola-esta-mes-cohesionada-i-menys-polaritzada-que-les-seves-institucions-politiques-segons-lenquesta-icip-esadeecpol\/#primaryimage\"},\"thumbnailUrl\":\"https:\/\/www.icip.cat\/wp-content\/uploads\/2022\/04\/Enquestaweb2.png\",\"datePublished\":\"2022-04-12T05:34:10+00:00\",\"dateModified\":\"2022-04-12T06:30:33+00:00\",\"description\":\"L'enquesta ICIP-EsadeEcPol analitza la conviv\u00e8ncia i polaritzaci\u00f3 al conjunt de l'Estat i en set comunitats, entre les quals Catalunya\",\"inLanguage\":\"ca\",\"potentialAction\":[{\"@type\":\"ReadAction\",\"target\":[\"https:\/\/www.icip.cat\/ca\/la-societat-espanyola-esta-mes-cohesionada-i-menys-polaritzada-que-les-seves-institucions-politiques-segons-lenquesta-icip-esadeecpol\/\"]}]},{\"@type\":\"ImageObject\",\"inLanguage\":\"ca\",\"@id\":\"https:\/\/www.icip.cat\/ca\/la-societat-espanyola-esta-mes-cohesionada-i-menys-polaritzada-que-les-seves-institucions-politiques-segons-lenquesta-icip-esadeecpol\/#primaryimage\",\"url\":\"https:\/\/www.icip.cat\/wp-content\/uploads\/2022\/04\/Enquestaweb2.png\",\"contentUrl\":\"https:\/\/www.icip.cat\/wp-content\/uploads\/2022\/04\/Enquestaweb2.png\",\"width\":560,\"height\":361},{\"@type\":\"WebSite\",\"@id\":\"https:\/\/www.icip.cat\/ca\/#website\",\"url\":\"https:\/\/www.icip.cat\/ca\/\",\"name\":\"ICIP\",\"description\":\"\",\"publisher\":{\"@id\":\"https:\/\/www.icip.cat\/ca\/#organization\"},\"potentialAction\":[{\"@type\":\"SearchAction\",\"target\":{\"@type\":\"EntryPoint\",\"urlTemplate\":\"https:\/\/www.icip.cat\/ca\/?s={search_term_string}\"},\"query-input\":{\"@type\":\"PropertyValueSpecification\",\"valueRequired\":true,\"valueName\":\"search_term_string\"}}],\"inLanguage\":\"ca\"},{\"@type\":\"Organization\",\"@id\":\"https:\/\/www.icip.cat\/ca\/#organization\",\"name\":\"ICIP\",\"url\":\"https:\/\/www.icip.cat\/ca\/\",\"logo\":{\"@type\":\"ImageObject\",\"inLanguage\":\"ca\",\"@id\":\"https:\/\/www.icip.cat\/ca\/#\/schema\/logo\/image\/\",\"url\":\"https:\/\/www.icip.cat\/wp-content\/uploads\/2021\/02\/logo-2.png\",\"contentUrl\":\"https:\/\/www.icip.cat\/wp-content\/uploads\/2021\/02\/logo-2.png\",\"width\":562,\"height\":391,\"caption\":\"ICIP\"},\"image\":{\"@id\":\"https:\/\/www.icip.cat\/ca\/#\/schema\/logo\/image\/\"}},{\"@type\":\"Person\",\"@id\":\"https:\/\/www.icip.cat\/ca\/#\/schema\/person\/ecaf8460603e6e32c80f3acbf4178fa6\",\"name\":\"Eugenia\",\"image\":{\"@type\":\"ImageObject\",\"inLanguage\":\"ca\",\"@id\":\"https:\/\/www.icip.cat\/ca\/#\/schema\/person\/image\/\",\"url\":\"https:\/\/secure.gravatar.com\/avatar\/d30b42e0caf7d7c3d97196ad2e94636c7bb0cc353a49ec8660d01bc0ff98b480?s=96&d=mm&r=g\",\"contentUrl\":\"https:\/\/secure.gravatar.com\/avatar\/d30b42e0caf7d7c3d97196ad2e94636c7bb0cc353a49ec8660d01bc0ff98b480?s=96&d=mm&r=g\",\"caption\":\"Eugenia\"},\"url\":\"https:\/\/www.icip.cat\/ca\/author\/eugenia\/\"}]}<\/script>\n<!-- \/ Yoast SEO plugin. -->","yoast_head_json":{"title":"La societat espanyola est\u00e0 m\u00e9s cohesionada i menys polaritzada que les seves institucions pol\u00edtiques, segons l'Enquesta ICIP-EsadeEcPol - ICIP","description":"L'enquesta ICIP-EsadeEcPol analitza la conviv\u00e8ncia i polaritzaci\u00f3 al conjunt de l'Estat i en set comunitats, entre les quals Catalunya","robots":{"index":"index","follow":"follow","max-snippet":"max-snippet:-1","max-image-preview":"max-image-preview:large","max-video-preview":"max-video-preview:-1"},"canonical":"https:\/\/www.icip.cat\/ca\/la-societat-espanyola-esta-mes-cohesionada-i-menys-polaritzada-que-les-seves-institucions-politiques-segons-lenquesta-icip-esadeecpol\/","og_locale":"ca_ES","og_type":"article","og_title":"La societat espanyola est\u00e0 m\u00e9s cohesionada i menys polaritzada que les seves institucions pol\u00edtiques, segons l'Enquesta ICIP-EsadeEcPol - ICIP","og_description":"L'enquesta ICIP-EsadeEcPol analitza la conviv\u00e8ncia i polaritzaci\u00f3 al conjunt de l'Estat i en set comunitats, entre les quals Catalunya","og_url":"https:\/\/www.icip.cat\/ca\/la-societat-espanyola-esta-mes-cohesionada-i-menys-polaritzada-que-les-seves-institucions-politiques-segons-lenquesta-icip-esadeecpol\/","og_site_name":"ICIP","article_published_time":"2022-04-12T05:34:10+00:00","article_modified_time":"2022-04-12T06:30:33+00:00","og_image":[{"width":560,"height":361,"url":"https:\/\/www.icip.cat\/wp-content\/uploads\/2022\/04\/Enquestaweb2.png","type":"image\/png"}],"author":"Eugenia","twitter_card":"summary_large_image","twitter_misc":{"Escrit per":"Eugenia","Temps estimat de lectura":"6 minuts"},"schema":{"@context":"https:\/\/schema.org","@graph":[{"@type":"Article","@id":"https:\/\/www.icip.cat\/ca\/la-societat-espanyola-esta-mes-cohesionada-i-menys-polaritzada-que-les-seves-institucions-politiques-segons-lenquesta-icip-esadeecpol\/#article","isPartOf":{"@id":"https:\/\/www.icip.cat\/ca\/la-societat-espanyola-esta-mes-cohesionada-i-menys-polaritzada-que-les-seves-institucions-politiques-segons-lenquesta-icip-esadeecpol\/"},"author":{"name":"Eugenia","@id":"https:\/\/www.icip.cat\/ca\/#\/schema\/person\/ecaf8460603e6e32c80f3acbf4178fa6"},"headline":"La societat espanyola est\u00e0 m\u00e9s cohesionada i menys polaritzada que les seves institucions pol\u00edtiques, segons l&#8217;Enquesta ICIP-EsadeEcPol","datePublished":"2022-04-12T05:34:10+00:00","dateModified":"2022-04-12T06:30:33+00:00","mainEntityOfPage":{"@id":"https:\/\/www.icip.cat\/ca\/la-societat-espanyola-esta-mes-cohesionada-i-menys-polaritzada-que-les-seves-institucions-politiques-segons-lenquesta-icip-esadeecpol\/"},"wordCount":1071,"commentCount":0,"publisher":{"@id":"https:\/\/www.icip.cat\/ca\/#organization"},"image":{"@id":"https:\/\/www.icip.cat\/ca\/la-societat-espanyola-esta-mes-cohesionada-i-menys-polaritzada-que-les-seves-institucions-politiques-segons-lenquesta-icip-esadeecpol\/#primaryimage"},"thumbnailUrl":"https:\/\/www.icip.cat\/wp-content\/uploads\/2022\/04\/Enquestaweb2.png","inLanguage":"ca"},{"@type":"WebPage","@id":"https:\/\/www.icip.cat\/ca\/la-societat-espanyola-esta-mes-cohesionada-i-menys-polaritzada-que-les-seves-institucions-politiques-segons-lenquesta-icip-esadeecpol\/","url":"https:\/\/www.icip.cat\/ca\/la-societat-espanyola-esta-mes-cohesionada-i-menys-polaritzada-que-les-seves-institucions-politiques-segons-lenquesta-icip-esadeecpol\/","name":"La societat espanyola est\u00e0 m\u00e9s cohesionada i menys polaritzada que les seves institucions pol\u00edtiques, segons l'Enquesta ICIP-EsadeEcPol - ICIP","isPartOf":{"@id":"https:\/\/www.icip.cat\/ca\/#website"},"primaryImageOfPage":{"@id":"https:\/\/www.icip.cat\/ca\/la-societat-espanyola-esta-mes-cohesionada-i-menys-polaritzada-que-les-seves-institucions-politiques-segons-lenquesta-icip-esadeecpol\/#primaryimage"},"image":{"@id":"https:\/\/www.icip.cat\/ca\/la-societat-espanyola-esta-mes-cohesionada-i-menys-polaritzada-que-les-seves-institucions-politiques-segons-lenquesta-icip-esadeecpol\/#primaryimage"},"thumbnailUrl":"https:\/\/www.icip.cat\/wp-content\/uploads\/2022\/04\/Enquestaweb2.png","datePublished":"2022-04-12T05:34:10+00:00","dateModified":"2022-04-12T06:30:33+00:00","description":"L'enquesta ICIP-EsadeEcPol analitza la conviv\u00e8ncia i polaritzaci\u00f3 al conjunt de l'Estat i en set comunitats, entre les quals Catalunya","inLanguage":"ca","potentialAction":[{"@type":"ReadAction","target":["https:\/\/www.icip.cat\/ca\/la-societat-espanyola-esta-mes-cohesionada-i-menys-polaritzada-que-les-seves-institucions-politiques-segons-lenquesta-icip-esadeecpol\/"]}]},{"@type":"ImageObject","inLanguage":"ca","@id":"https:\/\/www.icip.cat\/ca\/la-societat-espanyola-esta-mes-cohesionada-i-menys-polaritzada-que-les-seves-institucions-politiques-segons-lenquesta-icip-esadeecpol\/#primaryimage","url":"https:\/\/www.icip.cat\/wp-content\/uploads\/2022\/04\/Enquestaweb2.png","contentUrl":"https:\/\/www.icip.cat\/wp-content\/uploads\/2022\/04\/Enquestaweb2.png","width":560,"height":361},{"@type":"WebSite","@id":"https:\/\/www.icip.cat\/ca\/#website","url":"https:\/\/www.icip.cat\/ca\/","name":"ICIP","description":"","publisher":{"@id":"https:\/\/www.icip.cat\/ca\/#organization"},"potentialAction":[{"@type":"SearchAction","target":{"@type":"EntryPoint","urlTemplate":"https:\/\/www.icip.cat\/ca\/?s={search_term_string}"},"query-input":{"@type":"PropertyValueSpecification","valueRequired":true,"valueName":"search_term_string"}}],"inLanguage":"ca"},{"@type":"Organization","@id":"https:\/\/www.icip.cat\/ca\/#organization","name":"ICIP","url":"https:\/\/www.icip.cat\/ca\/","logo":{"@type":"ImageObject","inLanguage":"ca","@id":"https:\/\/www.icip.cat\/ca\/#\/schema\/logo\/image\/","url":"https:\/\/www.icip.cat\/wp-content\/uploads\/2021\/02\/logo-2.png","contentUrl":"https:\/\/www.icip.cat\/wp-content\/uploads\/2021\/02\/logo-2.png","width":562,"height":391,"caption":"ICIP"},"image":{"@id":"https:\/\/www.icip.cat\/ca\/#\/schema\/logo\/image\/"}},{"@type":"Person","@id":"https:\/\/www.icip.cat\/ca\/#\/schema\/person\/ecaf8460603e6e32c80f3acbf4178fa6","name":"Eugenia","image":{"@type":"ImageObject","inLanguage":"ca","@id":"https:\/\/www.icip.cat\/ca\/#\/schema\/person\/image\/","url":"https:\/\/secure.gravatar.com\/avatar\/d30b42e0caf7d7c3d97196ad2e94636c7bb0cc353a49ec8660d01bc0ff98b480?s=96&d=mm&r=g","contentUrl":"https:\/\/secure.gravatar.com\/avatar\/d30b42e0caf7d7c3d97196ad2e94636c7bb0cc353a49ec8660d01bc0ff98b480?s=96&d=mm&r=g","caption":"Eugenia"},"url":"https:\/\/www.icip.cat\/ca\/author\/eugenia\/"}]}},"_links":{"self":[{"href":"https:\/\/www.icip.cat\/ca\/wp-json\/wp\/v2\/posts\/26987","targetHints":{"allow":["GET"]}}],"collection":[{"href":"https:\/\/www.icip.cat\/ca\/wp-json\/wp\/v2\/posts"}],"about":[{"href":"https:\/\/www.icip.cat\/ca\/wp-json\/wp\/v2\/types\/post"}],"author":[{"embeddable":true,"href":"https:\/\/www.icip.cat\/ca\/wp-json\/wp\/v2\/users\/2"}],"replies":[{"embeddable":true,"href":"https:\/\/www.icip.cat\/ca\/wp-json\/wp\/v2\/comments?post=26987"}],"version-history":[{"count":7,"href":"https:\/\/www.icip.cat\/ca\/wp-json\/wp\/v2\/posts\/26987\/revisions"}],"predecessor-version":[{"id":27038,"href":"https:\/\/www.icip.cat\/ca\/wp-json\/wp\/v2\/posts\/26987\/revisions\/27038"}],"wp:featuredmedia":[{"embeddable":true,"href":"https:\/\/www.icip.cat\/ca\/wp-json\/wp\/v2\/media\/27028"}],"wp:attachment":[{"href":"https:\/\/www.icip.cat\/ca\/wp-json\/wp\/v2\/media?parent=26987"}],"wp:term":[{"taxonomy":"category","embeddable":true,"href":"https:\/\/www.icip.cat\/ca\/wp-json\/wp\/v2\/categories?post=26987"},{"taxonomy":"post_tag","embeddable":true,"href":"https:\/\/www.icip.cat\/ca\/wp-json\/wp\/v2\/tags?post=26987"}],"curies":[{"name":"wp","href":"https:\/\/api.w.org\/{rel}","templated":true}]}}