{"id":314,"date":"2020-10-09T17:37:21","date_gmt":"2020-10-09T17:37:21","guid":{"rendered":"http:\/\/www.icip.cat\/?p=314"},"modified":"2020-11-19T16:22:51","modified_gmt":"2020-11-19T16:22:51","slug":"el-premi-nobel-de-la-pau-2020-reconeix-la-lluita-contra-la-fam-al-mon","status":"publish","type":"post","link":"https:\/\/www.icip.cat\/ca\/el-premi-nobel-de-la-pau-2020-reconeix-la-lluita-contra-la-fam-al-mon\/","title":{"rendered":"El Premi Nobel de la Pau 2020 reconeix la lluita contra la fam al m\u00f3n"},"content":{"rendered":"<h3>El Comit\u00e8 Nobel premia l&#8217;organitzaci\u00f3 humanit\u00e0ria World Food Programme.<\/h3>\n<p>El Comit\u00e8 Noruec Nobel ha atorgat el Premi Nobel de la Pau 2020 a l&#8217;organitzaci\u00f3 humanit\u00e0ria <strong>World Food Programme (WFP)<\/strong>, de Nacions Unides, pel seu esfor\u00e7 en combatre la fam al m\u00f3n i la seva contribuci\u00f3 en millorar les condicions per a la pau en zones de conflicte i prevenir l&#8217;\u00fas de la fam com a arma de guerra.<\/p>\n<p>\u00c9s un reconeixement valu\u00f3s que situa la lluita contra la fam en l&#8217;agenda internacional, una q\u00fcesti\u00f3 primordial ja que la falta d&#8217;acc\u00e9s a l&#8217;alimentaci\u00f3 continua sent avui en dia una de les xacres de la humanitat, que afecta milions de persones. \u00c9s important recordar que no hi ha fam al m\u00f3n per mancan\u00e7a d&#8217;aliments, sin\u00f3 perqu\u00e8 la seva producci\u00f3 i distribuci\u00f3 no est\u00e0 garantida per al conjunt de la poblaci\u00f3.<\/p>\n<p>Aquest premi tamb\u00e9 ens recorda el perill\u00f3s vincle que existeix entre les guerres i la fam: els conflictes armats causen fam, alhora que la fam causa conflictes armats. En la internacionalitzaci\u00f3 actual dels conflictes, per exemple a l&#8217;Afganistan, Iemen o L\u00edbia, augmenten les responsabilitats dels pa\u00efsos que donen suport a les parts en conflicte en la generaci\u00f3 de fam i les conseq\u00fc\u00e8ncies que aix\u00f2 t\u00e9 per a milions de persones.<\/p>\n<p>Per \u00faltim, el Nobel de la Pau 2020 \u00e9s tamb\u00e9 un reconeixement al multilateralisme en un moment en que la solidaritat internacional i el suport mutu estan en crisi, i en qu\u00e8 la pand\u00e8mia de la COVID19 \u00e9s un repte mundial.<\/p>\n<p><img fetchpriority=\"high\" decoding=\"async\" src=\"http:\/\/www.icip.cat\/wp-content\/uploads\/2020\/10\/WFP_new.png\" sizes=\"(max-width: 562px) 100vw, 562px\" srcset=\"http:\/\/www.icip.cat\/wp-content\/uploads\/2020\/10\/WFP_new.png 562w, http:\/\/www.icip.cat\/wp-content\/uploads\/2020\/10\/WFP_new-300x129.png 300w\" alt=\"\" width=\"562\" height=\"241\" \/><\/p>\n","protected":false},"excerpt":{"rendered":"<p>El Comit\u00e8 Nobel premia l&#8217;organitzaci\u00f3 humanit\u00e0ria World Food Programme. El Comit\u00e8 Noruec Nobel ha atorgat el Premi Nobel de la Pau 2020 a l&#8217;organitzaci\u00f3 humanit\u00e0ria World Food Programme (WFP), de Nacions Unides, pel seu esfor\u00e7 en combatre la fam al m\u00f3n i la seva contribuci\u00f3 en millorar les condicions per a la pau en zones [&hellip;]<\/p>\n","protected":false},"author":1,"featured_media":348,"comment_status":"open","ping_status":"open","sticky":false,"template":"","format":"standard","meta":{"_acf_changed":false,"footnotes":""},"categories":[4],"tags":[],"class_list":["post-314","post","type-post","status-publish","format-standard","has-post-thumbnail","hentry","category-sense-categoria"],"acf":[],"yoast_head":"<!-- This site is optimized with the Yoast SEO plugin v25.6 - https:\/\/yoast.com\/wordpress\/plugins\/seo\/ -->\n<title>El Premi Nobel de la Pau 2020 reconeix la lluita contra la fam al m\u00f3n - ICIP<\/title>\n<meta name=\"robots\" content=\"index, follow, max-snippet:-1, max-image-preview:large, max-video-preview:-1\" \/>\n<link rel=\"canonical\" href=\"https:\/\/www.icip.cat\/ca\/el-premi-nobel-de-la-pau-2020-reconeix-la-lluita-contra-la-fam-al-mon\/\" \/>\n<meta property=\"og:locale\" content=\"ca_ES\" \/>\n<meta property=\"og:type\" content=\"article\" \/>\n<meta property=\"og:title\" content=\"El Premi Nobel de la Pau 2020 reconeix la lluita contra la fam al m\u00f3n - ICIP\" \/>\n<meta property=\"og:description\" content=\"El Comit\u00e8 Nobel premia l&#8217;organitzaci\u00f3 humanit\u00e0ria World Food Programme. El Comit\u00e8 Noruec Nobel ha atorgat el Premi Nobel de la Pau 2020 a l&#8217;organitzaci\u00f3 humanit\u00e0ria World Food Programme (WFP), de Nacions Unides, pel seu esfor\u00e7 en combatre la fam al m\u00f3n i la seva contribuci\u00f3 en millorar les condicions per a la pau en zones [&hellip;]\" \/>\n<meta property=\"og:url\" content=\"https:\/\/www.icip.cat\/ca\/el-premi-nobel-de-la-pau-2020-reconeix-la-lluita-contra-la-fam-al-mon\/\" \/>\n<meta property=\"og:site_name\" content=\"ICIP\" \/>\n<meta property=\"article:published_time\" content=\"2020-10-09T17:37:21+00:00\" \/>\n<meta property=\"article:modified_time\" content=\"2020-11-19T16:22:51+00:00\" \/>\n<meta property=\"og:image\" content=\"https:\/\/www.icip.cat\/wp-content\/uploads\/2020\/10\/SN2GNTDUEJCGJDZM5CCDAYWDRU.jpg\" \/>\n\t<meta property=\"og:image:width\" content=\"1200\" \/>\n\t<meta property=\"og:image:height\" content=\"675\" \/>\n\t<meta property=\"og:image:type\" content=\"image\/jpeg\" \/>\n<meta name=\"author\" content=\"whads\" \/>\n<meta name=\"twitter:card\" content=\"summary_large_image\" \/>\n<meta name=\"twitter:label1\" content=\"Escrit per\" \/>\n\t<meta name=\"twitter:data1\" content=\"whads\" \/>\n\t<meta name=\"twitter:label2\" content=\"Temps estimat de lectura\" \/>\n\t<meta name=\"twitter:data2\" content=\"1 minut\" \/>\n<script type=\"application\/ld+json\" class=\"yoast-schema-graph\">{\"@context\":\"https:\/\/schema.org\",\"@graph\":[{\"@type\":\"Article\",\"@id\":\"https:\/\/www.icip.cat\/ca\/el-premi-nobel-de-la-pau-2020-reconeix-la-lluita-contra-la-fam-al-mon\/#article\",\"isPartOf\":{\"@id\":\"https:\/\/www.icip.cat\/ca\/el-premi-nobel-de-la-pau-2020-reconeix-la-lluita-contra-la-fam-al-mon\/\"},\"author\":{\"name\":\"whads\",\"@id\":\"https:\/\/www.icip.cat\/ca\/#\/schema\/person\/35404003404833995eee2bb6e3115dc6\"},\"headline\":\"El Premi Nobel de la Pau 2020 reconeix la lluita contra la fam al m\u00f3n\",\"datePublished\":\"2020-10-09T17:37:21+00:00\",\"dateModified\":\"2020-11-19T16:22:51+00:00\",\"mainEntityOfPage\":{\"@id\":\"https:\/\/www.icip.cat\/ca\/el-premi-nobel-de-la-pau-2020-reconeix-la-lluita-contra-la-fam-al-mon\/\"},\"wordCount\":283,\"commentCount\":0,\"publisher\":{\"@id\":\"https:\/\/www.icip.cat\/ca\/#organization\"},\"image\":{\"@id\":\"https:\/\/www.icip.cat\/ca\/el-premi-nobel-de-la-pau-2020-reconeix-la-lluita-contra-la-fam-al-mon\/#primaryimage\"},\"thumbnailUrl\":\"https:\/\/www.icip.cat\/wp-content\/uploads\/2020\/10\/SN2GNTDUEJCGJDZM5CCDAYWDRU.jpg\",\"inLanguage\":\"ca\"},{\"@type\":\"WebPage\",\"@id\":\"https:\/\/www.icip.cat\/ca\/el-premi-nobel-de-la-pau-2020-reconeix-la-lluita-contra-la-fam-al-mon\/\",\"url\":\"https:\/\/www.icip.cat\/ca\/el-premi-nobel-de-la-pau-2020-reconeix-la-lluita-contra-la-fam-al-mon\/\",\"name\":\"El Premi Nobel de la Pau 2020 reconeix la lluita contra la fam al m\u00f3n - ICIP\",\"isPartOf\":{\"@id\":\"https:\/\/www.icip.cat\/ca\/#website\"},\"primaryImageOfPage\":{\"@id\":\"https:\/\/www.icip.cat\/ca\/el-premi-nobel-de-la-pau-2020-reconeix-la-lluita-contra-la-fam-al-mon\/#primaryimage\"},\"image\":{\"@id\":\"https:\/\/www.icip.cat\/ca\/el-premi-nobel-de-la-pau-2020-reconeix-la-lluita-contra-la-fam-al-mon\/#primaryimage\"},\"thumbnailUrl\":\"https:\/\/www.icip.cat\/wp-content\/uploads\/2020\/10\/SN2GNTDUEJCGJDZM5CCDAYWDRU.jpg\",\"datePublished\":\"2020-10-09T17:37:21+00:00\",\"dateModified\":\"2020-11-19T16:22:51+00:00\",\"inLanguage\":\"ca\",\"potentialAction\":[{\"@type\":\"ReadAction\",\"target\":[\"https:\/\/www.icip.cat\/ca\/el-premi-nobel-de-la-pau-2020-reconeix-la-lluita-contra-la-fam-al-mon\/\"]}]},{\"@type\":\"ImageObject\",\"inLanguage\":\"ca\",\"@id\":\"https:\/\/www.icip.cat\/ca\/el-premi-nobel-de-la-pau-2020-reconeix-la-lluita-contra-la-fam-al-mon\/#primaryimage\",\"url\":\"https:\/\/www.icip.cat\/wp-content\/uploads\/2020\/10\/SN2GNTDUEJCGJDZM5CCDAYWDRU.jpg\",\"contentUrl\":\"https:\/\/www.icip.cat\/wp-content\/uploads\/2020\/10\/SN2GNTDUEJCGJDZM5CCDAYWDRU.jpg\",\"width\":1200,\"height\":675},{\"@type\":\"WebSite\",\"@id\":\"https:\/\/www.icip.cat\/ca\/#website\",\"url\":\"https:\/\/www.icip.cat\/ca\/\",\"name\":\"ICIP\",\"description\":\"\",\"publisher\":{\"@id\":\"https:\/\/www.icip.cat\/ca\/#organization\"},\"potentialAction\":[{\"@type\":\"SearchAction\",\"target\":{\"@type\":\"EntryPoint\",\"urlTemplate\":\"https:\/\/www.icip.cat\/ca\/?s={search_term_string}\"},\"query-input\":{\"@type\":\"PropertyValueSpecification\",\"valueRequired\":true,\"valueName\":\"search_term_string\"}}],\"inLanguage\":\"ca\"},{\"@type\":\"Organization\",\"@id\":\"https:\/\/www.icip.cat\/ca\/#organization\",\"name\":\"ICIP\",\"url\":\"https:\/\/www.icip.cat\/ca\/\",\"logo\":{\"@type\":\"ImageObject\",\"inLanguage\":\"ca\",\"@id\":\"https:\/\/www.icip.cat\/ca\/#\/schema\/logo\/image\/\",\"url\":\"https:\/\/www.icip.cat\/wp-content\/uploads\/2021\/02\/logo-2.png\",\"contentUrl\":\"https:\/\/www.icip.cat\/wp-content\/uploads\/2021\/02\/logo-2.png\",\"width\":562,\"height\":391,\"caption\":\"ICIP\"},\"image\":{\"@id\":\"https:\/\/www.icip.cat\/ca\/#\/schema\/logo\/image\/\"}},{\"@type\":\"Person\",\"@id\":\"https:\/\/www.icip.cat\/ca\/#\/schema\/person\/35404003404833995eee2bb6e3115dc6\",\"name\":\"whads\",\"image\":{\"@type\":\"ImageObject\",\"inLanguage\":\"ca\",\"@id\":\"https:\/\/www.icip.cat\/ca\/#\/schema\/person\/image\/\",\"url\":\"https:\/\/secure.gravatar.com\/avatar\/6a92e4ce03d9442c546cc4afecfc51777413608a6d55a7b50040700657b6b30f?s=96&d=mm&r=g\",\"contentUrl\":\"https:\/\/secure.gravatar.com\/avatar\/6a92e4ce03d9442c546cc4afecfc51777413608a6d55a7b50040700657b6b30f?s=96&d=mm&r=g\",\"caption\":\"whads\"},\"sameAs\":[\"http:\/\/www.icip.cat\"],\"url\":\"https:\/\/www.icip.cat\/ca\/author\/whads\/\"}]}<\/script>\n<!-- \/ Yoast SEO plugin. -->","yoast_head_json":{"title":"El Premi Nobel de la Pau 2020 reconeix la lluita contra la fam al m\u00f3n - ICIP","robots":{"index":"index","follow":"follow","max-snippet":"max-snippet:-1","max-image-preview":"max-image-preview:large","max-video-preview":"max-video-preview:-1"},"canonical":"https:\/\/www.icip.cat\/ca\/el-premi-nobel-de-la-pau-2020-reconeix-la-lluita-contra-la-fam-al-mon\/","og_locale":"ca_ES","og_type":"article","og_title":"El Premi Nobel de la Pau 2020 reconeix la lluita contra la fam al m\u00f3n - ICIP","og_description":"El Comit\u00e8 Nobel premia l&#8217;organitzaci\u00f3 humanit\u00e0ria World Food Programme. El Comit\u00e8 Noruec Nobel ha atorgat el Premi Nobel de la Pau 2020 a l&#8217;organitzaci\u00f3 humanit\u00e0ria World Food Programme (WFP), de Nacions Unides, pel seu esfor\u00e7 en combatre la fam al m\u00f3n i la seva contribuci\u00f3 en millorar les condicions per a la pau en zones [&hellip;]","og_url":"https:\/\/www.icip.cat\/ca\/el-premi-nobel-de-la-pau-2020-reconeix-la-lluita-contra-la-fam-al-mon\/","og_site_name":"ICIP","article_published_time":"2020-10-09T17:37:21+00:00","article_modified_time":"2020-11-19T16:22:51+00:00","og_image":[{"width":1200,"height":675,"url":"https:\/\/www.icip.cat\/wp-content\/uploads\/2020\/10\/SN2GNTDUEJCGJDZM5CCDAYWDRU.jpg","type":"image\/jpeg"}],"author":"whads","twitter_card":"summary_large_image","twitter_misc":{"Escrit per":"whads","Temps estimat de lectura":"1 minut"},"schema":{"@context":"https:\/\/schema.org","@graph":[{"@type":"Article","@id":"https:\/\/www.icip.cat\/ca\/el-premi-nobel-de-la-pau-2020-reconeix-la-lluita-contra-la-fam-al-mon\/#article","isPartOf":{"@id":"https:\/\/www.icip.cat\/ca\/el-premi-nobel-de-la-pau-2020-reconeix-la-lluita-contra-la-fam-al-mon\/"},"author":{"name":"whads","@id":"https:\/\/www.icip.cat\/ca\/#\/schema\/person\/35404003404833995eee2bb6e3115dc6"},"headline":"El Premi Nobel de la Pau 2020 reconeix la lluita contra la fam al m\u00f3n","datePublished":"2020-10-09T17:37:21+00:00","dateModified":"2020-11-19T16:22:51+00:00","mainEntityOfPage":{"@id":"https:\/\/www.icip.cat\/ca\/el-premi-nobel-de-la-pau-2020-reconeix-la-lluita-contra-la-fam-al-mon\/"},"wordCount":283,"commentCount":0,"publisher":{"@id":"https:\/\/www.icip.cat\/ca\/#organization"},"image":{"@id":"https:\/\/www.icip.cat\/ca\/el-premi-nobel-de-la-pau-2020-reconeix-la-lluita-contra-la-fam-al-mon\/#primaryimage"},"thumbnailUrl":"https:\/\/www.icip.cat\/wp-content\/uploads\/2020\/10\/SN2GNTDUEJCGJDZM5CCDAYWDRU.jpg","inLanguage":"ca"},{"@type":"WebPage","@id":"https:\/\/www.icip.cat\/ca\/el-premi-nobel-de-la-pau-2020-reconeix-la-lluita-contra-la-fam-al-mon\/","url":"https:\/\/www.icip.cat\/ca\/el-premi-nobel-de-la-pau-2020-reconeix-la-lluita-contra-la-fam-al-mon\/","name":"El Premi Nobel de la Pau 2020 reconeix la lluita contra la fam al m\u00f3n - ICIP","isPartOf":{"@id":"https:\/\/www.icip.cat\/ca\/#website"},"primaryImageOfPage":{"@id":"https:\/\/www.icip.cat\/ca\/el-premi-nobel-de-la-pau-2020-reconeix-la-lluita-contra-la-fam-al-mon\/#primaryimage"},"image":{"@id":"https:\/\/www.icip.cat\/ca\/el-premi-nobel-de-la-pau-2020-reconeix-la-lluita-contra-la-fam-al-mon\/#primaryimage"},"thumbnailUrl":"https:\/\/www.icip.cat\/wp-content\/uploads\/2020\/10\/SN2GNTDUEJCGJDZM5CCDAYWDRU.jpg","datePublished":"2020-10-09T17:37:21+00:00","dateModified":"2020-11-19T16:22:51+00:00","inLanguage":"ca","potentialAction":[{"@type":"ReadAction","target":["https:\/\/www.icip.cat\/ca\/el-premi-nobel-de-la-pau-2020-reconeix-la-lluita-contra-la-fam-al-mon\/"]}]},{"@type":"ImageObject","inLanguage":"ca","@id":"https:\/\/www.icip.cat\/ca\/el-premi-nobel-de-la-pau-2020-reconeix-la-lluita-contra-la-fam-al-mon\/#primaryimage","url":"https:\/\/www.icip.cat\/wp-content\/uploads\/2020\/10\/SN2GNTDUEJCGJDZM5CCDAYWDRU.jpg","contentUrl":"https:\/\/www.icip.cat\/wp-content\/uploads\/2020\/10\/SN2GNTDUEJCGJDZM5CCDAYWDRU.jpg","width":1200,"height":675},{"@type":"WebSite","@id":"https:\/\/www.icip.cat\/ca\/#website","url":"https:\/\/www.icip.cat\/ca\/","name":"ICIP","description":"","publisher":{"@id":"https:\/\/www.icip.cat\/ca\/#organization"},"potentialAction":[{"@type":"SearchAction","target":{"@type":"EntryPoint","urlTemplate":"https:\/\/www.icip.cat\/ca\/?s={search_term_string}"},"query-input":{"@type":"PropertyValueSpecification","valueRequired":true,"valueName":"search_term_string"}}],"inLanguage":"ca"},{"@type":"Organization","@id":"https:\/\/www.icip.cat\/ca\/#organization","name":"ICIP","url":"https:\/\/www.icip.cat\/ca\/","logo":{"@type":"ImageObject","inLanguage":"ca","@id":"https:\/\/www.icip.cat\/ca\/#\/schema\/logo\/image\/","url":"https:\/\/www.icip.cat\/wp-content\/uploads\/2021\/02\/logo-2.png","contentUrl":"https:\/\/www.icip.cat\/wp-content\/uploads\/2021\/02\/logo-2.png","width":562,"height":391,"caption":"ICIP"},"image":{"@id":"https:\/\/www.icip.cat\/ca\/#\/schema\/logo\/image\/"}},{"@type":"Person","@id":"https:\/\/www.icip.cat\/ca\/#\/schema\/person\/35404003404833995eee2bb6e3115dc6","name":"whads","image":{"@type":"ImageObject","inLanguage":"ca","@id":"https:\/\/www.icip.cat\/ca\/#\/schema\/person\/image\/","url":"https:\/\/secure.gravatar.com\/avatar\/6a92e4ce03d9442c546cc4afecfc51777413608a6d55a7b50040700657b6b30f?s=96&d=mm&r=g","contentUrl":"https:\/\/secure.gravatar.com\/avatar\/6a92e4ce03d9442c546cc4afecfc51777413608a6d55a7b50040700657b6b30f?s=96&d=mm&r=g","caption":"whads"},"sameAs":["http:\/\/www.icip.cat"],"url":"https:\/\/www.icip.cat\/ca\/author\/whads\/"}]}},"_links":{"self":[{"href":"https:\/\/www.icip.cat\/ca\/wp-json\/wp\/v2\/posts\/314","targetHints":{"allow":["GET"]}}],"collection":[{"href":"https:\/\/www.icip.cat\/ca\/wp-json\/wp\/v2\/posts"}],"about":[{"href":"https:\/\/www.icip.cat\/ca\/wp-json\/wp\/v2\/types\/post"}],"author":[{"embeddable":true,"href":"https:\/\/www.icip.cat\/ca\/wp-json\/wp\/v2\/users\/1"}],"replies":[{"embeddable":true,"href":"https:\/\/www.icip.cat\/ca\/wp-json\/wp\/v2\/comments?post=314"}],"version-history":[{"count":4,"href":"https:\/\/www.icip.cat\/ca\/wp-json\/wp\/v2\/posts\/314\/revisions"}],"predecessor-version":[{"id":2183,"href":"https:\/\/www.icip.cat\/ca\/wp-json\/wp\/v2\/posts\/314\/revisions\/2183"}],"wp:featuredmedia":[{"embeddable":true,"href":"https:\/\/www.icip.cat\/ca\/wp-json\/wp\/v2\/media\/348"}],"wp:attachment":[{"href":"https:\/\/www.icip.cat\/ca\/wp-json\/wp\/v2\/media?parent=314"}],"wp:term":[{"taxonomy":"category","embeddable":true,"href":"https:\/\/www.icip.cat\/ca\/wp-json\/wp\/v2\/categories?post=314"},{"taxonomy":"post_tag","embeddable":true,"href":"https:\/\/www.icip.cat\/ca\/wp-json\/wp\/v2\/tags?post=314"}],"curies":[{"name":"wp","href":"https:\/\/api.w.org\/{rel}","templated":true}]}}