{"id":316,"date":"2020-09-21T17:38:00","date_gmt":"2020-09-21T17:38:00","guid":{"rendered":"http:\/\/www.icip.cat\/?p=316"},"modified":"2021-01-27T10:36:31","modified_gmt":"2021-01-27T10:36:31","slug":"licip-lliura-al-parlament-el-premi-constructors-de-pau-al-collectiu-de-families-de-persones-desaparegudes-a-algeria","status":"publish","type":"post","link":"https:\/\/www.icip.cat\/ca\/licip-lliura-al-parlament-el-premi-constructors-de-pau-al-collectiu-de-families-de-persones-desaparegudes-a-algeria\/","title":{"rendered":"L\u2019ICIP lliura al Parlament el Premi Constructors de Pau al Col\u00b7lectiu de Fam\u00edlies de Persones Desaparegudes a Alg\u00e8ria"},"content":{"rendered":"\t\t<div data-elementor-type=\"wp-post\" data-elementor-id=\"316\" class=\"elementor elementor-316\" data-elementor-post-type=\"post\">\n\t\t\t\t\t\t<section class=\"elementor-section elementor-top-section elementor-element elementor-element-d0e30ac elementor-section-boxed elementor-section-height-default elementor-section-height-default\" data-id=\"d0e30ac\" data-element_type=\"section\">\n\t\t\t\t\t\t<div class=\"elementor-container elementor-column-gap-default\">\n\t\t\t\t\t<div class=\"elementor-column elementor-col-100 elementor-top-column elementor-element elementor-element-129e1b5\" data-id=\"129e1b5\" data-element_type=\"column\">\n\t\t\t<div class=\"elementor-widget-wrap elementor-element-populated\">\n\t\t\t\t\t\t<div class=\"elementor-element elementor-element-a20908c elementor-widget elementor-widget-heading\" data-id=\"a20908c\" data-element_type=\"widget\" data-widget_type=\"heading.default\">\n\t\t\t\t<div class=\"elementor-widget-container\">\n\t\t\t\t\t<h3 class=\"elementor-heading-title elementor-size-default\">El guard\u00f3 reconeix el coratge i la determinaci\u00f3 del col\u00b7lectiu en la den\u00fancia de les desaparicions for\u00e7ades.<\/h3>\t\t\t\t<\/div>\n\t\t\t\t<\/div>\n\t\t\t\t\t<\/div>\n\t\t<\/div>\n\t\t\t\t\t<\/div>\n\t\t<\/section>\n\t\t\t\t<section class=\"elementor-section elementor-top-section elementor-element elementor-element-7dde494 elementor-section-boxed elementor-section-height-default elementor-section-height-default\" data-id=\"7dde494\" data-element_type=\"section\">\n\t\t\t\t\t\t<div class=\"elementor-container elementor-column-gap-default\">\n\t\t\t\t\t<div class=\"elementor-column elementor-col-100 elementor-top-column elementor-element elementor-element-903fbd2\" data-id=\"903fbd2\" data-element_type=\"column\">\n\t\t\t<div class=\"elementor-widget-wrap elementor-element-populated\">\n\t\t\t\t\t\t<section class=\"elementor-section elementor-inner-section elementor-element elementor-element-346576b elementor-section-boxed elementor-section-height-default elementor-section-height-default\" data-id=\"346576b\" data-element_type=\"section\">\n\t\t\t\t\t\t<div class=\"elementor-container elementor-column-gap-default\">\n\t\t\t\t\t<div class=\"elementor-column elementor-col-100 elementor-inner-column elementor-element elementor-element-4d73cc4\" data-id=\"4d73cc4\" data-element_type=\"column\">\n\t\t\t<div class=\"elementor-widget-wrap elementor-element-populated\">\n\t\t\t\t\t\t<div class=\"elementor-element elementor-element-34a6b69 elementor-widget elementor-widget-text-editor\" data-id=\"34a6b69\" data-element_type=\"widget\" data-widget_type=\"text-editor.default\">\n\t\t\t\t<div class=\"elementor-widget-container\">\n\t\t\t\t\t\t\t\t\t<div class=\"FW_column_portlet FWK_descripcio_pagina\"><div class=\"FW_sInfoCanal\"><div class=\"FW_sEditPro\"><p>Barcelona, 21 de setembre de 2020 &#8211; Coincidint amb el Dia Internacional per la Pau l\u2019ICIP (Institut Catal\u00e0 Internacional per la Pau) ha lliurat aquesta tarda al Parlament de Catalunya el Premi ICIP Constructors de Pau 2019<strong>\u00a0al Col\u00b7lectiu de Fam\u00edlies de Persones Desaparegudes a Alg\u00e8ria\u00a0<\/strong>(CFDA) \u201c<u>per la seva determinaci\u00f3 i coratge en la den\u00fancia de les desaparicions for\u00e7ades a Alg\u00e8ria, la lluita contra la impunitat i la contribuci\u00f3 per assolir una transici\u00f3 pac\u00edfica al pa\u00eds\u201d.<\/u>\u00a0L&#8217;organitzaci\u00f3 va ser creada el 1998 per un grup de mares de persones desaparegudes amb l\u2019objectiu de sensibilitzar l\u2019opini\u00f3 p\u00fablica nacional i internacional sobre els caso que van tenir lloc durant la guerra civil dels anys 90 al pa\u00eds nord-afric\u00e0.<\/p><p>La cerim\u00f2nia, presidida pel president del Parlament,\u00a0<strong>Roger Torrent<\/strong>, l\u2019ha inaugurat el president de l\u2019ICIP,\u00a0<strong>Xavier Masllorens<\/strong>, qui ha recordat que \u00e9s la primera vegada que el Premi ICIP Constructors de Pau viatja a la riba sud del Mediterrani, el que ha qualificat d\u2019una\u00a0<u>\u201cacte de just\u00edcia, pel que suposa de suport d\u2019una instituci\u00f3 de pau europea a la lluita per la veritat i la just\u00edcia d\u2019una organitzaci\u00f3 social dels pa\u00efsos \u00e0rabs del Magrib\u201d.<\/u><u><\/u><\/p><p>En el transcurs de la cerim\u00f2nia s\u2019ha projectat un v\u00eddeo sobre l\u2019organitzaci\u00f3 premiada i el president de l\u2019Institut de Drets Humans de Catalunya,\u00a0<strong>David Bondia<\/strong>, n\u2019ha llegit una glossa, tot recordant els principis per la veritat, ja just\u00edcia, la reparaci\u00f3 i les garanties de no repetici\u00f3 del col\u00b7lectiu. Bondia ha reivindicat la mem\u00f2ria com a pas indispensable per esclarit la veritat:\u00a0<u>\u201cEns cal una mem\u00f2ria que no sigui propiciat\u00f2ria de l\u2019oblit, que garanteixi un lloc genu\u00ed en la hist\u00f2ria als milers de v\u00edctimes del Terrorisme d\u2019estat i a les seves fam\u00edlies.<\/u>\u00a0Alhora ha destacat que el Premi ICIP\u00a0<u>\u201cens ha de servir per retre un sentit homenatge a les v\u00edctimes invisibles de l\u2019Estat algeri\u00e0, ens ha de servir per visibilitzar-les davant de les societats nacionals i la societat civil internacional\u201d.<\/u><\/p><p>En el seu discurs la fundadora del col\u00b7lectiu premiat,\u00a0<strong>Nassera Dutour<\/strong>, ha reivindicat la lluita de milers de fam\u00edlies algerianes v\u00edctimes de desaparicions for\u00e7ades contra la impunitat i a favor de la llibertat d\u2019expressi\u00f3 i, en definitiva, de l\u2019estat de dret perqu\u00e8\u00a0<u>\u201csense democr\u00e0cia no hi haur\u00e0 veritat\u201d.<\/u>\u00a0Dutour ha exposat el cas del seu fill Amine, desaparegut el 1997 quan tenia 21 anys i del qual mai s\u2019han esclarit els fets:\u00a0<u>\u201cVivim entre l\u2019esperan\u00e7a i la desesperan\u00e7a\u201d<\/u>, ha reconegut.<\/p><p>En la clausura de l\u2019acte, el president del Parlament, Roger Torrent, ha lloat\u00a0<u>\u201cla tasca valenta i necess\u00e0ria\u201d<\/u>\u00a0del Col\u00b7lectiu de Fam\u00edlies de Persones Desaparegudes a Alg\u00e8ria i ha destacat el comprom\u00eds\u00a0<u>\u201chist\u00f2ric i constant\u201d<\/u>\u00a0del Parlament i la ciutadania catalana amb la pau, el dia que fa 40 anys de la seva restituci\u00f3 despr\u00e9s de la dictadura franquista. En les seves intervencions, el president del Parlament i el president de l\u2019ICIP han tingut un record pels empresonats i exiliats, en especial per Carme Forcadell i Ra\u00fcl Romeva qui fa tres anys van presidir, precisament, la cerim\u00f2nia del Premi ICIP Constructors de Pau 2016.<\/p><\/div><\/div><\/div>\t\t\t\t\t\t\t\t<\/div>\n\t\t\t\t<\/div>\n\t\t\t\t\t<\/div>\n\t\t<\/div>\n\t\t\t\t\t<\/div>\n\t\t<\/section>\n\t\t\t\t<section class=\"elementor-section elementor-inner-section elementor-element elementor-element-4143227 elementor-section-boxed elementor-section-height-default elementor-section-height-default\" data-id=\"4143227\" data-element_type=\"section\">\n\t\t\t\t\t\t<div class=\"elementor-container elementor-column-gap-default\">\n\t\t\t\t\t<div class=\"elementor-column elementor-col-100 elementor-inner-column elementor-element elementor-element-a22d9e4\" data-id=\"a22d9e4\" data-element_type=\"column\">\n\t\t\t<div class=\"elementor-widget-wrap elementor-element-populated\">\n\t\t\t\t\t\t<div class=\"elementor-element elementor-element-fc73fe3 elementor-widget elementor-widget-text-editor\" data-id=\"fc73fe3\" data-element_type=\"widget\" data-widget_type=\"text-editor.default\">\n\t\t\t\t<div class=\"elementor-widget-container\">\n\t\t\t\t\t\t\t\t\t<div class=\"FW_sInfoCanal\"><div class=\"FW_sEditPro\"><p>\u00a0<\/p><p><strong><u>Lluita incansable per la veritat i la just\u00edcia<\/u><\/strong><\/p><p>El col\u00b7lectiu CDFA va ser creat a Par\u00eds el maig de 1998 per un grup de mares de persones desaparegudes a Alg\u00e8ria amb l\u2019objectiu de sensibilitzar l\u2019opini\u00f3 p\u00fablica nacional i internacional sobre els casos de desaparicions for\u00e7ades que van tenir lloc durant la guerra civil dels anys 90 al pa\u00eds nord-afric\u00e0. El mateix any, l\u2019entitat va organitzar una manifestaci\u00f3 davant de l\u2019Observatori Nacional dels Drets Humans a Alger, que des de llavors s\u2019ha convertit en un esdeveniment setmanal.<\/p><p>Des de la seva fundaci\u00f3, el CFDA ha estructurat el moviment de mares de desapareguts i ha promogut la creaci\u00f3 de diversos comit\u00e8s per tot Fran\u00e7a, entre els quals destaca SOS Disaparu(e)s. Actualment, el col\u00b7lectiu \u00e9s l\u2019\u00fanica organitzaci\u00f3 que ofereix assist\u00e8ncia i suport als familiars de persones desaparegudes a Alg\u00e8ria, malgrat la manca de reconeixement institucional al pa\u00eds. L\u2019entitat treballa per assolir una transici\u00f3 pac\u00edfica i democr\u00e0tica a Alg\u00e8ria a partir de l\u2019establiment d\u2019un proc\u00e9s per a la veritat, la just\u00edcia i la reparaci\u00f3 i del ple respecte pels drets i les llibertats fonamentals.<\/p><p>Entre la seva activitats destaca l\u2019elaboraci\u00f3 de m\u00e9s de 5.400 dossiers amb informaci\u00f3 relativa a persones desaparegudes i ha informat d\u2019aquests casos al Grup de Treball de les Nacions Unides sobre Desaparicions For\u00e7ades. El CDFA \u00e9s membre de la Xarxa Euromediterr\u00e0nia dels Drets humans i de la Federaci\u00f3 Euromediterr\u00e0nia contra les Desaparicions For\u00e7ades i t\u00e9 estatuts d\u2019observador a la Comissi\u00f3 Africana dels Drets humans i dels Pobles.<\/p><p><strong><u>Premi ICIP Constructors de Pau<\/u><\/strong><\/p><p>L\u2019ICIP convoca anualment, des de l&#8217;any 2011, el Premi ICIP Constructors de Pau amb la finalitat de guardonar i recon\u00e8ixer p\u00fablicament a persones, entitats o institucions que han treballat i han contribu\u00eft de manera destacada i dilatada en el foment i la construcci\u00f3 de la pau.<\/p><p>El guard\u00f3, concedit per la Junta de Govern de l&#8217;ICIP, consisteix en un reconeixement p\u00fablic, una escultura creada pel Premi Nobel de la Pau, artista i activista Adolfo P\u00e9rez Esquivel, anomenada\u00a0<em>Porta de Sol,<\/em>\u00a0i una dotaci\u00f3 econ\u00f2mica de 6.000 euros.<\/p><p>Anteriors guardonats amb el Premi ICIP Constructors de Pau:\u00a0<strong>Cauce Ciudadano<\/strong>, M\u00e8xic (2018);\u00a0<strong>Arcadi Oliveres\u00a0<\/strong>(2017);\u00a0<strong>Brigades Internacionals de Pau<\/strong>\u00a0(2016);\u00a0<strong>Joan Botam\u00a0<\/strong>(2015);\u00a0<strong>Women\u2019s International League for Peace and Freedom<\/strong>\u00a0(2014);\u00a0<strong>Jovan Divjak,\u00a0<\/strong>B\u00f2snia (2013);\u00a0<strong>Mares de Soacha,\u00a0<\/strong>Col\u00f2mbia (2012);\u00a0<strong>La lluita d&#8217;objectors i insubmisos simbolitzats en Pepe Be\u00fanza<\/strong>\u00a0(2011);\u00a0<strong>Parlament de Catalunya\u00a0<\/strong>(2011, edici\u00f3 extraordin\u00e0ria).<\/p><\/div><\/div><div class=\"FW_sClearInfoCanal0\">\u00a0<\/div>\t\t\t\t\t\t\t\t<\/div>\n\t\t\t\t<\/div>\n\t\t\t\t\t<\/div>\n\t\t<\/div>\n\t\t\t\t\t<\/div>\n\t\t<\/section>\n\t\t\t\t\t<\/div>\n\t\t<\/div>\n\t\t\t\t\t<\/div>\n\t\t<\/section>\n\t\t\t\t<\/div>\n\t\t","protected":false},"excerpt":{"rendered":"<p>El guard\u00f3 reconeix el coratge i la determinaci\u00f3 del col\u00b7lectiu en la den\u00fancia de les desaparicions for\u00e7ades. Barcelona, 21 de setembre de 2020 &#8211; Coincidint amb el Dia Internacional per la Pau l\u2019ICIP (Institut Catal\u00e0 Internacional per la Pau) ha lliurat aquesta tarda al Parlament de Catalunya el Premi ICIP Constructors de Pau 2019&nbsp;al Col\u00b7lectiu [&hellip;]<\/p>\n","protected":false},"author":1,"featured_media":14951,"comment_status":"open","ping_status":"open","sticky":false,"template":"","format":"standard","meta":{"_acf_changed":false,"footnotes":""},"categories":[4],"tags":[],"class_list":["post-316","post","type-post","status-publish","format-standard","has-post-thumbnail","hentry","category-sense-categoria"],"acf":[],"yoast_head":"<!-- This site is optimized with the Yoast SEO plugin v25.6 - https:\/\/yoast.com\/wordpress\/plugins\/seo\/ -->\n<title>L\u2019ICIP lliura al Parlament el Premi Constructors de Pau al Col\u00b7lectiu de Fam\u00edlies de Persones Desaparegudes a Alg\u00e8ria - ICIP<\/title>\n<meta name=\"robots\" content=\"index, follow, max-snippet:-1, max-image-preview:large, max-video-preview:-1\" \/>\n<link rel=\"canonical\" href=\"https:\/\/www.icip.cat\/ca\/licip-lliura-al-parlament-el-premi-constructors-de-pau-al-collectiu-de-families-de-persones-desaparegudes-a-algeria\/\" \/>\n<meta property=\"og:locale\" content=\"ca_ES\" \/>\n<meta property=\"og:type\" content=\"article\" \/>\n<meta property=\"og:title\" content=\"L\u2019ICIP lliura al Parlament el Premi Constructors de Pau al Col\u00b7lectiu de Fam\u00edlies de Persones Desaparegudes a Alg\u00e8ria - ICIP\" \/>\n<meta property=\"og:description\" content=\"El guard\u00f3 reconeix el coratge i la determinaci\u00f3 del col\u00b7lectiu en la den\u00fancia de les desaparicions for\u00e7ades. Barcelona, 21 de setembre de 2020 &#8211; Coincidint amb el Dia Internacional per la Pau l\u2019ICIP (Institut Catal\u00e0 Internacional per la Pau) ha lliurat aquesta tarda al Parlament de Catalunya el Premi ICIP Constructors de Pau 2019&nbsp;al Col\u00b7lectiu [&hellip;]\" \/>\n<meta property=\"og:url\" content=\"https:\/\/www.icip.cat\/ca\/licip-lliura-al-parlament-el-premi-constructors-de-pau-al-collectiu-de-families-de-persones-desaparegudes-a-algeria\/\" \/>\n<meta property=\"og:site_name\" content=\"ICIP\" \/>\n<meta property=\"article:published_time\" content=\"2020-09-21T17:38:00+00:00\" \/>\n<meta property=\"article:modified_time\" content=\"2021-01-27T10:36:31+00:00\" \/>\n<meta property=\"og:image\" content=\"https:\/\/www.icip.cat\/wp-content\/uploads\/2020\/09\/premi2020.jpg\" \/>\n\t<meta property=\"og:image:width\" content=\"560\" \/>\n\t<meta property=\"og:image:height\" content=\"373\" \/>\n\t<meta property=\"og:image:type\" content=\"image\/jpeg\" \/>\n<meta name=\"author\" content=\"whads\" \/>\n<meta name=\"twitter:card\" content=\"summary_large_image\" \/>\n<meta name=\"twitter:label1\" content=\"Escrit per\" \/>\n\t<meta name=\"twitter:data1\" content=\"whads\" \/>\n\t<meta name=\"twitter:label2\" content=\"Temps estimat de lectura\" \/>\n\t<meta name=\"twitter:data2\" content=\"5 minuts\" \/>\n<script type=\"application\/ld+json\" class=\"yoast-schema-graph\">{\"@context\":\"https:\/\/schema.org\",\"@graph\":[{\"@type\":\"Article\",\"@id\":\"https:\/\/www.icip.cat\/ca\/licip-lliura-al-parlament-el-premi-constructors-de-pau-al-collectiu-de-families-de-persones-desaparegudes-a-algeria\/#article\",\"isPartOf\":{\"@id\":\"https:\/\/www.icip.cat\/ca\/licip-lliura-al-parlament-el-premi-constructors-de-pau-al-collectiu-de-families-de-persones-desaparegudes-a-algeria\/\"},\"author\":{\"name\":\"whads\",\"@id\":\"https:\/\/www.icip.cat\/ca\/#\/schema\/person\/35404003404833995eee2bb6e3115dc6\"},\"headline\":\"L\u2019ICIP lliura al Parlament el Premi Constructors de Pau al Col\u00b7lectiu de Fam\u00edlies de Persones Desaparegudes a Alg\u00e8ria\",\"datePublished\":\"2020-09-21T17:38:00+00:00\",\"dateModified\":\"2021-01-27T10:36:31+00:00\",\"mainEntityOfPage\":{\"@id\":\"https:\/\/www.icip.cat\/ca\/licip-lliura-al-parlament-el-premi-constructors-de-pau-al-collectiu-de-families-de-persones-desaparegudes-a-algeria\/\"},\"wordCount\":1073,\"commentCount\":0,\"publisher\":{\"@id\":\"https:\/\/www.icip.cat\/ca\/#organization\"},\"image\":{\"@id\":\"https:\/\/www.icip.cat\/ca\/licip-lliura-al-parlament-el-premi-constructors-de-pau-al-collectiu-de-families-de-persones-desaparegudes-a-algeria\/#primaryimage\"},\"thumbnailUrl\":\"https:\/\/www.icip.cat\/wp-content\/uploads\/2020\/09\/premi2020.jpg\",\"inLanguage\":\"ca\"},{\"@type\":\"WebPage\",\"@id\":\"https:\/\/www.icip.cat\/ca\/licip-lliura-al-parlament-el-premi-constructors-de-pau-al-collectiu-de-families-de-persones-desaparegudes-a-algeria\/\",\"url\":\"https:\/\/www.icip.cat\/ca\/licip-lliura-al-parlament-el-premi-constructors-de-pau-al-collectiu-de-families-de-persones-desaparegudes-a-algeria\/\",\"name\":\"L\u2019ICIP lliura al Parlament el Premi Constructors de Pau al Col\u00b7lectiu de Fam\u00edlies de Persones Desaparegudes a Alg\u00e8ria - ICIP\",\"isPartOf\":{\"@id\":\"https:\/\/www.icip.cat\/ca\/#website\"},\"primaryImageOfPage\":{\"@id\":\"https:\/\/www.icip.cat\/ca\/licip-lliura-al-parlament-el-premi-constructors-de-pau-al-collectiu-de-families-de-persones-desaparegudes-a-algeria\/#primaryimage\"},\"image\":{\"@id\":\"https:\/\/www.icip.cat\/ca\/licip-lliura-al-parlament-el-premi-constructors-de-pau-al-collectiu-de-families-de-persones-desaparegudes-a-algeria\/#primaryimage\"},\"thumbnailUrl\":\"https:\/\/www.icip.cat\/wp-content\/uploads\/2020\/09\/premi2020.jpg\",\"datePublished\":\"2020-09-21T17:38:00+00:00\",\"dateModified\":\"2021-01-27T10:36:31+00:00\",\"inLanguage\":\"ca\",\"potentialAction\":[{\"@type\":\"ReadAction\",\"target\":[\"https:\/\/www.icip.cat\/ca\/licip-lliura-al-parlament-el-premi-constructors-de-pau-al-collectiu-de-families-de-persones-desaparegudes-a-algeria\/\"]}]},{\"@type\":\"ImageObject\",\"inLanguage\":\"ca\",\"@id\":\"https:\/\/www.icip.cat\/ca\/licip-lliura-al-parlament-el-premi-constructors-de-pau-al-collectiu-de-families-de-persones-desaparegudes-a-algeria\/#primaryimage\",\"url\":\"https:\/\/www.icip.cat\/wp-content\/uploads\/2020\/09\/premi2020.jpg\",\"contentUrl\":\"https:\/\/www.icip.cat\/wp-content\/uploads\/2020\/09\/premi2020.jpg\",\"width\":560,\"height\":373},{\"@type\":\"WebSite\",\"@id\":\"https:\/\/www.icip.cat\/ca\/#website\",\"url\":\"https:\/\/www.icip.cat\/ca\/\",\"name\":\"ICIP\",\"description\":\"\",\"publisher\":{\"@id\":\"https:\/\/www.icip.cat\/ca\/#organization\"},\"potentialAction\":[{\"@type\":\"SearchAction\",\"target\":{\"@type\":\"EntryPoint\",\"urlTemplate\":\"https:\/\/www.icip.cat\/ca\/?s={search_term_string}\"},\"query-input\":{\"@type\":\"PropertyValueSpecification\",\"valueRequired\":true,\"valueName\":\"search_term_string\"}}],\"inLanguage\":\"ca\"},{\"@type\":\"Organization\",\"@id\":\"https:\/\/www.icip.cat\/ca\/#organization\",\"name\":\"ICIP\",\"url\":\"https:\/\/www.icip.cat\/ca\/\",\"logo\":{\"@type\":\"ImageObject\",\"inLanguage\":\"ca\",\"@id\":\"https:\/\/www.icip.cat\/ca\/#\/schema\/logo\/image\/\",\"url\":\"https:\/\/www.icip.cat\/wp-content\/uploads\/2021\/02\/logo-2.png\",\"contentUrl\":\"https:\/\/www.icip.cat\/wp-content\/uploads\/2021\/02\/logo-2.png\",\"width\":562,\"height\":391,\"caption\":\"ICIP\"},\"image\":{\"@id\":\"https:\/\/www.icip.cat\/ca\/#\/schema\/logo\/image\/\"}},{\"@type\":\"Person\",\"@id\":\"https:\/\/www.icip.cat\/ca\/#\/schema\/person\/35404003404833995eee2bb6e3115dc6\",\"name\":\"whads\",\"image\":{\"@type\":\"ImageObject\",\"inLanguage\":\"ca\",\"@id\":\"https:\/\/www.icip.cat\/ca\/#\/schema\/person\/image\/\",\"url\":\"https:\/\/secure.gravatar.com\/avatar\/6a92e4ce03d9442c546cc4afecfc51777413608a6d55a7b50040700657b6b30f?s=96&d=mm&r=g\",\"contentUrl\":\"https:\/\/secure.gravatar.com\/avatar\/6a92e4ce03d9442c546cc4afecfc51777413608a6d55a7b50040700657b6b30f?s=96&d=mm&r=g\",\"caption\":\"whads\"},\"sameAs\":[\"http:\/\/www.icip.cat\"],\"url\":\"https:\/\/www.icip.cat\/ca\/author\/whads\/\"}]}<\/script>\n<!-- \/ Yoast SEO plugin. -->","yoast_head_json":{"title":"L\u2019ICIP lliura al Parlament el Premi Constructors de Pau al Col\u00b7lectiu de Fam\u00edlies de Persones Desaparegudes a Alg\u00e8ria - ICIP","robots":{"index":"index","follow":"follow","max-snippet":"max-snippet:-1","max-image-preview":"max-image-preview:large","max-video-preview":"max-video-preview:-1"},"canonical":"https:\/\/www.icip.cat\/ca\/licip-lliura-al-parlament-el-premi-constructors-de-pau-al-collectiu-de-families-de-persones-desaparegudes-a-algeria\/","og_locale":"ca_ES","og_type":"article","og_title":"L\u2019ICIP lliura al Parlament el Premi Constructors de Pau al Col\u00b7lectiu de Fam\u00edlies de Persones Desaparegudes a Alg\u00e8ria - ICIP","og_description":"El guard\u00f3 reconeix el coratge i la determinaci\u00f3 del col\u00b7lectiu en la den\u00fancia de les desaparicions for\u00e7ades. Barcelona, 21 de setembre de 2020 &#8211; Coincidint amb el Dia Internacional per la Pau l\u2019ICIP (Institut Catal\u00e0 Internacional per la Pau) ha lliurat aquesta tarda al Parlament de Catalunya el Premi ICIP Constructors de Pau 2019&nbsp;al Col\u00b7lectiu [&hellip;]","og_url":"https:\/\/www.icip.cat\/ca\/licip-lliura-al-parlament-el-premi-constructors-de-pau-al-collectiu-de-families-de-persones-desaparegudes-a-algeria\/","og_site_name":"ICIP","article_published_time":"2020-09-21T17:38:00+00:00","article_modified_time":"2021-01-27T10:36:31+00:00","og_image":[{"width":560,"height":373,"url":"https:\/\/www.icip.cat\/wp-content\/uploads\/2020\/09\/premi2020.jpg","type":"image\/jpeg"}],"author":"whads","twitter_card":"summary_large_image","twitter_misc":{"Escrit per":"whads","Temps estimat de lectura":"5 minuts"},"schema":{"@context":"https:\/\/schema.org","@graph":[{"@type":"Article","@id":"https:\/\/www.icip.cat\/ca\/licip-lliura-al-parlament-el-premi-constructors-de-pau-al-collectiu-de-families-de-persones-desaparegudes-a-algeria\/#article","isPartOf":{"@id":"https:\/\/www.icip.cat\/ca\/licip-lliura-al-parlament-el-premi-constructors-de-pau-al-collectiu-de-families-de-persones-desaparegudes-a-algeria\/"},"author":{"name":"whads","@id":"https:\/\/www.icip.cat\/ca\/#\/schema\/person\/35404003404833995eee2bb6e3115dc6"},"headline":"L\u2019ICIP lliura al Parlament el Premi Constructors de Pau al Col\u00b7lectiu de Fam\u00edlies de Persones Desaparegudes a Alg\u00e8ria","datePublished":"2020-09-21T17:38:00+00:00","dateModified":"2021-01-27T10:36:31+00:00","mainEntityOfPage":{"@id":"https:\/\/www.icip.cat\/ca\/licip-lliura-al-parlament-el-premi-constructors-de-pau-al-collectiu-de-families-de-persones-desaparegudes-a-algeria\/"},"wordCount":1073,"commentCount":0,"publisher":{"@id":"https:\/\/www.icip.cat\/ca\/#organization"},"image":{"@id":"https:\/\/www.icip.cat\/ca\/licip-lliura-al-parlament-el-premi-constructors-de-pau-al-collectiu-de-families-de-persones-desaparegudes-a-algeria\/#primaryimage"},"thumbnailUrl":"https:\/\/www.icip.cat\/wp-content\/uploads\/2020\/09\/premi2020.jpg","inLanguage":"ca"},{"@type":"WebPage","@id":"https:\/\/www.icip.cat\/ca\/licip-lliura-al-parlament-el-premi-constructors-de-pau-al-collectiu-de-families-de-persones-desaparegudes-a-algeria\/","url":"https:\/\/www.icip.cat\/ca\/licip-lliura-al-parlament-el-premi-constructors-de-pau-al-collectiu-de-families-de-persones-desaparegudes-a-algeria\/","name":"L\u2019ICIP lliura al Parlament el Premi Constructors de Pau al Col\u00b7lectiu de Fam\u00edlies de Persones Desaparegudes a Alg\u00e8ria - ICIP","isPartOf":{"@id":"https:\/\/www.icip.cat\/ca\/#website"},"primaryImageOfPage":{"@id":"https:\/\/www.icip.cat\/ca\/licip-lliura-al-parlament-el-premi-constructors-de-pau-al-collectiu-de-families-de-persones-desaparegudes-a-algeria\/#primaryimage"},"image":{"@id":"https:\/\/www.icip.cat\/ca\/licip-lliura-al-parlament-el-premi-constructors-de-pau-al-collectiu-de-families-de-persones-desaparegudes-a-algeria\/#primaryimage"},"thumbnailUrl":"https:\/\/www.icip.cat\/wp-content\/uploads\/2020\/09\/premi2020.jpg","datePublished":"2020-09-21T17:38:00+00:00","dateModified":"2021-01-27T10:36:31+00:00","inLanguage":"ca","potentialAction":[{"@type":"ReadAction","target":["https:\/\/www.icip.cat\/ca\/licip-lliura-al-parlament-el-premi-constructors-de-pau-al-collectiu-de-families-de-persones-desaparegudes-a-algeria\/"]}]},{"@type":"ImageObject","inLanguage":"ca","@id":"https:\/\/www.icip.cat\/ca\/licip-lliura-al-parlament-el-premi-constructors-de-pau-al-collectiu-de-families-de-persones-desaparegudes-a-algeria\/#primaryimage","url":"https:\/\/www.icip.cat\/wp-content\/uploads\/2020\/09\/premi2020.jpg","contentUrl":"https:\/\/www.icip.cat\/wp-content\/uploads\/2020\/09\/premi2020.jpg","width":560,"height":373},{"@type":"WebSite","@id":"https:\/\/www.icip.cat\/ca\/#website","url":"https:\/\/www.icip.cat\/ca\/","name":"ICIP","description":"","publisher":{"@id":"https:\/\/www.icip.cat\/ca\/#organization"},"potentialAction":[{"@type":"SearchAction","target":{"@type":"EntryPoint","urlTemplate":"https:\/\/www.icip.cat\/ca\/?s={search_term_string}"},"query-input":{"@type":"PropertyValueSpecification","valueRequired":true,"valueName":"search_term_string"}}],"inLanguage":"ca"},{"@type":"Organization","@id":"https:\/\/www.icip.cat\/ca\/#organization","name":"ICIP","url":"https:\/\/www.icip.cat\/ca\/","logo":{"@type":"ImageObject","inLanguage":"ca","@id":"https:\/\/www.icip.cat\/ca\/#\/schema\/logo\/image\/","url":"https:\/\/www.icip.cat\/wp-content\/uploads\/2021\/02\/logo-2.png","contentUrl":"https:\/\/www.icip.cat\/wp-content\/uploads\/2021\/02\/logo-2.png","width":562,"height":391,"caption":"ICIP"},"image":{"@id":"https:\/\/www.icip.cat\/ca\/#\/schema\/logo\/image\/"}},{"@type":"Person","@id":"https:\/\/www.icip.cat\/ca\/#\/schema\/person\/35404003404833995eee2bb6e3115dc6","name":"whads","image":{"@type":"ImageObject","inLanguage":"ca","@id":"https:\/\/www.icip.cat\/ca\/#\/schema\/person\/image\/","url":"https:\/\/secure.gravatar.com\/avatar\/6a92e4ce03d9442c546cc4afecfc51777413608a6d55a7b50040700657b6b30f?s=96&d=mm&r=g","contentUrl":"https:\/\/secure.gravatar.com\/avatar\/6a92e4ce03d9442c546cc4afecfc51777413608a6d55a7b50040700657b6b30f?s=96&d=mm&r=g","caption":"whads"},"sameAs":["http:\/\/www.icip.cat"],"url":"https:\/\/www.icip.cat\/ca\/author\/whads\/"}]}},"_links":{"self":[{"href":"https:\/\/www.icip.cat\/ca\/wp-json\/wp\/v2\/posts\/316","targetHints":{"allow":["GET"]}}],"collection":[{"href":"https:\/\/www.icip.cat\/ca\/wp-json\/wp\/v2\/posts"}],"about":[{"href":"https:\/\/www.icip.cat\/ca\/wp-json\/wp\/v2\/types\/post"}],"author":[{"embeddable":true,"href":"https:\/\/www.icip.cat\/ca\/wp-json\/wp\/v2\/users\/1"}],"replies":[{"embeddable":true,"href":"https:\/\/www.icip.cat\/ca\/wp-json\/wp\/v2\/comments?post=316"}],"version-history":[{"count":5,"href":"https:\/\/www.icip.cat\/ca\/wp-json\/wp\/v2\/posts\/316\/revisions"}],"predecessor-version":[{"id":343,"href":"https:\/\/www.icip.cat\/ca\/wp-json\/wp\/v2\/posts\/316\/revisions\/343"}],"wp:featuredmedia":[{"embeddable":true,"href":"https:\/\/www.icip.cat\/ca\/wp-json\/wp\/v2\/media\/14951"}],"wp:attachment":[{"href":"https:\/\/www.icip.cat\/ca\/wp-json\/wp\/v2\/media?parent=316"}],"wp:term":[{"taxonomy":"category","embeddable":true,"href":"https:\/\/www.icip.cat\/ca\/wp-json\/wp\/v2\/categories?post=316"},{"taxonomy":"post_tag","embeddable":true,"href":"https:\/\/www.icip.cat\/ca\/wp-json\/wp\/v2\/tags?post=316"}],"curies":[{"name":"wp","href":"https:\/\/api.w.org\/{rel}","templated":true}]}}