{"id":3403,"date":"2019-12-17T08:00:00","date_gmt":"2019-12-17T08:00:00","guid":{"rendered":"http:\/\/www.icip.cat\/licip-passa-el-relleu-del-secretariat-de-la-xarxa-internacional-sobre-empreses-conflictes-i-drets-humans\/"},"modified":"2019-12-17T08:00:00","modified_gmt":"2019-12-17T08:00:00","slug":"licip-passa-el-relleu-del-secretariat-de-la-xarxa-internacional-sobre-empreses-conflictes-i-drets-humans","status":"publish","type":"post","link":"https:\/\/www.icip.cat\/ca\/licip-passa-el-relleu-del-secretariat-de-la-xarxa-internacional-sobre-empreses-conflictes-i-drets-humans\/","title":{"rendered":"L&#8217;ICIP passa el relleu del secretariat de la Xarxa Internacional sobre Empreses, Conflictes i Drets Humans"},"content":{"rendered":"<p>Aquest mes de desembre l&#8217;ICIP passa el relleu de la Secretaria T\u00e8cnica de la Xarxa Internacional de Recerca sobre Empreses, Conflictes i Drets Humans (BCHR Network) a l&#8217;organitzaci\u00f3 African Law Foundation (AFRILAW).<br \/>\nL&#8217;ICIP, en el marc del programa de treball sobre Empreses i Drets Humans, ha exercit el secretariat de la xarxa els \u00faltims tres anys, des de la seva constituci\u00f3. Entre les funcions desenvolupades, destaquen la celebraci\u00f3 d&#8217;una confer\u00e8ncia anual amb participaci\u00f3 dels membres de la xarxa -formada per universitats, centres de recerca i ONG d&#8217;arreu del m\u00f3n-, l&#8217;edici\u00f3 d&#8217;un butllet\u00ed informatiu mensual i la gesti\u00f3 de la p\u00e0gina web.<br \/>\nL&#8217;organitzaci\u00f3 que pren el relleu, AFRILAW, \u00e9s una ONG amb base a Nig\u00e8ria dedicada a la promoci\u00f3 dels drets humans i la just\u00edcia social. El seu coordinador, Okereke Chinwike, \u00e9s expert legal en drets humans i desenvolupament i t\u00e9 una vasta experi\u00e8ncia en el camp de la relaci\u00f3 entre empreses i drets humans. Ha col\u00b7laborat, entre d&#8217;altres, amb organitzacions com OECD Watch Network, International Advocates Working Group (IAWG), BankTrack\/EPA Campaign, Coalition for Human Rights in Development, USA, Human Rights Defenders in Development Campaign Advisory Committee, Africa Coalition on Corporate Accountability (ACCA), Lieghday LPP, UK, ICoCA, Private Security Governance Observatory, International Accountability Partnership (IAP), Geneva Center for Security Sector Governance (DCAF) and Global Law, Justice and Development (GLJD) Forum.<br \/>\nAFRILAW ha estat l&#8217;\u00fanica candidatura presentada per assumir el secretariat de BCHR Network. Entre els reptes que s&#8217;ha fixat hi ha refor\u00e7ar els contactes entre stakeholders i policymakers, i enfortir la promoci\u00f3 de la recerca.<br \/>\nBCHR Network<br \/>\nLa Xarxa Internacional de Recerca sobre Empreses, Conflictes i Drets Humans reuneix membres d&#8217;universitats, ONG i centres d\u2019investigaci\u00f3 rellevants en l\u2019\u00e0mbit dels conflictes armats i la promoci\u00f3 de la pau d&#8217;arreu del m\u00f3n. Hi participen, per exemple, les universitats de Georgetown, Quebec, Sorbonne, Leiden, Greenwich, Ottawa o Austr\u00e0lia; i centres i fundacions com SIPRI, FAFO, el Comit\u00e8 Internacional de la Creu Roja; Global Witness, PeaceNexus o DCAF.<br \/>\nLa xarxa t\u00e9 com a principal objectiu investigar les causes, din\u00e0miques i conseq\u00fc\u00e8ncies de l\u2019activitat de les empreses en contextos de conflictes armats, l&#8217;impacte d\u2019aquesta participaci\u00f3 sobre els drets humans i les responsabilitats legals que se\u2019n poden derivar. La iniciativa de crear una xarxa de recerca d\u2019aquestes caracter\u00edstiques va sorgir la tardor del 2011, quan l\u2019ICIP va organitzar a Barcelona un primer seminari internacional sobre empreses i conflictes armats amb la intenci\u00f3 de posar en com\u00fa les diverses agendes sobre aquesta tem\u00e0tica. El seminari va tenir continu\u00eftat, amb edicions posteriors, el 2013 a Barcelona, el 2014 a Londres i el 2015 a Ginebra, i posteriorment es va constituir formalment el grup.<\/p>\n","protected":false},"excerpt":{"rendered":"<p>A partir del 2020 assumeix aquestes funcions l&#8217;organitzaci\u00f3 nigeriana African Law Foundation.<\/p>\n","protected":false},"author":1,"featured_media":3404,"comment_status":"closed","ping_status":"open","sticky":false,"template":"","format":"standard","meta":{"_acf_changed":false,"footnotes":""},"categories":[4],"tags":[],"class_list":["post-3403","post","type-post","status-publish","format-standard","has-post-thumbnail","hentry","category-sense-categoria"],"acf":[],"yoast_head":"<!-- This site is optimized with the Yoast SEO plugin v25.6 - https:\/\/yoast.com\/wordpress\/plugins\/seo\/ -->\n<title>L&#039;ICIP passa el relleu del secretariat de la Xarxa Internacional sobre Empreses, Conflictes i Drets Humans - ICIP<\/title>\n<meta name=\"robots\" content=\"index, follow, max-snippet:-1, max-image-preview:large, max-video-preview:-1\" \/>\n<link rel=\"canonical\" href=\"https:\/\/www.icip.cat\/ca\/licip-passa-el-relleu-del-secretariat-de-la-xarxa-internacional-sobre-empreses-conflictes-i-drets-humans\/\" \/>\n<meta property=\"og:locale\" content=\"ca_ES\" \/>\n<meta property=\"og:type\" content=\"article\" \/>\n<meta property=\"og:title\" content=\"L&#039;ICIP passa el relleu del secretariat de la Xarxa Internacional sobre Empreses, Conflictes i Drets Humans - ICIP\" \/>\n<meta property=\"og:description\" content=\"A partir del 2020 assumeix aquestes funcions l&#039;organitzaci\u00f3 nigeriana African Law Foundation.\" \/>\n<meta property=\"og:url\" content=\"https:\/\/www.icip.cat\/ca\/licip-passa-el-relleu-del-secretariat-de-la-xarxa-internacional-sobre-empreses-conflictes-i-drets-humans\/\" \/>\n<meta property=\"og:site_name\" content=\"ICIP\" \/>\n<meta property=\"article:published_time\" content=\"2019-12-17T08:00:00+00:00\" \/>\n<meta property=\"og:image\" content=\"https:\/\/www.icip.cat\/wp-content\/uploads\/2019\/12\/bchrweb.jpg_1801231089.jpg\" \/>\n\t<meta property=\"og:image:width\" content=\"190\" \/>\n\t<meta property=\"og:image:height\" content=\"118\" \/>\n\t<meta property=\"og:image:type\" content=\"image\/jpeg\" \/>\n<meta name=\"author\" content=\"whads\" \/>\n<meta name=\"twitter:card\" content=\"summary_large_image\" \/>\n<meta name=\"twitter:label1\" content=\"Escrit per\" \/>\n\t<meta name=\"twitter:data1\" content=\"whads\" \/>\n\t<meta name=\"twitter:label2\" content=\"Temps estimat de lectura\" \/>\n\t<meta name=\"twitter:data2\" content=\"2 minuts\" \/>\n<script type=\"application\/ld+json\" class=\"yoast-schema-graph\">{\"@context\":\"https:\/\/schema.org\",\"@graph\":[{\"@type\":\"Article\",\"@id\":\"https:\/\/www.icip.cat\/ca\/licip-passa-el-relleu-del-secretariat-de-la-xarxa-internacional-sobre-empreses-conflictes-i-drets-humans\/#article\",\"isPartOf\":{\"@id\":\"https:\/\/www.icip.cat\/ca\/licip-passa-el-relleu-del-secretariat-de-la-xarxa-internacional-sobre-empreses-conflictes-i-drets-humans\/\"},\"author\":{\"name\":\"whads\",\"@id\":\"https:\/\/www.icip.cat\/ca\/#\/schema\/person\/35404003404833995eee2bb6e3115dc6\"},\"headline\":\"L&#8217;ICIP passa el relleu del secretariat de la Xarxa Internacional sobre Empreses, Conflictes i Drets Humans\",\"datePublished\":\"2019-12-17T08:00:00+00:00\",\"mainEntityOfPage\":{\"@id\":\"https:\/\/www.icip.cat\/ca\/licip-passa-el-relleu-del-secretariat-de-la-xarxa-internacional-sobre-empreses-conflictes-i-drets-humans\/\"},\"wordCount\":485,\"publisher\":{\"@id\":\"https:\/\/www.icip.cat\/ca\/#organization\"},\"image\":{\"@id\":\"https:\/\/www.icip.cat\/ca\/licip-passa-el-relleu-del-secretariat-de-la-xarxa-internacional-sobre-empreses-conflictes-i-drets-humans\/#primaryimage\"},\"thumbnailUrl\":\"https:\/\/www.icip.cat\/wp-content\/uploads\/2019\/12\/bchrweb.jpg_1801231089.jpg\",\"inLanguage\":\"ca\"},{\"@type\":\"WebPage\",\"@id\":\"https:\/\/www.icip.cat\/ca\/licip-passa-el-relleu-del-secretariat-de-la-xarxa-internacional-sobre-empreses-conflictes-i-drets-humans\/\",\"url\":\"https:\/\/www.icip.cat\/ca\/licip-passa-el-relleu-del-secretariat-de-la-xarxa-internacional-sobre-empreses-conflictes-i-drets-humans\/\",\"name\":\"L'ICIP passa el relleu del secretariat de la Xarxa Internacional sobre Empreses, Conflictes i Drets Humans - ICIP\",\"isPartOf\":{\"@id\":\"https:\/\/www.icip.cat\/ca\/#website\"},\"primaryImageOfPage\":{\"@id\":\"https:\/\/www.icip.cat\/ca\/licip-passa-el-relleu-del-secretariat-de-la-xarxa-internacional-sobre-empreses-conflictes-i-drets-humans\/#primaryimage\"},\"image\":{\"@id\":\"https:\/\/www.icip.cat\/ca\/licip-passa-el-relleu-del-secretariat-de-la-xarxa-internacional-sobre-empreses-conflictes-i-drets-humans\/#primaryimage\"},\"thumbnailUrl\":\"https:\/\/www.icip.cat\/wp-content\/uploads\/2019\/12\/bchrweb.jpg_1801231089.jpg\",\"datePublished\":\"2019-12-17T08:00:00+00:00\",\"inLanguage\":\"ca\",\"potentialAction\":[{\"@type\":\"ReadAction\",\"target\":[\"https:\/\/www.icip.cat\/ca\/licip-passa-el-relleu-del-secretariat-de-la-xarxa-internacional-sobre-empreses-conflictes-i-drets-humans\/\"]}]},{\"@type\":\"ImageObject\",\"inLanguage\":\"ca\",\"@id\":\"https:\/\/www.icip.cat\/ca\/licip-passa-el-relleu-del-secretariat-de-la-xarxa-internacional-sobre-empreses-conflictes-i-drets-humans\/#primaryimage\",\"url\":\"https:\/\/www.icip.cat\/wp-content\/uploads\/2019\/12\/bchrweb.jpg_1801231089.jpg\",\"contentUrl\":\"https:\/\/www.icip.cat\/wp-content\/uploads\/2019\/12\/bchrweb.jpg_1801231089.jpg\",\"width\":190,\"height\":118,\"caption\":\"L'ICIP passa el relleu del secretariat de la Xarxa Internacional sobre Empreses, Conflictes i Drets Humans\"},{\"@type\":\"WebSite\",\"@id\":\"https:\/\/www.icip.cat\/ca\/#website\",\"url\":\"https:\/\/www.icip.cat\/ca\/\",\"name\":\"ICIP\",\"description\":\"\",\"publisher\":{\"@id\":\"https:\/\/www.icip.cat\/ca\/#organization\"},\"potentialAction\":[{\"@type\":\"SearchAction\",\"target\":{\"@type\":\"EntryPoint\",\"urlTemplate\":\"https:\/\/www.icip.cat\/ca\/?s={search_term_string}\"},\"query-input\":{\"@type\":\"PropertyValueSpecification\",\"valueRequired\":true,\"valueName\":\"search_term_string\"}}],\"inLanguage\":\"ca\"},{\"@type\":\"Organization\",\"@id\":\"https:\/\/www.icip.cat\/ca\/#organization\",\"name\":\"ICIP\",\"url\":\"https:\/\/www.icip.cat\/ca\/\",\"logo\":{\"@type\":\"ImageObject\",\"inLanguage\":\"ca\",\"@id\":\"https:\/\/www.icip.cat\/ca\/#\/schema\/logo\/image\/\",\"url\":\"https:\/\/www.icip.cat\/wp-content\/uploads\/2021\/02\/logo-2.png\",\"contentUrl\":\"https:\/\/www.icip.cat\/wp-content\/uploads\/2021\/02\/logo-2.png\",\"width\":562,\"height\":391,\"caption\":\"ICIP\"},\"image\":{\"@id\":\"https:\/\/www.icip.cat\/ca\/#\/schema\/logo\/image\/\"}},{\"@type\":\"Person\",\"@id\":\"https:\/\/www.icip.cat\/ca\/#\/schema\/person\/35404003404833995eee2bb6e3115dc6\",\"name\":\"whads\",\"image\":{\"@type\":\"ImageObject\",\"inLanguage\":\"ca\",\"@id\":\"https:\/\/www.icip.cat\/ca\/#\/schema\/person\/image\/\",\"url\":\"https:\/\/secure.gravatar.com\/avatar\/6a92e4ce03d9442c546cc4afecfc51777413608a6d55a7b50040700657b6b30f?s=96&d=mm&r=g\",\"contentUrl\":\"https:\/\/secure.gravatar.com\/avatar\/6a92e4ce03d9442c546cc4afecfc51777413608a6d55a7b50040700657b6b30f?s=96&d=mm&r=g\",\"caption\":\"whads\"},\"sameAs\":[\"http:\/\/www.icip.cat\"],\"url\":\"https:\/\/www.icip.cat\/ca\/author\/whads\/\"}]}<\/script>\n<!-- \/ Yoast SEO plugin. -->","yoast_head_json":{"title":"L'ICIP passa el relleu del secretariat de la Xarxa Internacional sobre Empreses, Conflictes i Drets Humans - ICIP","robots":{"index":"index","follow":"follow","max-snippet":"max-snippet:-1","max-image-preview":"max-image-preview:large","max-video-preview":"max-video-preview:-1"},"canonical":"https:\/\/www.icip.cat\/ca\/licip-passa-el-relleu-del-secretariat-de-la-xarxa-internacional-sobre-empreses-conflictes-i-drets-humans\/","og_locale":"ca_ES","og_type":"article","og_title":"L'ICIP passa el relleu del secretariat de la Xarxa Internacional sobre Empreses, Conflictes i Drets Humans - ICIP","og_description":"A partir del 2020 assumeix aquestes funcions l'organitzaci\u00f3 nigeriana African Law Foundation.","og_url":"https:\/\/www.icip.cat\/ca\/licip-passa-el-relleu-del-secretariat-de-la-xarxa-internacional-sobre-empreses-conflictes-i-drets-humans\/","og_site_name":"ICIP","article_published_time":"2019-12-17T08:00:00+00:00","og_image":[{"width":190,"height":118,"url":"https:\/\/www.icip.cat\/wp-content\/uploads\/2019\/12\/bchrweb.jpg_1801231089.jpg","type":"image\/jpeg"}],"author":"whads","twitter_card":"summary_large_image","twitter_misc":{"Escrit per":"whads","Temps estimat de lectura":"2 minuts"},"schema":{"@context":"https:\/\/schema.org","@graph":[{"@type":"Article","@id":"https:\/\/www.icip.cat\/ca\/licip-passa-el-relleu-del-secretariat-de-la-xarxa-internacional-sobre-empreses-conflictes-i-drets-humans\/#article","isPartOf":{"@id":"https:\/\/www.icip.cat\/ca\/licip-passa-el-relleu-del-secretariat-de-la-xarxa-internacional-sobre-empreses-conflictes-i-drets-humans\/"},"author":{"name":"whads","@id":"https:\/\/www.icip.cat\/ca\/#\/schema\/person\/35404003404833995eee2bb6e3115dc6"},"headline":"L&#8217;ICIP passa el relleu del secretariat de la Xarxa Internacional sobre Empreses, Conflictes i Drets Humans","datePublished":"2019-12-17T08:00:00+00:00","mainEntityOfPage":{"@id":"https:\/\/www.icip.cat\/ca\/licip-passa-el-relleu-del-secretariat-de-la-xarxa-internacional-sobre-empreses-conflictes-i-drets-humans\/"},"wordCount":485,"publisher":{"@id":"https:\/\/www.icip.cat\/ca\/#organization"},"image":{"@id":"https:\/\/www.icip.cat\/ca\/licip-passa-el-relleu-del-secretariat-de-la-xarxa-internacional-sobre-empreses-conflictes-i-drets-humans\/#primaryimage"},"thumbnailUrl":"https:\/\/www.icip.cat\/wp-content\/uploads\/2019\/12\/bchrweb.jpg_1801231089.jpg","inLanguage":"ca"},{"@type":"WebPage","@id":"https:\/\/www.icip.cat\/ca\/licip-passa-el-relleu-del-secretariat-de-la-xarxa-internacional-sobre-empreses-conflictes-i-drets-humans\/","url":"https:\/\/www.icip.cat\/ca\/licip-passa-el-relleu-del-secretariat-de-la-xarxa-internacional-sobre-empreses-conflictes-i-drets-humans\/","name":"L'ICIP passa el relleu del secretariat de la Xarxa Internacional sobre Empreses, Conflictes i Drets Humans - ICIP","isPartOf":{"@id":"https:\/\/www.icip.cat\/ca\/#website"},"primaryImageOfPage":{"@id":"https:\/\/www.icip.cat\/ca\/licip-passa-el-relleu-del-secretariat-de-la-xarxa-internacional-sobre-empreses-conflictes-i-drets-humans\/#primaryimage"},"image":{"@id":"https:\/\/www.icip.cat\/ca\/licip-passa-el-relleu-del-secretariat-de-la-xarxa-internacional-sobre-empreses-conflictes-i-drets-humans\/#primaryimage"},"thumbnailUrl":"https:\/\/www.icip.cat\/wp-content\/uploads\/2019\/12\/bchrweb.jpg_1801231089.jpg","datePublished":"2019-12-17T08:00:00+00:00","inLanguage":"ca","potentialAction":[{"@type":"ReadAction","target":["https:\/\/www.icip.cat\/ca\/licip-passa-el-relleu-del-secretariat-de-la-xarxa-internacional-sobre-empreses-conflictes-i-drets-humans\/"]}]},{"@type":"ImageObject","inLanguage":"ca","@id":"https:\/\/www.icip.cat\/ca\/licip-passa-el-relleu-del-secretariat-de-la-xarxa-internacional-sobre-empreses-conflictes-i-drets-humans\/#primaryimage","url":"https:\/\/www.icip.cat\/wp-content\/uploads\/2019\/12\/bchrweb.jpg_1801231089.jpg","contentUrl":"https:\/\/www.icip.cat\/wp-content\/uploads\/2019\/12\/bchrweb.jpg_1801231089.jpg","width":190,"height":118,"caption":"L'ICIP passa el relleu del secretariat de la Xarxa Internacional sobre Empreses, Conflictes i Drets Humans"},{"@type":"WebSite","@id":"https:\/\/www.icip.cat\/ca\/#website","url":"https:\/\/www.icip.cat\/ca\/","name":"ICIP","description":"","publisher":{"@id":"https:\/\/www.icip.cat\/ca\/#organization"},"potentialAction":[{"@type":"SearchAction","target":{"@type":"EntryPoint","urlTemplate":"https:\/\/www.icip.cat\/ca\/?s={search_term_string}"},"query-input":{"@type":"PropertyValueSpecification","valueRequired":true,"valueName":"search_term_string"}}],"inLanguage":"ca"},{"@type":"Organization","@id":"https:\/\/www.icip.cat\/ca\/#organization","name":"ICIP","url":"https:\/\/www.icip.cat\/ca\/","logo":{"@type":"ImageObject","inLanguage":"ca","@id":"https:\/\/www.icip.cat\/ca\/#\/schema\/logo\/image\/","url":"https:\/\/www.icip.cat\/wp-content\/uploads\/2021\/02\/logo-2.png","contentUrl":"https:\/\/www.icip.cat\/wp-content\/uploads\/2021\/02\/logo-2.png","width":562,"height":391,"caption":"ICIP"},"image":{"@id":"https:\/\/www.icip.cat\/ca\/#\/schema\/logo\/image\/"}},{"@type":"Person","@id":"https:\/\/www.icip.cat\/ca\/#\/schema\/person\/35404003404833995eee2bb6e3115dc6","name":"whads","image":{"@type":"ImageObject","inLanguage":"ca","@id":"https:\/\/www.icip.cat\/ca\/#\/schema\/person\/image\/","url":"https:\/\/secure.gravatar.com\/avatar\/6a92e4ce03d9442c546cc4afecfc51777413608a6d55a7b50040700657b6b30f?s=96&d=mm&r=g","contentUrl":"https:\/\/secure.gravatar.com\/avatar\/6a92e4ce03d9442c546cc4afecfc51777413608a6d55a7b50040700657b6b30f?s=96&d=mm&r=g","caption":"whads"},"sameAs":["http:\/\/www.icip.cat"],"url":"https:\/\/www.icip.cat\/ca\/author\/whads\/"}]}},"_links":{"self":[{"href":"https:\/\/www.icip.cat\/ca\/wp-json\/wp\/v2\/posts\/3403","targetHints":{"allow":["GET"]}}],"collection":[{"href":"https:\/\/www.icip.cat\/ca\/wp-json\/wp\/v2\/posts"}],"about":[{"href":"https:\/\/www.icip.cat\/ca\/wp-json\/wp\/v2\/types\/post"}],"author":[{"embeddable":true,"href":"https:\/\/www.icip.cat\/ca\/wp-json\/wp\/v2\/users\/1"}],"replies":[{"embeddable":true,"href":"https:\/\/www.icip.cat\/ca\/wp-json\/wp\/v2\/comments?post=3403"}],"version-history":[{"count":0,"href":"https:\/\/www.icip.cat\/ca\/wp-json\/wp\/v2\/posts\/3403\/revisions"}],"wp:featuredmedia":[{"embeddable":true,"href":"https:\/\/www.icip.cat\/ca\/wp-json\/wp\/v2\/media\/3404"}],"wp:attachment":[{"href":"https:\/\/www.icip.cat\/ca\/wp-json\/wp\/v2\/media?parent=3403"}],"wp:term":[{"taxonomy":"category","embeddable":true,"href":"https:\/\/www.icip.cat\/ca\/wp-json\/wp\/v2\/categories?post=3403"},{"taxonomy":"post_tag","embeddable":true,"href":"https:\/\/www.icip.cat\/ca\/wp-json\/wp\/v2\/tags?post=3403"}],"curies":[{"name":"wp","href":"https:\/\/api.w.org\/{rel}","templated":true}]}}