{"id":3495,"date":"2019-05-06T08:00:00","date_gmt":"2019-05-06T08:00:00","guid":{"rendered":"http:\/\/www.icip.cat\/oberta-la-convocatoria-del-premi-icip-constructors-de-pau-2019\/"},"modified":"2019-05-06T08:00:00","modified_gmt":"2019-05-06T08:00:00","slug":"oberta-la-convocatoria-del-premi-icip-constructors-de-pau-2019","status":"publish","type":"post","link":"https:\/\/www.icip.cat\/ca\/oberta-la-convocatoria-del-premi-icip-constructors-de-pau-2019\/","title":{"rendered":"Oberta la convocat\u00f2ria del Premi ICIP Constructors de Pau 2019"},"content":{"rendered":"<p>L\u2019ICIP ha convocat la novena edici\u00f3 del Premi ICIP Constructors de Pau amb l&#8217;objectiu de guardonar i recon\u00e8ixer p\u00fablicament persones, entitats o institucions que han treballat i han contribu\u00eft d&#8217;una manera destacada i dilatada en el foment i la construcci\u00f3 de la pau.<br \/>\nLes persones interessades, f\u00edsiques o jur\u00eddiques, poden presentar candidatures fins al 13 de juny de 2019. La sol\u00b7licitud es pot dur a terme presencialment o per correu postal al registre de l\u2019ICIP (carrer Tapineria 10, 3a planta, 08002 de Barcelona) o a qualsevol altre registre de l\u2019administraci\u00f3 p\u00fablica.<br \/>\nEl Premi ICIP Constructors de Pau consisteix en un reconeixement p\u00fablic, una escultura creada pel Premi Nobel de la Pau, artista i activista Adolfo P\u00e9rez Esquivel, anomenada Porta del Sol, i una dotaci\u00f3 econ\u00f2mica que enguany \u00e9s de 6.000 euros.<br \/>\nAnteriors guardonats<br \/>\nEn anteriors edicions han estat guardonats amb el Premi ICIP Constructors de Pau l\u2019organitzaci\u00f3 mexicana Cauce Ciudadano (2018), l&#8217;activista Arcadi Oliveres (2017), l&#8217;ONG Brigades Internacionals de Pau (2016), el pare caputx\u00ed Joan Botam (2015), l&#8217;organitzaci\u00f3 WILPF (2014), l&#8217;exgeneral Jovan Divjak (2013), les Mares de Soacha (2012), i la lluita d&#8217;objectors i insubmisos simbolitzats en Pepe Be\u00fanza (2011). L&#8217;any 2011 tamb\u00e9 es va guardonar amb una edici\u00f3 extraordin\u00e0ria del premi el Parlament de Catalunya.<br \/>\nEl lliurament del guard\u00f3 t\u00e9 lloc anualment en una cerim\u00f2nia institucional al Parlament de Catalunya.<\/p>\n","protected":false},"excerpt":{"rendered":"<p>Es poden presentar candidatures fins al proper 13 de juny. Enguany augmenta la dotaci\u00f3 fins a 6.000 euros.<\/p>\n","protected":false},"author":1,"featured_media":3496,"comment_status":"closed","ping_status":"open","sticky":false,"template":"","format":"standard","meta":{"_acf_changed":false,"footnotes":""},"categories":[4],"tags":[],"class_list":["post-3495","post","type-post","status-publish","format-standard","has-post-thumbnail","hentry","category-sense-categoria"],"acf":[],"yoast_head":"<!-- This site is optimized with the Yoast SEO plugin v25.6 - https:\/\/yoast.com\/wordpress\/plugins\/seo\/ -->\n<title>Oberta la convocat\u00f2ria del Premi ICIP Constructors de Pau 2019 - ICIP<\/title>\n<meta name=\"robots\" content=\"index, follow, max-snippet:-1, max-image-preview:large, max-video-preview:-1\" \/>\n<link rel=\"canonical\" href=\"https:\/\/www.icip.cat\/ca\/oberta-la-convocatoria-del-premi-icip-constructors-de-pau-2019\/\" \/>\n<meta property=\"og:locale\" content=\"ca_ES\" \/>\n<meta property=\"og:type\" content=\"article\" \/>\n<meta property=\"og:title\" content=\"Oberta la convocat\u00f2ria del Premi ICIP Constructors de Pau 2019 - ICIP\" \/>\n<meta property=\"og:description\" content=\"Es poden presentar candidatures fins al proper 13 de juny. Enguany augmenta la dotaci\u00f3 fins a 6.000 euros.\" \/>\n<meta property=\"og:url\" content=\"https:\/\/www.icip.cat\/ca\/oberta-la-convocatoria-del-premi-icip-constructors-de-pau-2019\/\" \/>\n<meta property=\"og:site_name\" content=\"ICIP\" \/>\n<meta property=\"article:published_time\" content=\"2019-05-06T08:00:00+00:00\" \/>\n<meta property=\"og:image\" content=\"https:\/\/www.icip.cat\/wp-content\/uploads\/2019\/05\/logopremi.png_90753007.png\" \/>\n\t<meta property=\"og:image:width\" content=\"296\" \/>\n\t<meta property=\"og:image:height\" content=\"144\" \/>\n\t<meta property=\"og:image:type\" content=\"image\/png\" \/>\n<meta name=\"author\" content=\"whads\" \/>\n<meta name=\"twitter:card\" content=\"summary_large_image\" \/>\n<meta name=\"twitter:label1\" content=\"Escrit per\" \/>\n\t<meta name=\"twitter:data1\" content=\"whads\" \/>\n\t<meta name=\"twitter:label2\" content=\"Temps estimat de lectura\" \/>\n\t<meta name=\"twitter:data2\" content=\"1 minut\" \/>\n<script type=\"application\/ld+json\" class=\"yoast-schema-graph\">{\"@context\":\"https:\/\/schema.org\",\"@graph\":[{\"@type\":\"Article\",\"@id\":\"https:\/\/www.icip.cat\/ca\/oberta-la-convocatoria-del-premi-icip-constructors-de-pau-2019\/#article\",\"isPartOf\":{\"@id\":\"https:\/\/www.icip.cat\/ca\/oberta-la-convocatoria-del-premi-icip-constructors-de-pau-2019\/\"},\"author\":{\"name\":\"whads\",\"@id\":\"https:\/\/www.icip.cat\/ca\/#\/schema\/person\/35404003404833995eee2bb6e3115dc6\"},\"headline\":\"Oberta la convocat\u00f2ria del Premi ICIP Constructors de Pau 2019\",\"datePublished\":\"2019-05-06T08:00:00+00:00\",\"mainEntityOfPage\":{\"@id\":\"https:\/\/www.icip.cat\/ca\/oberta-la-convocatoria-del-premi-icip-constructors-de-pau-2019\/\"},\"wordCount\":242,\"publisher\":{\"@id\":\"https:\/\/www.icip.cat\/ca\/#organization\"},\"image\":{\"@id\":\"https:\/\/www.icip.cat\/ca\/oberta-la-convocatoria-del-premi-icip-constructors-de-pau-2019\/#primaryimage\"},\"thumbnailUrl\":\"https:\/\/www.icip.cat\/wp-content\/uploads\/2019\/05\/logopremi.png_90753007.png\",\"inLanguage\":\"ca\"},{\"@type\":\"WebPage\",\"@id\":\"https:\/\/www.icip.cat\/ca\/oberta-la-convocatoria-del-premi-icip-constructors-de-pau-2019\/\",\"url\":\"https:\/\/www.icip.cat\/ca\/oberta-la-convocatoria-del-premi-icip-constructors-de-pau-2019\/\",\"name\":\"Oberta la convocat\u00f2ria del Premi ICIP Constructors de Pau 2019 - ICIP\",\"isPartOf\":{\"@id\":\"https:\/\/www.icip.cat\/ca\/#website\"},\"primaryImageOfPage\":{\"@id\":\"https:\/\/www.icip.cat\/ca\/oberta-la-convocatoria-del-premi-icip-constructors-de-pau-2019\/#primaryimage\"},\"image\":{\"@id\":\"https:\/\/www.icip.cat\/ca\/oberta-la-convocatoria-del-premi-icip-constructors-de-pau-2019\/#primaryimage\"},\"thumbnailUrl\":\"https:\/\/www.icip.cat\/wp-content\/uploads\/2019\/05\/logopremi.png_90753007.png\",\"datePublished\":\"2019-05-06T08:00:00+00:00\",\"inLanguage\":\"ca\",\"potentialAction\":[{\"@type\":\"ReadAction\",\"target\":[\"https:\/\/www.icip.cat\/ca\/oberta-la-convocatoria-del-premi-icip-constructors-de-pau-2019\/\"]}]},{\"@type\":\"ImageObject\",\"inLanguage\":\"ca\",\"@id\":\"https:\/\/www.icip.cat\/ca\/oberta-la-convocatoria-del-premi-icip-constructors-de-pau-2019\/#primaryimage\",\"url\":\"https:\/\/www.icip.cat\/wp-content\/uploads\/2019\/05\/logopremi.png_90753007.png\",\"contentUrl\":\"https:\/\/www.icip.cat\/wp-content\/uploads\/2019\/05\/logopremi.png_90753007.png\",\"width\":296,\"height\":144,\"caption\":\"Oberta la convocat\u00f2ria del Premi ICIP Constructors de Pau 2019\"},{\"@type\":\"WebSite\",\"@id\":\"https:\/\/www.icip.cat\/ca\/#website\",\"url\":\"https:\/\/www.icip.cat\/ca\/\",\"name\":\"ICIP\",\"description\":\"\",\"publisher\":{\"@id\":\"https:\/\/www.icip.cat\/ca\/#organization\"},\"potentialAction\":[{\"@type\":\"SearchAction\",\"target\":{\"@type\":\"EntryPoint\",\"urlTemplate\":\"https:\/\/www.icip.cat\/ca\/?s={search_term_string}\"},\"query-input\":{\"@type\":\"PropertyValueSpecification\",\"valueRequired\":true,\"valueName\":\"search_term_string\"}}],\"inLanguage\":\"ca\"},{\"@type\":\"Organization\",\"@id\":\"https:\/\/www.icip.cat\/ca\/#organization\",\"name\":\"ICIP\",\"url\":\"https:\/\/www.icip.cat\/ca\/\",\"logo\":{\"@type\":\"ImageObject\",\"inLanguage\":\"ca\",\"@id\":\"https:\/\/www.icip.cat\/ca\/#\/schema\/logo\/image\/\",\"url\":\"https:\/\/www.icip.cat\/wp-content\/uploads\/2021\/02\/logo-2.png\",\"contentUrl\":\"https:\/\/www.icip.cat\/wp-content\/uploads\/2021\/02\/logo-2.png\",\"width\":562,\"height\":391,\"caption\":\"ICIP\"},\"image\":{\"@id\":\"https:\/\/www.icip.cat\/ca\/#\/schema\/logo\/image\/\"}},{\"@type\":\"Person\",\"@id\":\"https:\/\/www.icip.cat\/ca\/#\/schema\/person\/35404003404833995eee2bb6e3115dc6\",\"name\":\"whads\",\"image\":{\"@type\":\"ImageObject\",\"inLanguage\":\"ca\",\"@id\":\"https:\/\/www.icip.cat\/ca\/#\/schema\/person\/image\/\",\"url\":\"https:\/\/secure.gravatar.com\/avatar\/6a92e4ce03d9442c546cc4afecfc51777413608a6d55a7b50040700657b6b30f?s=96&d=mm&r=g\",\"contentUrl\":\"https:\/\/secure.gravatar.com\/avatar\/6a92e4ce03d9442c546cc4afecfc51777413608a6d55a7b50040700657b6b30f?s=96&d=mm&r=g\",\"caption\":\"whads\"},\"sameAs\":[\"http:\/\/www.icip.cat\"],\"url\":\"https:\/\/www.icip.cat\/ca\/author\/whads\/\"}]}<\/script>\n<!-- \/ Yoast SEO plugin. -->","yoast_head_json":{"title":"Oberta la convocat\u00f2ria del Premi ICIP Constructors de Pau 2019 - ICIP","robots":{"index":"index","follow":"follow","max-snippet":"max-snippet:-1","max-image-preview":"max-image-preview:large","max-video-preview":"max-video-preview:-1"},"canonical":"https:\/\/www.icip.cat\/ca\/oberta-la-convocatoria-del-premi-icip-constructors-de-pau-2019\/","og_locale":"ca_ES","og_type":"article","og_title":"Oberta la convocat\u00f2ria del Premi ICIP Constructors de Pau 2019 - ICIP","og_description":"Es poden presentar candidatures fins al proper 13 de juny. Enguany augmenta la dotaci\u00f3 fins a 6.000 euros.","og_url":"https:\/\/www.icip.cat\/ca\/oberta-la-convocatoria-del-premi-icip-constructors-de-pau-2019\/","og_site_name":"ICIP","article_published_time":"2019-05-06T08:00:00+00:00","og_image":[{"width":296,"height":144,"url":"https:\/\/www.icip.cat\/wp-content\/uploads\/2019\/05\/logopremi.png_90753007.png","type":"image\/png"}],"author":"whads","twitter_card":"summary_large_image","twitter_misc":{"Escrit per":"whads","Temps estimat de lectura":"1 minut"},"schema":{"@context":"https:\/\/schema.org","@graph":[{"@type":"Article","@id":"https:\/\/www.icip.cat\/ca\/oberta-la-convocatoria-del-premi-icip-constructors-de-pau-2019\/#article","isPartOf":{"@id":"https:\/\/www.icip.cat\/ca\/oberta-la-convocatoria-del-premi-icip-constructors-de-pau-2019\/"},"author":{"name":"whads","@id":"https:\/\/www.icip.cat\/ca\/#\/schema\/person\/35404003404833995eee2bb6e3115dc6"},"headline":"Oberta la convocat\u00f2ria del Premi ICIP Constructors de Pau 2019","datePublished":"2019-05-06T08:00:00+00:00","mainEntityOfPage":{"@id":"https:\/\/www.icip.cat\/ca\/oberta-la-convocatoria-del-premi-icip-constructors-de-pau-2019\/"},"wordCount":242,"publisher":{"@id":"https:\/\/www.icip.cat\/ca\/#organization"},"image":{"@id":"https:\/\/www.icip.cat\/ca\/oberta-la-convocatoria-del-premi-icip-constructors-de-pau-2019\/#primaryimage"},"thumbnailUrl":"https:\/\/www.icip.cat\/wp-content\/uploads\/2019\/05\/logopremi.png_90753007.png","inLanguage":"ca"},{"@type":"WebPage","@id":"https:\/\/www.icip.cat\/ca\/oberta-la-convocatoria-del-premi-icip-constructors-de-pau-2019\/","url":"https:\/\/www.icip.cat\/ca\/oberta-la-convocatoria-del-premi-icip-constructors-de-pau-2019\/","name":"Oberta la convocat\u00f2ria del Premi ICIP Constructors de Pau 2019 - ICIP","isPartOf":{"@id":"https:\/\/www.icip.cat\/ca\/#website"},"primaryImageOfPage":{"@id":"https:\/\/www.icip.cat\/ca\/oberta-la-convocatoria-del-premi-icip-constructors-de-pau-2019\/#primaryimage"},"image":{"@id":"https:\/\/www.icip.cat\/ca\/oberta-la-convocatoria-del-premi-icip-constructors-de-pau-2019\/#primaryimage"},"thumbnailUrl":"https:\/\/www.icip.cat\/wp-content\/uploads\/2019\/05\/logopremi.png_90753007.png","datePublished":"2019-05-06T08:00:00+00:00","inLanguage":"ca","potentialAction":[{"@type":"ReadAction","target":["https:\/\/www.icip.cat\/ca\/oberta-la-convocatoria-del-premi-icip-constructors-de-pau-2019\/"]}]},{"@type":"ImageObject","inLanguage":"ca","@id":"https:\/\/www.icip.cat\/ca\/oberta-la-convocatoria-del-premi-icip-constructors-de-pau-2019\/#primaryimage","url":"https:\/\/www.icip.cat\/wp-content\/uploads\/2019\/05\/logopremi.png_90753007.png","contentUrl":"https:\/\/www.icip.cat\/wp-content\/uploads\/2019\/05\/logopremi.png_90753007.png","width":296,"height":144,"caption":"Oberta la convocat\u00f2ria del Premi ICIP Constructors de Pau 2019"},{"@type":"WebSite","@id":"https:\/\/www.icip.cat\/ca\/#website","url":"https:\/\/www.icip.cat\/ca\/","name":"ICIP","description":"","publisher":{"@id":"https:\/\/www.icip.cat\/ca\/#organization"},"potentialAction":[{"@type":"SearchAction","target":{"@type":"EntryPoint","urlTemplate":"https:\/\/www.icip.cat\/ca\/?s={search_term_string}"},"query-input":{"@type":"PropertyValueSpecification","valueRequired":true,"valueName":"search_term_string"}}],"inLanguage":"ca"},{"@type":"Organization","@id":"https:\/\/www.icip.cat\/ca\/#organization","name":"ICIP","url":"https:\/\/www.icip.cat\/ca\/","logo":{"@type":"ImageObject","inLanguage":"ca","@id":"https:\/\/www.icip.cat\/ca\/#\/schema\/logo\/image\/","url":"https:\/\/www.icip.cat\/wp-content\/uploads\/2021\/02\/logo-2.png","contentUrl":"https:\/\/www.icip.cat\/wp-content\/uploads\/2021\/02\/logo-2.png","width":562,"height":391,"caption":"ICIP"},"image":{"@id":"https:\/\/www.icip.cat\/ca\/#\/schema\/logo\/image\/"}},{"@type":"Person","@id":"https:\/\/www.icip.cat\/ca\/#\/schema\/person\/35404003404833995eee2bb6e3115dc6","name":"whads","image":{"@type":"ImageObject","inLanguage":"ca","@id":"https:\/\/www.icip.cat\/ca\/#\/schema\/person\/image\/","url":"https:\/\/secure.gravatar.com\/avatar\/6a92e4ce03d9442c546cc4afecfc51777413608a6d55a7b50040700657b6b30f?s=96&d=mm&r=g","contentUrl":"https:\/\/secure.gravatar.com\/avatar\/6a92e4ce03d9442c546cc4afecfc51777413608a6d55a7b50040700657b6b30f?s=96&d=mm&r=g","caption":"whads"},"sameAs":["http:\/\/www.icip.cat"],"url":"https:\/\/www.icip.cat\/ca\/author\/whads\/"}]}},"_links":{"self":[{"href":"https:\/\/www.icip.cat\/ca\/wp-json\/wp\/v2\/posts\/3495","targetHints":{"allow":["GET"]}}],"collection":[{"href":"https:\/\/www.icip.cat\/ca\/wp-json\/wp\/v2\/posts"}],"about":[{"href":"https:\/\/www.icip.cat\/ca\/wp-json\/wp\/v2\/types\/post"}],"author":[{"embeddable":true,"href":"https:\/\/www.icip.cat\/ca\/wp-json\/wp\/v2\/users\/1"}],"replies":[{"embeddable":true,"href":"https:\/\/www.icip.cat\/ca\/wp-json\/wp\/v2\/comments?post=3495"}],"version-history":[{"count":0,"href":"https:\/\/www.icip.cat\/ca\/wp-json\/wp\/v2\/posts\/3495\/revisions"}],"wp:featuredmedia":[{"embeddable":true,"href":"https:\/\/www.icip.cat\/ca\/wp-json\/wp\/v2\/media\/3496"}],"wp:attachment":[{"href":"https:\/\/www.icip.cat\/ca\/wp-json\/wp\/v2\/media?parent=3495"}],"wp:term":[{"taxonomy":"category","embeddable":true,"href":"https:\/\/www.icip.cat\/ca\/wp-json\/wp\/v2\/categories?post=3495"},{"taxonomy":"post_tag","embeddable":true,"href":"https:\/\/www.icip.cat\/ca\/wp-json\/wp\/v2\/tags?post=3495"}],"curies":[{"name":"wp","href":"https:\/\/api.w.org\/{rel}","templated":true}]}}