{"id":3519,"date":"2019-03-13T08:00:00","date_gmt":"2019-03-13T08:00:00","guid":{"rendered":"http:\/\/www.icip.cat\/licip-reconeix-el-treball-de-cauce-ciudadano-per-prevenir-la-violencia-i-construir-pau-a-mexic-amb-el-premi-constructors-de-pau\/"},"modified":"2021-09-20T08:47:25","modified_gmt":"2021-09-20T08:47:25","slug":"licip-reconeix-el-treball-de-cauce-ciudadano-per-prevenir-la-violencia-i-construir-pau-a-mexic-amb-el-premi-constructors-de-pau","status":"publish","type":"post","link":"https:\/\/www.icip.cat\/ca\/licip-reconeix-el-treball-de-cauce-ciudadano-per-prevenir-la-violencia-i-construir-pau-a-mexic-amb-el-premi-constructors-de-pau\/","title":{"rendered":"L&#8217;ICIP reconeix el treball de Cauce Ciudadano per prevenir la viol\u00e8ncia i construir pau a M\u00e8xic amb el Premi Constructors de Pau"},"content":{"rendered":"<p>L\u2019Institut Catal\u00e0 Internacional per la Pau (ICIP) ha celebrat aquest dimarts 12 de mar\u00e7 a la tarda el lliurament del Premi ICIP Constructors de Pau 2018 a l\u2019organitzaci\u00f3 mexicana Cauce Ciudadano en un acte al Parlament de Catalunya en el qual han assistit representants d&#8217;intitucions i organitzacions vinculades a M\u00e8xic i a l&#8217;Am\u00e8rica Llatina en general i dedicades al foment i la promoci\u00f3 de la pau.Cauce Ciudadano, entitat fundada l\u2019any 2000 per joves que havien format part de bandes criminals (els anomenats pandilleros) ha rebut el guard\u00f3 &#8220;per la seva tasca de prevenci\u00f3 de la viol\u00e8ncia i de construcci\u00f3 d\u2019alternatives pac\u00edfiques per a joves en contextos molt marcats per la criminalitat i, especialment, el narcotr\u00e0fic&#8221;.<\/p>\n<p>La cerim\u00f2nia ha estat presidida pel president de la cambra, Roger Torrent, el conseller d\u2019Acci\u00f3 Exterior, Relacions Institucionals i Transpar\u00e8ncia, Alfred Bosch, i el president de l\u2019ICIP, Xavier Masllorens, qui ha iniciat la seva intervenci\u00f3 tot mostrant la \u201cconsternaci\u00f3 davant la davallada democr\u00e0tica que estem vivint a diversos llocs del m\u00f3n, i tamb\u00e9 a l\u2019estat espanyol, i preocupaci\u00f3 per cada persona que accepta una retallada de drets i llibertats en nom de la seguretat\u201d. Masllorens ha destacat el treball de Cauce Ciudadano per &#8220;donar una resposta preventiva i positiva a la viol\u00e8ncia, a difer\u00e8ncia de les mesures repressives i securititzadores dels poders p\u00fablics&#8221;.<\/p>\n<p>En el transcurs de l\u2019acte s\u2019ha projectat un v\u00eddeo sobre la traject\u00f2ria de Cauce Ciudadano i la periodista i escriptora colombiana, Laura Restrepo, autora de la glossa, n\u2019ha destacat \u201cl\u2019aposta per la pau i la reconciliaci\u00f3, l\u2019educaci\u00f3 moral i c\u00edvica, la reconciliaci\u00f3 entre les parts enfrontades, la reparaci\u00f3 del dany, la no repetici\u00f3 i la dignificaci\u00f3 de la mem\u00f2ria de les v\u00edctimes\u201d.<\/p>\n<p>En el discurs d\u2019acceptaci\u00f3 del premi, la directora de Cauce Ciudadano, Erika Llanos, educadora popular i primera dona no pandillera membre de l\u2019entitat, ha agra\u00eft el guard\u00f3 i ha destacat l\u2019aposta de Cauce Ciudadano per \u201ctransformar la por i rehumanitzar el transitar diari\u201d, amb un treball tant a les escoles com a les presons \u201cper parlar amb la criminalitat i ajuntar v\u00edctimes i victimaris\u201d, i amb un \u00e8mfasi especial amb la lluita per la igualtat de g\u00e8nere i pel reconeixement de les dones. Per la seva banda, el fundador de l\u2019entitat, Carlos Cruz, en un emotiu discurs, ha reivindicat \u201cuna narrativa de just\u00edcia i de pau, m\u00e9s enll\u00e0 de la seguretat\u201d per revertir el clima de viol\u00e8ncia i criminalitat de M\u00e8xic, i la necessitat d\u2019\u201descoltar i estimar\u201d per construir pau i d\u2019organitzar-se a nivell social per crear \u201ceconomies de pau\u201d. Cruz tamb\u00e9 ha tingut unes paraules per als presos i exiliats pol\u00edtics catalans, als quals ha desitjat el retorn a casa, igual que als milers de desapareguts registrats a M\u00e8xic.<\/p>\n<p>En la clausura de l\u2019acte, el conseller d\u2019Acci\u00f3 Exterior, Alfred Bosch, ha reivindicat el di\u00e0leg i la just\u00edcia per a construir i la pau i ha destacat el treball de Cauce Ciudadano per &#8220;fer del m\u00f3n un lloc millor&#8221;, i el president del Parlament, Roger Torrent, ha tingut un record pels presos i exiliats, especialment per la presidenta Carme Forcadell i el conseller Ra\u00fcl Romeva , \u201cuna dona i un home de pau, constructors de pau, acusats d\u2019al\u00e7aments violents que no s\u2019han produ\u00eft mai\u201d. Torrent ha recordat que \u201cla pau no \u00e9s nom\u00e9s abs\u00e8ncia d\u2019actituds violentes, la pau es construeix contra la repressi\u00f3, la imposici\u00f3 i l\u2019amena\u00e7a\u201d.<\/p>\n<p><strong>Anteriors guardonats amb el Premi ICIP<\/strong><br \/>\nEl Premi ICIP Constructors de Pau es convoca anualment i consisteix en un reconeixement p\u00fablic, una escultura creada pel Premi Nobel de la Pau, activista i artista Adolfo P\u00e9rez Esquivel, anomenada Porta del Sol, i una dotaci\u00f3 econ\u00f2mica de 4.000 euros.<\/p>\n<p>El guard\u00f3 va n\u00e9ixer l&#8217;any 2011, amb una edici\u00f3 extraordin\u00e0ria dedicada al Parlament de Catalunya en representar la continu\u00eftat i el llegat de les institucions Pau i Treva i el Consolat del Mar. Aquell mateix any, la primera edici\u00f3 regular del premi va recon\u00e8ixer la lluita d\u2019objectors i insubmisos, simbolitzats en Pepe Beunza, primer objector de consci\u00e8ncia al servei militar obligatori per raons ideol\u00f2giques de l\u2019Estat espanyol.<\/p>\n<p>Posteriorment, l\u2019any 2012, el Premi ICIP va ser concedit a cinc Mares de Soacha pel seu treball a favor de la pau i els drets humans a Col\u00f2mbia. Amb aquest Premi, l\u2019ICIP va voler recon\u00e8ixer el seu coratge i la seva perseveran\u00e7a en la recerca de veritat, just\u00edcia i reparaci\u00f3 per la mort dels seus fills a mans de forces de seguretat de l\u2019Estat i per altres casos d\u2019execucions extrajudicials coneguts com a falsos positivos.<\/p>\n<p>L\u2019any 2013, el Premi ICIP Constructors de Pau va guardonar l\u2019exgeneral nascut a Belgrad Jovan Divjak, pel seu coratge en la defensa de Sarajevo durant la Guerra dels Balcans i el seu treball en favor de les v\u00edctimes del conflicte.<\/p>\n<p>L\u2019any 2014 el Premi ICIP Constructors de Pau va ser concedit a l\u2019organitzaci\u00f3 Women\u2019s International League for Peace and Freedom (Lliga Internacional de Dones per la Pau i la Llibertat, WILPF en les sigles en angl\u00e8s) per la seva traject\u00f2ria centen\u00e0ria en el treball de dones per la pau.<\/p>\n<p>L\u2019any 2015 el Premi ICIP va recon\u00e8ixer el pare caputx\u00ed Joan Botam, impulsor de nombroses iniciatives vinculades a la pau i a l&#8217;ecumenisme, un dels principals introductors del pacifisme a Catalunya i un clar defensor de la religi\u00f3 com a font de pau i de di\u00e0leg.<\/p>\n<p>L\u2019any 2016 el Premi ICIP va recon\u00e8ixer l\u2019ONG Brigades Internacionals de Pau (PBI) per la seva tasca de protecci\u00f3 dels defensors dels drets humans que treballen en \u00e0rees de repressi\u00f3 i conflicte.<\/p>\n<p>Per \u00faltim, l\u2019any 2017, el Premi ICIP va recaure en l\u2019activista i economista Arcadi Oliveres, pel seu comprom\u00eds i la seva incansable dedicaci\u00f3 a la promoci\u00f3 de la pau, la just\u00edcia social, els drets humans i el desarmament, des d\u2019una perspectiva universal.<\/p>\n","protected":false},"excerpt":{"rendered":"<p>L&#8217;acte de lliurament del guard\u00f3 s&#8217;ha celebrat al Parlament de Catalunya.<\/p>\n","protected":false},"author":1,"featured_media":3520,"comment_status":"closed","ping_status":"open","sticky":false,"template":"","format":"standard","meta":{"_acf_changed":false,"footnotes":""},"categories":[4],"tags":[],"class_list":["post-3519","post","type-post","status-publish","format-standard","has-post-thumbnail","hentry","category-sense-categoria"],"acf":[],"yoast_head":"<!-- This site is optimized with the Yoast SEO plugin v25.6 - https:\/\/yoast.com\/wordpress\/plugins\/seo\/ -->\n<title>L&#039;ICIP reconeix el treball de Cauce Ciudadano per prevenir la viol\u00e8ncia i construir pau a M\u00e8xic amb el Premi Constructors de Pau - ICIP<\/title>\n<meta name=\"robots\" content=\"index, follow, max-snippet:-1, max-image-preview:large, max-video-preview:-1\" \/>\n<link rel=\"canonical\" href=\"https:\/\/www.icip.cat\/ca\/licip-reconeix-el-treball-de-cauce-ciudadano-per-prevenir-la-violencia-i-construir-pau-a-mexic-amb-el-premi-constructors-de-pau\/\" \/>\n<meta property=\"og:locale\" content=\"ca_ES\" \/>\n<meta property=\"og:type\" content=\"article\" \/>\n<meta property=\"og:title\" content=\"L&#039;ICIP reconeix el treball de Cauce Ciudadano per prevenir la viol\u00e8ncia i construir pau a M\u00e8xic amb el Premi Constructors de Pau - ICIP\" \/>\n<meta property=\"og:description\" content=\"L&#039;acte de lliurament del guard\u00f3 s&#039;ha celebrat al Parlament de Catalunya.\" \/>\n<meta property=\"og:url\" content=\"https:\/\/www.icip.cat\/ca\/licip-reconeix-el-treball-de-cauce-ciudadano-per-prevenir-la-violencia-i-construir-pau-a-mexic-amb-el-premi-constructors-de-pau\/\" \/>\n<meta property=\"og:site_name\" content=\"ICIP\" \/>\n<meta property=\"article:published_time\" content=\"2019-03-13T08:00:00+00:00\" \/>\n<meta property=\"article:modified_time\" content=\"2021-09-20T08:47:25+00:00\" \/>\n<meta property=\"og:image\" content=\"https:\/\/www.icip.cat\/wp-content\/uploads\/2019\/03\/cauce3.jpg_1687638006.jpg\" \/>\n\t<meta property=\"og:image:width\" content=\"190\" \/>\n\t<meta property=\"og:image:height\" content=\"157\" \/>\n\t<meta property=\"og:image:type\" content=\"image\/jpeg\" \/>\n<meta name=\"author\" content=\"whads\" \/>\n<meta name=\"twitter:card\" content=\"summary_large_image\" \/>\n<meta name=\"twitter:label1\" content=\"Escrit per\" \/>\n\t<meta name=\"twitter:data1\" content=\"whads\" \/>\n\t<meta name=\"twitter:label2\" content=\"Temps estimat de lectura\" \/>\n\t<meta name=\"twitter:data2\" content=\"5 minuts\" \/>\n<script type=\"application\/ld+json\" class=\"yoast-schema-graph\">{\"@context\":\"https:\/\/schema.org\",\"@graph\":[{\"@type\":\"Article\",\"@id\":\"https:\/\/www.icip.cat\/ca\/licip-reconeix-el-treball-de-cauce-ciudadano-per-prevenir-la-violencia-i-construir-pau-a-mexic-amb-el-premi-constructors-de-pau\/#article\",\"isPartOf\":{\"@id\":\"https:\/\/www.icip.cat\/ca\/licip-reconeix-el-treball-de-cauce-ciudadano-per-prevenir-la-violencia-i-construir-pau-a-mexic-amb-el-premi-constructors-de-pau\/\"},\"author\":{\"name\":\"whads\",\"@id\":\"https:\/\/www.icip.cat\/ca\/#\/schema\/person\/35404003404833995eee2bb6e3115dc6\"},\"headline\":\"L&#8217;ICIP reconeix el treball de Cauce Ciudadano per prevenir la viol\u00e8ncia i construir pau a M\u00e8xic amb el Premi Constructors de Pau\",\"datePublished\":\"2019-03-13T08:00:00+00:00\",\"dateModified\":\"2021-09-20T08:47:25+00:00\",\"mainEntityOfPage\":{\"@id\":\"https:\/\/www.icip.cat\/ca\/licip-reconeix-el-treball-de-cauce-ciudadano-per-prevenir-la-violencia-i-construir-pau-a-mexic-amb-el-premi-constructors-de-pau\/\"},\"wordCount\":1071,\"publisher\":{\"@id\":\"https:\/\/www.icip.cat\/ca\/#organization\"},\"image\":{\"@id\":\"https:\/\/www.icip.cat\/ca\/licip-reconeix-el-treball-de-cauce-ciudadano-per-prevenir-la-violencia-i-construir-pau-a-mexic-amb-el-premi-constructors-de-pau\/#primaryimage\"},\"thumbnailUrl\":\"https:\/\/www.icip.cat\/wp-content\/uploads\/2019\/03\/cauce3.jpg_1687638006.jpg\",\"inLanguage\":\"ca\"},{\"@type\":\"WebPage\",\"@id\":\"https:\/\/www.icip.cat\/ca\/licip-reconeix-el-treball-de-cauce-ciudadano-per-prevenir-la-violencia-i-construir-pau-a-mexic-amb-el-premi-constructors-de-pau\/\",\"url\":\"https:\/\/www.icip.cat\/ca\/licip-reconeix-el-treball-de-cauce-ciudadano-per-prevenir-la-violencia-i-construir-pau-a-mexic-amb-el-premi-constructors-de-pau\/\",\"name\":\"L'ICIP reconeix el treball de Cauce Ciudadano per prevenir la viol\u00e8ncia i construir pau a M\u00e8xic amb el Premi Constructors de Pau - ICIP\",\"isPartOf\":{\"@id\":\"https:\/\/www.icip.cat\/ca\/#website\"},\"primaryImageOfPage\":{\"@id\":\"https:\/\/www.icip.cat\/ca\/licip-reconeix-el-treball-de-cauce-ciudadano-per-prevenir-la-violencia-i-construir-pau-a-mexic-amb-el-premi-constructors-de-pau\/#primaryimage\"},\"image\":{\"@id\":\"https:\/\/www.icip.cat\/ca\/licip-reconeix-el-treball-de-cauce-ciudadano-per-prevenir-la-violencia-i-construir-pau-a-mexic-amb-el-premi-constructors-de-pau\/#primaryimage\"},\"thumbnailUrl\":\"https:\/\/www.icip.cat\/wp-content\/uploads\/2019\/03\/cauce3.jpg_1687638006.jpg\",\"datePublished\":\"2019-03-13T08:00:00+00:00\",\"dateModified\":\"2021-09-20T08:47:25+00:00\",\"inLanguage\":\"ca\",\"potentialAction\":[{\"@type\":\"ReadAction\",\"target\":[\"https:\/\/www.icip.cat\/ca\/licip-reconeix-el-treball-de-cauce-ciudadano-per-prevenir-la-violencia-i-construir-pau-a-mexic-amb-el-premi-constructors-de-pau\/\"]}]},{\"@type\":\"ImageObject\",\"inLanguage\":\"ca\",\"@id\":\"https:\/\/www.icip.cat\/ca\/licip-reconeix-el-treball-de-cauce-ciudadano-per-prevenir-la-violencia-i-construir-pau-a-mexic-amb-el-premi-constructors-de-pau\/#primaryimage\",\"url\":\"https:\/\/www.icip.cat\/wp-content\/uploads\/2019\/03\/cauce3.jpg_1687638006.jpg\",\"contentUrl\":\"https:\/\/www.icip.cat\/wp-content\/uploads\/2019\/03\/cauce3.jpg_1687638006.jpg\",\"width\":190,\"height\":157,\"caption\":\"L'ICIP reconeix el treball de Cauce Ciudadano per prevenir la viol\u00e8ncia i construir pau a M\u00e8xic amb el Premi Constructors de Pau\"},{\"@type\":\"WebSite\",\"@id\":\"https:\/\/www.icip.cat\/ca\/#website\",\"url\":\"https:\/\/www.icip.cat\/ca\/\",\"name\":\"ICIP\",\"description\":\"\",\"publisher\":{\"@id\":\"https:\/\/www.icip.cat\/ca\/#organization\"},\"potentialAction\":[{\"@type\":\"SearchAction\",\"target\":{\"@type\":\"EntryPoint\",\"urlTemplate\":\"https:\/\/www.icip.cat\/ca\/?s={search_term_string}\"},\"query-input\":{\"@type\":\"PropertyValueSpecification\",\"valueRequired\":true,\"valueName\":\"search_term_string\"}}],\"inLanguage\":\"ca\"},{\"@type\":\"Organization\",\"@id\":\"https:\/\/www.icip.cat\/ca\/#organization\",\"name\":\"ICIP\",\"url\":\"https:\/\/www.icip.cat\/ca\/\",\"logo\":{\"@type\":\"ImageObject\",\"inLanguage\":\"ca\",\"@id\":\"https:\/\/www.icip.cat\/ca\/#\/schema\/logo\/image\/\",\"url\":\"https:\/\/www.icip.cat\/wp-content\/uploads\/2021\/02\/logo-2.png\",\"contentUrl\":\"https:\/\/www.icip.cat\/wp-content\/uploads\/2021\/02\/logo-2.png\",\"width\":562,\"height\":391,\"caption\":\"ICIP\"},\"image\":{\"@id\":\"https:\/\/www.icip.cat\/ca\/#\/schema\/logo\/image\/\"}},{\"@type\":\"Person\",\"@id\":\"https:\/\/www.icip.cat\/ca\/#\/schema\/person\/35404003404833995eee2bb6e3115dc6\",\"name\":\"whads\",\"image\":{\"@type\":\"ImageObject\",\"inLanguage\":\"ca\",\"@id\":\"https:\/\/www.icip.cat\/ca\/#\/schema\/person\/image\/\",\"url\":\"https:\/\/secure.gravatar.com\/avatar\/6a92e4ce03d9442c546cc4afecfc51777413608a6d55a7b50040700657b6b30f?s=96&d=mm&r=g\",\"contentUrl\":\"https:\/\/secure.gravatar.com\/avatar\/6a92e4ce03d9442c546cc4afecfc51777413608a6d55a7b50040700657b6b30f?s=96&d=mm&r=g\",\"caption\":\"whads\"},\"sameAs\":[\"http:\/\/www.icip.cat\"],\"url\":\"https:\/\/www.icip.cat\/ca\/author\/whads\/\"}]}<\/script>\n<!-- \/ Yoast SEO plugin. -->","yoast_head_json":{"title":"L'ICIP reconeix el treball de Cauce Ciudadano per prevenir la viol\u00e8ncia i construir pau a M\u00e8xic amb el Premi Constructors de Pau - ICIP","robots":{"index":"index","follow":"follow","max-snippet":"max-snippet:-1","max-image-preview":"max-image-preview:large","max-video-preview":"max-video-preview:-1"},"canonical":"https:\/\/www.icip.cat\/ca\/licip-reconeix-el-treball-de-cauce-ciudadano-per-prevenir-la-violencia-i-construir-pau-a-mexic-amb-el-premi-constructors-de-pau\/","og_locale":"ca_ES","og_type":"article","og_title":"L'ICIP reconeix el treball de Cauce Ciudadano per prevenir la viol\u00e8ncia i construir pau a M\u00e8xic amb el Premi Constructors de Pau - ICIP","og_description":"L'acte de lliurament del guard\u00f3 s'ha celebrat al Parlament de Catalunya.","og_url":"https:\/\/www.icip.cat\/ca\/licip-reconeix-el-treball-de-cauce-ciudadano-per-prevenir-la-violencia-i-construir-pau-a-mexic-amb-el-premi-constructors-de-pau\/","og_site_name":"ICIP","article_published_time":"2019-03-13T08:00:00+00:00","article_modified_time":"2021-09-20T08:47:25+00:00","og_image":[{"width":190,"height":157,"url":"https:\/\/www.icip.cat\/wp-content\/uploads\/2019\/03\/cauce3.jpg_1687638006.jpg","type":"image\/jpeg"}],"author":"whads","twitter_card":"summary_large_image","twitter_misc":{"Escrit per":"whads","Temps estimat de lectura":"5 minuts"},"schema":{"@context":"https:\/\/schema.org","@graph":[{"@type":"Article","@id":"https:\/\/www.icip.cat\/ca\/licip-reconeix-el-treball-de-cauce-ciudadano-per-prevenir-la-violencia-i-construir-pau-a-mexic-amb-el-premi-constructors-de-pau\/#article","isPartOf":{"@id":"https:\/\/www.icip.cat\/ca\/licip-reconeix-el-treball-de-cauce-ciudadano-per-prevenir-la-violencia-i-construir-pau-a-mexic-amb-el-premi-constructors-de-pau\/"},"author":{"name":"whads","@id":"https:\/\/www.icip.cat\/ca\/#\/schema\/person\/35404003404833995eee2bb6e3115dc6"},"headline":"L&#8217;ICIP reconeix el treball de Cauce Ciudadano per prevenir la viol\u00e8ncia i construir pau a M\u00e8xic amb el Premi Constructors de Pau","datePublished":"2019-03-13T08:00:00+00:00","dateModified":"2021-09-20T08:47:25+00:00","mainEntityOfPage":{"@id":"https:\/\/www.icip.cat\/ca\/licip-reconeix-el-treball-de-cauce-ciudadano-per-prevenir-la-violencia-i-construir-pau-a-mexic-amb-el-premi-constructors-de-pau\/"},"wordCount":1071,"publisher":{"@id":"https:\/\/www.icip.cat\/ca\/#organization"},"image":{"@id":"https:\/\/www.icip.cat\/ca\/licip-reconeix-el-treball-de-cauce-ciudadano-per-prevenir-la-violencia-i-construir-pau-a-mexic-amb-el-premi-constructors-de-pau\/#primaryimage"},"thumbnailUrl":"https:\/\/www.icip.cat\/wp-content\/uploads\/2019\/03\/cauce3.jpg_1687638006.jpg","inLanguage":"ca"},{"@type":"WebPage","@id":"https:\/\/www.icip.cat\/ca\/licip-reconeix-el-treball-de-cauce-ciudadano-per-prevenir-la-violencia-i-construir-pau-a-mexic-amb-el-premi-constructors-de-pau\/","url":"https:\/\/www.icip.cat\/ca\/licip-reconeix-el-treball-de-cauce-ciudadano-per-prevenir-la-violencia-i-construir-pau-a-mexic-amb-el-premi-constructors-de-pau\/","name":"L'ICIP reconeix el treball de Cauce Ciudadano per prevenir la viol\u00e8ncia i construir pau a M\u00e8xic amb el Premi Constructors de Pau - ICIP","isPartOf":{"@id":"https:\/\/www.icip.cat\/ca\/#website"},"primaryImageOfPage":{"@id":"https:\/\/www.icip.cat\/ca\/licip-reconeix-el-treball-de-cauce-ciudadano-per-prevenir-la-violencia-i-construir-pau-a-mexic-amb-el-premi-constructors-de-pau\/#primaryimage"},"image":{"@id":"https:\/\/www.icip.cat\/ca\/licip-reconeix-el-treball-de-cauce-ciudadano-per-prevenir-la-violencia-i-construir-pau-a-mexic-amb-el-premi-constructors-de-pau\/#primaryimage"},"thumbnailUrl":"https:\/\/www.icip.cat\/wp-content\/uploads\/2019\/03\/cauce3.jpg_1687638006.jpg","datePublished":"2019-03-13T08:00:00+00:00","dateModified":"2021-09-20T08:47:25+00:00","inLanguage":"ca","potentialAction":[{"@type":"ReadAction","target":["https:\/\/www.icip.cat\/ca\/licip-reconeix-el-treball-de-cauce-ciudadano-per-prevenir-la-violencia-i-construir-pau-a-mexic-amb-el-premi-constructors-de-pau\/"]}]},{"@type":"ImageObject","inLanguage":"ca","@id":"https:\/\/www.icip.cat\/ca\/licip-reconeix-el-treball-de-cauce-ciudadano-per-prevenir-la-violencia-i-construir-pau-a-mexic-amb-el-premi-constructors-de-pau\/#primaryimage","url":"https:\/\/www.icip.cat\/wp-content\/uploads\/2019\/03\/cauce3.jpg_1687638006.jpg","contentUrl":"https:\/\/www.icip.cat\/wp-content\/uploads\/2019\/03\/cauce3.jpg_1687638006.jpg","width":190,"height":157,"caption":"L'ICIP reconeix el treball de Cauce Ciudadano per prevenir la viol\u00e8ncia i construir pau a M\u00e8xic amb el Premi Constructors de Pau"},{"@type":"WebSite","@id":"https:\/\/www.icip.cat\/ca\/#website","url":"https:\/\/www.icip.cat\/ca\/","name":"ICIP","description":"","publisher":{"@id":"https:\/\/www.icip.cat\/ca\/#organization"},"potentialAction":[{"@type":"SearchAction","target":{"@type":"EntryPoint","urlTemplate":"https:\/\/www.icip.cat\/ca\/?s={search_term_string}"},"query-input":{"@type":"PropertyValueSpecification","valueRequired":true,"valueName":"search_term_string"}}],"inLanguage":"ca"},{"@type":"Organization","@id":"https:\/\/www.icip.cat\/ca\/#organization","name":"ICIP","url":"https:\/\/www.icip.cat\/ca\/","logo":{"@type":"ImageObject","inLanguage":"ca","@id":"https:\/\/www.icip.cat\/ca\/#\/schema\/logo\/image\/","url":"https:\/\/www.icip.cat\/wp-content\/uploads\/2021\/02\/logo-2.png","contentUrl":"https:\/\/www.icip.cat\/wp-content\/uploads\/2021\/02\/logo-2.png","width":562,"height":391,"caption":"ICIP"},"image":{"@id":"https:\/\/www.icip.cat\/ca\/#\/schema\/logo\/image\/"}},{"@type":"Person","@id":"https:\/\/www.icip.cat\/ca\/#\/schema\/person\/35404003404833995eee2bb6e3115dc6","name":"whads","image":{"@type":"ImageObject","inLanguage":"ca","@id":"https:\/\/www.icip.cat\/ca\/#\/schema\/person\/image\/","url":"https:\/\/secure.gravatar.com\/avatar\/6a92e4ce03d9442c546cc4afecfc51777413608a6d55a7b50040700657b6b30f?s=96&d=mm&r=g","contentUrl":"https:\/\/secure.gravatar.com\/avatar\/6a92e4ce03d9442c546cc4afecfc51777413608a6d55a7b50040700657b6b30f?s=96&d=mm&r=g","caption":"whads"},"sameAs":["http:\/\/www.icip.cat"],"url":"https:\/\/www.icip.cat\/ca\/author\/whads\/"}]}},"_links":{"self":[{"href":"https:\/\/www.icip.cat\/ca\/wp-json\/wp\/v2\/posts\/3519","targetHints":{"allow":["GET"]}}],"collection":[{"href":"https:\/\/www.icip.cat\/ca\/wp-json\/wp\/v2\/posts"}],"about":[{"href":"https:\/\/www.icip.cat\/ca\/wp-json\/wp\/v2\/types\/post"}],"author":[{"embeddable":true,"href":"https:\/\/www.icip.cat\/ca\/wp-json\/wp\/v2\/users\/1"}],"replies":[{"embeddable":true,"href":"https:\/\/www.icip.cat\/ca\/wp-json\/wp\/v2\/comments?post=3519"}],"version-history":[{"count":1,"href":"https:\/\/www.icip.cat\/ca\/wp-json\/wp\/v2\/posts\/3519\/revisions"}],"predecessor-version":[{"id":22282,"href":"https:\/\/www.icip.cat\/ca\/wp-json\/wp\/v2\/posts\/3519\/revisions\/22282"}],"wp:featuredmedia":[{"embeddable":true,"href":"https:\/\/www.icip.cat\/ca\/wp-json\/wp\/v2\/media\/3520"}],"wp:attachment":[{"href":"https:\/\/www.icip.cat\/ca\/wp-json\/wp\/v2\/media?parent=3519"}],"wp:term":[{"taxonomy":"category","embeddable":true,"href":"https:\/\/www.icip.cat\/ca\/wp-json\/wp\/v2\/categories?post=3519"},{"taxonomy":"post_tag","embeddable":true,"href":"https:\/\/www.icip.cat\/ca\/wp-json\/wp\/v2\/tags?post=3519"}],"curies":[{"name":"wp","href":"https:\/\/api.w.org\/{rel}","templated":true}]}}