{"id":3527,"date":"2019-02-27T08:00:00","date_gmt":"2019-02-27T08:00:00","guid":{"rendered":"http:\/\/www.icip.cat\/origens-i-evolucio-del-moviment-per-la-pau-a-catalunya-1950-1980-de-xavier-gari\/"},"modified":"2019-02-27T08:00:00","modified_gmt":"2019-02-27T08:00:00","slug":"origens-i-evolucio-del-moviment-per-la-pau-a-catalunya-1950-1980-de-xavier-gari","status":"publish","type":"post","link":"https:\/\/www.icip.cat\/ca\/origens-i-evolucio-del-moviment-per-la-pau-a-catalunya-1950-1980-de-xavier-gari\/","title":{"rendered":"&#8220;Or\u00edgens i evoluci\u00f3 del moviment per la pau a Catalunya (1950-1980)&#8221;, de Xavier Gar\u00ed"},"content":{"rendered":"<p>Or\u00edgens i evoluci\u00f3 del moviment per la pau a Catalunya (1950-1980) \u00e9s un llibre fruit de la tesi doctoral de Xavier Gar\u00ed que explora els or\u00edgens i l\u2019arrelament del moviment per la pau a Catalunya, en el per\u00edode compr\u00e8s entre 1950 i 1980. L&#8217;autor fa una descripci\u00f3 extensa de la branca catalana de Pax Christi Internacional i el col\u00b7lectiu barcelon\u00ed dels Amics de l\u2019Arca, com a pioners del moviment i responsables de la introducci\u00f3 de la doctrina de la pau i la noviol\u00e8ncia en una societat governada per una cultura militar i repressiva. Tamb\u00e9 recorre altres iniciatives importants per la consolidaci\u00f3 del moviment com l\u2019organitzaci\u00f3 Just\u00edcia i Pau, l\u2019Institut V\u00edctor Seix de Polemologia o la campanya per l\u2019Objecci\u00f3 de Consci\u00e8ncia.<br \/>\n&#8220;El llibre de Xavier Gar\u00ed de Barbar\u00e0 \u00e9s l\u2019aportaci\u00f3 m\u00e9s important que s\u2019ha fet fins ara per tal d\u2019aprofundir en el coneixement dels or\u00edgens del pacifisme catal\u00e0 d\u2019arrel cristiana&#8221;. Jos\u00e9 Luis Gordillo (pr\u00f2leg).<br \/>\nL&#8217;autor<br \/>\nXavier Gar\u00ed de Barbar\u00e0 (Barcelona, 1974) \u00e9s doctor en Hist\u00f2ria Contempor\u00e0nia i professor de la Facultat d\u2019Humanitats de la Universitat Internacional de Catalunya. \u00c9s fundador del Centre d\u2019Estudis de la Noviol\u00e8ncia de Catalunya i director de l\u2019Escola de Pau i Conflictes de la Universitat Internacional Men\u00e9ndez Pelayo de Barcelona. Els seus camps de recerca s\u00f3n la hist\u00f2ria de la pau, la teoria i estrat\u00e8gia de la noviol\u00e8ncia i la gesti\u00f3 de conflictes.<\/p>\n","protected":false},"excerpt":{"rendered":"<p>Nou t\u00edtol de la col\u00b7lecci\u00f3 &#8220;Noviol\u00e8ncia i lluita per la pau&#8221;, editada per l&#8217;ICIP i Pag\u00e8s Editors.<\/p>\n","protected":false},"author":1,"featured_media":3528,"comment_status":"closed","ping_status":"open","sticky":false,"template":"","format":"standard","meta":{"_acf_changed":false,"footnotes":""},"categories":[4],"tags":[],"class_list":["post-3527","post","type-post","status-publish","format-standard","has-post-thumbnail","hentry","category-sense-categoria"],"acf":[],"yoast_head":"<!-- This site is optimized with the Yoast SEO plugin v25.6 - https:\/\/yoast.com\/wordpress\/plugins\/seo\/ -->\n<title>&quot;Or\u00edgens i evoluci\u00f3 del moviment per la pau a Catalunya (1950-1980)&quot;, de Xavier Gar\u00ed - ICIP<\/title>\n<meta name=\"robots\" content=\"index, follow, max-snippet:-1, max-image-preview:large, max-video-preview:-1\" \/>\n<link rel=\"canonical\" href=\"https:\/\/www.icip.cat\/ca\/origens-i-evolucio-del-moviment-per-la-pau-a-catalunya-1950-1980-de-xavier-gari\/\" \/>\n<meta property=\"og:locale\" content=\"ca_ES\" \/>\n<meta property=\"og:type\" content=\"article\" \/>\n<meta property=\"og:title\" content=\"&quot;Or\u00edgens i evoluci\u00f3 del moviment per la pau a Catalunya (1950-1980)&quot;, de Xavier Gar\u00ed - ICIP\" \/>\n<meta property=\"og:description\" content=\"Nou t\u00edtol de la col\u00b7lecci\u00f3 &quot;Noviol\u00e8ncia i lluita per la pau&quot;, editada per l&#039;ICIP i Pag\u00e8s Editors.\" \/>\n<meta property=\"og:url\" content=\"https:\/\/www.icip.cat\/ca\/origens-i-evolucio-del-moviment-per-la-pau-a-catalunya-1950-1980-de-xavier-gari\/\" \/>\n<meta property=\"og:site_name\" content=\"ICIP\" \/>\n<meta property=\"article:published_time\" content=\"2019-02-27T08:00:00+00:00\" \/>\n<meta property=\"og:image\" content=\"https:\/\/www.icip.cat\/wp-content\/uploads\/2019\/02\/noviolenciaweb.jpg_1329604716.jpg\" \/>\n\t<meta property=\"og:image:width\" content=\"160\" \/>\n\t<meta property=\"og:image:height\" content=\"208\" \/>\n\t<meta property=\"og:image:type\" content=\"image\/jpeg\" \/>\n<meta name=\"author\" content=\"whads\" \/>\n<meta name=\"twitter:card\" content=\"summary_large_image\" \/>\n<meta name=\"twitter:label1\" content=\"Escrit per\" \/>\n\t<meta name=\"twitter:data1\" content=\"whads\" \/>\n\t<meta name=\"twitter:label2\" content=\"Temps estimat de lectura\" \/>\n\t<meta name=\"twitter:data2\" content=\"1 minut\" \/>\n<script type=\"application\/ld+json\" class=\"yoast-schema-graph\">{\"@context\":\"https:\/\/schema.org\",\"@graph\":[{\"@type\":\"Article\",\"@id\":\"https:\/\/www.icip.cat\/ca\/origens-i-evolucio-del-moviment-per-la-pau-a-catalunya-1950-1980-de-xavier-gari\/#article\",\"isPartOf\":{\"@id\":\"https:\/\/www.icip.cat\/ca\/origens-i-evolucio-del-moviment-per-la-pau-a-catalunya-1950-1980-de-xavier-gari\/\"},\"author\":{\"name\":\"whads\",\"@id\":\"https:\/\/www.icip.cat\/ca\/#\/schema\/person\/35404003404833995eee2bb6e3115dc6\"},\"headline\":\"&#8220;Or\u00edgens i evoluci\u00f3 del moviment per la pau a Catalunya (1950-1980)&#8221;, de Xavier Gar\u00ed\",\"datePublished\":\"2019-02-27T08:00:00+00:00\",\"mainEntityOfPage\":{\"@id\":\"https:\/\/www.icip.cat\/ca\/origens-i-evolucio-del-moviment-per-la-pau-a-catalunya-1950-1980-de-xavier-gari\/\"},\"wordCount\":272,\"publisher\":{\"@id\":\"https:\/\/www.icip.cat\/ca\/#organization\"},\"image\":{\"@id\":\"https:\/\/www.icip.cat\/ca\/origens-i-evolucio-del-moviment-per-la-pau-a-catalunya-1950-1980-de-xavier-gari\/#primaryimage\"},\"thumbnailUrl\":\"https:\/\/www.icip.cat\/wp-content\/uploads\/2019\/02\/noviolenciaweb.jpg_1329604716.jpg\",\"inLanguage\":\"ca\"},{\"@type\":\"WebPage\",\"@id\":\"https:\/\/www.icip.cat\/ca\/origens-i-evolucio-del-moviment-per-la-pau-a-catalunya-1950-1980-de-xavier-gari\/\",\"url\":\"https:\/\/www.icip.cat\/ca\/origens-i-evolucio-del-moviment-per-la-pau-a-catalunya-1950-1980-de-xavier-gari\/\",\"name\":\"\\\"Or\u00edgens i evoluci\u00f3 del moviment per la pau a Catalunya (1950-1980)\\\", de Xavier Gar\u00ed - ICIP\",\"isPartOf\":{\"@id\":\"https:\/\/www.icip.cat\/ca\/#website\"},\"primaryImageOfPage\":{\"@id\":\"https:\/\/www.icip.cat\/ca\/origens-i-evolucio-del-moviment-per-la-pau-a-catalunya-1950-1980-de-xavier-gari\/#primaryimage\"},\"image\":{\"@id\":\"https:\/\/www.icip.cat\/ca\/origens-i-evolucio-del-moviment-per-la-pau-a-catalunya-1950-1980-de-xavier-gari\/#primaryimage\"},\"thumbnailUrl\":\"https:\/\/www.icip.cat\/wp-content\/uploads\/2019\/02\/noviolenciaweb.jpg_1329604716.jpg\",\"datePublished\":\"2019-02-27T08:00:00+00:00\",\"inLanguage\":\"ca\",\"potentialAction\":[{\"@type\":\"ReadAction\",\"target\":[\"https:\/\/www.icip.cat\/ca\/origens-i-evolucio-del-moviment-per-la-pau-a-catalunya-1950-1980-de-xavier-gari\/\"]}]},{\"@type\":\"ImageObject\",\"inLanguage\":\"ca\",\"@id\":\"https:\/\/www.icip.cat\/ca\/origens-i-evolucio-del-moviment-per-la-pau-a-catalunya-1950-1980-de-xavier-gari\/#primaryimage\",\"url\":\"https:\/\/www.icip.cat\/wp-content\/uploads\/2019\/02\/noviolenciaweb.jpg_1329604716.jpg\",\"contentUrl\":\"https:\/\/www.icip.cat\/wp-content\/uploads\/2019\/02\/noviolenciaweb.jpg_1329604716.jpg\",\"width\":160,\"height\":208,\"caption\":\"\\\"Or\u00edgens i evoluci\u00f3 del moviment per la pau a Catalunya (1950-1980)\\\", de Xavier Gar\u00ed\"},{\"@type\":\"WebSite\",\"@id\":\"https:\/\/www.icip.cat\/ca\/#website\",\"url\":\"https:\/\/www.icip.cat\/ca\/\",\"name\":\"ICIP\",\"description\":\"\",\"publisher\":{\"@id\":\"https:\/\/www.icip.cat\/ca\/#organization\"},\"potentialAction\":[{\"@type\":\"SearchAction\",\"target\":{\"@type\":\"EntryPoint\",\"urlTemplate\":\"https:\/\/www.icip.cat\/ca\/?s={search_term_string}\"},\"query-input\":{\"@type\":\"PropertyValueSpecification\",\"valueRequired\":true,\"valueName\":\"search_term_string\"}}],\"inLanguage\":\"ca\"},{\"@type\":\"Organization\",\"@id\":\"https:\/\/www.icip.cat\/ca\/#organization\",\"name\":\"ICIP\",\"url\":\"https:\/\/www.icip.cat\/ca\/\",\"logo\":{\"@type\":\"ImageObject\",\"inLanguage\":\"ca\",\"@id\":\"https:\/\/www.icip.cat\/ca\/#\/schema\/logo\/image\/\",\"url\":\"https:\/\/www.icip.cat\/wp-content\/uploads\/2021\/02\/logo-2.png\",\"contentUrl\":\"https:\/\/www.icip.cat\/wp-content\/uploads\/2021\/02\/logo-2.png\",\"width\":562,\"height\":391,\"caption\":\"ICIP\"},\"image\":{\"@id\":\"https:\/\/www.icip.cat\/ca\/#\/schema\/logo\/image\/\"}},{\"@type\":\"Person\",\"@id\":\"https:\/\/www.icip.cat\/ca\/#\/schema\/person\/35404003404833995eee2bb6e3115dc6\",\"name\":\"whads\",\"image\":{\"@type\":\"ImageObject\",\"inLanguage\":\"ca\",\"@id\":\"https:\/\/www.icip.cat\/ca\/#\/schema\/person\/image\/\",\"url\":\"https:\/\/secure.gravatar.com\/avatar\/6a92e4ce03d9442c546cc4afecfc51777413608a6d55a7b50040700657b6b30f?s=96&d=mm&r=g\",\"contentUrl\":\"https:\/\/secure.gravatar.com\/avatar\/6a92e4ce03d9442c546cc4afecfc51777413608a6d55a7b50040700657b6b30f?s=96&d=mm&r=g\",\"caption\":\"whads\"},\"sameAs\":[\"http:\/\/www.icip.cat\"],\"url\":\"https:\/\/www.icip.cat\/ca\/author\/whads\/\"}]}<\/script>\n<!-- \/ Yoast SEO plugin. -->","yoast_head_json":{"title":"\"Or\u00edgens i evoluci\u00f3 del moviment per la pau a Catalunya (1950-1980)\", de Xavier Gar\u00ed - ICIP","robots":{"index":"index","follow":"follow","max-snippet":"max-snippet:-1","max-image-preview":"max-image-preview:large","max-video-preview":"max-video-preview:-1"},"canonical":"https:\/\/www.icip.cat\/ca\/origens-i-evolucio-del-moviment-per-la-pau-a-catalunya-1950-1980-de-xavier-gari\/","og_locale":"ca_ES","og_type":"article","og_title":"\"Or\u00edgens i evoluci\u00f3 del moviment per la pau a Catalunya (1950-1980)\", de Xavier Gar\u00ed - ICIP","og_description":"Nou t\u00edtol de la col\u00b7lecci\u00f3 \"Noviol\u00e8ncia i lluita per la pau\", editada per l'ICIP i Pag\u00e8s Editors.","og_url":"https:\/\/www.icip.cat\/ca\/origens-i-evolucio-del-moviment-per-la-pau-a-catalunya-1950-1980-de-xavier-gari\/","og_site_name":"ICIP","article_published_time":"2019-02-27T08:00:00+00:00","og_image":[{"width":160,"height":208,"url":"https:\/\/www.icip.cat\/wp-content\/uploads\/2019\/02\/noviolenciaweb.jpg_1329604716.jpg","type":"image\/jpeg"}],"author":"whads","twitter_card":"summary_large_image","twitter_misc":{"Escrit per":"whads","Temps estimat de lectura":"1 minut"},"schema":{"@context":"https:\/\/schema.org","@graph":[{"@type":"Article","@id":"https:\/\/www.icip.cat\/ca\/origens-i-evolucio-del-moviment-per-la-pau-a-catalunya-1950-1980-de-xavier-gari\/#article","isPartOf":{"@id":"https:\/\/www.icip.cat\/ca\/origens-i-evolucio-del-moviment-per-la-pau-a-catalunya-1950-1980-de-xavier-gari\/"},"author":{"name":"whads","@id":"https:\/\/www.icip.cat\/ca\/#\/schema\/person\/35404003404833995eee2bb6e3115dc6"},"headline":"&#8220;Or\u00edgens i evoluci\u00f3 del moviment per la pau a Catalunya (1950-1980)&#8221;, de Xavier Gar\u00ed","datePublished":"2019-02-27T08:00:00+00:00","mainEntityOfPage":{"@id":"https:\/\/www.icip.cat\/ca\/origens-i-evolucio-del-moviment-per-la-pau-a-catalunya-1950-1980-de-xavier-gari\/"},"wordCount":272,"publisher":{"@id":"https:\/\/www.icip.cat\/ca\/#organization"},"image":{"@id":"https:\/\/www.icip.cat\/ca\/origens-i-evolucio-del-moviment-per-la-pau-a-catalunya-1950-1980-de-xavier-gari\/#primaryimage"},"thumbnailUrl":"https:\/\/www.icip.cat\/wp-content\/uploads\/2019\/02\/noviolenciaweb.jpg_1329604716.jpg","inLanguage":"ca"},{"@type":"WebPage","@id":"https:\/\/www.icip.cat\/ca\/origens-i-evolucio-del-moviment-per-la-pau-a-catalunya-1950-1980-de-xavier-gari\/","url":"https:\/\/www.icip.cat\/ca\/origens-i-evolucio-del-moviment-per-la-pau-a-catalunya-1950-1980-de-xavier-gari\/","name":"\"Or\u00edgens i evoluci\u00f3 del moviment per la pau a Catalunya (1950-1980)\", de Xavier Gar\u00ed - ICIP","isPartOf":{"@id":"https:\/\/www.icip.cat\/ca\/#website"},"primaryImageOfPage":{"@id":"https:\/\/www.icip.cat\/ca\/origens-i-evolucio-del-moviment-per-la-pau-a-catalunya-1950-1980-de-xavier-gari\/#primaryimage"},"image":{"@id":"https:\/\/www.icip.cat\/ca\/origens-i-evolucio-del-moviment-per-la-pau-a-catalunya-1950-1980-de-xavier-gari\/#primaryimage"},"thumbnailUrl":"https:\/\/www.icip.cat\/wp-content\/uploads\/2019\/02\/noviolenciaweb.jpg_1329604716.jpg","datePublished":"2019-02-27T08:00:00+00:00","inLanguage":"ca","potentialAction":[{"@type":"ReadAction","target":["https:\/\/www.icip.cat\/ca\/origens-i-evolucio-del-moviment-per-la-pau-a-catalunya-1950-1980-de-xavier-gari\/"]}]},{"@type":"ImageObject","inLanguage":"ca","@id":"https:\/\/www.icip.cat\/ca\/origens-i-evolucio-del-moviment-per-la-pau-a-catalunya-1950-1980-de-xavier-gari\/#primaryimage","url":"https:\/\/www.icip.cat\/wp-content\/uploads\/2019\/02\/noviolenciaweb.jpg_1329604716.jpg","contentUrl":"https:\/\/www.icip.cat\/wp-content\/uploads\/2019\/02\/noviolenciaweb.jpg_1329604716.jpg","width":160,"height":208,"caption":"\"Or\u00edgens i evoluci\u00f3 del moviment per la pau a Catalunya (1950-1980)\", de Xavier Gar\u00ed"},{"@type":"WebSite","@id":"https:\/\/www.icip.cat\/ca\/#website","url":"https:\/\/www.icip.cat\/ca\/","name":"ICIP","description":"","publisher":{"@id":"https:\/\/www.icip.cat\/ca\/#organization"},"potentialAction":[{"@type":"SearchAction","target":{"@type":"EntryPoint","urlTemplate":"https:\/\/www.icip.cat\/ca\/?s={search_term_string}"},"query-input":{"@type":"PropertyValueSpecification","valueRequired":true,"valueName":"search_term_string"}}],"inLanguage":"ca"},{"@type":"Organization","@id":"https:\/\/www.icip.cat\/ca\/#organization","name":"ICIP","url":"https:\/\/www.icip.cat\/ca\/","logo":{"@type":"ImageObject","inLanguage":"ca","@id":"https:\/\/www.icip.cat\/ca\/#\/schema\/logo\/image\/","url":"https:\/\/www.icip.cat\/wp-content\/uploads\/2021\/02\/logo-2.png","contentUrl":"https:\/\/www.icip.cat\/wp-content\/uploads\/2021\/02\/logo-2.png","width":562,"height":391,"caption":"ICIP"},"image":{"@id":"https:\/\/www.icip.cat\/ca\/#\/schema\/logo\/image\/"}},{"@type":"Person","@id":"https:\/\/www.icip.cat\/ca\/#\/schema\/person\/35404003404833995eee2bb6e3115dc6","name":"whads","image":{"@type":"ImageObject","inLanguage":"ca","@id":"https:\/\/www.icip.cat\/ca\/#\/schema\/person\/image\/","url":"https:\/\/secure.gravatar.com\/avatar\/6a92e4ce03d9442c546cc4afecfc51777413608a6d55a7b50040700657b6b30f?s=96&d=mm&r=g","contentUrl":"https:\/\/secure.gravatar.com\/avatar\/6a92e4ce03d9442c546cc4afecfc51777413608a6d55a7b50040700657b6b30f?s=96&d=mm&r=g","caption":"whads"},"sameAs":["http:\/\/www.icip.cat"],"url":"https:\/\/www.icip.cat\/ca\/author\/whads\/"}]}},"_links":{"self":[{"href":"https:\/\/www.icip.cat\/ca\/wp-json\/wp\/v2\/posts\/3527","targetHints":{"allow":["GET"]}}],"collection":[{"href":"https:\/\/www.icip.cat\/ca\/wp-json\/wp\/v2\/posts"}],"about":[{"href":"https:\/\/www.icip.cat\/ca\/wp-json\/wp\/v2\/types\/post"}],"author":[{"embeddable":true,"href":"https:\/\/www.icip.cat\/ca\/wp-json\/wp\/v2\/users\/1"}],"replies":[{"embeddable":true,"href":"https:\/\/www.icip.cat\/ca\/wp-json\/wp\/v2\/comments?post=3527"}],"version-history":[{"count":0,"href":"https:\/\/www.icip.cat\/ca\/wp-json\/wp\/v2\/posts\/3527\/revisions"}],"wp:featuredmedia":[{"embeddable":true,"href":"https:\/\/www.icip.cat\/ca\/wp-json\/wp\/v2\/media\/3528"}],"wp:attachment":[{"href":"https:\/\/www.icip.cat\/ca\/wp-json\/wp\/v2\/media?parent=3527"}],"wp:term":[{"taxonomy":"category","embeddable":true,"href":"https:\/\/www.icip.cat\/ca\/wp-json\/wp\/v2\/categories?post=3527"},{"taxonomy":"post_tag","embeddable":true,"href":"https:\/\/www.icip.cat\/ca\/wp-json\/wp\/v2\/tags?post=3527"}],"curies":[{"name":"wp","href":"https:\/\/api.w.org\/{rel}","templated":true}]}}