{"id":3547,"date":"2018-12-19T08:00:00","date_gmt":"2018-12-19T08:00:00","guid":{"rendered":"http:\/\/www.icip.cat\/trobada-anual-de-la-xarxa-sobre-empreses-conflictes-i-drets-humans-a-ginebra\/"},"modified":"2018-12-19T08:00:00","modified_gmt":"2018-12-19T08:00:00","slug":"trobada-anual-de-la-xarxa-sobre-empreses-conflictes-i-drets-humans-a-ginebra","status":"publish","type":"post","link":"https:\/\/www.icip.cat\/ca\/trobada-anual-de-la-xarxa-sobre-empreses-conflictes-i-drets-humans-a-ginebra\/","title":{"rendered":"Trobada anual de la Xarxa sobre Empreses, Conflictes i Drets Humans a Ginebra"},"content":{"rendered":"<p>El passat 29 de novembre m\u00e9s de 50 persones expertes van participar a Ginebra a la setena confer\u00e8ncia anual de la Xarxa Internacional de Recerca sobre Empreses, Conflictes i Drets Humans (BCHR Network), coordinada per l&#8217;ICIP i constitu\u00efda formalment ara fa tres anys.<br \/>\nLa coordinadora de la confer\u00e8ncia i directora de la Xarxa, Maria Prandi, va donar la benvinguda i, tot seguit, l\u2019advocada Clara Gonzales (Sherpa) va presentar el cas LaFarge, el que va obrir una reflexi\u00f3 sobre la responsabilitat legal de les empreses en zones de conflicte. En la segona sessi\u00f3 hi va participar Irene Pietropaoli, Tara Van Ho, Daniel Aguirre, Rosana Alija, i Mark Taylor com a moderador, en un panell de discussi\u00f3 centrat en aprofundir en la connexi\u00f3 entre els camps d\u2019empresa i drets humans en processos de just\u00edcia transicional, explorant les necessitats i reptes pendents des de diferents punts de vista.<br \/>\nA la tercera sessi\u00f3, Gianfranco Fattorini, Erik Hagen, Haddamin Moulud Said, Marya Farah i Omeima Abdeslam com a moderadora van parlar de la responsabilitat de les empreses en territoris ocupats, especialment en relaci\u00f3 al S\u00e0hara Occidental, els Territoris Palestins Ocupats (OPT, per les seves sigles en angl\u00e8s) i Crimea.<br \/>\nLa darrera sessi\u00f3 va tenir com a objectiu discutir sobre la implementaci\u00f3 dels Principis Rectors de l\u2019ONU sobre empreses i drets humans en situacions de conflicte i postconflicte, en un format de consulta liderat pel Grup de Treball Intergovernamental sobre Empreses i Drets Humans. En aquesta sessi\u00f3, Anita Ramasastry i G\u00e9rald Pachoud van dinamitzar un enriquidor intercanvi d\u2019idees i d\u2019aportacions sobre la responsabilitat de les empreses, les compensacions i reparacions en relaci\u00f3 a la construcci\u00f3 de la pau al llarg del cicle del conflicte, per tal d\u2019anar consolidant el projecte que volen presentar el 2020 al Consell de Drets Humans de Nacions Unides.<br \/>\nAl final de la jornada es va celebrar l&#8217;Assemblea General de la Xarxa on Maria Prandi i Antoni Pigrau, director del programa \u201cEmpreses,, conflictes i drets humans\u201d de l\u2019ICIP, van compartir les sol\u00b7licituds per formar part del grup, la possibilitat de futures confer\u00e8ncies i la voluntat de continuar amb la sinergia entre el Grup de Treball de Nacions Unides i la Xarxa.<\/p>\n","protected":false},"excerpt":{"rendered":"<p>M\u00e9s de 50 persones expertes internacionals van debatre sobre el paper de les empreses en contextos de conflicte social greu o conflicte armat.<\/p>\n","protected":false},"author":1,"featured_media":3548,"comment_status":"closed","ping_status":"open","sticky":false,"template":"","format":"standard","meta":{"_acf_changed":false,"footnotes":""},"categories":[4],"tags":[],"class_list":["post-3547","post","type-post","status-publish","format-standard","has-post-thumbnail","hentry","category-sense-categoria"],"acf":[],"yoast_head":"<!-- This site is optimized with the Yoast SEO plugin v25.6 - https:\/\/yoast.com\/wordpress\/plugins\/seo\/ -->\n<title>Trobada anual de la Xarxa sobre Empreses, Conflictes i Drets Humans a Ginebra - ICIP<\/title>\n<meta name=\"robots\" content=\"index, follow, max-snippet:-1, max-image-preview:large, max-video-preview:-1\" \/>\n<link rel=\"canonical\" href=\"https:\/\/www.icip.cat\/ca\/trobada-anual-de-la-xarxa-sobre-empreses-conflictes-i-drets-humans-a-ginebra\/\" \/>\n<meta property=\"og:locale\" content=\"ca_ES\" \/>\n<meta property=\"og:type\" content=\"article\" \/>\n<meta property=\"og:title\" content=\"Trobada anual de la Xarxa sobre Empreses, Conflictes i Drets Humans a Ginebra - ICIP\" \/>\n<meta property=\"og:description\" content=\"M\u00e9s de 50 persones expertes internacionals van debatre sobre el paper de les empreses en contextos de conflicte social greu o conflicte armat.\" \/>\n<meta property=\"og:url\" content=\"https:\/\/www.icip.cat\/ca\/trobada-anual-de-la-xarxa-sobre-empreses-conflictes-i-drets-humans-a-ginebra\/\" \/>\n<meta property=\"og:site_name\" content=\"ICIP\" \/>\n<meta property=\"article:published_time\" content=\"2018-12-19T08:00:00+00:00\" \/>\n<meta property=\"og:image\" content=\"https:\/\/www.icip.cat\/wp-content\/uploads\/2018\/12\/ginebra2.jpg_1715343636.jpg\" \/>\n\t<meta property=\"og:image:width\" content=\"190\" \/>\n\t<meta property=\"og:image:height\" content=\"148\" \/>\n\t<meta property=\"og:image:type\" content=\"image\/jpeg\" \/>\n<meta name=\"author\" content=\"whads\" \/>\n<meta name=\"twitter:card\" content=\"summary_large_image\" \/>\n<meta name=\"twitter:label1\" content=\"Escrit per\" \/>\n\t<meta name=\"twitter:data1\" content=\"whads\" \/>\n\t<meta name=\"twitter:label2\" content=\"Temps estimat de lectura\" \/>\n\t<meta name=\"twitter:data2\" content=\"2 minuts\" \/>\n<script type=\"application\/ld+json\" class=\"yoast-schema-graph\">{\"@context\":\"https:\/\/schema.org\",\"@graph\":[{\"@type\":\"Article\",\"@id\":\"https:\/\/www.icip.cat\/ca\/trobada-anual-de-la-xarxa-sobre-empreses-conflictes-i-drets-humans-a-ginebra\/#article\",\"isPartOf\":{\"@id\":\"https:\/\/www.icip.cat\/ca\/trobada-anual-de-la-xarxa-sobre-empreses-conflictes-i-drets-humans-a-ginebra\/\"},\"author\":{\"name\":\"whads\",\"@id\":\"https:\/\/www.icip.cat\/ca\/#\/schema\/person\/35404003404833995eee2bb6e3115dc6\"},\"headline\":\"Trobada anual de la Xarxa sobre Empreses, Conflictes i Drets Humans a Ginebra\",\"datePublished\":\"2018-12-19T08:00:00+00:00\",\"mainEntityOfPage\":{\"@id\":\"https:\/\/www.icip.cat\/ca\/trobada-anual-de-la-xarxa-sobre-empreses-conflictes-i-drets-humans-a-ginebra\/\"},\"wordCount\":388,\"publisher\":{\"@id\":\"https:\/\/www.icip.cat\/ca\/#organization\"},\"image\":{\"@id\":\"https:\/\/www.icip.cat\/ca\/trobada-anual-de-la-xarxa-sobre-empreses-conflictes-i-drets-humans-a-ginebra\/#primaryimage\"},\"thumbnailUrl\":\"https:\/\/www.icip.cat\/wp-content\/uploads\/2018\/12\/ginebra2.jpg_1715343636.jpg\",\"inLanguage\":\"ca\"},{\"@type\":\"WebPage\",\"@id\":\"https:\/\/www.icip.cat\/ca\/trobada-anual-de-la-xarxa-sobre-empreses-conflictes-i-drets-humans-a-ginebra\/\",\"url\":\"https:\/\/www.icip.cat\/ca\/trobada-anual-de-la-xarxa-sobre-empreses-conflictes-i-drets-humans-a-ginebra\/\",\"name\":\"Trobada anual de la Xarxa sobre Empreses, Conflictes i Drets Humans a Ginebra - ICIP\",\"isPartOf\":{\"@id\":\"https:\/\/www.icip.cat\/ca\/#website\"},\"primaryImageOfPage\":{\"@id\":\"https:\/\/www.icip.cat\/ca\/trobada-anual-de-la-xarxa-sobre-empreses-conflictes-i-drets-humans-a-ginebra\/#primaryimage\"},\"image\":{\"@id\":\"https:\/\/www.icip.cat\/ca\/trobada-anual-de-la-xarxa-sobre-empreses-conflictes-i-drets-humans-a-ginebra\/#primaryimage\"},\"thumbnailUrl\":\"https:\/\/www.icip.cat\/wp-content\/uploads\/2018\/12\/ginebra2.jpg_1715343636.jpg\",\"datePublished\":\"2018-12-19T08:00:00+00:00\",\"inLanguage\":\"ca\",\"potentialAction\":[{\"@type\":\"ReadAction\",\"target\":[\"https:\/\/www.icip.cat\/ca\/trobada-anual-de-la-xarxa-sobre-empreses-conflictes-i-drets-humans-a-ginebra\/\"]}]},{\"@type\":\"ImageObject\",\"inLanguage\":\"ca\",\"@id\":\"https:\/\/www.icip.cat\/ca\/trobada-anual-de-la-xarxa-sobre-empreses-conflictes-i-drets-humans-a-ginebra\/#primaryimage\",\"url\":\"https:\/\/www.icip.cat\/wp-content\/uploads\/2018\/12\/ginebra2.jpg_1715343636.jpg\",\"contentUrl\":\"https:\/\/www.icip.cat\/wp-content\/uploads\/2018\/12\/ginebra2.jpg_1715343636.jpg\",\"width\":190,\"height\":148,\"caption\":\"Trobada anual de la Xarxa sobre Empreses, Conflictes i Drets Humans a Ginebra\"},{\"@type\":\"WebSite\",\"@id\":\"https:\/\/www.icip.cat\/ca\/#website\",\"url\":\"https:\/\/www.icip.cat\/ca\/\",\"name\":\"ICIP\",\"description\":\"\",\"publisher\":{\"@id\":\"https:\/\/www.icip.cat\/ca\/#organization\"},\"potentialAction\":[{\"@type\":\"SearchAction\",\"target\":{\"@type\":\"EntryPoint\",\"urlTemplate\":\"https:\/\/www.icip.cat\/ca\/?s={search_term_string}\"},\"query-input\":{\"@type\":\"PropertyValueSpecification\",\"valueRequired\":true,\"valueName\":\"search_term_string\"}}],\"inLanguage\":\"ca\"},{\"@type\":\"Organization\",\"@id\":\"https:\/\/www.icip.cat\/ca\/#organization\",\"name\":\"ICIP\",\"url\":\"https:\/\/www.icip.cat\/ca\/\",\"logo\":{\"@type\":\"ImageObject\",\"inLanguage\":\"ca\",\"@id\":\"https:\/\/www.icip.cat\/ca\/#\/schema\/logo\/image\/\",\"url\":\"https:\/\/www.icip.cat\/wp-content\/uploads\/2021\/02\/logo-2.png\",\"contentUrl\":\"https:\/\/www.icip.cat\/wp-content\/uploads\/2021\/02\/logo-2.png\",\"width\":562,\"height\":391,\"caption\":\"ICIP\"},\"image\":{\"@id\":\"https:\/\/www.icip.cat\/ca\/#\/schema\/logo\/image\/\"}},{\"@type\":\"Person\",\"@id\":\"https:\/\/www.icip.cat\/ca\/#\/schema\/person\/35404003404833995eee2bb6e3115dc6\",\"name\":\"whads\",\"image\":{\"@type\":\"ImageObject\",\"inLanguage\":\"ca\",\"@id\":\"https:\/\/www.icip.cat\/ca\/#\/schema\/person\/image\/\",\"url\":\"https:\/\/secure.gravatar.com\/avatar\/6a92e4ce03d9442c546cc4afecfc51777413608a6d55a7b50040700657b6b30f?s=96&d=mm&r=g\",\"contentUrl\":\"https:\/\/secure.gravatar.com\/avatar\/6a92e4ce03d9442c546cc4afecfc51777413608a6d55a7b50040700657b6b30f?s=96&d=mm&r=g\",\"caption\":\"whads\"},\"sameAs\":[\"http:\/\/www.icip.cat\"],\"url\":\"https:\/\/www.icip.cat\/ca\/author\/whads\/\"}]}<\/script>\n<!-- \/ Yoast SEO plugin. -->","yoast_head_json":{"title":"Trobada anual de la Xarxa sobre Empreses, Conflictes i Drets Humans a Ginebra - ICIP","robots":{"index":"index","follow":"follow","max-snippet":"max-snippet:-1","max-image-preview":"max-image-preview:large","max-video-preview":"max-video-preview:-1"},"canonical":"https:\/\/www.icip.cat\/ca\/trobada-anual-de-la-xarxa-sobre-empreses-conflictes-i-drets-humans-a-ginebra\/","og_locale":"ca_ES","og_type":"article","og_title":"Trobada anual de la Xarxa sobre Empreses, Conflictes i Drets Humans a Ginebra - ICIP","og_description":"M\u00e9s de 50 persones expertes internacionals van debatre sobre el paper de les empreses en contextos de conflicte social greu o conflicte armat.","og_url":"https:\/\/www.icip.cat\/ca\/trobada-anual-de-la-xarxa-sobre-empreses-conflictes-i-drets-humans-a-ginebra\/","og_site_name":"ICIP","article_published_time":"2018-12-19T08:00:00+00:00","og_image":[{"width":190,"height":148,"url":"https:\/\/www.icip.cat\/wp-content\/uploads\/2018\/12\/ginebra2.jpg_1715343636.jpg","type":"image\/jpeg"}],"author":"whads","twitter_card":"summary_large_image","twitter_misc":{"Escrit per":"whads","Temps estimat de lectura":"2 minuts"},"schema":{"@context":"https:\/\/schema.org","@graph":[{"@type":"Article","@id":"https:\/\/www.icip.cat\/ca\/trobada-anual-de-la-xarxa-sobre-empreses-conflictes-i-drets-humans-a-ginebra\/#article","isPartOf":{"@id":"https:\/\/www.icip.cat\/ca\/trobada-anual-de-la-xarxa-sobre-empreses-conflictes-i-drets-humans-a-ginebra\/"},"author":{"name":"whads","@id":"https:\/\/www.icip.cat\/ca\/#\/schema\/person\/35404003404833995eee2bb6e3115dc6"},"headline":"Trobada anual de la Xarxa sobre Empreses, Conflictes i Drets Humans a Ginebra","datePublished":"2018-12-19T08:00:00+00:00","mainEntityOfPage":{"@id":"https:\/\/www.icip.cat\/ca\/trobada-anual-de-la-xarxa-sobre-empreses-conflictes-i-drets-humans-a-ginebra\/"},"wordCount":388,"publisher":{"@id":"https:\/\/www.icip.cat\/ca\/#organization"},"image":{"@id":"https:\/\/www.icip.cat\/ca\/trobada-anual-de-la-xarxa-sobre-empreses-conflictes-i-drets-humans-a-ginebra\/#primaryimage"},"thumbnailUrl":"https:\/\/www.icip.cat\/wp-content\/uploads\/2018\/12\/ginebra2.jpg_1715343636.jpg","inLanguage":"ca"},{"@type":"WebPage","@id":"https:\/\/www.icip.cat\/ca\/trobada-anual-de-la-xarxa-sobre-empreses-conflictes-i-drets-humans-a-ginebra\/","url":"https:\/\/www.icip.cat\/ca\/trobada-anual-de-la-xarxa-sobre-empreses-conflictes-i-drets-humans-a-ginebra\/","name":"Trobada anual de la Xarxa sobre Empreses, Conflictes i Drets Humans a Ginebra - ICIP","isPartOf":{"@id":"https:\/\/www.icip.cat\/ca\/#website"},"primaryImageOfPage":{"@id":"https:\/\/www.icip.cat\/ca\/trobada-anual-de-la-xarxa-sobre-empreses-conflictes-i-drets-humans-a-ginebra\/#primaryimage"},"image":{"@id":"https:\/\/www.icip.cat\/ca\/trobada-anual-de-la-xarxa-sobre-empreses-conflictes-i-drets-humans-a-ginebra\/#primaryimage"},"thumbnailUrl":"https:\/\/www.icip.cat\/wp-content\/uploads\/2018\/12\/ginebra2.jpg_1715343636.jpg","datePublished":"2018-12-19T08:00:00+00:00","inLanguage":"ca","potentialAction":[{"@type":"ReadAction","target":["https:\/\/www.icip.cat\/ca\/trobada-anual-de-la-xarxa-sobre-empreses-conflictes-i-drets-humans-a-ginebra\/"]}]},{"@type":"ImageObject","inLanguage":"ca","@id":"https:\/\/www.icip.cat\/ca\/trobada-anual-de-la-xarxa-sobre-empreses-conflictes-i-drets-humans-a-ginebra\/#primaryimage","url":"https:\/\/www.icip.cat\/wp-content\/uploads\/2018\/12\/ginebra2.jpg_1715343636.jpg","contentUrl":"https:\/\/www.icip.cat\/wp-content\/uploads\/2018\/12\/ginebra2.jpg_1715343636.jpg","width":190,"height":148,"caption":"Trobada anual de la Xarxa sobre Empreses, Conflictes i Drets Humans a Ginebra"},{"@type":"WebSite","@id":"https:\/\/www.icip.cat\/ca\/#website","url":"https:\/\/www.icip.cat\/ca\/","name":"ICIP","description":"","publisher":{"@id":"https:\/\/www.icip.cat\/ca\/#organization"},"potentialAction":[{"@type":"SearchAction","target":{"@type":"EntryPoint","urlTemplate":"https:\/\/www.icip.cat\/ca\/?s={search_term_string}"},"query-input":{"@type":"PropertyValueSpecification","valueRequired":true,"valueName":"search_term_string"}}],"inLanguage":"ca"},{"@type":"Organization","@id":"https:\/\/www.icip.cat\/ca\/#organization","name":"ICIP","url":"https:\/\/www.icip.cat\/ca\/","logo":{"@type":"ImageObject","inLanguage":"ca","@id":"https:\/\/www.icip.cat\/ca\/#\/schema\/logo\/image\/","url":"https:\/\/www.icip.cat\/wp-content\/uploads\/2021\/02\/logo-2.png","contentUrl":"https:\/\/www.icip.cat\/wp-content\/uploads\/2021\/02\/logo-2.png","width":562,"height":391,"caption":"ICIP"},"image":{"@id":"https:\/\/www.icip.cat\/ca\/#\/schema\/logo\/image\/"}},{"@type":"Person","@id":"https:\/\/www.icip.cat\/ca\/#\/schema\/person\/35404003404833995eee2bb6e3115dc6","name":"whads","image":{"@type":"ImageObject","inLanguage":"ca","@id":"https:\/\/www.icip.cat\/ca\/#\/schema\/person\/image\/","url":"https:\/\/secure.gravatar.com\/avatar\/6a92e4ce03d9442c546cc4afecfc51777413608a6d55a7b50040700657b6b30f?s=96&d=mm&r=g","contentUrl":"https:\/\/secure.gravatar.com\/avatar\/6a92e4ce03d9442c546cc4afecfc51777413608a6d55a7b50040700657b6b30f?s=96&d=mm&r=g","caption":"whads"},"sameAs":["http:\/\/www.icip.cat"],"url":"https:\/\/www.icip.cat\/ca\/author\/whads\/"}]}},"_links":{"self":[{"href":"https:\/\/www.icip.cat\/ca\/wp-json\/wp\/v2\/posts\/3547","targetHints":{"allow":["GET"]}}],"collection":[{"href":"https:\/\/www.icip.cat\/ca\/wp-json\/wp\/v2\/posts"}],"about":[{"href":"https:\/\/www.icip.cat\/ca\/wp-json\/wp\/v2\/types\/post"}],"author":[{"embeddable":true,"href":"https:\/\/www.icip.cat\/ca\/wp-json\/wp\/v2\/users\/1"}],"replies":[{"embeddable":true,"href":"https:\/\/www.icip.cat\/ca\/wp-json\/wp\/v2\/comments?post=3547"}],"version-history":[{"count":0,"href":"https:\/\/www.icip.cat\/ca\/wp-json\/wp\/v2\/posts\/3547\/revisions"}],"wp:featuredmedia":[{"embeddable":true,"href":"https:\/\/www.icip.cat\/ca\/wp-json\/wp\/v2\/media\/3548"}],"wp:attachment":[{"href":"https:\/\/www.icip.cat\/ca\/wp-json\/wp\/v2\/media?parent=3547"}],"wp:term":[{"taxonomy":"category","embeddable":true,"href":"https:\/\/www.icip.cat\/ca\/wp-json\/wp\/v2\/categories?post=3547"},{"taxonomy":"post_tag","embeddable":true,"href":"https:\/\/www.icip.cat\/ca\/wp-json\/wp\/v2\/tags?post=3547"}],"curies":[{"name":"wp","href":"https:\/\/api.w.org\/{rel}","templated":true}]}}