{"id":3587,"date":"2018-09-05T08:00:00","date_gmt":"2018-09-05T08:00:00","guid":{"rendered":"http:\/\/www.icip.cat\/mor-anna-bastida-pedagoga-i-membre-de-la-primera-junta-de-govern-de-licip\/"},"modified":"2018-09-05T08:00:00","modified_gmt":"2018-09-05T08:00:00","slug":"mor-anna-bastida-pedagoga-i-membre-de-la-primera-junta-de-govern-de-licip","status":"publish","type":"post","link":"https:\/\/www.icip.cat\/ca\/mor-anna-bastida-pedagoga-i-membre-de-la-primera-junta-de-govern-de-licip\/","title":{"rendered":"Mor Anna Bastida, pedagoga i membre de la primera Junta de Govern de l&#8217;ICIP"},"content":{"rendered":"<p>Anna Bastida (Manresa, 1951), qui va ser membre de la primera Junta de Govern de l&#8217;ICIP, l&#8217;any 2008, ha mort a l&#8217;edat de 67 anys.<br \/>\nProfessora del departament de Did\u00e0ctica de les Ci\u00e8ncies Socials de la Universitat de Barcelona, \u00e9s autora de diversos estudis sobre educaci\u00f3 per la pau a les escoles. Entre aquests, destaquen Desaprender la guerra. Una visi\u00f3n cr\u00edtica de la educaci\u00f3n para la paz (1994), Els conflictes armats (2003) o Estat de la q\u00fcesti\u00f3 de l&#8217;educaci\u00f3 per a la pau a Cataljunya i a l resta de l&#8217;estat espanyol (2009).<br \/>\nLa Junta de Govern i l&#8217;equip de l&#8217;ICIP lamentem molt la seva p\u00e8rdua i volem posar en valor la seva contribuci\u00f3 en l&#8217;\u00e0mbit de l&#8217;educaci\u00f3 per la pau.<\/p>\n","protected":false},"excerpt":{"rendered":"<p>Professora del departament de Did\u00e0ctica de les Ci\u00e8ncies Socials de la UB, \u00e9s autora de diversos estudis sobre educaci\u00f3 per la pau.<\/p>\n","protected":false},"author":1,"featured_media":3588,"comment_status":"closed","ping_status":"open","sticky":false,"template":"","format":"standard","meta":{"_acf_changed":false,"footnotes":""},"categories":[4],"tags":[],"class_list":["post-3587","post","type-post","status-publish","format-standard","has-post-thumbnail","hentry","category-sense-categoria"],"acf":[],"yoast_head":"<!-- This site is optimized with the Yoast SEO plugin v25.6 - https:\/\/yoast.com\/wordpress\/plugins\/seo\/ -->\n<title>Mor Anna Bastida, pedagoga i membre de la primera Junta de Govern de l&#039;ICIP - ICIP<\/title>\n<meta name=\"robots\" content=\"index, follow, max-snippet:-1, max-image-preview:large, max-video-preview:-1\" \/>\n<link rel=\"canonical\" href=\"https:\/\/www.icip.cat\/ca\/mor-anna-bastida-pedagoga-i-membre-de-la-primera-junta-de-govern-de-licip\/\" \/>\n<meta property=\"og:locale\" content=\"ca_ES\" \/>\n<meta property=\"og:type\" content=\"article\" \/>\n<meta property=\"og:title\" content=\"Mor Anna Bastida, pedagoga i membre de la primera Junta de Govern de l&#039;ICIP - ICIP\" \/>\n<meta property=\"og:description\" content=\"Professora del departament de Did\u00e0ctica de les Ci\u00e8ncies Socials de la UB, \u00e9s autora de diversos estudis sobre educaci\u00f3 per la pau.\" \/>\n<meta property=\"og:url\" content=\"https:\/\/www.icip.cat\/ca\/mor-anna-bastida-pedagoga-i-membre-de-la-primera-junta-de-govern-de-licip\/\" \/>\n<meta property=\"og:site_name\" content=\"ICIP\" \/>\n<meta property=\"article:published_time\" content=\"2018-09-05T08:00:00+00:00\" \/>\n<meta property=\"og:image\" content=\"https:\/\/www.icip.cat\/wp-content\/uploads\/2018\/09\/Anna-Bastida-2.jpg_1636844351.jpg\" \/>\n\t<meta property=\"og:image:width\" content=\"190\" \/>\n\t<meta property=\"og:image:height\" content=\"170\" \/>\n\t<meta property=\"og:image:type\" content=\"image\/jpeg\" \/>\n<meta name=\"author\" content=\"whads\" \/>\n<meta name=\"twitter:card\" content=\"summary_large_image\" \/>\n<meta name=\"twitter:label1\" content=\"Escrit per\" \/>\n\t<meta name=\"twitter:data1\" content=\"whads\" \/>\n\t<meta name=\"twitter:label2\" content=\"Temps estimat de lectura\" \/>\n\t<meta name=\"twitter:data2\" content=\"1 minut\" \/>\n<script type=\"application\/ld+json\" class=\"yoast-schema-graph\">{\"@context\":\"https:\/\/schema.org\",\"@graph\":[{\"@type\":\"Article\",\"@id\":\"https:\/\/www.icip.cat\/ca\/mor-anna-bastida-pedagoga-i-membre-de-la-primera-junta-de-govern-de-licip\/#article\",\"isPartOf\":{\"@id\":\"https:\/\/www.icip.cat\/ca\/mor-anna-bastida-pedagoga-i-membre-de-la-primera-junta-de-govern-de-licip\/\"},\"author\":{\"name\":\"whads\",\"@id\":\"https:\/\/www.icip.cat\/ca\/#\/schema\/person\/35404003404833995eee2bb6e3115dc6\"},\"headline\":\"Mor Anna Bastida, pedagoga i membre de la primera Junta de Govern de l&#8217;ICIP\",\"datePublished\":\"2018-09-05T08:00:00+00:00\",\"mainEntityOfPage\":{\"@id\":\"https:\/\/www.icip.cat\/ca\/mor-anna-bastida-pedagoga-i-membre-de-la-primera-junta-de-govern-de-licip\/\"},\"wordCount\":146,\"publisher\":{\"@id\":\"https:\/\/www.icip.cat\/ca\/#organization\"},\"image\":{\"@id\":\"https:\/\/www.icip.cat\/ca\/mor-anna-bastida-pedagoga-i-membre-de-la-primera-junta-de-govern-de-licip\/#primaryimage\"},\"thumbnailUrl\":\"https:\/\/www.icip.cat\/wp-content\/uploads\/2018\/09\/Anna-Bastida-2.jpg_1636844351.jpg\",\"inLanguage\":\"ca\"},{\"@type\":\"WebPage\",\"@id\":\"https:\/\/www.icip.cat\/ca\/mor-anna-bastida-pedagoga-i-membre-de-la-primera-junta-de-govern-de-licip\/\",\"url\":\"https:\/\/www.icip.cat\/ca\/mor-anna-bastida-pedagoga-i-membre-de-la-primera-junta-de-govern-de-licip\/\",\"name\":\"Mor Anna Bastida, pedagoga i membre de la primera Junta de Govern de l'ICIP - ICIP\",\"isPartOf\":{\"@id\":\"https:\/\/www.icip.cat\/ca\/#website\"},\"primaryImageOfPage\":{\"@id\":\"https:\/\/www.icip.cat\/ca\/mor-anna-bastida-pedagoga-i-membre-de-la-primera-junta-de-govern-de-licip\/#primaryimage\"},\"image\":{\"@id\":\"https:\/\/www.icip.cat\/ca\/mor-anna-bastida-pedagoga-i-membre-de-la-primera-junta-de-govern-de-licip\/#primaryimage\"},\"thumbnailUrl\":\"https:\/\/www.icip.cat\/wp-content\/uploads\/2018\/09\/Anna-Bastida-2.jpg_1636844351.jpg\",\"datePublished\":\"2018-09-05T08:00:00+00:00\",\"inLanguage\":\"ca\",\"potentialAction\":[{\"@type\":\"ReadAction\",\"target\":[\"https:\/\/www.icip.cat\/ca\/mor-anna-bastida-pedagoga-i-membre-de-la-primera-junta-de-govern-de-licip\/\"]}]},{\"@type\":\"ImageObject\",\"inLanguage\":\"ca\",\"@id\":\"https:\/\/www.icip.cat\/ca\/mor-anna-bastida-pedagoga-i-membre-de-la-primera-junta-de-govern-de-licip\/#primaryimage\",\"url\":\"https:\/\/www.icip.cat\/wp-content\/uploads\/2018\/09\/Anna-Bastida-2.jpg_1636844351.jpg\",\"contentUrl\":\"https:\/\/www.icip.cat\/wp-content\/uploads\/2018\/09\/Anna-Bastida-2.jpg_1636844351.jpg\",\"width\":190,\"height\":170,\"caption\":\"Mor Anna Bastida, pedagoga i membre de la primera Junta de Govern de l'ICIP\"},{\"@type\":\"WebSite\",\"@id\":\"https:\/\/www.icip.cat\/ca\/#website\",\"url\":\"https:\/\/www.icip.cat\/ca\/\",\"name\":\"ICIP\",\"description\":\"\",\"publisher\":{\"@id\":\"https:\/\/www.icip.cat\/ca\/#organization\"},\"potentialAction\":[{\"@type\":\"SearchAction\",\"target\":{\"@type\":\"EntryPoint\",\"urlTemplate\":\"https:\/\/www.icip.cat\/ca\/?s={search_term_string}\"},\"query-input\":{\"@type\":\"PropertyValueSpecification\",\"valueRequired\":true,\"valueName\":\"search_term_string\"}}],\"inLanguage\":\"ca\"},{\"@type\":\"Organization\",\"@id\":\"https:\/\/www.icip.cat\/ca\/#organization\",\"name\":\"ICIP\",\"url\":\"https:\/\/www.icip.cat\/ca\/\",\"logo\":{\"@type\":\"ImageObject\",\"inLanguage\":\"ca\",\"@id\":\"https:\/\/www.icip.cat\/ca\/#\/schema\/logo\/image\/\",\"url\":\"https:\/\/www.icip.cat\/wp-content\/uploads\/2021\/02\/logo-2.png\",\"contentUrl\":\"https:\/\/www.icip.cat\/wp-content\/uploads\/2021\/02\/logo-2.png\",\"width\":562,\"height\":391,\"caption\":\"ICIP\"},\"image\":{\"@id\":\"https:\/\/www.icip.cat\/ca\/#\/schema\/logo\/image\/\"}},{\"@type\":\"Person\",\"@id\":\"https:\/\/www.icip.cat\/ca\/#\/schema\/person\/35404003404833995eee2bb6e3115dc6\",\"name\":\"whads\",\"image\":{\"@type\":\"ImageObject\",\"inLanguage\":\"ca\",\"@id\":\"https:\/\/www.icip.cat\/ca\/#\/schema\/person\/image\/\",\"url\":\"https:\/\/secure.gravatar.com\/avatar\/6a92e4ce03d9442c546cc4afecfc51777413608a6d55a7b50040700657b6b30f?s=96&d=mm&r=g\",\"contentUrl\":\"https:\/\/secure.gravatar.com\/avatar\/6a92e4ce03d9442c546cc4afecfc51777413608a6d55a7b50040700657b6b30f?s=96&d=mm&r=g\",\"caption\":\"whads\"},\"sameAs\":[\"http:\/\/www.icip.cat\"],\"url\":\"https:\/\/www.icip.cat\/ca\/author\/whads\/\"}]}<\/script>\n<!-- \/ Yoast SEO plugin. -->","yoast_head_json":{"title":"Mor Anna Bastida, pedagoga i membre de la primera Junta de Govern de l'ICIP - ICIP","robots":{"index":"index","follow":"follow","max-snippet":"max-snippet:-1","max-image-preview":"max-image-preview:large","max-video-preview":"max-video-preview:-1"},"canonical":"https:\/\/www.icip.cat\/ca\/mor-anna-bastida-pedagoga-i-membre-de-la-primera-junta-de-govern-de-licip\/","og_locale":"ca_ES","og_type":"article","og_title":"Mor Anna Bastida, pedagoga i membre de la primera Junta de Govern de l'ICIP - ICIP","og_description":"Professora del departament de Did\u00e0ctica de les Ci\u00e8ncies Socials de la UB, \u00e9s autora de diversos estudis sobre educaci\u00f3 per la pau.","og_url":"https:\/\/www.icip.cat\/ca\/mor-anna-bastida-pedagoga-i-membre-de-la-primera-junta-de-govern-de-licip\/","og_site_name":"ICIP","article_published_time":"2018-09-05T08:00:00+00:00","og_image":[{"width":190,"height":170,"url":"https:\/\/www.icip.cat\/wp-content\/uploads\/2018\/09\/Anna-Bastida-2.jpg_1636844351.jpg","type":"image\/jpeg"}],"author":"whads","twitter_card":"summary_large_image","twitter_misc":{"Escrit per":"whads","Temps estimat de lectura":"1 minut"},"schema":{"@context":"https:\/\/schema.org","@graph":[{"@type":"Article","@id":"https:\/\/www.icip.cat\/ca\/mor-anna-bastida-pedagoga-i-membre-de-la-primera-junta-de-govern-de-licip\/#article","isPartOf":{"@id":"https:\/\/www.icip.cat\/ca\/mor-anna-bastida-pedagoga-i-membre-de-la-primera-junta-de-govern-de-licip\/"},"author":{"name":"whads","@id":"https:\/\/www.icip.cat\/ca\/#\/schema\/person\/35404003404833995eee2bb6e3115dc6"},"headline":"Mor Anna Bastida, pedagoga i membre de la primera Junta de Govern de l&#8217;ICIP","datePublished":"2018-09-05T08:00:00+00:00","mainEntityOfPage":{"@id":"https:\/\/www.icip.cat\/ca\/mor-anna-bastida-pedagoga-i-membre-de-la-primera-junta-de-govern-de-licip\/"},"wordCount":146,"publisher":{"@id":"https:\/\/www.icip.cat\/ca\/#organization"},"image":{"@id":"https:\/\/www.icip.cat\/ca\/mor-anna-bastida-pedagoga-i-membre-de-la-primera-junta-de-govern-de-licip\/#primaryimage"},"thumbnailUrl":"https:\/\/www.icip.cat\/wp-content\/uploads\/2018\/09\/Anna-Bastida-2.jpg_1636844351.jpg","inLanguage":"ca"},{"@type":"WebPage","@id":"https:\/\/www.icip.cat\/ca\/mor-anna-bastida-pedagoga-i-membre-de-la-primera-junta-de-govern-de-licip\/","url":"https:\/\/www.icip.cat\/ca\/mor-anna-bastida-pedagoga-i-membre-de-la-primera-junta-de-govern-de-licip\/","name":"Mor Anna Bastida, pedagoga i membre de la primera Junta de Govern de l'ICIP - ICIP","isPartOf":{"@id":"https:\/\/www.icip.cat\/ca\/#website"},"primaryImageOfPage":{"@id":"https:\/\/www.icip.cat\/ca\/mor-anna-bastida-pedagoga-i-membre-de-la-primera-junta-de-govern-de-licip\/#primaryimage"},"image":{"@id":"https:\/\/www.icip.cat\/ca\/mor-anna-bastida-pedagoga-i-membre-de-la-primera-junta-de-govern-de-licip\/#primaryimage"},"thumbnailUrl":"https:\/\/www.icip.cat\/wp-content\/uploads\/2018\/09\/Anna-Bastida-2.jpg_1636844351.jpg","datePublished":"2018-09-05T08:00:00+00:00","inLanguage":"ca","potentialAction":[{"@type":"ReadAction","target":["https:\/\/www.icip.cat\/ca\/mor-anna-bastida-pedagoga-i-membre-de-la-primera-junta-de-govern-de-licip\/"]}]},{"@type":"ImageObject","inLanguage":"ca","@id":"https:\/\/www.icip.cat\/ca\/mor-anna-bastida-pedagoga-i-membre-de-la-primera-junta-de-govern-de-licip\/#primaryimage","url":"https:\/\/www.icip.cat\/wp-content\/uploads\/2018\/09\/Anna-Bastida-2.jpg_1636844351.jpg","contentUrl":"https:\/\/www.icip.cat\/wp-content\/uploads\/2018\/09\/Anna-Bastida-2.jpg_1636844351.jpg","width":190,"height":170,"caption":"Mor Anna Bastida, pedagoga i membre de la primera Junta de Govern de l'ICIP"},{"@type":"WebSite","@id":"https:\/\/www.icip.cat\/ca\/#website","url":"https:\/\/www.icip.cat\/ca\/","name":"ICIP","description":"","publisher":{"@id":"https:\/\/www.icip.cat\/ca\/#organization"},"potentialAction":[{"@type":"SearchAction","target":{"@type":"EntryPoint","urlTemplate":"https:\/\/www.icip.cat\/ca\/?s={search_term_string}"},"query-input":{"@type":"PropertyValueSpecification","valueRequired":true,"valueName":"search_term_string"}}],"inLanguage":"ca"},{"@type":"Organization","@id":"https:\/\/www.icip.cat\/ca\/#organization","name":"ICIP","url":"https:\/\/www.icip.cat\/ca\/","logo":{"@type":"ImageObject","inLanguage":"ca","@id":"https:\/\/www.icip.cat\/ca\/#\/schema\/logo\/image\/","url":"https:\/\/www.icip.cat\/wp-content\/uploads\/2021\/02\/logo-2.png","contentUrl":"https:\/\/www.icip.cat\/wp-content\/uploads\/2021\/02\/logo-2.png","width":562,"height":391,"caption":"ICIP"},"image":{"@id":"https:\/\/www.icip.cat\/ca\/#\/schema\/logo\/image\/"}},{"@type":"Person","@id":"https:\/\/www.icip.cat\/ca\/#\/schema\/person\/35404003404833995eee2bb6e3115dc6","name":"whads","image":{"@type":"ImageObject","inLanguage":"ca","@id":"https:\/\/www.icip.cat\/ca\/#\/schema\/person\/image\/","url":"https:\/\/secure.gravatar.com\/avatar\/6a92e4ce03d9442c546cc4afecfc51777413608a6d55a7b50040700657b6b30f?s=96&d=mm&r=g","contentUrl":"https:\/\/secure.gravatar.com\/avatar\/6a92e4ce03d9442c546cc4afecfc51777413608a6d55a7b50040700657b6b30f?s=96&d=mm&r=g","caption":"whads"},"sameAs":["http:\/\/www.icip.cat"],"url":"https:\/\/www.icip.cat\/ca\/author\/whads\/"}]}},"_links":{"self":[{"href":"https:\/\/www.icip.cat\/ca\/wp-json\/wp\/v2\/posts\/3587","targetHints":{"allow":["GET"]}}],"collection":[{"href":"https:\/\/www.icip.cat\/ca\/wp-json\/wp\/v2\/posts"}],"about":[{"href":"https:\/\/www.icip.cat\/ca\/wp-json\/wp\/v2\/types\/post"}],"author":[{"embeddable":true,"href":"https:\/\/www.icip.cat\/ca\/wp-json\/wp\/v2\/users\/1"}],"replies":[{"embeddable":true,"href":"https:\/\/www.icip.cat\/ca\/wp-json\/wp\/v2\/comments?post=3587"}],"version-history":[{"count":0,"href":"https:\/\/www.icip.cat\/ca\/wp-json\/wp\/v2\/posts\/3587\/revisions"}],"wp:featuredmedia":[{"embeddable":true,"href":"https:\/\/www.icip.cat\/ca\/wp-json\/wp\/v2\/media\/3588"}],"wp:attachment":[{"href":"https:\/\/www.icip.cat\/ca\/wp-json\/wp\/v2\/media?parent=3587"}],"wp:term":[{"taxonomy":"category","embeddable":true,"href":"https:\/\/www.icip.cat\/ca\/wp-json\/wp\/v2\/categories?post=3587"},{"taxonomy":"post_tag","embeddable":true,"href":"https:\/\/www.icip.cat\/ca\/wp-json\/wp\/v2\/tags?post=3587"}],"curies":[{"name":"wp","href":"https:\/\/api.w.org\/{rel}","templated":true}]}}