{"id":3611,"date":"2018-07-19T08:00:00","date_gmt":"2018-07-19T08:00:00","guid":{"rendered":"http:\/\/www.icip.cat\/oberta-la-convocatoria-del-premi-icip-alfons-banda-2018\/"},"modified":"2018-07-19T08:00:00","modified_gmt":"2018-07-19T08:00:00","slug":"oberta-la-convocatoria-del-premi-icip-alfons-banda-2018","status":"publish","type":"post","link":"https:\/\/www.icip.cat\/ca\/oberta-la-convocatoria-del-premi-icip-alfons-banda-2018\/","title":{"rendered":"Oberta la convocat\u00f2ria del Premi ICIP Alfons Banda 2018"},"content":{"rendered":"<p>Aquest mes de juliol s&#8217;ha obert la convocat\u00f2ria per optar al Premi ICIP Alfons Banda 2018, que t\u00e9 per objectiu un any m\u00e9s recompensar els treballs de recerca de l\u2019alumnat de segon cicle d\u2019Educaci\u00f3 Secund\u00e0ria Obligat\u00f2ria (ESO) i d&#8217;educaci\u00f3 postobligat\u00f2ria (batxillerat i cicles formatius de grau mitj\u00e0 i superior) centrats en la construcci\u00f3 de la cultura de pau, la vulneraci\u00f3 o defensa dels drets humans i l&#8217;\u00fas de la noviol\u00e8ncia com a eina de transformaci\u00f3 social.<br \/>\nEls alumnes interessats a optar al premi poden presentar les candidatures fins al proper 4 d&#8217;octubre.<br \/>\nEl Premi ICIP Alfons Banda va n\u00e9ixer el 2017 i forma part dels Premis a la Recerca Jove que convoca l&#8217;Ag\u00e8ncia de Gesti\u00f3 d&#8217;Ajuts Universitaris i de Recerca (AGAUR) amb l&#8217;objectiu de fomentar l\u2019esperit cient\u00edfic del jovent. Els treballs premiats s\u00f3n recompensats amb 750 euros.<\/p>\n","protected":false},"excerpt":{"rendered":"<p>El guard\u00f3 forma part dels Premis de Recerca Jove i s&#8217;adre\u00e7a a estudiants que portin a terme treballs sobre construcci\u00f3 de pau i noviol\u00e8ncia.<\/p>\n","protected":false},"author":1,"featured_media":3612,"comment_status":"closed","ping_status":"open","sticky":false,"template":"","format":"standard","meta":{"_acf_changed":false,"footnotes":""},"categories":[4],"tags":[],"class_list":["post-3611","post","type-post","status-publish","format-standard","has-post-thumbnail","hentry","category-sense-categoria"],"acf":[],"yoast_head":"<!-- This site is optimized with the Yoast SEO plugin v25.6 - https:\/\/yoast.com\/wordpress\/plugins\/seo\/ -->\n<title>Oberta la convocat\u00f2ria del Premi ICIP Alfons Banda 2018 - ICIP<\/title>\n<meta name=\"robots\" content=\"index, follow, max-snippet:-1, max-image-preview:large, max-video-preview:-1\" \/>\n<link rel=\"canonical\" href=\"https:\/\/www.icip.cat\/ca\/oberta-la-convocatoria-del-premi-icip-alfons-banda-2018\/\" \/>\n<meta property=\"og:locale\" content=\"ca_ES\" \/>\n<meta property=\"og:type\" content=\"article\" \/>\n<meta property=\"og:title\" content=\"Oberta la convocat\u00f2ria del Premi ICIP Alfons Banda 2018 - ICIP\" \/>\n<meta property=\"og:description\" content=\"El guard\u00f3 forma part dels Premis de Recerca Jove i s&#039;adre\u00e7a a estudiants que portin a terme treballs sobre construcci\u00f3 de pau i noviol\u00e8ncia.\" \/>\n<meta property=\"og:url\" content=\"https:\/\/www.icip.cat\/ca\/oberta-la-convocatoria-del-premi-icip-alfons-banda-2018\/\" \/>\n<meta property=\"og:site_name\" content=\"ICIP\" \/>\n<meta property=\"article:published_time\" content=\"2018-07-19T08:00:00+00:00\" \/>\n<meta property=\"og:image\" content=\"https:\/\/www.icip.cat\/wp-content\/uploads\/2018\/07\/logo_geco.jpg_1805848694.jpg\" \/>\n\t<meta property=\"og:image:width\" content=\"190\" \/>\n\t<meta property=\"og:image:height\" content=\"113\" \/>\n\t<meta property=\"og:image:type\" content=\"image\/jpeg\" \/>\n<meta name=\"author\" content=\"whads\" \/>\n<meta name=\"twitter:card\" content=\"summary_large_image\" \/>\n<meta name=\"twitter:label1\" content=\"Escrit per\" \/>\n\t<meta name=\"twitter:data1\" content=\"whads\" \/>\n\t<meta name=\"twitter:label2\" content=\"Temps estimat de lectura\" \/>\n\t<meta name=\"twitter:data2\" content=\"1 minut\" \/>\n<script type=\"application\/ld+json\" class=\"yoast-schema-graph\">{\"@context\":\"https:\/\/schema.org\",\"@graph\":[{\"@type\":\"Article\",\"@id\":\"https:\/\/www.icip.cat\/ca\/oberta-la-convocatoria-del-premi-icip-alfons-banda-2018\/#article\",\"isPartOf\":{\"@id\":\"https:\/\/www.icip.cat\/ca\/oberta-la-convocatoria-del-premi-icip-alfons-banda-2018\/\"},\"author\":{\"name\":\"whads\",\"@id\":\"https:\/\/www.icip.cat\/ca\/#\/schema\/person\/35404003404833995eee2bb6e3115dc6\"},\"headline\":\"Oberta la convocat\u00f2ria del Premi ICIP Alfons Banda 2018\",\"datePublished\":\"2018-07-19T08:00:00+00:00\",\"mainEntityOfPage\":{\"@id\":\"https:\/\/www.icip.cat\/ca\/oberta-la-convocatoria-del-premi-icip-alfons-banda-2018\/\"},\"wordCount\":162,\"publisher\":{\"@id\":\"https:\/\/www.icip.cat\/ca\/#organization\"},\"image\":{\"@id\":\"https:\/\/www.icip.cat\/ca\/oberta-la-convocatoria-del-premi-icip-alfons-banda-2018\/#primaryimage\"},\"thumbnailUrl\":\"https:\/\/www.icip.cat\/wp-content\/uploads\/2018\/07\/logo_geco.jpg_1805848694.jpg\",\"inLanguage\":\"ca\"},{\"@type\":\"WebPage\",\"@id\":\"https:\/\/www.icip.cat\/ca\/oberta-la-convocatoria-del-premi-icip-alfons-banda-2018\/\",\"url\":\"https:\/\/www.icip.cat\/ca\/oberta-la-convocatoria-del-premi-icip-alfons-banda-2018\/\",\"name\":\"Oberta la convocat\u00f2ria del Premi ICIP Alfons Banda 2018 - ICIP\",\"isPartOf\":{\"@id\":\"https:\/\/www.icip.cat\/ca\/#website\"},\"primaryImageOfPage\":{\"@id\":\"https:\/\/www.icip.cat\/ca\/oberta-la-convocatoria-del-premi-icip-alfons-banda-2018\/#primaryimage\"},\"image\":{\"@id\":\"https:\/\/www.icip.cat\/ca\/oberta-la-convocatoria-del-premi-icip-alfons-banda-2018\/#primaryimage\"},\"thumbnailUrl\":\"https:\/\/www.icip.cat\/wp-content\/uploads\/2018\/07\/logo_geco.jpg_1805848694.jpg\",\"datePublished\":\"2018-07-19T08:00:00+00:00\",\"inLanguage\":\"ca\",\"potentialAction\":[{\"@type\":\"ReadAction\",\"target\":[\"https:\/\/www.icip.cat\/ca\/oberta-la-convocatoria-del-premi-icip-alfons-banda-2018\/\"]}]},{\"@type\":\"ImageObject\",\"inLanguage\":\"ca\",\"@id\":\"https:\/\/www.icip.cat\/ca\/oberta-la-convocatoria-del-premi-icip-alfons-banda-2018\/#primaryimage\",\"url\":\"https:\/\/www.icip.cat\/wp-content\/uploads\/2018\/07\/logo_geco.jpg_1805848694.jpg\",\"contentUrl\":\"https:\/\/www.icip.cat\/wp-content\/uploads\/2018\/07\/logo_geco.jpg_1805848694.jpg\",\"width\":190,\"height\":113,\"caption\":\"Oberta la convocat\u00f2ria del Premi ICIP Alfons Banda 2018\"},{\"@type\":\"WebSite\",\"@id\":\"https:\/\/www.icip.cat\/ca\/#website\",\"url\":\"https:\/\/www.icip.cat\/ca\/\",\"name\":\"ICIP\",\"description\":\"\",\"publisher\":{\"@id\":\"https:\/\/www.icip.cat\/ca\/#organization\"},\"potentialAction\":[{\"@type\":\"SearchAction\",\"target\":{\"@type\":\"EntryPoint\",\"urlTemplate\":\"https:\/\/www.icip.cat\/ca\/?s={search_term_string}\"},\"query-input\":{\"@type\":\"PropertyValueSpecification\",\"valueRequired\":true,\"valueName\":\"search_term_string\"}}],\"inLanguage\":\"ca\"},{\"@type\":\"Organization\",\"@id\":\"https:\/\/www.icip.cat\/ca\/#organization\",\"name\":\"ICIP\",\"url\":\"https:\/\/www.icip.cat\/ca\/\",\"logo\":{\"@type\":\"ImageObject\",\"inLanguage\":\"ca\",\"@id\":\"https:\/\/www.icip.cat\/ca\/#\/schema\/logo\/image\/\",\"url\":\"https:\/\/www.icip.cat\/wp-content\/uploads\/2021\/02\/logo-2.png\",\"contentUrl\":\"https:\/\/www.icip.cat\/wp-content\/uploads\/2021\/02\/logo-2.png\",\"width\":562,\"height\":391,\"caption\":\"ICIP\"},\"image\":{\"@id\":\"https:\/\/www.icip.cat\/ca\/#\/schema\/logo\/image\/\"}},{\"@type\":\"Person\",\"@id\":\"https:\/\/www.icip.cat\/ca\/#\/schema\/person\/35404003404833995eee2bb6e3115dc6\",\"name\":\"whads\",\"image\":{\"@type\":\"ImageObject\",\"inLanguage\":\"ca\",\"@id\":\"https:\/\/www.icip.cat\/ca\/#\/schema\/person\/image\/\",\"url\":\"https:\/\/secure.gravatar.com\/avatar\/6a92e4ce03d9442c546cc4afecfc51777413608a6d55a7b50040700657b6b30f?s=96&d=mm&r=g\",\"contentUrl\":\"https:\/\/secure.gravatar.com\/avatar\/6a92e4ce03d9442c546cc4afecfc51777413608a6d55a7b50040700657b6b30f?s=96&d=mm&r=g\",\"caption\":\"whads\"},\"sameAs\":[\"http:\/\/www.icip.cat\"],\"url\":\"https:\/\/www.icip.cat\/ca\/author\/whads\/\"}]}<\/script>\n<!-- \/ Yoast SEO plugin. -->","yoast_head_json":{"title":"Oberta la convocat\u00f2ria del Premi ICIP Alfons Banda 2018 - ICIP","robots":{"index":"index","follow":"follow","max-snippet":"max-snippet:-1","max-image-preview":"max-image-preview:large","max-video-preview":"max-video-preview:-1"},"canonical":"https:\/\/www.icip.cat\/ca\/oberta-la-convocatoria-del-premi-icip-alfons-banda-2018\/","og_locale":"ca_ES","og_type":"article","og_title":"Oberta la convocat\u00f2ria del Premi ICIP Alfons Banda 2018 - ICIP","og_description":"El guard\u00f3 forma part dels Premis de Recerca Jove i s'adre\u00e7a a estudiants que portin a terme treballs sobre construcci\u00f3 de pau i noviol\u00e8ncia.","og_url":"https:\/\/www.icip.cat\/ca\/oberta-la-convocatoria-del-premi-icip-alfons-banda-2018\/","og_site_name":"ICIP","article_published_time":"2018-07-19T08:00:00+00:00","og_image":[{"width":190,"height":113,"url":"https:\/\/www.icip.cat\/wp-content\/uploads\/2018\/07\/logo_geco.jpg_1805848694.jpg","type":"image\/jpeg"}],"author":"whads","twitter_card":"summary_large_image","twitter_misc":{"Escrit per":"whads","Temps estimat de lectura":"1 minut"},"schema":{"@context":"https:\/\/schema.org","@graph":[{"@type":"Article","@id":"https:\/\/www.icip.cat\/ca\/oberta-la-convocatoria-del-premi-icip-alfons-banda-2018\/#article","isPartOf":{"@id":"https:\/\/www.icip.cat\/ca\/oberta-la-convocatoria-del-premi-icip-alfons-banda-2018\/"},"author":{"name":"whads","@id":"https:\/\/www.icip.cat\/ca\/#\/schema\/person\/35404003404833995eee2bb6e3115dc6"},"headline":"Oberta la convocat\u00f2ria del Premi ICIP Alfons Banda 2018","datePublished":"2018-07-19T08:00:00+00:00","mainEntityOfPage":{"@id":"https:\/\/www.icip.cat\/ca\/oberta-la-convocatoria-del-premi-icip-alfons-banda-2018\/"},"wordCount":162,"publisher":{"@id":"https:\/\/www.icip.cat\/ca\/#organization"},"image":{"@id":"https:\/\/www.icip.cat\/ca\/oberta-la-convocatoria-del-premi-icip-alfons-banda-2018\/#primaryimage"},"thumbnailUrl":"https:\/\/www.icip.cat\/wp-content\/uploads\/2018\/07\/logo_geco.jpg_1805848694.jpg","inLanguage":"ca"},{"@type":"WebPage","@id":"https:\/\/www.icip.cat\/ca\/oberta-la-convocatoria-del-premi-icip-alfons-banda-2018\/","url":"https:\/\/www.icip.cat\/ca\/oberta-la-convocatoria-del-premi-icip-alfons-banda-2018\/","name":"Oberta la convocat\u00f2ria del Premi ICIP Alfons Banda 2018 - ICIP","isPartOf":{"@id":"https:\/\/www.icip.cat\/ca\/#website"},"primaryImageOfPage":{"@id":"https:\/\/www.icip.cat\/ca\/oberta-la-convocatoria-del-premi-icip-alfons-banda-2018\/#primaryimage"},"image":{"@id":"https:\/\/www.icip.cat\/ca\/oberta-la-convocatoria-del-premi-icip-alfons-banda-2018\/#primaryimage"},"thumbnailUrl":"https:\/\/www.icip.cat\/wp-content\/uploads\/2018\/07\/logo_geco.jpg_1805848694.jpg","datePublished":"2018-07-19T08:00:00+00:00","inLanguage":"ca","potentialAction":[{"@type":"ReadAction","target":["https:\/\/www.icip.cat\/ca\/oberta-la-convocatoria-del-premi-icip-alfons-banda-2018\/"]}]},{"@type":"ImageObject","inLanguage":"ca","@id":"https:\/\/www.icip.cat\/ca\/oberta-la-convocatoria-del-premi-icip-alfons-banda-2018\/#primaryimage","url":"https:\/\/www.icip.cat\/wp-content\/uploads\/2018\/07\/logo_geco.jpg_1805848694.jpg","contentUrl":"https:\/\/www.icip.cat\/wp-content\/uploads\/2018\/07\/logo_geco.jpg_1805848694.jpg","width":190,"height":113,"caption":"Oberta la convocat\u00f2ria del Premi ICIP Alfons Banda 2018"},{"@type":"WebSite","@id":"https:\/\/www.icip.cat\/ca\/#website","url":"https:\/\/www.icip.cat\/ca\/","name":"ICIP","description":"","publisher":{"@id":"https:\/\/www.icip.cat\/ca\/#organization"},"potentialAction":[{"@type":"SearchAction","target":{"@type":"EntryPoint","urlTemplate":"https:\/\/www.icip.cat\/ca\/?s={search_term_string}"},"query-input":{"@type":"PropertyValueSpecification","valueRequired":true,"valueName":"search_term_string"}}],"inLanguage":"ca"},{"@type":"Organization","@id":"https:\/\/www.icip.cat\/ca\/#organization","name":"ICIP","url":"https:\/\/www.icip.cat\/ca\/","logo":{"@type":"ImageObject","inLanguage":"ca","@id":"https:\/\/www.icip.cat\/ca\/#\/schema\/logo\/image\/","url":"https:\/\/www.icip.cat\/wp-content\/uploads\/2021\/02\/logo-2.png","contentUrl":"https:\/\/www.icip.cat\/wp-content\/uploads\/2021\/02\/logo-2.png","width":562,"height":391,"caption":"ICIP"},"image":{"@id":"https:\/\/www.icip.cat\/ca\/#\/schema\/logo\/image\/"}},{"@type":"Person","@id":"https:\/\/www.icip.cat\/ca\/#\/schema\/person\/35404003404833995eee2bb6e3115dc6","name":"whads","image":{"@type":"ImageObject","inLanguage":"ca","@id":"https:\/\/www.icip.cat\/ca\/#\/schema\/person\/image\/","url":"https:\/\/secure.gravatar.com\/avatar\/6a92e4ce03d9442c546cc4afecfc51777413608a6d55a7b50040700657b6b30f?s=96&d=mm&r=g","contentUrl":"https:\/\/secure.gravatar.com\/avatar\/6a92e4ce03d9442c546cc4afecfc51777413608a6d55a7b50040700657b6b30f?s=96&d=mm&r=g","caption":"whads"},"sameAs":["http:\/\/www.icip.cat"],"url":"https:\/\/www.icip.cat\/ca\/author\/whads\/"}]}},"_links":{"self":[{"href":"https:\/\/www.icip.cat\/ca\/wp-json\/wp\/v2\/posts\/3611","targetHints":{"allow":["GET"]}}],"collection":[{"href":"https:\/\/www.icip.cat\/ca\/wp-json\/wp\/v2\/posts"}],"about":[{"href":"https:\/\/www.icip.cat\/ca\/wp-json\/wp\/v2\/types\/post"}],"author":[{"embeddable":true,"href":"https:\/\/www.icip.cat\/ca\/wp-json\/wp\/v2\/users\/1"}],"replies":[{"embeddable":true,"href":"https:\/\/www.icip.cat\/ca\/wp-json\/wp\/v2\/comments?post=3611"}],"version-history":[{"count":0,"href":"https:\/\/www.icip.cat\/ca\/wp-json\/wp\/v2\/posts\/3611\/revisions"}],"wp:featuredmedia":[{"embeddable":true,"href":"https:\/\/www.icip.cat\/ca\/wp-json\/wp\/v2\/media\/3612"}],"wp:attachment":[{"href":"https:\/\/www.icip.cat\/ca\/wp-json\/wp\/v2\/media?parent=3611"}],"wp:term":[{"taxonomy":"category","embeddable":true,"href":"https:\/\/www.icip.cat\/ca\/wp-json\/wp\/v2\/categories?post=3611"},{"taxonomy":"post_tag","embeddable":true,"href":"https:\/\/www.icip.cat\/ca\/wp-json\/wp\/v2\/tags?post=3611"}],"curies":[{"name":"wp","href":"https:\/\/api.w.org\/{rel}","templated":true}]}}