{"id":3615,"date":"2018-07-16T08:00:00","date_gmt":"2018-07-16T08:00:00","guid":{"rendered":"http:\/\/www.icip.cat\/kristian-herbolzheimer-nomenat-nou-director-de-licip\/"},"modified":"2018-07-16T08:00:00","modified_gmt":"2018-07-16T08:00:00","slug":"kristian-herbolzheimer-nomenat-nou-director-de-licip","status":"publish","type":"post","link":"https:\/\/www.icip.cat\/ca\/kristian-herbolzheimer-nomenat-nou-director-de-licip\/","title":{"rendered":"Kristian Herbolzheimer, nomenat nou director de l\u2019ICIP"},"content":{"rendered":"<p>La Junta de Govern de l&#8217;ICIP ha elegit Kristian Herbolzheimer com a nou director de la instituci\u00f3. L&#8217;elecci\u00f3 ha seguit un proc\u00e9s de selecci\u00f3 a partir d&#8217;un concurs p\u00fablic en el qual s&#8217;han presentat m\u00e9s de dues-centes candidatures.<br \/>\nEnginyer t\u00e8cnic agr\u00edcola per la Universitat de Lleida, Herbolzheimer \u00e9s diplomat en Cultura de Pau per l\u2019Escola de Cultura de Pau de la Universitat Aut\u00f2noma de Barcelona (2001) i m\u00e0ster en Construcci\u00f3 Internacional de Pau pel Kroc Institute for International Peace Studies de la Universitat de Notre Dame, als Estats Units (2009). Va ser director de programa de l\u2019Escola de Cultura de Pau de la UAB durant set anys i, des del 2009, ha dirigit el Programa de Transicions a la Pau de Conciliation Resources, una ONG amb seu a Londres que d\u00f3na suport a projectes i iniciatives de pau.<br \/>\nHerbolzheimer \u00e9s analista de processos de pau, expert en la gesti\u00f3 del postconflicte i en el paper de la societat civil en les transicions, espec\u00edficament les dones. Ha assessorat i donat suport en els processos de pau de Filipines, el Pa\u00eds Basc i Col\u00f2mbia. En aquest darrer pa\u00eds ha estat impulsor del col\u00b7lectiu Mujeres, Paz y Seguridad i de la Comissi\u00f3 de la Veritat, Mem\u00f2ria i Reconciliaci\u00f3 de Dones Colombianes en la Di\u00e0spora. Tamb\u00e9 ha estat activista en organitzacions ecologistes i t\u00e9 amplis coneixements d\u2019idiomes, entre els quals l\u2019angl\u00e8s, el franc\u00e8s, l\u2019alemany o el suec.<br \/>\nKristian Herbolzheimer ha estat escollit com a nou director de l\u2019ICIP per un per\u00edode de 5 anys en substituci\u00f3 de Tica Font, que va deixar el c\u00e0rrec el passat mes d&#8217;abril.<\/p>\n","protected":false},"excerpt":{"rendered":"<p>M\u00e0ster en Construcci\u00f3 Internacional de Pau, \u00e9s analista de processos de pau i expert en la gesti\u00f3 del postconflicte.<\/p>\n","protected":false},"author":1,"featured_media":3616,"comment_status":"closed","ping_status":"open","sticky":false,"template":"","format":"standard","meta":{"_acf_changed":false,"footnotes":""},"categories":[4],"tags":[],"class_list":["post-3615","post","type-post","status-publish","format-standard","has-post-thumbnail","hentry","category-sense-categoria"],"acf":[],"yoast_head":"<!-- This site is optimized with the Yoast SEO plugin v25.6 - https:\/\/yoast.com\/wordpress\/plugins\/seo\/ -->\n<title>Kristian Herbolzheimer, nomenat nou director de l\u2019ICIP - ICIP<\/title>\n<meta name=\"robots\" content=\"index, follow, max-snippet:-1, max-image-preview:large, max-video-preview:-1\" \/>\n<link rel=\"canonical\" href=\"https:\/\/www.icip.cat\/ca\/kristian-herbolzheimer-nomenat-nou-director-de-licip\/\" \/>\n<meta property=\"og:locale\" content=\"ca_ES\" \/>\n<meta property=\"og:type\" content=\"article\" \/>\n<meta property=\"og:title\" content=\"Kristian Herbolzheimer, nomenat nou director de l\u2019ICIP - ICIP\" \/>\n<meta property=\"og:description\" content=\"M\u00e0ster en Construcci\u00f3 Internacional de Pau, \u00e9s analista de processos de pau i expert en la gesti\u00f3 del postconflicte.\" \/>\n<meta property=\"og:url\" content=\"https:\/\/www.icip.cat\/ca\/kristian-herbolzheimer-nomenat-nou-director-de-licip\/\" \/>\n<meta property=\"og:site_name\" content=\"ICIP\" \/>\n<meta property=\"article:published_time\" content=\"2018-07-16T08:00:00+00:00\" \/>\n<meta property=\"og:image\" content=\"https:\/\/www.icip.cat\/wp-content\/uploads\/2018\/07\/Kristian.jpg_1329604716.jpg\" \/>\n\t<meta property=\"og:image:width\" content=\"160\" \/>\n\t<meta property=\"og:image:height\" content=\"208\" \/>\n\t<meta property=\"og:image:type\" content=\"image\/jpeg\" \/>\n<meta name=\"author\" content=\"whads\" \/>\n<meta name=\"twitter:card\" content=\"summary_large_image\" \/>\n<meta name=\"twitter:label1\" content=\"Escrit per\" \/>\n\t<meta name=\"twitter:data1\" content=\"whads\" \/>\n\t<meta name=\"twitter:label2\" content=\"Temps estimat de lectura\" \/>\n\t<meta name=\"twitter:data2\" content=\"1 minut\" \/>\n<script type=\"application\/ld+json\" class=\"yoast-schema-graph\">{\"@context\":\"https:\/\/schema.org\",\"@graph\":[{\"@type\":\"Article\",\"@id\":\"https:\/\/www.icip.cat\/ca\/kristian-herbolzheimer-nomenat-nou-director-de-licip\/#article\",\"isPartOf\":{\"@id\":\"https:\/\/www.icip.cat\/ca\/kristian-herbolzheimer-nomenat-nou-director-de-licip\/\"},\"author\":{\"name\":\"whads\",\"@id\":\"https:\/\/www.icip.cat\/ca\/#\/schema\/person\/35404003404833995eee2bb6e3115dc6\"},\"headline\":\"Kristian Herbolzheimer, nomenat nou director de l\u2019ICIP\",\"datePublished\":\"2018-07-16T08:00:00+00:00\",\"mainEntityOfPage\":{\"@id\":\"https:\/\/www.icip.cat\/ca\/kristian-herbolzheimer-nomenat-nou-director-de-licip\/\"},\"wordCount\":298,\"publisher\":{\"@id\":\"https:\/\/www.icip.cat\/ca\/#organization\"},\"image\":{\"@id\":\"https:\/\/www.icip.cat\/ca\/kristian-herbolzheimer-nomenat-nou-director-de-licip\/#primaryimage\"},\"thumbnailUrl\":\"https:\/\/www.icip.cat\/wp-content\/uploads\/2018\/07\/Kristian.jpg_1329604716.jpg\",\"inLanguage\":\"ca\"},{\"@type\":\"WebPage\",\"@id\":\"https:\/\/www.icip.cat\/ca\/kristian-herbolzheimer-nomenat-nou-director-de-licip\/\",\"url\":\"https:\/\/www.icip.cat\/ca\/kristian-herbolzheimer-nomenat-nou-director-de-licip\/\",\"name\":\"Kristian Herbolzheimer, nomenat nou director de l\u2019ICIP - ICIP\",\"isPartOf\":{\"@id\":\"https:\/\/www.icip.cat\/ca\/#website\"},\"primaryImageOfPage\":{\"@id\":\"https:\/\/www.icip.cat\/ca\/kristian-herbolzheimer-nomenat-nou-director-de-licip\/#primaryimage\"},\"image\":{\"@id\":\"https:\/\/www.icip.cat\/ca\/kristian-herbolzheimer-nomenat-nou-director-de-licip\/#primaryimage\"},\"thumbnailUrl\":\"https:\/\/www.icip.cat\/wp-content\/uploads\/2018\/07\/Kristian.jpg_1329604716.jpg\",\"datePublished\":\"2018-07-16T08:00:00+00:00\",\"inLanguage\":\"ca\",\"potentialAction\":[{\"@type\":\"ReadAction\",\"target\":[\"https:\/\/www.icip.cat\/ca\/kristian-herbolzheimer-nomenat-nou-director-de-licip\/\"]}]},{\"@type\":\"ImageObject\",\"inLanguage\":\"ca\",\"@id\":\"https:\/\/www.icip.cat\/ca\/kristian-herbolzheimer-nomenat-nou-director-de-licip\/#primaryimage\",\"url\":\"https:\/\/www.icip.cat\/wp-content\/uploads\/2018\/07\/Kristian.jpg_1329604716.jpg\",\"contentUrl\":\"https:\/\/www.icip.cat\/wp-content\/uploads\/2018\/07\/Kristian.jpg_1329604716.jpg\",\"width\":160,\"height\":208,\"caption\":\"Kristian Herbolzheimer, nomenat nou director de l\u2019ICIP\"},{\"@type\":\"WebSite\",\"@id\":\"https:\/\/www.icip.cat\/ca\/#website\",\"url\":\"https:\/\/www.icip.cat\/ca\/\",\"name\":\"ICIP\",\"description\":\"\",\"publisher\":{\"@id\":\"https:\/\/www.icip.cat\/ca\/#organization\"},\"potentialAction\":[{\"@type\":\"SearchAction\",\"target\":{\"@type\":\"EntryPoint\",\"urlTemplate\":\"https:\/\/www.icip.cat\/ca\/?s={search_term_string}\"},\"query-input\":{\"@type\":\"PropertyValueSpecification\",\"valueRequired\":true,\"valueName\":\"search_term_string\"}}],\"inLanguage\":\"ca\"},{\"@type\":\"Organization\",\"@id\":\"https:\/\/www.icip.cat\/ca\/#organization\",\"name\":\"ICIP\",\"url\":\"https:\/\/www.icip.cat\/ca\/\",\"logo\":{\"@type\":\"ImageObject\",\"inLanguage\":\"ca\",\"@id\":\"https:\/\/www.icip.cat\/ca\/#\/schema\/logo\/image\/\",\"url\":\"https:\/\/www.icip.cat\/wp-content\/uploads\/2021\/02\/logo-2.png\",\"contentUrl\":\"https:\/\/www.icip.cat\/wp-content\/uploads\/2021\/02\/logo-2.png\",\"width\":562,\"height\":391,\"caption\":\"ICIP\"},\"image\":{\"@id\":\"https:\/\/www.icip.cat\/ca\/#\/schema\/logo\/image\/\"}},{\"@type\":\"Person\",\"@id\":\"https:\/\/www.icip.cat\/ca\/#\/schema\/person\/35404003404833995eee2bb6e3115dc6\",\"name\":\"whads\",\"image\":{\"@type\":\"ImageObject\",\"inLanguage\":\"ca\",\"@id\":\"https:\/\/www.icip.cat\/ca\/#\/schema\/person\/image\/\",\"url\":\"https:\/\/secure.gravatar.com\/avatar\/6a92e4ce03d9442c546cc4afecfc51777413608a6d55a7b50040700657b6b30f?s=96&d=mm&r=g\",\"contentUrl\":\"https:\/\/secure.gravatar.com\/avatar\/6a92e4ce03d9442c546cc4afecfc51777413608a6d55a7b50040700657b6b30f?s=96&d=mm&r=g\",\"caption\":\"whads\"},\"sameAs\":[\"http:\/\/www.icip.cat\"],\"url\":\"https:\/\/www.icip.cat\/ca\/author\/whads\/\"}]}<\/script>\n<!-- \/ Yoast SEO plugin. -->","yoast_head_json":{"title":"Kristian Herbolzheimer, nomenat nou director de l\u2019ICIP - ICIP","robots":{"index":"index","follow":"follow","max-snippet":"max-snippet:-1","max-image-preview":"max-image-preview:large","max-video-preview":"max-video-preview:-1"},"canonical":"https:\/\/www.icip.cat\/ca\/kristian-herbolzheimer-nomenat-nou-director-de-licip\/","og_locale":"ca_ES","og_type":"article","og_title":"Kristian Herbolzheimer, nomenat nou director de l\u2019ICIP - ICIP","og_description":"M\u00e0ster en Construcci\u00f3 Internacional de Pau, \u00e9s analista de processos de pau i expert en la gesti\u00f3 del postconflicte.","og_url":"https:\/\/www.icip.cat\/ca\/kristian-herbolzheimer-nomenat-nou-director-de-licip\/","og_site_name":"ICIP","article_published_time":"2018-07-16T08:00:00+00:00","og_image":[{"width":160,"height":208,"url":"https:\/\/www.icip.cat\/wp-content\/uploads\/2018\/07\/Kristian.jpg_1329604716.jpg","type":"image\/jpeg"}],"author":"whads","twitter_card":"summary_large_image","twitter_misc":{"Escrit per":"whads","Temps estimat de lectura":"1 minut"},"schema":{"@context":"https:\/\/schema.org","@graph":[{"@type":"Article","@id":"https:\/\/www.icip.cat\/ca\/kristian-herbolzheimer-nomenat-nou-director-de-licip\/#article","isPartOf":{"@id":"https:\/\/www.icip.cat\/ca\/kristian-herbolzheimer-nomenat-nou-director-de-licip\/"},"author":{"name":"whads","@id":"https:\/\/www.icip.cat\/ca\/#\/schema\/person\/35404003404833995eee2bb6e3115dc6"},"headline":"Kristian Herbolzheimer, nomenat nou director de l\u2019ICIP","datePublished":"2018-07-16T08:00:00+00:00","mainEntityOfPage":{"@id":"https:\/\/www.icip.cat\/ca\/kristian-herbolzheimer-nomenat-nou-director-de-licip\/"},"wordCount":298,"publisher":{"@id":"https:\/\/www.icip.cat\/ca\/#organization"},"image":{"@id":"https:\/\/www.icip.cat\/ca\/kristian-herbolzheimer-nomenat-nou-director-de-licip\/#primaryimage"},"thumbnailUrl":"https:\/\/www.icip.cat\/wp-content\/uploads\/2018\/07\/Kristian.jpg_1329604716.jpg","inLanguage":"ca"},{"@type":"WebPage","@id":"https:\/\/www.icip.cat\/ca\/kristian-herbolzheimer-nomenat-nou-director-de-licip\/","url":"https:\/\/www.icip.cat\/ca\/kristian-herbolzheimer-nomenat-nou-director-de-licip\/","name":"Kristian Herbolzheimer, nomenat nou director de l\u2019ICIP - ICIP","isPartOf":{"@id":"https:\/\/www.icip.cat\/ca\/#website"},"primaryImageOfPage":{"@id":"https:\/\/www.icip.cat\/ca\/kristian-herbolzheimer-nomenat-nou-director-de-licip\/#primaryimage"},"image":{"@id":"https:\/\/www.icip.cat\/ca\/kristian-herbolzheimer-nomenat-nou-director-de-licip\/#primaryimage"},"thumbnailUrl":"https:\/\/www.icip.cat\/wp-content\/uploads\/2018\/07\/Kristian.jpg_1329604716.jpg","datePublished":"2018-07-16T08:00:00+00:00","inLanguage":"ca","potentialAction":[{"@type":"ReadAction","target":["https:\/\/www.icip.cat\/ca\/kristian-herbolzheimer-nomenat-nou-director-de-licip\/"]}]},{"@type":"ImageObject","inLanguage":"ca","@id":"https:\/\/www.icip.cat\/ca\/kristian-herbolzheimer-nomenat-nou-director-de-licip\/#primaryimage","url":"https:\/\/www.icip.cat\/wp-content\/uploads\/2018\/07\/Kristian.jpg_1329604716.jpg","contentUrl":"https:\/\/www.icip.cat\/wp-content\/uploads\/2018\/07\/Kristian.jpg_1329604716.jpg","width":160,"height":208,"caption":"Kristian Herbolzheimer, nomenat nou director de l\u2019ICIP"},{"@type":"WebSite","@id":"https:\/\/www.icip.cat\/ca\/#website","url":"https:\/\/www.icip.cat\/ca\/","name":"ICIP","description":"","publisher":{"@id":"https:\/\/www.icip.cat\/ca\/#organization"},"potentialAction":[{"@type":"SearchAction","target":{"@type":"EntryPoint","urlTemplate":"https:\/\/www.icip.cat\/ca\/?s={search_term_string}"},"query-input":{"@type":"PropertyValueSpecification","valueRequired":true,"valueName":"search_term_string"}}],"inLanguage":"ca"},{"@type":"Organization","@id":"https:\/\/www.icip.cat\/ca\/#organization","name":"ICIP","url":"https:\/\/www.icip.cat\/ca\/","logo":{"@type":"ImageObject","inLanguage":"ca","@id":"https:\/\/www.icip.cat\/ca\/#\/schema\/logo\/image\/","url":"https:\/\/www.icip.cat\/wp-content\/uploads\/2021\/02\/logo-2.png","contentUrl":"https:\/\/www.icip.cat\/wp-content\/uploads\/2021\/02\/logo-2.png","width":562,"height":391,"caption":"ICIP"},"image":{"@id":"https:\/\/www.icip.cat\/ca\/#\/schema\/logo\/image\/"}},{"@type":"Person","@id":"https:\/\/www.icip.cat\/ca\/#\/schema\/person\/35404003404833995eee2bb6e3115dc6","name":"whads","image":{"@type":"ImageObject","inLanguage":"ca","@id":"https:\/\/www.icip.cat\/ca\/#\/schema\/person\/image\/","url":"https:\/\/secure.gravatar.com\/avatar\/6a92e4ce03d9442c546cc4afecfc51777413608a6d55a7b50040700657b6b30f?s=96&d=mm&r=g","contentUrl":"https:\/\/secure.gravatar.com\/avatar\/6a92e4ce03d9442c546cc4afecfc51777413608a6d55a7b50040700657b6b30f?s=96&d=mm&r=g","caption":"whads"},"sameAs":["http:\/\/www.icip.cat"],"url":"https:\/\/www.icip.cat\/ca\/author\/whads\/"}]}},"_links":{"self":[{"href":"https:\/\/www.icip.cat\/ca\/wp-json\/wp\/v2\/posts\/3615","targetHints":{"allow":["GET"]}}],"collection":[{"href":"https:\/\/www.icip.cat\/ca\/wp-json\/wp\/v2\/posts"}],"about":[{"href":"https:\/\/www.icip.cat\/ca\/wp-json\/wp\/v2\/types\/post"}],"author":[{"embeddable":true,"href":"https:\/\/www.icip.cat\/ca\/wp-json\/wp\/v2\/users\/1"}],"replies":[{"embeddable":true,"href":"https:\/\/www.icip.cat\/ca\/wp-json\/wp\/v2\/comments?post=3615"}],"version-history":[{"count":0,"href":"https:\/\/www.icip.cat\/ca\/wp-json\/wp\/v2\/posts\/3615\/revisions"}],"wp:featuredmedia":[{"embeddable":true,"href":"https:\/\/www.icip.cat\/ca\/wp-json\/wp\/v2\/media\/3616"}],"wp:attachment":[{"href":"https:\/\/www.icip.cat\/ca\/wp-json\/wp\/v2\/media?parent=3615"}],"wp:term":[{"taxonomy":"category","embeddable":true,"href":"https:\/\/www.icip.cat\/ca\/wp-json\/wp\/v2\/categories?post=3615"},{"taxonomy":"post_tag","embeddable":true,"href":"https:\/\/www.icip.cat\/ca\/wp-json\/wp\/v2\/tags?post=3615"}],"curies":[{"name":"wp","href":"https:\/\/api.w.org\/{rel}","templated":true}]}}