{"id":36240,"date":"2023-04-14T08:39:36","date_gmt":"2023-04-14T08:39:36","guid":{"rendered":"https:\/\/www.icip.cat\/?p=36240"},"modified":"2023-11-02T13:15:02","modified_gmt":"2023-11-02T13:15:02","slug":"dos-treballs-sobre-la-llibertat-dexpressio-i-la-vida-a-la-preso-guanyen-el-premi-icip-alfons-banda-2022","status":"publish","type":"post","link":"https:\/\/www.icip.cat\/ca\/dos-treballs-sobre-la-llibertat-dexpressio-i-la-vida-a-la-preso-guanyen-el-premi-icip-alfons-banda-2022\/","title":{"rendered":"Dos treballs sobre la llibertat d&#8217;expressi\u00f3 i el dia a dia en una pres\u00f3 guanyen el Premi ICIP Alfons Banda 2022"},"content":{"rendered":"\n<p>Aquest mes d&#8217;abril s&#8217;ha fet p\u00fablica la <a href=\"https:\/\/tauler.seu.cat\/pagDetall.do?idEdicte=420251&amp;idens=1\" target=\"_blank\" rel=\"noreferrer noopener\">resoluci\u00f3<\/a> del Premi ICIP Alfons Banda 2022, dins la convocat\u00f2ria dels <a href=\"https:\/\/agaur.gencat.cat\/ca\/Premis-de-Recerca-Jove\" target=\"_blank\" rel=\"noreferrer noopener\">Premis de Recerca Jove<\/a>. En aquesta ocasi\u00f3 han estat premiats els treballs \u201c<strong>Muts i a la g\u00e0bia! Sobre la llibertat d&#8217;expressi\u00f3 i els seus l\u00edmits<\/strong>\u201d de l&#8217;alumna Berl\u00edn Pi\u00f1ero Masan\u00e9s, de l&#8217;Institut Cendrassos de Figueres, i \u201c360 minuts dins d&#8217;un centre penitenciari\u201d, de Sara De Haro Vitova i Gisela P\u00e9rez S\u00e1nchez, de l&#8217;Institut El Cairat d\u2019Esparreguera, un treball que aborda la inefici\u00e8ncia de les presos com a via per a la reinserci\u00f3.<\/p>\n\n\n\n<p>Els treballs guardonats tenen una dotaci\u00f3 econ\u00f2mica de 850 euros cadascun.<\/p>\n\n\n\n<p>El&nbsp;<a href=\"http:\/\/www.icip.cat\/ca\/premi-icip-alfons-banda\/\" target=\"_blank\" rel=\"noreferrer noopener\">Premi ICIP Alfons Banda<\/a>&nbsp;t\u00e9 per objectiu&nbsp;recon\u00e8ixer els millors treballs de l\u2019alumnat d\u2019ESO, batxillerat i cicles formatius&nbsp;que promoguin la cultura de pau i la gesti\u00f3 noviolenta dels conflictes. En concret, els treballs de recerca han de tractar q\u00fcestions relacionades amb els conflictes armats o la construcci\u00f3 de la pau, la vulneraci\u00f3 o la defensa dels drets humans i l&#8217;\u00fas de la noviol\u00e8ncia com a eina de transformaci\u00f3 social.<\/p>\n\n\n\n<p>El guard\u00f3 s\u2019emmarca en els Premis de Recerca Jove\u00a0convocats pel Departament de Recerca i Universitats i l\u2019Ag\u00e8ncia de Gesti\u00f3 d\u2019Ajuts Universitaris i de Recerca (AGAUR) amb un objectiu marc de fomentar l\u2019esperit cient\u00edfic del jovent.<\/p>\n\n\n\n<p>En l\u2019edici\u00f3 2022 el jurat ha distingit un total de 76 treballs, amb un import global de 64.600 euros.<\/p>\n\n\n\n<figure class=\"wp-block-embed aligncenter is-type-video is-provider-youtube wp-block-embed-youtube wp-embed-aspect-16-9 wp-has-aspect-ratio\"><div class=\"wp-block-embed__wrapper\">\n<iframe title=\"Qu\u00e8 \u00e9s el Premi ICIP Alfons Banda?\" width=\"640\" height=\"360\" src=\"https:\/\/www.youtube.com\/embed\/56aItJrrYGA?feature=oembed\" frameborder=\"0\" allow=\"accelerometer; autoplay; clipboard-write; encrypted-media; gyroscope; picture-in-picture; web-share\" referrerpolicy=\"strict-origin-when-cross-origin\" allowfullscreen><\/iframe>\n<\/div><\/figure>\n","protected":false},"excerpt":{"rendered":"<p>Aquest mes d&#8217;abril s&#8217;ha fet p\u00fablica la resoluci\u00f3 del Premi ICIP Alfons Banda 2022, dins la convocat\u00f2ria dels Premis de Recerca Jove. En aquesta ocasi\u00f3 han estat premiats els treballs \u201cMuts i a la g\u00e0bia! Sobre la llibertat d&#8217;expressi\u00f3 i els seus l\u00edmits\u201d de l&#8217;alumna Berl\u00edn Pi\u00f1ero Masan\u00e9s, de l&#8217;Institut Cendrassos de Figueres, i \u201c360 [&hellip;]<\/p>\n","protected":false},"author":2,"featured_media":20684,"comment_status":"closed","ping_status":"closed","sticky":false,"template":"","format":"standard","meta":{"_acf_changed":false,"footnotes":""},"categories":[4],"tags":[],"class_list":["post-36240","post","type-post","status-publish","format-standard","has-post-thumbnail","hentry","category-sense-categoria"],"acf":[],"yoast_head":"<!-- This site is optimized with the Yoast SEO plugin v25.6 - https:\/\/yoast.com\/wordpress\/plugins\/seo\/ -->\n<title>Dos treballs sobre la llibertat d&#039;expressi\u00f3 i el dia a dia en una pres\u00f3 guanyen el Premi ICIP Alfons Banda 2022 - ICIP<\/title>\n<meta name=\"description\" content=\"Les alumnes premiades s\u00f3n de l&#039;Institut Cendrassos de Figueres i de l&#039;Institut El Cairat d&#039;Esparreguera.\" \/>\n<meta name=\"robots\" content=\"index, follow, max-snippet:-1, max-image-preview:large, max-video-preview:-1\" \/>\n<link rel=\"canonical\" href=\"https:\/\/www.icip.cat\/ca\/dos-treballs-sobre-la-llibertat-dexpressio-i-la-vida-a-la-preso-guanyen-el-premi-icip-alfons-banda-2022\/\" \/>\n<meta property=\"og:locale\" content=\"ca_ES\" \/>\n<meta property=\"og:type\" content=\"article\" \/>\n<meta property=\"og:title\" content=\"Dos treballs sobre la llibertat d&#039;expressi\u00f3 i el dia a dia en una pres\u00f3 guanyen el Premi ICIP Alfons Banda 2022 - ICIP\" \/>\n<meta property=\"og:description\" content=\"Les alumnes premiades s\u00f3n de l&#039;Institut Cendrassos de Figueres i de l&#039;Institut El Cairat d&#039;Esparreguera.\" \/>\n<meta property=\"og:url\" content=\"https:\/\/www.icip.cat\/ca\/dos-treballs-sobre-la-llibertat-dexpressio-i-la-vida-a-la-preso-guanyen-el-premi-icip-alfons-banda-2022\/\" \/>\n<meta property=\"og:site_name\" content=\"ICIP\" \/>\n<meta property=\"article:published_time\" content=\"2023-04-14T08:39:36+00:00\" \/>\n<meta property=\"article:modified_time\" content=\"2023-11-02T13:15:02+00:00\" \/>\n<meta property=\"og:image\" content=\"https:\/\/www.icip.cat\/wp-content\/uploads\/2021\/07\/premis-recerca.png\" \/>\n\t<meta property=\"og:image:width\" content=\"425\" \/>\n\t<meta property=\"og:image:height\" content=\"490\" \/>\n\t<meta property=\"og:image:type\" content=\"image\/png\" \/>\n<meta name=\"author\" content=\"Eugenia\" \/>\n<meta name=\"twitter:card\" content=\"summary_large_image\" \/>\n<meta name=\"twitter:label1\" content=\"Escrit per\" \/>\n\t<meta name=\"twitter:data1\" content=\"Eugenia\" \/>\n\t<meta name=\"twitter:label2\" content=\"Temps estimat de lectura\" \/>\n\t<meta name=\"twitter:data2\" content=\"2 minuts\" \/>\n<script type=\"application\/ld+json\" class=\"yoast-schema-graph\">{\"@context\":\"https:\/\/schema.org\",\"@graph\":[{\"@type\":\"Article\",\"@id\":\"https:\/\/www.icip.cat\/ca\/dos-treballs-sobre-la-llibertat-dexpressio-i-la-vida-a-la-preso-guanyen-el-premi-icip-alfons-banda-2022\/#article\",\"isPartOf\":{\"@id\":\"https:\/\/www.icip.cat\/ca\/dos-treballs-sobre-la-llibertat-dexpressio-i-la-vida-a-la-preso-guanyen-el-premi-icip-alfons-banda-2022\/\"},\"author\":{\"name\":\"Eugenia\",\"@id\":\"https:\/\/www.icip.cat\/ca\/#\/schema\/person\/ecaf8460603e6e32c80f3acbf4178fa6\"},\"headline\":\"Dos treballs sobre la llibertat d&#8217;expressi\u00f3 i el dia a dia en una pres\u00f3 guanyen el Premi ICIP Alfons Banda 2022\",\"datePublished\":\"2023-04-14T08:39:36+00:00\",\"dateModified\":\"2023-11-02T13:15:02+00:00\",\"mainEntityOfPage\":{\"@id\":\"https:\/\/www.icip.cat\/ca\/dos-treballs-sobre-la-llibertat-dexpressio-i-la-vida-a-la-preso-guanyen-el-premi-icip-alfons-banda-2022\/\"},\"wordCount\":314,\"publisher\":{\"@id\":\"https:\/\/www.icip.cat\/ca\/#organization\"},\"image\":{\"@id\":\"https:\/\/www.icip.cat\/ca\/dos-treballs-sobre-la-llibertat-dexpressio-i-la-vida-a-la-preso-guanyen-el-premi-icip-alfons-banda-2022\/#primaryimage\"},\"thumbnailUrl\":\"https:\/\/www.icip.cat\/wp-content\/uploads\/2021\/07\/premis-recerca.png\",\"inLanguage\":\"ca\"},{\"@type\":\"WebPage\",\"@id\":\"https:\/\/www.icip.cat\/ca\/dos-treballs-sobre-la-llibertat-dexpressio-i-la-vida-a-la-preso-guanyen-el-premi-icip-alfons-banda-2022\/\",\"url\":\"https:\/\/www.icip.cat\/ca\/dos-treballs-sobre-la-llibertat-dexpressio-i-la-vida-a-la-preso-guanyen-el-premi-icip-alfons-banda-2022\/\",\"name\":\"Dos treballs sobre la llibertat d'expressi\u00f3 i el dia a dia en una pres\u00f3 guanyen el Premi ICIP Alfons Banda 2022 - ICIP\",\"isPartOf\":{\"@id\":\"https:\/\/www.icip.cat\/ca\/#website\"},\"primaryImageOfPage\":{\"@id\":\"https:\/\/www.icip.cat\/ca\/dos-treballs-sobre-la-llibertat-dexpressio-i-la-vida-a-la-preso-guanyen-el-premi-icip-alfons-banda-2022\/#primaryimage\"},\"image\":{\"@id\":\"https:\/\/www.icip.cat\/ca\/dos-treballs-sobre-la-llibertat-dexpressio-i-la-vida-a-la-preso-guanyen-el-premi-icip-alfons-banda-2022\/#primaryimage\"},\"thumbnailUrl\":\"https:\/\/www.icip.cat\/wp-content\/uploads\/2021\/07\/premis-recerca.png\",\"datePublished\":\"2023-04-14T08:39:36+00:00\",\"dateModified\":\"2023-11-02T13:15:02+00:00\",\"description\":\"Les alumnes premiades s\u00f3n de l'Institut Cendrassos de Figueres i de l'Institut El Cairat d'Esparreguera.\",\"inLanguage\":\"ca\",\"potentialAction\":[{\"@type\":\"ReadAction\",\"target\":[\"https:\/\/www.icip.cat\/ca\/dos-treballs-sobre-la-llibertat-dexpressio-i-la-vida-a-la-preso-guanyen-el-premi-icip-alfons-banda-2022\/\"]}]},{\"@type\":\"ImageObject\",\"inLanguage\":\"ca\",\"@id\":\"https:\/\/www.icip.cat\/ca\/dos-treballs-sobre-la-llibertat-dexpressio-i-la-vida-a-la-preso-guanyen-el-premi-icip-alfons-banda-2022\/#primaryimage\",\"url\":\"https:\/\/www.icip.cat\/wp-content\/uploads\/2021\/07\/premis-recerca.png\",\"contentUrl\":\"https:\/\/www.icip.cat\/wp-content\/uploads\/2021\/07\/premis-recerca.png\",\"width\":425,\"height\":490},{\"@type\":\"WebSite\",\"@id\":\"https:\/\/www.icip.cat\/ca\/#website\",\"url\":\"https:\/\/www.icip.cat\/ca\/\",\"name\":\"ICIP\",\"description\":\"\",\"publisher\":{\"@id\":\"https:\/\/www.icip.cat\/ca\/#organization\"},\"potentialAction\":[{\"@type\":\"SearchAction\",\"target\":{\"@type\":\"EntryPoint\",\"urlTemplate\":\"https:\/\/www.icip.cat\/ca\/?s={search_term_string}\"},\"query-input\":{\"@type\":\"PropertyValueSpecification\",\"valueRequired\":true,\"valueName\":\"search_term_string\"}}],\"inLanguage\":\"ca\"},{\"@type\":\"Organization\",\"@id\":\"https:\/\/www.icip.cat\/ca\/#organization\",\"name\":\"ICIP\",\"url\":\"https:\/\/www.icip.cat\/ca\/\",\"logo\":{\"@type\":\"ImageObject\",\"inLanguage\":\"ca\",\"@id\":\"https:\/\/www.icip.cat\/ca\/#\/schema\/logo\/image\/\",\"url\":\"https:\/\/www.icip.cat\/wp-content\/uploads\/2021\/02\/logo-2.png\",\"contentUrl\":\"https:\/\/www.icip.cat\/wp-content\/uploads\/2021\/02\/logo-2.png\",\"width\":562,\"height\":391,\"caption\":\"ICIP\"},\"image\":{\"@id\":\"https:\/\/www.icip.cat\/ca\/#\/schema\/logo\/image\/\"}},{\"@type\":\"Person\",\"@id\":\"https:\/\/www.icip.cat\/ca\/#\/schema\/person\/ecaf8460603e6e32c80f3acbf4178fa6\",\"name\":\"Eugenia\",\"image\":{\"@type\":\"ImageObject\",\"inLanguage\":\"ca\",\"@id\":\"https:\/\/www.icip.cat\/ca\/#\/schema\/person\/image\/\",\"url\":\"https:\/\/secure.gravatar.com\/avatar\/d30b42e0caf7d7c3d97196ad2e94636c7bb0cc353a49ec8660d01bc0ff98b480?s=96&d=mm&r=g\",\"contentUrl\":\"https:\/\/secure.gravatar.com\/avatar\/d30b42e0caf7d7c3d97196ad2e94636c7bb0cc353a49ec8660d01bc0ff98b480?s=96&d=mm&r=g\",\"caption\":\"Eugenia\"},\"url\":\"https:\/\/www.icip.cat\/ca\/author\/eugenia\/\"}]}<\/script>\n<!-- \/ Yoast SEO plugin. -->","yoast_head_json":{"title":"Dos treballs sobre la llibertat d'expressi\u00f3 i el dia a dia en una pres\u00f3 guanyen el Premi ICIP Alfons Banda 2022 - ICIP","description":"Les alumnes premiades s\u00f3n de l'Institut Cendrassos de Figueres i de l'Institut El Cairat d'Esparreguera.","robots":{"index":"index","follow":"follow","max-snippet":"max-snippet:-1","max-image-preview":"max-image-preview:large","max-video-preview":"max-video-preview:-1"},"canonical":"https:\/\/www.icip.cat\/ca\/dos-treballs-sobre-la-llibertat-dexpressio-i-la-vida-a-la-preso-guanyen-el-premi-icip-alfons-banda-2022\/","og_locale":"ca_ES","og_type":"article","og_title":"Dos treballs sobre la llibertat d'expressi\u00f3 i el dia a dia en una pres\u00f3 guanyen el Premi ICIP Alfons Banda 2022 - ICIP","og_description":"Les alumnes premiades s\u00f3n de l'Institut Cendrassos de Figueres i de l'Institut El Cairat d'Esparreguera.","og_url":"https:\/\/www.icip.cat\/ca\/dos-treballs-sobre-la-llibertat-dexpressio-i-la-vida-a-la-preso-guanyen-el-premi-icip-alfons-banda-2022\/","og_site_name":"ICIP","article_published_time":"2023-04-14T08:39:36+00:00","article_modified_time":"2023-11-02T13:15:02+00:00","og_image":[{"width":425,"height":490,"url":"https:\/\/www.icip.cat\/wp-content\/uploads\/2021\/07\/premis-recerca.png","type":"image\/png"}],"author":"Eugenia","twitter_card":"summary_large_image","twitter_misc":{"Escrit per":"Eugenia","Temps estimat de lectura":"2 minuts"},"schema":{"@context":"https:\/\/schema.org","@graph":[{"@type":"Article","@id":"https:\/\/www.icip.cat\/ca\/dos-treballs-sobre-la-llibertat-dexpressio-i-la-vida-a-la-preso-guanyen-el-premi-icip-alfons-banda-2022\/#article","isPartOf":{"@id":"https:\/\/www.icip.cat\/ca\/dos-treballs-sobre-la-llibertat-dexpressio-i-la-vida-a-la-preso-guanyen-el-premi-icip-alfons-banda-2022\/"},"author":{"name":"Eugenia","@id":"https:\/\/www.icip.cat\/ca\/#\/schema\/person\/ecaf8460603e6e32c80f3acbf4178fa6"},"headline":"Dos treballs sobre la llibertat d&#8217;expressi\u00f3 i el dia a dia en una pres\u00f3 guanyen el Premi ICIP Alfons Banda 2022","datePublished":"2023-04-14T08:39:36+00:00","dateModified":"2023-11-02T13:15:02+00:00","mainEntityOfPage":{"@id":"https:\/\/www.icip.cat\/ca\/dos-treballs-sobre-la-llibertat-dexpressio-i-la-vida-a-la-preso-guanyen-el-premi-icip-alfons-banda-2022\/"},"wordCount":314,"publisher":{"@id":"https:\/\/www.icip.cat\/ca\/#organization"},"image":{"@id":"https:\/\/www.icip.cat\/ca\/dos-treballs-sobre-la-llibertat-dexpressio-i-la-vida-a-la-preso-guanyen-el-premi-icip-alfons-banda-2022\/#primaryimage"},"thumbnailUrl":"https:\/\/www.icip.cat\/wp-content\/uploads\/2021\/07\/premis-recerca.png","inLanguage":"ca"},{"@type":"WebPage","@id":"https:\/\/www.icip.cat\/ca\/dos-treballs-sobre-la-llibertat-dexpressio-i-la-vida-a-la-preso-guanyen-el-premi-icip-alfons-banda-2022\/","url":"https:\/\/www.icip.cat\/ca\/dos-treballs-sobre-la-llibertat-dexpressio-i-la-vida-a-la-preso-guanyen-el-premi-icip-alfons-banda-2022\/","name":"Dos treballs sobre la llibertat d'expressi\u00f3 i el dia a dia en una pres\u00f3 guanyen el Premi ICIP Alfons Banda 2022 - ICIP","isPartOf":{"@id":"https:\/\/www.icip.cat\/ca\/#website"},"primaryImageOfPage":{"@id":"https:\/\/www.icip.cat\/ca\/dos-treballs-sobre-la-llibertat-dexpressio-i-la-vida-a-la-preso-guanyen-el-premi-icip-alfons-banda-2022\/#primaryimage"},"image":{"@id":"https:\/\/www.icip.cat\/ca\/dos-treballs-sobre-la-llibertat-dexpressio-i-la-vida-a-la-preso-guanyen-el-premi-icip-alfons-banda-2022\/#primaryimage"},"thumbnailUrl":"https:\/\/www.icip.cat\/wp-content\/uploads\/2021\/07\/premis-recerca.png","datePublished":"2023-04-14T08:39:36+00:00","dateModified":"2023-11-02T13:15:02+00:00","description":"Les alumnes premiades s\u00f3n de l'Institut Cendrassos de Figueres i de l'Institut El Cairat d'Esparreguera.","inLanguage":"ca","potentialAction":[{"@type":"ReadAction","target":["https:\/\/www.icip.cat\/ca\/dos-treballs-sobre-la-llibertat-dexpressio-i-la-vida-a-la-preso-guanyen-el-premi-icip-alfons-banda-2022\/"]}]},{"@type":"ImageObject","inLanguage":"ca","@id":"https:\/\/www.icip.cat\/ca\/dos-treballs-sobre-la-llibertat-dexpressio-i-la-vida-a-la-preso-guanyen-el-premi-icip-alfons-banda-2022\/#primaryimage","url":"https:\/\/www.icip.cat\/wp-content\/uploads\/2021\/07\/premis-recerca.png","contentUrl":"https:\/\/www.icip.cat\/wp-content\/uploads\/2021\/07\/premis-recerca.png","width":425,"height":490},{"@type":"WebSite","@id":"https:\/\/www.icip.cat\/ca\/#website","url":"https:\/\/www.icip.cat\/ca\/","name":"ICIP","description":"","publisher":{"@id":"https:\/\/www.icip.cat\/ca\/#organization"},"potentialAction":[{"@type":"SearchAction","target":{"@type":"EntryPoint","urlTemplate":"https:\/\/www.icip.cat\/ca\/?s={search_term_string}"},"query-input":{"@type":"PropertyValueSpecification","valueRequired":true,"valueName":"search_term_string"}}],"inLanguage":"ca"},{"@type":"Organization","@id":"https:\/\/www.icip.cat\/ca\/#organization","name":"ICIP","url":"https:\/\/www.icip.cat\/ca\/","logo":{"@type":"ImageObject","inLanguage":"ca","@id":"https:\/\/www.icip.cat\/ca\/#\/schema\/logo\/image\/","url":"https:\/\/www.icip.cat\/wp-content\/uploads\/2021\/02\/logo-2.png","contentUrl":"https:\/\/www.icip.cat\/wp-content\/uploads\/2021\/02\/logo-2.png","width":562,"height":391,"caption":"ICIP"},"image":{"@id":"https:\/\/www.icip.cat\/ca\/#\/schema\/logo\/image\/"}},{"@type":"Person","@id":"https:\/\/www.icip.cat\/ca\/#\/schema\/person\/ecaf8460603e6e32c80f3acbf4178fa6","name":"Eugenia","image":{"@type":"ImageObject","inLanguage":"ca","@id":"https:\/\/www.icip.cat\/ca\/#\/schema\/person\/image\/","url":"https:\/\/secure.gravatar.com\/avatar\/d30b42e0caf7d7c3d97196ad2e94636c7bb0cc353a49ec8660d01bc0ff98b480?s=96&d=mm&r=g","contentUrl":"https:\/\/secure.gravatar.com\/avatar\/d30b42e0caf7d7c3d97196ad2e94636c7bb0cc353a49ec8660d01bc0ff98b480?s=96&d=mm&r=g","caption":"Eugenia"},"url":"https:\/\/www.icip.cat\/ca\/author\/eugenia\/"}]}},"_links":{"self":[{"href":"https:\/\/www.icip.cat\/ca\/wp-json\/wp\/v2\/posts\/36240","targetHints":{"allow":["GET"]}}],"collection":[{"href":"https:\/\/www.icip.cat\/ca\/wp-json\/wp\/v2\/posts"}],"about":[{"href":"https:\/\/www.icip.cat\/ca\/wp-json\/wp\/v2\/types\/post"}],"author":[{"embeddable":true,"href":"https:\/\/www.icip.cat\/ca\/wp-json\/wp\/v2\/users\/2"}],"replies":[{"embeddable":true,"href":"https:\/\/www.icip.cat\/ca\/wp-json\/wp\/v2\/comments?post=36240"}],"version-history":[{"count":5,"href":"https:\/\/www.icip.cat\/ca\/wp-json\/wp\/v2\/posts\/36240\/revisions"}],"predecessor-version":[{"id":40834,"href":"https:\/\/www.icip.cat\/ca\/wp-json\/wp\/v2\/posts\/36240\/revisions\/40834"}],"wp:featuredmedia":[{"embeddable":true,"href":"https:\/\/www.icip.cat\/ca\/wp-json\/wp\/v2\/media\/20684"}],"wp:attachment":[{"href":"https:\/\/www.icip.cat\/ca\/wp-json\/wp\/v2\/media?parent=36240"}],"wp:term":[{"taxonomy":"category","embeddable":true,"href":"https:\/\/www.icip.cat\/ca\/wp-json\/wp\/v2\/categories?post=36240"},{"taxonomy":"post_tag","embeddable":true,"href":"https:\/\/www.icip.cat\/ca\/wp-json\/wp\/v2\/tags?post=36240"}],"curies":[{"name":"wp","href":"https:\/\/api.w.org\/{rel}","templated":true}]}}