{"id":3635,"date":"2018-05-04T08:00:00","date_gmt":"2018-05-04T08:00:00","guid":{"rendered":"http:\/\/www.icip.cat\/lanunci-de-dissolucio-deta-un-pas-decisiu-cap-a-la-pau\/"},"modified":"2018-05-04T08:00:00","modified_gmt":"2018-05-04T08:00:00","slug":"lanunci-de-dissolucio-deta-un-pas-decisiu-cap-a-la-pau","status":"publish","type":"post","link":"https:\/\/www.icip.cat\/ca\/lanunci-de-dissolucio-deta-un-pas-decisiu-cap-a-la-pau\/","title":{"rendered":"L&#8217;anunci de dissoluci\u00f3 d&#8217;ETA, un pas decisiu cap a la pau"},"content":{"rendered":"<p>L&#8217;ICIP celebra la dissoluci\u00f3 d\u2019ETA, confirmada aquest divendres 4 de maig a la confer\u00e8ncia internacional de Kanbo, al Pa\u00eds Basc franc\u00e8s, la qual posa fi a 60 anys d\u2019exist\u00e8ncia de l\u2019organitzaci\u00f3 terrorista i obre la porta a la possibilitat d\u2019una verdadera construcci\u00f3 de pau despr\u00e9s de d\u00e8cades de conflicte.<br \/>\nLa ren\u00fancia a l\u2019\u00fas de la viol\u00e8ncia com a mitj\u00e0 per assolir objectius pol\u00edtics \u00e9s, sens dubte, un triomf de la pau. Tanmateix, la pau positiva va m\u00e9s enll\u00e0 de la l\u2019abs\u00e8ncia de viol\u00e8ncia i exigeix l\u2019articulaci\u00f3 d\u2019una conviv\u00e8ncia basada en el respecte a les llibertats, els drets humans i la just\u00edcia social. La construcci\u00f3 d\u2019una pau global \u00e9s un cam\u00ed llarg, no faltat d\u2019obstacles, i \u00e9s per aquest motiu que \u00e9s indispensable que els diferents actors del conflicte continu\u00efn treballant per superar el dany causat per d\u00e8cades de viol\u00e8ncia i la fractura social.<br \/>\nEn aquest sentit, emplacem la societat basca en el seu conjunt i les seves institucions, aix\u00ed com les institucions dels governs espanyol i franc\u00e8s, a fer tots els esfor\u00e7os necessaris per tal d\u2019assolir una plena reconciliaci\u00f3 basada en el respecte i el di\u00e0leg. \u00c9s responsabilitat de tots aprofitar aquesta oportunitat hist\u00f2rica per tal d\u2019avan\u00e7ar en el cam\u00ed desitjat. La fi de l&#8217;activitat d\u2019ETA i el seu desarmament previ han estat condicions indispensables per encarar amb \u00e8xit aquest proc\u00e9s de pau per\u00f2 tamb\u00e9 ho \u00e9s la construcci\u00f3 d\u2019una mem\u00f2ria col\u00b7lectiva del conflicte, amb un relat que respecti i inclogui totes les v\u00edctimes. Queda, doncs, cam\u00ed a rec\u00f3rrer per superar de manera definitiva i efectiva tants anys de conflicte pol\u00edtic i social.<br \/>\nDes de l\u2019ICIP hem defensat sempre la necessitat d\u2019utilitzar els mitjans pac\u00edfics per a aconseguir objectius pol\u00edtics i resoldre els conflictes. Ara l\u2019anunci de dissoluci\u00f3 d\u2019ETA \u00e9s la confirmaci\u00f3 del cam\u00ed iniciat per la societat basca d\u2019enfrontar-se a la transformaci\u00f3 del conflicte mitjan\u00e7ant la paraula.<\/p>\n","protected":false},"excerpt":{"rendered":"<p>L&#8217;ICIP celebra la fi de l&#8217;activitat d&#8217;ETA i empla\u00e7a els diferents actors del conflicte a continuar treballant per assolir una plena reconciliaci\u00f3.<\/p>\n","protected":false},"author":1,"featured_media":3636,"comment_status":"closed","ping_status":"open","sticky":false,"template":"","format":"standard","meta":{"_acf_changed":false,"footnotes":""},"categories":[4],"tags":[],"class_list":["post-3635","post","type-post","status-publish","format-standard","has-post-thumbnail","hentry","category-sense-categoria"],"acf":[],"yoast_head":"<!-- This site is optimized with the Yoast SEO plugin v25.6 - https:\/\/yoast.com\/wordpress\/plugins\/seo\/ -->\n<title>L&#039;anunci de dissoluci\u00f3 d&#039;ETA, un pas decisiu cap a la pau - ICIP<\/title>\n<meta name=\"robots\" content=\"index, follow, max-snippet:-1, max-image-preview:large, max-video-preview:-1\" \/>\n<link rel=\"canonical\" href=\"https:\/\/www.icip.cat\/ca\/lanunci-de-dissolucio-deta-un-pas-decisiu-cap-a-la-pau\/\" \/>\n<meta property=\"og:locale\" content=\"ca_ES\" \/>\n<meta property=\"og:type\" content=\"article\" \/>\n<meta property=\"og:title\" content=\"L&#039;anunci de dissoluci\u00f3 d&#039;ETA, un pas decisiu cap a la pau - ICIP\" \/>\n<meta property=\"og:description\" content=\"L&#039;ICIP celebra la fi de l&#039;activitat d&#039;ETA i empla\u00e7a els diferents actors del conflicte a continuar treballant per assolir una plena reconciliaci\u00f3.\" \/>\n<meta property=\"og:url\" content=\"https:\/\/www.icip.cat\/ca\/lanunci-de-dissolucio-deta-un-pas-decisiu-cap-a-la-pau\/\" \/>\n<meta property=\"og:site_name\" content=\"ICIP\" \/>\n<meta property=\"article:published_time\" content=\"2018-05-04T08:00:00+00:00\" \/>\n<meta property=\"og:image\" content=\"https:\/\/www.icip.cat\/wp-content\/uploads\/2018\/05\/logo_geco-1.jpg_1805848694-1.jpg\" \/>\n\t<meta property=\"og:image:width\" content=\"190\" \/>\n\t<meta property=\"og:image:height\" content=\"113\" \/>\n\t<meta property=\"og:image:type\" content=\"image\/jpeg\" \/>\n<meta name=\"author\" content=\"whads\" \/>\n<meta name=\"twitter:card\" content=\"summary_large_image\" \/>\n<meta name=\"twitter:label1\" content=\"Escrit per\" \/>\n\t<meta name=\"twitter:data1\" content=\"whads\" \/>\n\t<meta name=\"twitter:label2\" content=\"Temps estimat de lectura\" \/>\n\t<meta name=\"twitter:data2\" content=\"2 minuts\" \/>\n<script type=\"application\/ld+json\" class=\"yoast-schema-graph\">{\"@context\":\"https:\/\/schema.org\",\"@graph\":[{\"@type\":\"Article\",\"@id\":\"https:\/\/www.icip.cat\/ca\/lanunci-de-dissolucio-deta-un-pas-decisiu-cap-a-la-pau\/#article\",\"isPartOf\":{\"@id\":\"https:\/\/www.icip.cat\/ca\/lanunci-de-dissolucio-deta-un-pas-decisiu-cap-a-la-pau\/\"},\"author\":{\"name\":\"whads\",\"@id\":\"https:\/\/www.icip.cat\/ca\/#\/schema\/person\/35404003404833995eee2bb6e3115dc6\"},\"headline\":\"L&#8217;anunci de dissoluci\u00f3 d&#8217;ETA, un pas decisiu cap a la pau\",\"datePublished\":\"2018-05-04T08:00:00+00:00\",\"mainEntityOfPage\":{\"@id\":\"https:\/\/www.icip.cat\/ca\/lanunci-de-dissolucio-deta-un-pas-decisiu-cap-a-la-pau\/\"},\"wordCount\":371,\"publisher\":{\"@id\":\"https:\/\/www.icip.cat\/ca\/#organization\"},\"image\":{\"@id\":\"https:\/\/www.icip.cat\/ca\/lanunci-de-dissolucio-deta-un-pas-decisiu-cap-a-la-pau\/#primaryimage\"},\"thumbnailUrl\":\"https:\/\/www.icip.cat\/wp-content\/uploads\/2018\/05\/logo_geco-1.jpg_1805848694-1.jpg\",\"inLanguage\":\"ca\"},{\"@type\":\"WebPage\",\"@id\":\"https:\/\/www.icip.cat\/ca\/lanunci-de-dissolucio-deta-un-pas-decisiu-cap-a-la-pau\/\",\"url\":\"https:\/\/www.icip.cat\/ca\/lanunci-de-dissolucio-deta-un-pas-decisiu-cap-a-la-pau\/\",\"name\":\"L'anunci de dissoluci\u00f3 d'ETA, un pas decisiu cap a la pau - ICIP\",\"isPartOf\":{\"@id\":\"https:\/\/www.icip.cat\/ca\/#website\"},\"primaryImageOfPage\":{\"@id\":\"https:\/\/www.icip.cat\/ca\/lanunci-de-dissolucio-deta-un-pas-decisiu-cap-a-la-pau\/#primaryimage\"},\"image\":{\"@id\":\"https:\/\/www.icip.cat\/ca\/lanunci-de-dissolucio-deta-un-pas-decisiu-cap-a-la-pau\/#primaryimage\"},\"thumbnailUrl\":\"https:\/\/www.icip.cat\/wp-content\/uploads\/2018\/05\/logo_geco-1.jpg_1805848694-1.jpg\",\"datePublished\":\"2018-05-04T08:00:00+00:00\",\"inLanguage\":\"ca\",\"potentialAction\":[{\"@type\":\"ReadAction\",\"target\":[\"https:\/\/www.icip.cat\/ca\/lanunci-de-dissolucio-deta-un-pas-decisiu-cap-a-la-pau\/\"]}]},{\"@type\":\"ImageObject\",\"inLanguage\":\"ca\",\"@id\":\"https:\/\/www.icip.cat\/ca\/lanunci-de-dissolucio-deta-un-pas-decisiu-cap-a-la-pau\/#primaryimage\",\"url\":\"https:\/\/www.icip.cat\/wp-content\/uploads\/2018\/05\/logo_geco-1.jpg_1805848694-1.jpg\",\"contentUrl\":\"https:\/\/www.icip.cat\/wp-content\/uploads\/2018\/05\/logo_geco-1.jpg_1805848694-1.jpg\",\"width\":190,\"height\":113,\"caption\":\"L'anunci de dissoluci\u00f3 d'ETA, un pas decisiu cap a la pau\"},{\"@type\":\"WebSite\",\"@id\":\"https:\/\/www.icip.cat\/ca\/#website\",\"url\":\"https:\/\/www.icip.cat\/ca\/\",\"name\":\"ICIP\",\"description\":\"\",\"publisher\":{\"@id\":\"https:\/\/www.icip.cat\/ca\/#organization\"},\"potentialAction\":[{\"@type\":\"SearchAction\",\"target\":{\"@type\":\"EntryPoint\",\"urlTemplate\":\"https:\/\/www.icip.cat\/ca\/?s={search_term_string}\"},\"query-input\":{\"@type\":\"PropertyValueSpecification\",\"valueRequired\":true,\"valueName\":\"search_term_string\"}}],\"inLanguage\":\"ca\"},{\"@type\":\"Organization\",\"@id\":\"https:\/\/www.icip.cat\/ca\/#organization\",\"name\":\"ICIP\",\"url\":\"https:\/\/www.icip.cat\/ca\/\",\"logo\":{\"@type\":\"ImageObject\",\"inLanguage\":\"ca\",\"@id\":\"https:\/\/www.icip.cat\/ca\/#\/schema\/logo\/image\/\",\"url\":\"https:\/\/www.icip.cat\/wp-content\/uploads\/2021\/02\/logo-2.png\",\"contentUrl\":\"https:\/\/www.icip.cat\/wp-content\/uploads\/2021\/02\/logo-2.png\",\"width\":562,\"height\":391,\"caption\":\"ICIP\"},\"image\":{\"@id\":\"https:\/\/www.icip.cat\/ca\/#\/schema\/logo\/image\/\"}},{\"@type\":\"Person\",\"@id\":\"https:\/\/www.icip.cat\/ca\/#\/schema\/person\/35404003404833995eee2bb6e3115dc6\",\"name\":\"whads\",\"image\":{\"@type\":\"ImageObject\",\"inLanguage\":\"ca\",\"@id\":\"https:\/\/www.icip.cat\/ca\/#\/schema\/person\/image\/\",\"url\":\"https:\/\/secure.gravatar.com\/avatar\/6a92e4ce03d9442c546cc4afecfc51777413608a6d55a7b50040700657b6b30f?s=96&d=mm&r=g\",\"contentUrl\":\"https:\/\/secure.gravatar.com\/avatar\/6a92e4ce03d9442c546cc4afecfc51777413608a6d55a7b50040700657b6b30f?s=96&d=mm&r=g\",\"caption\":\"whads\"},\"sameAs\":[\"http:\/\/www.icip.cat\"],\"url\":\"https:\/\/www.icip.cat\/ca\/author\/whads\/\"}]}<\/script>\n<!-- \/ Yoast SEO plugin. -->","yoast_head_json":{"title":"L'anunci de dissoluci\u00f3 d'ETA, un pas decisiu cap a la pau - ICIP","robots":{"index":"index","follow":"follow","max-snippet":"max-snippet:-1","max-image-preview":"max-image-preview:large","max-video-preview":"max-video-preview:-1"},"canonical":"https:\/\/www.icip.cat\/ca\/lanunci-de-dissolucio-deta-un-pas-decisiu-cap-a-la-pau\/","og_locale":"ca_ES","og_type":"article","og_title":"L'anunci de dissoluci\u00f3 d'ETA, un pas decisiu cap a la pau - ICIP","og_description":"L'ICIP celebra la fi de l'activitat d'ETA i empla\u00e7a els diferents actors del conflicte a continuar treballant per assolir una plena reconciliaci\u00f3.","og_url":"https:\/\/www.icip.cat\/ca\/lanunci-de-dissolucio-deta-un-pas-decisiu-cap-a-la-pau\/","og_site_name":"ICIP","article_published_time":"2018-05-04T08:00:00+00:00","og_image":[{"width":190,"height":113,"url":"https:\/\/www.icip.cat\/wp-content\/uploads\/2018\/05\/logo_geco-1.jpg_1805848694-1.jpg","type":"image\/jpeg"}],"author":"whads","twitter_card":"summary_large_image","twitter_misc":{"Escrit per":"whads","Temps estimat de lectura":"2 minuts"},"schema":{"@context":"https:\/\/schema.org","@graph":[{"@type":"Article","@id":"https:\/\/www.icip.cat\/ca\/lanunci-de-dissolucio-deta-un-pas-decisiu-cap-a-la-pau\/#article","isPartOf":{"@id":"https:\/\/www.icip.cat\/ca\/lanunci-de-dissolucio-deta-un-pas-decisiu-cap-a-la-pau\/"},"author":{"name":"whads","@id":"https:\/\/www.icip.cat\/ca\/#\/schema\/person\/35404003404833995eee2bb6e3115dc6"},"headline":"L&#8217;anunci de dissoluci\u00f3 d&#8217;ETA, un pas decisiu cap a la pau","datePublished":"2018-05-04T08:00:00+00:00","mainEntityOfPage":{"@id":"https:\/\/www.icip.cat\/ca\/lanunci-de-dissolucio-deta-un-pas-decisiu-cap-a-la-pau\/"},"wordCount":371,"publisher":{"@id":"https:\/\/www.icip.cat\/ca\/#organization"},"image":{"@id":"https:\/\/www.icip.cat\/ca\/lanunci-de-dissolucio-deta-un-pas-decisiu-cap-a-la-pau\/#primaryimage"},"thumbnailUrl":"https:\/\/www.icip.cat\/wp-content\/uploads\/2018\/05\/logo_geco-1.jpg_1805848694-1.jpg","inLanguage":"ca"},{"@type":"WebPage","@id":"https:\/\/www.icip.cat\/ca\/lanunci-de-dissolucio-deta-un-pas-decisiu-cap-a-la-pau\/","url":"https:\/\/www.icip.cat\/ca\/lanunci-de-dissolucio-deta-un-pas-decisiu-cap-a-la-pau\/","name":"L'anunci de dissoluci\u00f3 d'ETA, un pas decisiu cap a la pau - ICIP","isPartOf":{"@id":"https:\/\/www.icip.cat\/ca\/#website"},"primaryImageOfPage":{"@id":"https:\/\/www.icip.cat\/ca\/lanunci-de-dissolucio-deta-un-pas-decisiu-cap-a-la-pau\/#primaryimage"},"image":{"@id":"https:\/\/www.icip.cat\/ca\/lanunci-de-dissolucio-deta-un-pas-decisiu-cap-a-la-pau\/#primaryimage"},"thumbnailUrl":"https:\/\/www.icip.cat\/wp-content\/uploads\/2018\/05\/logo_geco-1.jpg_1805848694-1.jpg","datePublished":"2018-05-04T08:00:00+00:00","inLanguage":"ca","potentialAction":[{"@type":"ReadAction","target":["https:\/\/www.icip.cat\/ca\/lanunci-de-dissolucio-deta-un-pas-decisiu-cap-a-la-pau\/"]}]},{"@type":"ImageObject","inLanguage":"ca","@id":"https:\/\/www.icip.cat\/ca\/lanunci-de-dissolucio-deta-un-pas-decisiu-cap-a-la-pau\/#primaryimage","url":"https:\/\/www.icip.cat\/wp-content\/uploads\/2018\/05\/logo_geco-1.jpg_1805848694-1.jpg","contentUrl":"https:\/\/www.icip.cat\/wp-content\/uploads\/2018\/05\/logo_geco-1.jpg_1805848694-1.jpg","width":190,"height":113,"caption":"L'anunci de dissoluci\u00f3 d'ETA, un pas decisiu cap a la pau"},{"@type":"WebSite","@id":"https:\/\/www.icip.cat\/ca\/#website","url":"https:\/\/www.icip.cat\/ca\/","name":"ICIP","description":"","publisher":{"@id":"https:\/\/www.icip.cat\/ca\/#organization"},"potentialAction":[{"@type":"SearchAction","target":{"@type":"EntryPoint","urlTemplate":"https:\/\/www.icip.cat\/ca\/?s={search_term_string}"},"query-input":{"@type":"PropertyValueSpecification","valueRequired":true,"valueName":"search_term_string"}}],"inLanguage":"ca"},{"@type":"Organization","@id":"https:\/\/www.icip.cat\/ca\/#organization","name":"ICIP","url":"https:\/\/www.icip.cat\/ca\/","logo":{"@type":"ImageObject","inLanguage":"ca","@id":"https:\/\/www.icip.cat\/ca\/#\/schema\/logo\/image\/","url":"https:\/\/www.icip.cat\/wp-content\/uploads\/2021\/02\/logo-2.png","contentUrl":"https:\/\/www.icip.cat\/wp-content\/uploads\/2021\/02\/logo-2.png","width":562,"height":391,"caption":"ICIP"},"image":{"@id":"https:\/\/www.icip.cat\/ca\/#\/schema\/logo\/image\/"}},{"@type":"Person","@id":"https:\/\/www.icip.cat\/ca\/#\/schema\/person\/35404003404833995eee2bb6e3115dc6","name":"whads","image":{"@type":"ImageObject","inLanguage":"ca","@id":"https:\/\/www.icip.cat\/ca\/#\/schema\/person\/image\/","url":"https:\/\/secure.gravatar.com\/avatar\/6a92e4ce03d9442c546cc4afecfc51777413608a6d55a7b50040700657b6b30f?s=96&d=mm&r=g","contentUrl":"https:\/\/secure.gravatar.com\/avatar\/6a92e4ce03d9442c546cc4afecfc51777413608a6d55a7b50040700657b6b30f?s=96&d=mm&r=g","caption":"whads"},"sameAs":["http:\/\/www.icip.cat"],"url":"https:\/\/www.icip.cat\/ca\/author\/whads\/"}]}},"_links":{"self":[{"href":"https:\/\/www.icip.cat\/ca\/wp-json\/wp\/v2\/posts\/3635","targetHints":{"allow":["GET"]}}],"collection":[{"href":"https:\/\/www.icip.cat\/ca\/wp-json\/wp\/v2\/posts"}],"about":[{"href":"https:\/\/www.icip.cat\/ca\/wp-json\/wp\/v2\/types\/post"}],"author":[{"embeddable":true,"href":"https:\/\/www.icip.cat\/ca\/wp-json\/wp\/v2\/users\/1"}],"replies":[{"embeddable":true,"href":"https:\/\/www.icip.cat\/ca\/wp-json\/wp\/v2\/comments?post=3635"}],"version-history":[{"count":0,"href":"https:\/\/www.icip.cat\/ca\/wp-json\/wp\/v2\/posts\/3635\/revisions"}],"wp:featuredmedia":[{"embeddable":true,"href":"https:\/\/www.icip.cat\/ca\/wp-json\/wp\/v2\/media\/3636"}],"wp:attachment":[{"href":"https:\/\/www.icip.cat\/ca\/wp-json\/wp\/v2\/media?parent=3635"}],"wp:term":[{"taxonomy":"category","embeddable":true,"href":"https:\/\/www.icip.cat\/ca\/wp-json\/wp\/v2\/categories?post=3635"},{"taxonomy":"post_tag","embeddable":true,"href":"https:\/\/www.icip.cat\/ca\/wp-json\/wp\/v2\/tags?post=3635"}],"curies":[{"name":"wp","href":"https:\/\/api.w.org\/{rel}","templated":true}]}}