{"id":3643,"date":"2018-04-24T08:00:00","date_gmt":"2018-04-24T08:00:00","guid":{"rendered":"http:\/\/www.icip.cat\/licip-presenta-linforme-el-model-basc-de-desarmament\/"},"modified":"2018-04-24T08:00:00","modified_gmt":"2018-04-24T08:00:00","slug":"licip-presenta-linforme-el-model-basc-de-desarmament","status":"publish","type":"post","link":"https:\/\/www.icip.cat\/ca\/licip-presenta-linforme-el-model-basc-de-desarmament\/","title":{"rendered":"L&#8217;ICIP presenta l&#8217;informe &#8220;El model basc de desarmament&#8221;"},"content":{"rendered":"<p>La Biblioteca de l&#8217;ICIP ha acollit aquest dimarts 24 d&#8217;abril la presentaci\u00f3 de l&#8217;informe El model basc de desarmament. Lli\u00e7ons apreses d&#8217;un proc\u00e9s innovador, realitzat pel F\u00f2rum Social Permanent i tradu\u00eft al catal\u00e0 per l&#8217;ICIP.<br \/>\nLa presentaci\u00f3, encap\u00e7alada pel president de l&#8217;ICIP, Xavier Masllorens, ha anat a c\u00e0rrec de dos representants del F\u00f2rum, Agus Hernan i Teresa Toda Iglesia, els quals han explicat les particularitats del proc\u00e9s de desarmament que ha seguit ETA i han assenyalat els reptes de futur per a la construcci\u00f3 de la pau i la conviv\u00e8ncia al Pa\u00eds Basc, en un moment marcat per l&#8217;imminent anunci de dissoluci\u00f3 de l&#8217;organitzaci\u00f3.<br \/>\nL&#8217;informe analitza el desarmament ent\u00e8s no nom\u00e9s com la reducci\u00f3 o privaci\u00f3 d&#8217;armes, sin\u00f3 com la reintegraci\u00f3 dels excombatents i la dissoluci\u00f3 de les estructures militars de l&#8217;organitzaci\u00f3. \u00c9s a dir, el conjunt del proc\u00e9s de DDR (Desarmament, Desmobilitzaci\u00f3 i Reintegraci\u00f3).<br \/>\nEn el cas del Pa\u00eds Basc, aquest proc\u00e9s de desarmament &#8211; que inclou la recollida, inventariat, control i eliminaci\u00f3 d&#8217;armes-ha estat \u00fanic i singular a causa de la seva unilateralitat &#8211; per la negativa del govern espanyol a participar-hi i per la voluntat d&#8217;entorpir-lo- i per l&#8217;alta participaci\u00f3 de la societat civil. Amb tot, segons ha explicat Teresa Toda, ha estat un proc\u00e9s &#8220;efica\u00e7, eficient i segur&#8221;, i ha afegit que &#8220;ning\u00fa pot posar en dubte que el desarmament ha estat total&#8221;.<br \/>\nCom a reptes de futur i per garantir la conviv\u00e8ncia, Agus Hernan ha assenyalat principalment tres q\u00fcestions: la necessitat que es respectin els drets de totes les v\u00edctimes i que siguin escoltades, sense fer distincions; la construcci\u00f3 d&#8217;una mem\u00f2ria col\u00b7lectiva i un relat inclusiu; i que es faci una aplicaci\u00f3 ordin\u00e0ria de la pol\u00edtica penitenci\u00e0ria: &#8220;En un canvi d&#8217;escenari com l&#8217;actual, la pol\u00edtica penitenci\u00e0ria est\u00e0 obligada a adequar-se a les noves circumst\u00e0ncies&#8221;. En relaci\u00f3 a aquest aspecte, Hernan ha destacat que dels 292 exmembres d&#8217;ETA que compleixen condemna, nom\u00e9s 3 es troben en presons del Pa\u00eds Basc i 56 estan en territori franc\u00e8s. La resta es troben dispersats per la geografia espanyola. Aix\u00ed mateix, un 92% d&#8217;aquests reclusos es troben en situaci\u00f3 de primer grau, una xifra molt alta tenint en compte que en la mitjana dels presos comuns la situaci\u00f3 de primer grau representa nom\u00e9s el 2%.<br \/>\nDe cara a l&#8217;anunci de fi de l&#8217;activitat que est\u00e0 previst que faci ETA el primer cap de setmana de maig, Hernan ha dit que espera que el missatge d&#8217;ETA sigui &#8220;clar i transparent cap a la societat civil&#8221;.<br \/>\nEl F\u00f2rum Social Permanent, fundat el 2016, agrupa disset organitzacions de la societat civil basca i persones a t\u00edtol individual, i ha estat un dels agents que ha condu\u00eft el proc\u00e9s de desarmament d&#8217;ETA.<\/p>\n","protected":false},"excerpt":{"rendered":"<p>Realitzat pel F\u00f2rum Social Permament i tradu\u00eft al catal\u00e0 per l&#8217;ICIP.<\/p>\n","protected":false},"author":1,"featured_media":3644,"comment_status":"closed","ping_status":"open","sticky":false,"template":"","format":"standard","meta":{"_acf_changed":false,"footnotes":""},"categories":[4],"tags":[],"class_list":["post-3643","post","type-post","status-publish","format-standard","has-post-thumbnail","hentry","category-sense-categoria"],"acf":[],"yoast_head":"<!-- This site is optimized with the Yoast SEO plugin v25.6 - https:\/\/yoast.com\/wordpress\/plugins\/seo\/ -->\n<title>L&#039;ICIP presenta l&#039;informe &quot;El model basc de desarmament&quot; - ICIP<\/title>\n<meta name=\"robots\" content=\"index, follow, max-snippet:-1, max-image-preview:large, max-video-preview:-1\" \/>\n<link rel=\"canonical\" href=\"https:\/\/www.icip.cat\/ca\/licip-presenta-linforme-el-model-basc-de-desarmament\/\" \/>\n<meta property=\"og:locale\" content=\"ca_ES\" \/>\n<meta property=\"og:type\" content=\"article\" \/>\n<meta property=\"og:title\" content=\"L&#039;ICIP presenta l&#039;informe &quot;El model basc de desarmament&quot; - ICIP\" \/>\n<meta property=\"og:description\" content=\"Realitzat pel F\u00f2rum Social Permament i tradu\u00eft al catal\u00e0 per l&#039;ICIP.\" \/>\n<meta property=\"og:url\" content=\"https:\/\/www.icip.cat\/ca\/licip-presenta-linforme-el-model-basc-de-desarmament\/\" \/>\n<meta property=\"og:site_name\" content=\"ICIP\" \/>\n<meta property=\"article:published_time\" content=\"2018-04-24T08:00:00+00:00\" \/>\n<meta property=\"og:image\" content=\"https:\/\/www.icip.cat\/wp-content\/uploads\/2018\/04\/desarmament.jpg_1690408569.jpg\" \/>\n\t<meta property=\"og:image:width\" content=\"190\" \/>\n\t<meta property=\"og:image:height\" content=\"154\" \/>\n\t<meta property=\"og:image:type\" content=\"image\/jpeg\" \/>\n<meta name=\"author\" content=\"whads\" \/>\n<meta name=\"twitter:card\" content=\"summary_large_image\" \/>\n<meta name=\"twitter:label1\" content=\"Escrit per\" \/>\n\t<meta name=\"twitter:data1\" content=\"whads\" \/>\n\t<meta name=\"twitter:label2\" content=\"Temps estimat de lectura\" \/>\n\t<meta name=\"twitter:data2\" content=\"2 minuts\" \/>\n<script type=\"application\/ld+json\" class=\"yoast-schema-graph\">{\"@context\":\"https:\/\/schema.org\",\"@graph\":[{\"@type\":\"Article\",\"@id\":\"https:\/\/www.icip.cat\/ca\/licip-presenta-linforme-el-model-basc-de-desarmament\/#article\",\"isPartOf\":{\"@id\":\"https:\/\/www.icip.cat\/ca\/licip-presenta-linforme-el-model-basc-de-desarmament\/\"},\"author\":{\"name\":\"whads\",\"@id\":\"https:\/\/www.icip.cat\/ca\/#\/schema\/person\/35404003404833995eee2bb6e3115dc6\"},\"headline\":\"L&#8217;ICIP presenta l&#8217;informe &#8220;El model basc de desarmament&#8221;\",\"datePublished\":\"2018-04-24T08:00:00+00:00\",\"mainEntityOfPage\":{\"@id\":\"https:\/\/www.icip.cat\/ca\/licip-presenta-linforme-el-model-basc-de-desarmament\/\"},\"wordCount\":509,\"publisher\":{\"@id\":\"https:\/\/www.icip.cat\/ca\/#organization\"},\"image\":{\"@id\":\"https:\/\/www.icip.cat\/ca\/licip-presenta-linforme-el-model-basc-de-desarmament\/#primaryimage\"},\"thumbnailUrl\":\"https:\/\/www.icip.cat\/wp-content\/uploads\/2018\/04\/desarmament.jpg_1690408569.jpg\",\"inLanguage\":\"ca\"},{\"@type\":\"WebPage\",\"@id\":\"https:\/\/www.icip.cat\/ca\/licip-presenta-linforme-el-model-basc-de-desarmament\/\",\"url\":\"https:\/\/www.icip.cat\/ca\/licip-presenta-linforme-el-model-basc-de-desarmament\/\",\"name\":\"L'ICIP presenta l'informe \\\"El model basc de desarmament\\\" - ICIP\",\"isPartOf\":{\"@id\":\"https:\/\/www.icip.cat\/ca\/#website\"},\"primaryImageOfPage\":{\"@id\":\"https:\/\/www.icip.cat\/ca\/licip-presenta-linforme-el-model-basc-de-desarmament\/#primaryimage\"},\"image\":{\"@id\":\"https:\/\/www.icip.cat\/ca\/licip-presenta-linforme-el-model-basc-de-desarmament\/#primaryimage\"},\"thumbnailUrl\":\"https:\/\/www.icip.cat\/wp-content\/uploads\/2018\/04\/desarmament.jpg_1690408569.jpg\",\"datePublished\":\"2018-04-24T08:00:00+00:00\",\"inLanguage\":\"ca\",\"potentialAction\":[{\"@type\":\"ReadAction\",\"target\":[\"https:\/\/www.icip.cat\/ca\/licip-presenta-linforme-el-model-basc-de-desarmament\/\"]}]},{\"@type\":\"ImageObject\",\"inLanguage\":\"ca\",\"@id\":\"https:\/\/www.icip.cat\/ca\/licip-presenta-linforme-el-model-basc-de-desarmament\/#primaryimage\",\"url\":\"https:\/\/www.icip.cat\/wp-content\/uploads\/2018\/04\/desarmament.jpg_1690408569.jpg\",\"contentUrl\":\"https:\/\/www.icip.cat\/wp-content\/uploads\/2018\/04\/desarmament.jpg_1690408569.jpg\",\"width\":190,\"height\":154,\"caption\":\"L'ICIP presenta l'informe \\\"El model basc de desarmament\\\"\"},{\"@type\":\"WebSite\",\"@id\":\"https:\/\/www.icip.cat\/ca\/#website\",\"url\":\"https:\/\/www.icip.cat\/ca\/\",\"name\":\"ICIP\",\"description\":\"\",\"publisher\":{\"@id\":\"https:\/\/www.icip.cat\/ca\/#organization\"},\"potentialAction\":[{\"@type\":\"SearchAction\",\"target\":{\"@type\":\"EntryPoint\",\"urlTemplate\":\"https:\/\/www.icip.cat\/ca\/?s={search_term_string}\"},\"query-input\":{\"@type\":\"PropertyValueSpecification\",\"valueRequired\":true,\"valueName\":\"search_term_string\"}}],\"inLanguage\":\"ca\"},{\"@type\":\"Organization\",\"@id\":\"https:\/\/www.icip.cat\/ca\/#organization\",\"name\":\"ICIP\",\"url\":\"https:\/\/www.icip.cat\/ca\/\",\"logo\":{\"@type\":\"ImageObject\",\"inLanguage\":\"ca\",\"@id\":\"https:\/\/www.icip.cat\/ca\/#\/schema\/logo\/image\/\",\"url\":\"https:\/\/www.icip.cat\/wp-content\/uploads\/2021\/02\/logo-2.png\",\"contentUrl\":\"https:\/\/www.icip.cat\/wp-content\/uploads\/2021\/02\/logo-2.png\",\"width\":562,\"height\":391,\"caption\":\"ICIP\"},\"image\":{\"@id\":\"https:\/\/www.icip.cat\/ca\/#\/schema\/logo\/image\/\"}},{\"@type\":\"Person\",\"@id\":\"https:\/\/www.icip.cat\/ca\/#\/schema\/person\/35404003404833995eee2bb6e3115dc6\",\"name\":\"whads\",\"image\":{\"@type\":\"ImageObject\",\"inLanguage\":\"ca\",\"@id\":\"https:\/\/www.icip.cat\/ca\/#\/schema\/person\/image\/\",\"url\":\"https:\/\/secure.gravatar.com\/avatar\/6a92e4ce03d9442c546cc4afecfc51777413608a6d55a7b50040700657b6b30f?s=96&d=mm&r=g\",\"contentUrl\":\"https:\/\/secure.gravatar.com\/avatar\/6a92e4ce03d9442c546cc4afecfc51777413608a6d55a7b50040700657b6b30f?s=96&d=mm&r=g\",\"caption\":\"whads\"},\"sameAs\":[\"http:\/\/www.icip.cat\"],\"url\":\"https:\/\/www.icip.cat\/ca\/author\/whads\/\"}]}<\/script>\n<!-- \/ Yoast SEO plugin. -->","yoast_head_json":{"title":"L'ICIP presenta l'informe \"El model basc de desarmament\" - ICIP","robots":{"index":"index","follow":"follow","max-snippet":"max-snippet:-1","max-image-preview":"max-image-preview:large","max-video-preview":"max-video-preview:-1"},"canonical":"https:\/\/www.icip.cat\/ca\/licip-presenta-linforme-el-model-basc-de-desarmament\/","og_locale":"ca_ES","og_type":"article","og_title":"L'ICIP presenta l'informe \"El model basc de desarmament\" - ICIP","og_description":"Realitzat pel F\u00f2rum Social Permament i tradu\u00eft al catal\u00e0 per l'ICIP.","og_url":"https:\/\/www.icip.cat\/ca\/licip-presenta-linforme-el-model-basc-de-desarmament\/","og_site_name":"ICIP","article_published_time":"2018-04-24T08:00:00+00:00","og_image":[{"width":190,"height":154,"url":"https:\/\/www.icip.cat\/wp-content\/uploads\/2018\/04\/desarmament.jpg_1690408569.jpg","type":"image\/jpeg"}],"author":"whads","twitter_card":"summary_large_image","twitter_misc":{"Escrit per":"whads","Temps estimat de lectura":"2 minuts"},"schema":{"@context":"https:\/\/schema.org","@graph":[{"@type":"Article","@id":"https:\/\/www.icip.cat\/ca\/licip-presenta-linforme-el-model-basc-de-desarmament\/#article","isPartOf":{"@id":"https:\/\/www.icip.cat\/ca\/licip-presenta-linforme-el-model-basc-de-desarmament\/"},"author":{"name":"whads","@id":"https:\/\/www.icip.cat\/ca\/#\/schema\/person\/35404003404833995eee2bb6e3115dc6"},"headline":"L&#8217;ICIP presenta l&#8217;informe &#8220;El model basc de desarmament&#8221;","datePublished":"2018-04-24T08:00:00+00:00","mainEntityOfPage":{"@id":"https:\/\/www.icip.cat\/ca\/licip-presenta-linforme-el-model-basc-de-desarmament\/"},"wordCount":509,"publisher":{"@id":"https:\/\/www.icip.cat\/ca\/#organization"},"image":{"@id":"https:\/\/www.icip.cat\/ca\/licip-presenta-linforme-el-model-basc-de-desarmament\/#primaryimage"},"thumbnailUrl":"https:\/\/www.icip.cat\/wp-content\/uploads\/2018\/04\/desarmament.jpg_1690408569.jpg","inLanguage":"ca"},{"@type":"WebPage","@id":"https:\/\/www.icip.cat\/ca\/licip-presenta-linforme-el-model-basc-de-desarmament\/","url":"https:\/\/www.icip.cat\/ca\/licip-presenta-linforme-el-model-basc-de-desarmament\/","name":"L'ICIP presenta l'informe \"El model basc de desarmament\" - ICIP","isPartOf":{"@id":"https:\/\/www.icip.cat\/ca\/#website"},"primaryImageOfPage":{"@id":"https:\/\/www.icip.cat\/ca\/licip-presenta-linforme-el-model-basc-de-desarmament\/#primaryimage"},"image":{"@id":"https:\/\/www.icip.cat\/ca\/licip-presenta-linforme-el-model-basc-de-desarmament\/#primaryimage"},"thumbnailUrl":"https:\/\/www.icip.cat\/wp-content\/uploads\/2018\/04\/desarmament.jpg_1690408569.jpg","datePublished":"2018-04-24T08:00:00+00:00","inLanguage":"ca","potentialAction":[{"@type":"ReadAction","target":["https:\/\/www.icip.cat\/ca\/licip-presenta-linforme-el-model-basc-de-desarmament\/"]}]},{"@type":"ImageObject","inLanguage":"ca","@id":"https:\/\/www.icip.cat\/ca\/licip-presenta-linforme-el-model-basc-de-desarmament\/#primaryimage","url":"https:\/\/www.icip.cat\/wp-content\/uploads\/2018\/04\/desarmament.jpg_1690408569.jpg","contentUrl":"https:\/\/www.icip.cat\/wp-content\/uploads\/2018\/04\/desarmament.jpg_1690408569.jpg","width":190,"height":154,"caption":"L'ICIP presenta l'informe \"El model basc de desarmament\""},{"@type":"WebSite","@id":"https:\/\/www.icip.cat\/ca\/#website","url":"https:\/\/www.icip.cat\/ca\/","name":"ICIP","description":"","publisher":{"@id":"https:\/\/www.icip.cat\/ca\/#organization"},"potentialAction":[{"@type":"SearchAction","target":{"@type":"EntryPoint","urlTemplate":"https:\/\/www.icip.cat\/ca\/?s={search_term_string}"},"query-input":{"@type":"PropertyValueSpecification","valueRequired":true,"valueName":"search_term_string"}}],"inLanguage":"ca"},{"@type":"Organization","@id":"https:\/\/www.icip.cat\/ca\/#organization","name":"ICIP","url":"https:\/\/www.icip.cat\/ca\/","logo":{"@type":"ImageObject","inLanguage":"ca","@id":"https:\/\/www.icip.cat\/ca\/#\/schema\/logo\/image\/","url":"https:\/\/www.icip.cat\/wp-content\/uploads\/2021\/02\/logo-2.png","contentUrl":"https:\/\/www.icip.cat\/wp-content\/uploads\/2021\/02\/logo-2.png","width":562,"height":391,"caption":"ICIP"},"image":{"@id":"https:\/\/www.icip.cat\/ca\/#\/schema\/logo\/image\/"}},{"@type":"Person","@id":"https:\/\/www.icip.cat\/ca\/#\/schema\/person\/35404003404833995eee2bb6e3115dc6","name":"whads","image":{"@type":"ImageObject","inLanguage":"ca","@id":"https:\/\/www.icip.cat\/ca\/#\/schema\/person\/image\/","url":"https:\/\/secure.gravatar.com\/avatar\/6a92e4ce03d9442c546cc4afecfc51777413608a6d55a7b50040700657b6b30f?s=96&d=mm&r=g","contentUrl":"https:\/\/secure.gravatar.com\/avatar\/6a92e4ce03d9442c546cc4afecfc51777413608a6d55a7b50040700657b6b30f?s=96&d=mm&r=g","caption":"whads"},"sameAs":["http:\/\/www.icip.cat"],"url":"https:\/\/www.icip.cat\/ca\/author\/whads\/"}]}},"_links":{"self":[{"href":"https:\/\/www.icip.cat\/ca\/wp-json\/wp\/v2\/posts\/3643","targetHints":{"allow":["GET"]}}],"collection":[{"href":"https:\/\/www.icip.cat\/ca\/wp-json\/wp\/v2\/posts"}],"about":[{"href":"https:\/\/www.icip.cat\/ca\/wp-json\/wp\/v2\/types\/post"}],"author":[{"embeddable":true,"href":"https:\/\/www.icip.cat\/ca\/wp-json\/wp\/v2\/users\/1"}],"replies":[{"embeddable":true,"href":"https:\/\/www.icip.cat\/ca\/wp-json\/wp\/v2\/comments?post=3643"}],"version-history":[{"count":0,"href":"https:\/\/www.icip.cat\/ca\/wp-json\/wp\/v2\/posts\/3643\/revisions"}],"wp:featuredmedia":[{"embeddable":true,"href":"https:\/\/www.icip.cat\/ca\/wp-json\/wp\/v2\/media\/3644"}],"wp:attachment":[{"href":"https:\/\/www.icip.cat\/ca\/wp-json\/wp\/v2\/media?parent=3643"}],"wp:term":[{"taxonomy":"category","embeddable":true,"href":"https:\/\/www.icip.cat\/ca\/wp-json\/wp\/v2\/categories?post=3643"},{"taxonomy":"post_tag","embeddable":true,"href":"https:\/\/www.icip.cat\/ca\/wp-json\/wp\/v2\/tags?post=3643"}],"curies":[{"name":"wp","href":"https:\/\/api.w.org\/{rel}","templated":true}]}}