{"id":3647,"date":"2018-04-18T08:00:00","date_gmt":"2018-04-18T08:00:00","guid":{"rendered":"http:\/\/www.icip.cat\/arcadi-oliveres-rep-el-premi-icip-constructors-de-pau-en-un-emotiu-acte-al-parlament\/"},"modified":"2021-02-24T08:10:23","modified_gmt":"2021-02-24T08:10:23","slug":"arcadi-oliveres-rep-el-premi-icip-constructors-de-pau-en-un-emotiu-acte-al-parlament","status":"publish","type":"post","link":"https:\/\/www.icip.cat\/ca\/arcadi-oliveres-rep-el-premi-icip-constructors-de-pau-en-un-emotiu-acte-al-parlament\/","title":{"rendered":"Arcadi Oliveres rep el Premi ICIP Constructors de Pau en un emotiu acte al Parlament"},"content":{"rendered":"<p>L\u2019Institut Catal\u00e0 Internacional per la Pau (ICIP) ha lliurat aquest dimarts a la tarda, 17 d&#8217;abril, el Premi ICIP Constructors de Pau 2017 a l\u2019activista Arcadi Oliveres en un acte a l\u2019auditori del Parlament de Catalunya marcat pel record als pol\u00edtics empresonats o exiliats i per la den\u00fancia de la retallada de drets i llibertats que estem vivint a Catalunya. Arcadi Oliveres ha estat guardonat pel seu comprom\u00eds i la seva incansable dedicaci\u00f3 a la promoci\u00f3 de la pau, la just\u00edcia social, els drets humans i el desarmament, des d\u2019una perspectiva universal.<\/p>\n<p>La cerim\u00f2nia, seguida per tres-centes persones, ha estat presidida pel vicepresident del Parlament, Josep Costa, i el president de l\u2019ICIP, Xavier Masllorens, qui ha mostrat la \u201cconsternaci\u00f3 davant la davallada democr\u00e0tica i preocupaci\u00f3 per cada persona que accepta una retallada de drets i llibertats en nom de la seguretat\u201d. Masllorens ha reconegut la traject\u00f2ria vital d\u2019Arcadi Oliveres i n\u2019ha destacat la \u201cresposta valenta, compromesa i contundent davant la injust\u00edcia d\u2019un sistema econ\u00f2mic i de poder que necessita contenci\u00f3 i regulaci\u00f3\u201d.<\/p>\n<p>En el transcurs de la cerim\u00f2nia s\u2019ha projectat un v\u00eddeo sobre la traject\u00f2ria del guardonat i posteriorment Arcadi Oliveres ha recollit el premi enmig d\u2019una forta ovaci\u00f3 del p\u00fablic. En el seu discurs d\u2019acceptaci\u00f3, Oliveres ha tingut un record per l\u2019expresidenta del Parlament, Carme Forcadell, i el conseller Ra\u00fcl Romeva, absents a l\u2019acte a causa del seu empresonament, i ha qualificat d\u2019inacceptable la \u201crepressi\u00f3 injustificada al proc\u00e9s d\u2019un poble que vol caminar cap a la seva plenitud pol\u00edtica\u201d. I ha empla\u00e7at a continuar la lluita: \u201cCal recon\u00e8ixer que malgrat els desitjos de pau no ens trobem pas en moments tranquils (&#8230;). No podem, per\u00f2, desanimar-nos, sin\u00f3 que cal seguir endavant, seguir compromesos amb el que a tots ens interessa, el progr\u00e9s de la dignitat humana\u201d.<\/p>\n<p>Tamb\u00e9 el periodista David Fern\u00e0ndez, que ha glossat la figura d\u2019Arcadi Oliveres en un discurs molt emotiu ha fet una crida a no defallir: \u201cReclamem la construcci\u00f3 de la pau precisament en abs\u00e8ncia d\u2019ella, que \u00e9s quan m\u00e9s cal fer-ho\u201d. Fern\u00e0ndez, tamb\u00e9 activista i exalumne d\u2019Arcadi Oliveres, l\u2019ha definit com una persona \u201cincansable, infatigable i inesgotable; desobedient, pac\u00edfic i noviolent\u201d i ha afegit: \u201cL\u2019Arcadi mai ha acceptat tot all\u00f2 que deien que no es podia canviar, sin\u00f3 que ha anat canviant tot all\u00f2 que no es podia acceptar\u201d. Fern\u00e0ndez ha destacat tamb\u00e9 l\u2019\u00e8tica humanista que representa l\u2019Arcadi, qui ens recorda que un altre m\u00f3n \u00e9s possible: \u201cL\u2019Arcadi \u00e9s valor sense preu i pau sense guerra ni injust\u00edcia (&#8230;), generositat i bondat alhora\u201d.<\/p>\n<p>En la clausura de l\u2019acte, el vicepresident del Parlament, Josep Costa, ha traslladat l\u2019enhorabona a Arcadi Oliveres i ha destacat que \u201cel comprom\u00eds de Catalunya amb la pau \u00e9s intr\u00ednsec de la nostra hist\u00f2ria, un valor fonamental de la nostra societat\u201d. Costa tamb\u00e9 s\u2019ha referit a la situaci\u00f3 pol\u00edtica que viu Catalunya: \u201c\u00c9s inacceptable fer passar per violent el que s\u00f3n les leg\u00edtimes mobilitzacions socials. Catalunya ha apostat sempre per la via democr\u00e0tica i el di\u00e0leg\u201d, ha dit.<\/p>\n<p><strong>Anteriors guardonats amb el Premi ICIP<\/strong><br \/>\nEl Premi ICIP Constructors de Pau es convoca anualment i consisteix en un reconeixement p\u00fablic, una escultura creada pel Premi Nobel de la Pau, activista i artista Adolfo P\u00e9rez Esquivel, anomenada Porta del Sol, i una dotaci\u00f3 econ\u00f2mica de 4.000 euros.<\/p>\n<p>El guard\u00f3 va n\u00e9ixer l&#8217;any 2011, amb una edici\u00f3 extraordin\u00e0ria dedicada al Parlament de Catalunya en representar la continu\u00eftat i el llegat de les institucions Pau i Treva i el Consolat del Mar. Aquell mateix any, la primera edici\u00f3 regular del premi va recon\u00e8ixer la lluita d\u2019objectors i insubmisos, simbolitzats en Pepe Beunza, primer objector de consci\u00e8ncia al servei militar obligatori per raons ideol\u00f2giques de l\u2019Estat espanyol.<\/p>\n<p>Posteriorment, l\u2019any 2012, el Premi ICIP va ser concedit a cinc Mares de Soacha pel seu treball a favor de la pau i els drets humans a Col\u00f2mbia. Amb aquest Premi, l\u2019ICIP va voler recon\u00e8ixer el seu coratge i la seva perseveran\u00e7a en la recerca de veritat, just\u00edcia i reparaci\u00f3 per la mort dels seus fills a mans de forces de seguretat de l\u2019Estat i per altres casos d\u2019execucions extrajudicials coneguts com a falsos positivos.<\/p>\n<p>L\u2019any 2013, el Premi ICIP Constructors de Pau va guardonar l\u2019exgeneral nascut a Belgrad Jovan Divjak, pel seu coratge en la defensa de Sarajevo durant la Guerra dels Balcans i el seu treball en favor de les v\u00edctimes del conflicte.<\/p>\n<p>L\u2019any 2014 el Premi ICIP Constructors de Pau va ser concedit a l\u2019organitzaci\u00f3 Women\u2019s International League for Peace and Freedom (Lliga Internacional de Dones per la Pau i la Llibertat, WILPF en les sigles en angl\u00e8s) per la seva traject\u00f2ria centen\u00e0ria en el treball de dones per la pau.<\/p>\n<p>L\u2019any 2015 el Premi ICIP va recon\u00e8ixer el pare caputx\u00ed Joan Botam, impulsor de nombroses iniciatives vinculades a la pau i a l&#8217;ecumenisme, un dels principals introductors del pacifisme a Catalunya i un clar defensor de la religi\u00f3 com a font de pau i de di\u00e0leg.<\/p>\n<p>Per \u00faltim, l\u2019any 2016 el Premi ICIP va recon\u00e8ixer l\u2019ONG Brigades Internacionals de Pau (PBI) per la seva tasca de protecci\u00f3 dels defensors dels drets humans que treballen en \u00e0rees de repressi\u00f3 i conflicte.<\/p>\n","protected":false},"excerpt":{"rendered":"<p>El guard\u00f3 reconeix el seu comprom\u00eds i incansable dedicaci\u00f3 amb la promoci\u00f3 de la pau, la just\u00edcia socia, els drets humans i el desarmament.<\/p>\n","protected":false},"author":1,"featured_media":3648,"comment_status":"closed","ping_status":"open","sticky":false,"template":"","format":"standard","meta":{"_acf_changed":false,"footnotes":""},"categories":[4],"tags":[],"class_list":["post-3647","post","type-post","status-publish","format-standard","has-post-thumbnail","hentry","category-sense-categoria"],"acf":[],"yoast_head":"<!-- This site is optimized with the Yoast SEO plugin v25.6 - https:\/\/yoast.com\/wordpress\/plugins\/seo\/ -->\n<title>Arcadi Oliveres rep el Premi ICIP Constructors de Pau en un emotiu acte al Parlament - ICIP<\/title>\n<meta name=\"robots\" content=\"index, follow, max-snippet:-1, max-image-preview:large, max-video-preview:-1\" \/>\n<link rel=\"canonical\" href=\"https:\/\/www.icip.cat\/ca\/arcadi-oliveres-rep-el-premi-icip-constructors-de-pau-en-un-emotiu-acte-al-parlament\/\" \/>\n<meta property=\"og:locale\" content=\"ca_ES\" \/>\n<meta property=\"og:type\" content=\"article\" \/>\n<meta property=\"og:title\" content=\"Arcadi Oliveres rep el Premi ICIP Constructors de Pau en un emotiu acte al Parlament - ICIP\" \/>\n<meta property=\"og:description\" content=\"El guard\u00f3 reconeix el seu comprom\u00eds i incansable dedicaci\u00f3 amb la promoci\u00f3 de la pau, la just\u00edcia socia, els drets humans i el desarmament.\" \/>\n<meta property=\"og:url\" content=\"https:\/\/www.icip.cat\/ca\/arcadi-oliveres-rep-el-premi-icip-constructors-de-pau-en-un-emotiu-acte-al-parlament\/\" \/>\n<meta property=\"og:site_name\" content=\"ICIP\" \/>\n<meta property=\"article:published_time\" content=\"2018-04-18T08:00:00+00:00\" \/>\n<meta property=\"article:modified_time\" content=\"2021-02-24T08:10:23+00:00\" \/>\n<meta property=\"og:image\" content=\"https:\/\/www.icip.cat\/wp-content\/uploads\/2018\/04\/PremiICIP_3.JPG_1719961241.jpg\" \/>\n\t<meta property=\"og:image:width\" content=\"190\" \/>\n\t<meta property=\"og:image:height\" content=\"143\" \/>\n\t<meta property=\"og:image:type\" content=\"image\/jpeg\" \/>\n<meta name=\"author\" content=\"whads\" \/>\n<meta name=\"twitter:card\" content=\"summary_large_image\" \/>\n<meta name=\"twitter:label1\" content=\"Escrit per\" \/>\n\t<meta name=\"twitter:data1\" content=\"whads\" \/>\n\t<meta name=\"twitter:label2\" content=\"Temps estimat de lectura\" \/>\n\t<meta name=\"twitter:data2\" content=\"4 minuts\" \/>\n<script type=\"application\/ld+json\" class=\"yoast-schema-graph\">{\"@context\":\"https:\/\/schema.org\",\"@graph\":[{\"@type\":\"Article\",\"@id\":\"https:\/\/www.icip.cat\/ca\/arcadi-oliveres-rep-el-premi-icip-constructors-de-pau-en-un-emotiu-acte-al-parlament\/#article\",\"isPartOf\":{\"@id\":\"https:\/\/www.icip.cat\/ca\/arcadi-oliveres-rep-el-premi-icip-constructors-de-pau-en-un-emotiu-acte-al-parlament\/\"},\"author\":{\"name\":\"whads\",\"@id\":\"https:\/\/www.icip.cat\/ca\/#\/schema\/person\/35404003404833995eee2bb6e3115dc6\"},\"headline\":\"Arcadi Oliveres rep el Premi ICIP Constructors de Pau en un emotiu acte al Parlament\",\"datePublished\":\"2018-04-18T08:00:00+00:00\",\"dateModified\":\"2021-02-24T08:10:23+00:00\",\"mainEntityOfPage\":{\"@id\":\"https:\/\/www.icip.cat\/ca\/arcadi-oliveres-rep-el-premi-icip-constructors-de-pau-en-un-emotiu-acte-al-parlament\/\"},\"wordCount\":957,\"publisher\":{\"@id\":\"https:\/\/www.icip.cat\/ca\/#organization\"},\"image\":{\"@id\":\"https:\/\/www.icip.cat\/ca\/arcadi-oliveres-rep-el-premi-icip-constructors-de-pau-en-un-emotiu-acte-al-parlament\/#primaryimage\"},\"thumbnailUrl\":\"https:\/\/www.icip.cat\/wp-content\/uploads\/2018\/04\/PremiICIP_3.JPG_1719961241.jpg\",\"inLanguage\":\"ca\"},{\"@type\":\"WebPage\",\"@id\":\"https:\/\/www.icip.cat\/ca\/arcadi-oliveres-rep-el-premi-icip-constructors-de-pau-en-un-emotiu-acte-al-parlament\/\",\"url\":\"https:\/\/www.icip.cat\/ca\/arcadi-oliveres-rep-el-premi-icip-constructors-de-pau-en-un-emotiu-acte-al-parlament\/\",\"name\":\"Arcadi Oliveres rep el Premi ICIP Constructors de Pau en un emotiu acte al Parlament - ICIP\",\"isPartOf\":{\"@id\":\"https:\/\/www.icip.cat\/ca\/#website\"},\"primaryImageOfPage\":{\"@id\":\"https:\/\/www.icip.cat\/ca\/arcadi-oliveres-rep-el-premi-icip-constructors-de-pau-en-un-emotiu-acte-al-parlament\/#primaryimage\"},\"image\":{\"@id\":\"https:\/\/www.icip.cat\/ca\/arcadi-oliveres-rep-el-premi-icip-constructors-de-pau-en-un-emotiu-acte-al-parlament\/#primaryimage\"},\"thumbnailUrl\":\"https:\/\/www.icip.cat\/wp-content\/uploads\/2018\/04\/PremiICIP_3.JPG_1719961241.jpg\",\"datePublished\":\"2018-04-18T08:00:00+00:00\",\"dateModified\":\"2021-02-24T08:10:23+00:00\",\"inLanguage\":\"ca\",\"potentialAction\":[{\"@type\":\"ReadAction\",\"target\":[\"https:\/\/www.icip.cat\/ca\/arcadi-oliveres-rep-el-premi-icip-constructors-de-pau-en-un-emotiu-acte-al-parlament\/\"]}]},{\"@type\":\"ImageObject\",\"inLanguage\":\"ca\",\"@id\":\"https:\/\/www.icip.cat\/ca\/arcadi-oliveres-rep-el-premi-icip-constructors-de-pau-en-un-emotiu-acte-al-parlament\/#primaryimage\",\"url\":\"https:\/\/www.icip.cat\/wp-content\/uploads\/2018\/04\/PremiICIP_3.JPG_1719961241.jpg\",\"contentUrl\":\"https:\/\/www.icip.cat\/wp-content\/uploads\/2018\/04\/PremiICIP_3.JPG_1719961241.jpg\",\"width\":190,\"height\":143,\"caption\":\"Arcadi Oliveres rep el Premi ICIP Constructors de Pau en un emotiu acte al Parlament\"},{\"@type\":\"WebSite\",\"@id\":\"https:\/\/www.icip.cat\/ca\/#website\",\"url\":\"https:\/\/www.icip.cat\/ca\/\",\"name\":\"ICIP\",\"description\":\"\",\"publisher\":{\"@id\":\"https:\/\/www.icip.cat\/ca\/#organization\"},\"potentialAction\":[{\"@type\":\"SearchAction\",\"target\":{\"@type\":\"EntryPoint\",\"urlTemplate\":\"https:\/\/www.icip.cat\/ca\/?s={search_term_string}\"},\"query-input\":{\"@type\":\"PropertyValueSpecification\",\"valueRequired\":true,\"valueName\":\"search_term_string\"}}],\"inLanguage\":\"ca\"},{\"@type\":\"Organization\",\"@id\":\"https:\/\/www.icip.cat\/ca\/#organization\",\"name\":\"ICIP\",\"url\":\"https:\/\/www.icip.cat\/ca\/\",\"logo\":{\"@type\":\"ImageObject\",\"inLanguage\":\"ca\",\"@id\":\"https:\/\/www.icip.cat\/ca\/#\/schema\/logo\/image\/\",\"url\":\"https:\/\/www.icip.cat\/wp-content\/uploads\/2021\/02\/logo-2.png\",\"contentUrl\":\"https:\/\/www.icip.cat\/wp-content\/uploads\/2021\/02\/logo-2.png\",\"width\":562,\"height\":391,\"caption\":\"ICIP\"},\"image\":{\"@id\":\"https:\/\/www.icip.cat\/ca\/#\/schema\/logo\/image\/\"}},{\"@type\":\"Person\",\"@id\":\"https:\/\/www.icip.cat\/ca\/#\/schema\/person\/35404003404833995eee2bb6e3115dc6\",\"name\":\"whads\",\"image\":{\"@type\":\"ImageObject\",\"inLanguage\":\"ca\",\"@id\":\"https:\/\/www.icip.cat\/ca\/#\/schema\/person\/image\/\",\"url\":\"https:\/\/secure.gravatar.com\/avatar\/6a92e4ce03d9442c546cc4afecfc51777413608a6d55a7b50040700657b6b30f?s=96&d=mm&r=g\",\"contentUrl\":\"https:\/\/secure.gravatar.com\/avatar\/6a92e4ce03d9442c546cc4afecfc51777413608a6d55a7b50040700657b6b30f?s=96&d=mm&r=g\",\"caption\":\"whads\"},\"sameAs\":[\"http:\/\/www.icip.cat\"],\"url\":\"https:\/\/www.icip.cat\/ca\/author\/whads\/\"}]}<\/script>\n<!-- \/ Yoast SEO plugin. -->","yoast_head_json":{"title":"Arcadi Oliveres rep el Premi ICIP Constructors de Pau en un emotiu acte al Parlament - ICIP","robots":{"index":"index","follow":"follow","max-snippet":"max-snippet:-1","max-image-preview":"max-image-preview:large","max-video-preview":"max-video-preview:-1"},"canonical":"https:\/\/www.icip.cat\/ca\/arcadi-oliveres-rep-el-premi-icip-constructors-de-pau-en-un-emotiu-acte-al-parlament\/","og_locale":"ca_ES","og_type":"article","og_title":"Arcadi Oliveres rep el Premi ICIP Constructors de Pau en un emotiu acte al Parlament - ICIP","og_description":"El guard\u00f3 reconeix el seu comprom\u00eds i incansable dedicaci\u00f3 amb la promoci\u00f3 de la pau, la just\u00edcia socia, els drets humans i el desarmament.","og_url":"https:\/\/www.icip.cat\/ca\/arcadi-oliveres-rep-el-premi-icip-constructors-de-pau-en-un-emotiu-acte-al-parlament\/","og_site_name":"ICIP","article_published_time":"2018-04-18T08:00:00+00:00","article_modified_time":"2021-02-24T08:10:23+00:00","og_image":[{"width":190,"height":143,"url":"https:\/\/www.icip.cat\/wp-content\/uploads\/2018\/04\/PremiICIP_3.JPG_1719961241.jpg","type":"image\/jpeg"}],"author":"whads","twitter_card":"summary_large_image","twitter_misc":{"Escrit per":"whads","Temps estimat de lectura":"4 minuts"},"schema":{"@context":"https:\/\/schema.org","@graph":[{"@type":"Article","@id":"https:\/\/www.icip.cat\/ca\/arcadi-oliveres-rep-el-premi-icip-constructors-de-pau-en-un-emotiu-acte-al-parlament\/#article","isPartOf":{"@id":"https:\/\/www.icip.cat\/ca\/arcadi-oliveres-rep-el-premi-icip-constructors-de-pau-en-un-emotiu-acte-al-parlament\/"},"author":{"name":"whads","@id":"https:\/\/www.icip.cat\/ca\/#\/schema\/person\/35404003404833995eee2bb6e3115dc6"},"headline":"Arcadi Oliveres rep el Premi ICIP Constructors de Pau en un emotiu acte al Parlament","datePublished":"2018-04-18T08:00:00+00:00","dateModified":"2021-02-24T08:10:23+00:00","mainEntityOfPage":{"@id":"https:\/\/www.icip.cat\/ca\/arcadi-oliveres-rep-el-premi-icip-constructors-de-pau-en-un-emotiu-acte-al-parlament\/"},"wordCount":957,"publisher":{"@id":"https:\/\/www.icip.cat\/ca\/#organization"},"image":{"@id":"https:\/\/www.icip.cat\/ca\/arcadi-oliveres-rep-el-premi-icip-constructors-de-pau-en-un-emotiu-acte-al-parlament\/#primaryimage"},"thumbnailUrl":"https:\/\/www.icip.cat\/wp-content\/uploads\/2018\/04\/PremiICIP_3.JPG_1719961241.jpg","inLanguage":"ca"},{"@type":"WebPage","@id":"https:\/\/www.icip.cat\/ca\/arcadi-oliveres-rep-el-premi-icip-constructors-de-pau-en-un-emotiu-acte-al-parlament\/","url":"https:\/\/www.icip.cat\/ca\/arcadi-oliveres-rep-el-premi-icip-constructors-de-pau-en-un-emotiu-acte-al-parlament\/","name":"Arcadi Oliveres rep el Premi ICIP Constructors de Pau en un emotiu acte al Parlament - ICIP","isPartOf":{"@id":"https:\/\/www.icip.cat\/ca\/#website"},"primaryImageOfPage":{"@id":"https:\/\/www.icip.cat\/ca\/arcadi-oliveres-rep-el-premi-icip-constructors-de-pau-en-un-emotiu-acte-al-parlament\/#primaryimage"},"image":{"@id":"https:\/\/www.icip.cat\/ca\/arcadi-oliveres-rep-el-premi-icip-constructors-de-pau-en-un-emotiu-acte-al-parlament\/#primaryimage"},"thumbnailUrl":"https:\/\/www.icip.cat\/wp-content\/uploads\/2018\/04\/PremiICIP_3.JPG_1719961241.jpg","datePublished":"2018-04-18T08:00:00+00:00","dateModified":"2021-02-24T08:10:23+00:00","inLanguage":"ca","potentialAction":[{"@type":"ReadAction","target":["https:\/\/www.icip.cat\/ca\/arcadi-oliveres-rep-el-premi-icip-constructors-de-pau-en-un-emotiu-acte-al-parlament\/"]}]},{"@type":"ImageObject","inLanguage":"ca","@id":"https:\/\/www.icip.cat\/ca\/arcadi-oliveres-rep-el-premi-icip-constructors-de-pau-en-un-emotiu-acte-al-parlament\/#primaryimage","url":"https:\/\/www.icip.cat\/wp-content\/uploads\/2018\/04\/PremiICIP_3.JPG_1719961241.jpg","contentUrl":"https:\/\/www.icip.cat\/wp-content\/uploads\/2018\/04\/PremiICIP_3.JPG_1719961241.jpg","width":190,"height":143,"caption":"Arcadi Oliveres rep el Premi ICIP Constructors de Pau en un emotiu acte al Parlament"},{"@type":"WebSite","@id":"https:\/\/www.icip.cat\/ca\/#website","url":"https:\/\/www.icip.cat\/ca\/","name":"ICIP","description":"","publisher":{"@id":"https:\/\/www.icip.cat\/ca\/#organization"},"potentialAction":[{"@type":"SearchAction","target":{"@type":"EntryPoint","urlTemplate":"https:\/\/www.icip.cat\/ca\/?s={search_term_string}"},"query-input":{"@type":"PropertyValueSpecification","valueRequired":true,"valueName":"search_term_string"}}],"inLanguage":"ca"},{"@type":"Organization","@id":"https:\/\/www.icip.cat\/ca\/#organization","name":"ICIP","url":"https:\/\/www.icip.cat\/ca\/","logo":{"@type":"ImageObject","inLanguage":"ca","@id":"https:\/\/www.icip.cat\/ca\/#\/schema\/logo\/image\/","url":"https:\/\/www.icip.cat\/wp-content\/uploads\/2021\/02\/logo-2.png","contentUrl":"https:\/\/www.icip.cat\/wp-content\/uploads\/2021\/02\/logo-2.png","width":562,"height":391,"caption":"ICIP"},"image":{"@id":"https:\/\/www.icip.cat\/ca\/#\/schema\/logo\/image\/"}},{"@type":"Person","@id":"https:\/\/www.icip.cat\/ca\/#\/schema\/person\/35404003404833995eee2bb6e3115dc6","name":"whads","image":{"@type":"ImageObject","inLanguage":"ca","@id":"https:\/\/www.icip.cat\/ca\/#\/schema\/person\/image\/","url":"https:\/\/secure.gravatar.com\/avatar\/6a92e4ce03d9442c546cc4afecfc51777413608a6d55a7b50040700657b6b30f?s=96&d=mm&r=g","contentUrl":"https:\/\/secure.gravatar.com\/avatar\/6a92e4ce03d9442c546cc4afecfc51777413608a6d55a7b50040700657b6b30f?s=96&d=mm&r=g","caption":"whads"},"sameAs":["http:\/\/www.icip.cat"],"url":"https:\/\/www.icip.cat\/ca\/author\/whads\/"}]}},"_links":{"self":[{"href":"https:\/\/www.icip.cat\/ca\/wp-json\/wp\/v2\/posts\/3647","targetHints":{"allow":["GET"]}}],"collection":[{"href":"https:\/\/www.icip.cat\/ca\/wp-json\/wp\/v2\/posts"}],"about":[{"href":"https:\/\/www.icip.cat\/ca\/wp-json\/wp\/v2\/types\/post"}],"author":[{"embeddable":true,"href":"https:\/\/www.icip.cat\/ca\/wp-json\/wp\/v2\/users\/1"}],"replies":[{"embeddable":true,"href":"https:\/\/www.icip.cat\/ca\/wp-json\/wp\/v2\/comments?post=3647"}],"version-history":[{"count":2,"href":"https:\/\/www.icip.cat\/ca\/wp-json\/wp\/v2\/posts\/3647\/revisions"}],"predecessor-version":[{"id":17537,"href":"https:\/\/www.icip.cat\/ca\/wp-json\/wp\/v2\/posts\/3647\/revisions\/17537"}],"wp:featuredmedia":[{"embeddable":true,"href":"https:\/\/www.icip.cat\/ca\/wp-json\/wp\/v2\/media\/3648"}],"wp:attachment":[{"href":"https:\/\/www.icip.cat\/ca\/wp-json\/wp\/v2\/media?parent=3647"}],"wp:term":[{"taxonomy":"category","embeddable":true,"href":"https:\/\/www.icip.cat\/ca\/wp-json\/wp\/v2\/categories?post=3647"},{"taxonomy":"post_tag","embeddable":true,"href":"https:\/\/www.icip.cat\/ca\/wp-json\/wp\/v2\/tags?post=3647"}],"curies":[{"name":"wp","href":"https:\/\/api.w.org\/{rel}","templated":true}]}}