{"id":3655,"date":"2018-03-26T08:00:00","date_gmt":"2018-03-26T08:00:00","guid":{"rendered":"http:\/\/www.icip.cat\/comunicat-davant-la-situacio-dexcepcio-que-viu-catalunya\/"},"modified":"2018-03-26T08:00:00","modified_gmt":"2018-03-26T08:00:00","slug":"comunicat-davant-la-situacio-dexcepcio-que-viu-catalunya","status":"publish","type":"post","link":"https:\/\/www.icip.cat\/ca\/comunicat-davant-la-situacio-dexcepcio-que-viu-catalunya\/","title":{"rendered":"Comunicat davant la situaci\u00f3 d&#8217;excepci\u00f3 que viu Catalunya"},"content":{"rendered":"<p>Catalunya viu immersa en una situaci\u00f3 pol\u00edtica i social d\u2019excepci\u00f3, agreujada pels empresonaments preventius de cinc diputats m\u00e9s i la detenci\u00f3 del president Carles Puigdemont.<br \/>\nDes de l\u2019Institut Catal\u00e0 Internacional per la Pau, instituci\u00f3 que defensa i treballa per la construcci\u00f3 de pau, els drets humans i la resoluci\u00f3 de conflictes, condemnem fermament les detencions per motius pol\u00edtics, com hem fet anteriorment arran dels fets de l\u20191 d\u2019octubre, i constatem amb preocupaci\u00f3 la greu vulneraci\u00f3 de drets pol\u00edtics i socials que estem vivint. Hi ha indicis clars d\u2019un trencament de la separaci\u00f3 de poders a l\u2019Estat espanyol, que \u00e9s la base de qualsevol estat de dret. La deriva en la judicialitzaci\u00f3 d\u2019un conflicte de naturalesa pol\u00edtica no pot ser en cap cas la via per a la seva resoluci\u00f3.<br \/>\nDeplorem aquest afebliment evident de la democr\u00e0cia i, seguint la crida a la unitat d\u2019acci\u00f3 feta aquest diumenge pel president del Parlament, Roger Torrent, ens posem a disposici\u00f3 de les institucions, partits i entitats catalanes per treballar amb l\u2019objectiu de promoure la bona conviv\u00e8ncia, arrelada en la just\u00edcia i la legitimitat democr\u00e0tica.<br \/>\nAix\u00ed mateix, apel\u00b7lem el conjunt de la societat catalana a mantenir l\u2019esperit pac\u00edfic i noviolent en qualsevol tipus de reivindicaci\u00f3.<br \/>\nFem nostra la frase del fil\u00f2sof i escriptor Jean-Marie Muller: \u201cNo \u00e9s la llei la que ha de dictar el que \u00e9s just. \u00c9s el que \u00e9s just el que ha de dictar la llei\u201d.<\/p>\n","protected":false},"excerpt":{"rendered":"<p>L&#8217;ICIP condemna la greu vulneraci\u00f3 de drets pol\u00edtics i socials, i s\u2019ofereix a treballar per la conviv\u00e8ncia, basada en la just\u00edcia i la legitimitat democr\u00e0tica.<\/p>\n","protected":false},"author":1,"featured_media":3656,"comment_status":"closed","ping_status":"open","sticky":false,"template":"","format":"standard","meta":{"_acf_changed":false,"footnotes":""},"categories":[4],"tags":[],"class_list":["post-3655","post","type-post","status-publish","format-standard","has-post-thumbnail","hentry","category-sense-categoria"],"acf":[],"yoast_head":"<!-- This site is optimized with the Yoast SEO plugin v25.6 - https:\/\/yoast.com\/wordpress\/plugins\/seo\/ -->\n<title>Comunicat davant la situaci\u00f3 d&#039;excepci\u00f3 que viu Catalunya - ICIP<\/title>\n<meta name=\"robots\" content=\"index, follow, max-snippet:-1, max-image-preview:large, max-video-preview:-1\" \/>\n<link rel=\"canonical\" href=\"https:\/\/www.icip.cat\/ca\/comunicat-davant-la-situacio-dexcepcio-que-viu-catalunya\/\" \/>\n<meta property=\"og:locale\" content=\"ca_ES\" \/>\n<meta property=\"og:type\" content=\"article\" \/>\n<meta property=\"og:title\" content=\"Comunicat davant la situaci\u00f3 d&#039;excepci\u00f3 que viu Catalunya - ICIP\" \/>\n<meta property=\"og:description\" content=\"L&#039;ICIP condemna la greu vulneraci\u00f3 de drets pol\u00edtics i socials, i s\u2019ofereix a treballar per la conviv\u00e8ncia, basada en la just\u00edcia i la legitimitat democr\u00e0tica.\" \/>\n<meta property=\"og:url\" content=\"https:\/\/www.icip.cat\/ca\/comunicat-davant-la-situacio-dexcepcio-que-viu-catalunya\/\" \/>\n<meta property=\"og:site_name\" content=\"ICIP\" \/>\n<meta property=\"article:published_time\" content=\"2018-03-26T08:00:00+00:00\" \/>\n<meta property=\"og:image\" content=\"https:\/\/www.icip.cat\/wp-content\/uploads\/2018\/03\/logo_geco.jpg_1805848694.jpg\" \/>\n\t<meta property=\"og:image:width\" content=\"190\" \/>\n\t<meta property=\"og:image:height\" content=\"113\" \/>\n\t<meta property=\"og:image:type\" content=\"image\/jpeg\" \/>\n<meta name=\"author\" content=\"whads\" \/>\n<meta name=\"twitter:card\" content=\"summary_large_image\" \/>\n<meta name=\"twitter:label1\" content=\"Escrit per\" \/>\n\t<meta name=\"twitter:data1\" content=\"whads\" \/>\n\t<meta name=\"twitter:label2\" content=\"Temps estimat de lectura\" \/>\n\t<meta name=\"twitter:data2\" content=\"1 minut\" \/>\n<script type=\"application\/ld+json\" class=\"yoast-schema-graph\">{\"@context\":\"https:\/\/schema.org\",\"@graph\":[{\"@type\":\"Article\",\"@id\":\"https:\/\/www.icip.cat\/ca\/comunicat-davant-la-situacio-dexcepcio-que-viu-catalunya\/#article\",\"isPartOf\":{\"@id\":\"https:\/\/www.icip.cat\/ca\/comunicat-davant-la-situacio-dexcepcio-que-viu-catalunya\/\"},\"author\":{\"name\":\"whads\",\"@id\":\"https:\/\/www.icip.cat\/ca\/#\/schema\/person\/35404003404833995eee2bb6e3115dc6\"},\"headline\":\"Comunicat davant la situaci\u00f3 d&#8217;excepci\u00f3 que viu Catalunya\",\"datePublished\":\"2018-03-26T08:00:00+00:00\",\"mainEntityOfPage\":{\"@id\":\"https:\/\/www.icip.cat\/ca\/comunicat-davant-la-situacio-dexcepcio-que-viu-catalunya\/\"},\"wordCount\":266,\"publisher\":{\"@id\":\"https:\/\/www.icip.cat\/ca\/#organization\"},\"image\":{\"@id\":\"https:\/\/www.icip.cat\/ca\/comunicat-davant-la-situacio-dexcepcio-que-viu-catalunya\/#primaryimage\"},\"thumbnailUrl\":\"https:\/\/www.icip.cat\/wp-content\/uploads\/2018\/03\/logo_geco.jpg_1805848694.jpg\",\"inLanguage\":\"ca\"},{\"@type\":\"WebPage\",\"@id\":\"https:\/\/www.icip.cat\/ca\/comunicat-davant-la-situacio-dexcepcio-que-viu-catalunya\/\",\"url\":\"https:\/\/www.icip.cat\/ca\/comunicat-davant-la-situacio-dexcepcio-que-viu-catalunya\/\",\"name\":\"Comunicat davant la situaci\u00f3 d'excepci\u00f3 que viu Catalunya - ICIP\",\"isPartOf\":{\"@id\":\"https:\/\/www.icip.cat\/ca\/#website\"},\"primaryImageOfPage\":{\"@id\":\"https:\/\/www.icip.cat\/ca\/comunicat-davant-la-situacio-dexcepcio-que-viu-catalunya\/#primaryimage\"},\"image\":{\"@id\":\"https:\/\/www.icip.cat\/ca\/comunicat-davant-la-situacio-dexcepcio-que-viu-catalunya\/#primaryimage\"},\"thumbnailUrl\":\"https:\/\/www.icip.cat\/wp-content\/uploads\/2018\/03\/logo_geco.jpg_1805848694.jpg\",\"datePublished\":\"2018-03-26T08:00:00+00:00\",\"inLanguage\":\"ca\",\"potentialAction\":[{\"@type\":\"ReadAction\",\"target\":[\"https:\/\/www.icip.cat\/ca\/comunicat-davant-la-situacio-dexcepcio-que-viu-catalunya\/\"]}]},{\"@type\":\"ImageObject\",\"inLanguage\":\"ca\",\"@id\":\"https:\/\/www.icip.cat\/ca\/comunicat-davant-la-situacio-dexcepcio-que-viu-catalunya\/#primaryimage\",\"url\":\"https:\/\/www.icip.cat\/wp-content\/uploads\/2018\/03\/logo_geco.jpg_1805848694.jpg\",\"contentUrl\":\"https:\/\/www.icip.cat\/wp-content\/uploads\/2018\/03\/logo_geco.jpg_1805848694.jpg\",\"width\":190,\"height\":113,\"caption\":\"Comunicat davant la situaci\u00f3 d'excepci\u00f3 que viu Catalunya\"},{\"@type\":\"WebSite\",\"@id\":\"https:\/\/www.icip.cat\/ca\/#website\",\"url\":\"https:\/\/www.icip.cat\/ca\/\",\"name\":\"ICIP\",\"description\":\"\",\"publisher\":{\"@id\":\"https:\/\/www.icip.cat\/ca\/#organization\"},\"potentialAction\":[{\"@type\":\"SearchAction\",\"target\":{\"@type\":\"EntryPoint\",\"urlTemplate\":\"https:\/\/www.icip.cat\/ca\/?s={search_term_string}\"},\"query-input\":{\"@type\":\"PropertyValueSpecification\",\"valueRequired\":true,\"valueName\":\"search_term_string\"}}],\"inLanguage\":\"ca\"},{\"@type\":\"Organization\",\"@id\":\"https:\/\/www.icip.cat\/ca\/#organization\",\"name\":\"ICIP\",\"url\":\"https:\/\/www.icip.cat\/ca\/\",\"logo\":{\"@type\":\"ImageObject\",\"inLanguage\":\"ca\",\"@id\":\"https:\/\/www.icip.cat\/ca\/#\/schema\/logo\/image\/\",\"url\":\"https:\/\/www.icip.cat\/wp-content\/uploads\/2021\/02\/logo-2.png\",\"contentUrl\":\"https:\/\/www.icip.cat\/wp-content\/uploads\/2021\/02\/logo-2.png\",\"width\":562,\"height\":391,\"caption\":\"ICIP\"},\"image\":{\"@id\":\"https:\/\/www.icip.cat\/ca\/#\/schema\/logo\/image\/\"}},{\"@type\":\"Person\",\"@id\":\"https:\/\/www.icip.cat\/ca\/#\/schema\/person\/35404003404833995eee2bb6e3115dc6\",\"name\":\"whads\",\"image\":{\"@type\":\"ImageObject\",\"inLanguage\":\"ca\",\"@id\":\"https:\/\/www.icip.cat\/ca\/#\/schema\/person\/image\/\",\"url\":\"https:\/\/secure.gravatar.com\/avatar\/6a92e4ce03d9442c546cc4afecfc51777413608a6d55a7b50040700657b6b30f?s=96&d=mm&r=g\",\"contentUrl\":\"https:\/\/secure.gravatar.com\/avatar\/6a92e4ce03d9442c546cc4afecfc51777413608a6d55a7b50040700657b6b30f?s=96&d=mm&r=g\",\"caption\":\"whads\"},\"sameAs\":[\"http:\/\/www.icip.cat\"],\"url\":\"https:\/\/www.icip.cat\/ca\/author\/whads\/\"}]}<\/script>\n<!-- \/ Yoast SEO plugin. -->","yoast_head_json":{"title":"Comunicat davant la situaci\u00f3 d'excepci\u00f3 que viu Catalunya - ICIP","robots":{"index":"index","follow":"follow","max-snippet":"max-snippet:-1","max-image-preview":"max-image-preview:large","max-video-preview":"max-video-preview:-1"},"canonical":"https:\/\/www.icip.cat\/ca\/comunicat-davant-la-situacio-dexcepcio-que-viu-catalunya\/","og_locale":"ca_ES","og_type":"article","og_title":"Comunicat davant la situaci\u00f3 d'excepci\u00f3 que viu Catalunya - ICIP","og_description":"L'ICIP condemna la greu vulneraci\u00f3 de drets pol\u00edtics i socials, i s\u2019ofereix a treballar per la conviv\u00e8ncia, basada en la just\u00edcia i la legitimitat democr\u00e0tica.","og_url":"https:\/\/www.icip.cat\/ca\/comunicat-davant-la-situacio-dexcepcio-que-viu-catalunya\/","og_site_name":"ICIP","article_published_time":"2018-03-26T08:00:00+00:00","og_image":[{"width":190,"height":113,"url":"https:\/\/www.icip.cat\/wp-content\/uploads\/2018\/03\/logo_geco.jpg_1805848694.jpg","type":"image\/jpeg"}],"author":"whads","twitter_card":"summary_large_image","twitter_misc":{"Escrit per":"whads","Temps estimat de lectura":"1 minut"},"schema":{"@context":"https:\/\/schema.org","@graph":[{"@type":"Article","@id":"https:\/\/www.icip.cat\/ca\/comunicat-davant-la-situacio-dexcepcio-que-viu-catalunya\/#article","isPartOf":{"@id":"https:\/\/www.icip.cat\/ca\/comunicat-davant-la-situacio-dexcepcio-que-viu-catalunya\/"},"author":{"name":"whads","@id":"https:\/\/www.icip.cat\/ca\/#\/schema\/person\/35404003404833995eee2bb6e3115dc6"},"headline":"Comunicat davant la situaci\u00f3 d&#8217;excepci\u00f3 que viu Catalunya","datePublished":"2018-03-26T08:00:00+00:00","mainEntityOfPage":{"@id":"https:\/\/www.icip.cat\/ca\/comunicat-davant-la-situacio-dexcepcio-que-viu-catalunya\/"},"wordCount":266,"publisher":{"@id":"https:\/\/www.icip.cat\/ca\/#organization"},"image":{"@id":"https:\/\/www.icip.cat\/ca\/comunicat-davant-la-situacio-dexcepcio-que-viu-catalunya\/#primaryimage"},"thumbnailUrl":"https:\/\/www.icip.cat\/wp-content\/uploads\/2018\/03\/logo_geco.jpg_1805848694.jpg","inLanguage":"ca"},{"@type":"WebPage","@id":"https:\/\/www.icip.cat\/ca\/comunicat-davant-la-situacio-dexcepcio-que-viu-catalunya\/","url":"https:\/\/www.icip.cat\/ca\/comunicat-davant-la-situacio-dexcepcio-que-viu-catalunya\/","name":"Comunicat davant la situaci\u00f3 d'excepci\u00f3 que viu Catalunya - ICIP","isPartOf":{"@id":"https:\/\/www.icip.cat\/ca\/#website"},"primaryImageOfPage":{"@id":"https:\/\/www.icip.cat\/ca\/comunicat-davant-la-situacio-dexcepcio-que-viu-catalunya\/#primaryimage"},"image":{"@id":"https:\/\/www.icip.cat\/ca\/comunicat-davant-la-situacio-dexcepcio-que-viu-catalunya\/#primaryimage"},"thumbnailUrl":"https:\/\/www.icip.cat\/wp-content\/uploads\/2018\/03\/logo_geco.jpg_1805848694.jpg","datePublished":"2018-03-26T08:00:00+00:00","inLanguage":"ca","potentialAction":[{"@type":"ReadAction","target":["https:\/\/www.icip.cat\/ca\/comunicat-davant-la-situacio-dexcepcio-que-viu-catalunya\/"]}]},{"@type":"ImageObject","inLanguage":"ca","@id":"https:\/\/www.icip.cat\/ca\/comunicat-davant-la-situacio-dexcepcio-que-viu-catalunya\/#primaryimage","url":"https:\/\/www.icip.cat\/wp-content\/uploads\/2018\/03\/logo_geco.jpg_1805848694.jpg","contentUrl":"https:\/\/www.icip.cat\/wp-content\/uploads\/2018\/03\/logo_geco.jpg_1805848694.jpg","width":190,"height":113,"caption":"Comunicat davant la situaci\u00f3 d'excepci\u00f3 que viu Catalunya"},{"@type":"WebSite","@id":"https:\/\/www.icip.cat\/ca\/#website","url":"https:\/\/www.icip.cat\/ca\/","name":"ICIP","description":"","publisher":{"@id":"https:\/\/www.icip.cat\/ca\/#organization"},"potentialAction":[{"@type":"SearchAction","target":{"@type":"EntryPoint","urlTemplate":"https:\/\/www.icip.cat\/ca\/?s={search_term_string}"},"query-input":{"@type":"PropertyValueSpecification","valueRequired":true,"valueName":"search_term_string"}}],"inLanguage":"ca"},{"@type":"Organization","@id":"https:\/\/www.icip.cat\/ca\/#organization","name":"ICIP","url":"https:\/\/www.icip.cat\/ca\/","logo":{"@type":"ImageObject","inLanguage":"ca","@id":"https:\/\/www.icip.cat\/ca\/#\/schema\/logo\/image\/","url":"https:\/\/www.icip.cat\/wp-content\/uploads\/2021\/02\/logo-2.png","contentUrl":"https:\/\/www.icip.cat\/wp-content\/uploads\/2021\/02\/logo-2.png","width":562,"height":391,"caption":"ICIP"},"image":{"@id":"https:\/\/www.icip.cat\/ca\/#\/schema\/logo\/image\/"}},{"@type":"Person","@id":"https:\/\/www.icip.cat\/ca\/#\/schema\/person\/35404003404833995eee2bb6e3115dc6","name":"whads","image":{"@type":"ImageObject","inLanguage":"ca","@id":"https:\/\/www.icip.cat\/ca\/#\/schema\/person\/image\/","url":"https:\/\/secure.gravatar.com\/avatar\/6a92e4ce03d9442c546cc4afecfc51777413608a6d55a7b50040700657b6b30f?s=96&d=mm&r=g","contentUrl":"https:\/\/secure.gravatar.com\/avatar\/6a92e4ce03d9442c546cc4afecfc51777413608a6d55a7b50040700657b6b30f?s=96&d=mm&r=g","caption":"whads"},"sameAs":["http:\/\/www.icip.cat"],"url":"https:\/\/www.icip.cat\/ca\/author\/whads\/"}]}},"_links":{"self":[{"href":"https:\/\/www.icip.cat\/ca\/wp-json\/wp\/v2\/posts\/3655","targetHints":{"allow":["GET"]}}],"collection":[{"href":"https:\/\/www.icip.cat\/ca\/wp-json\/wp\/v2\/posts"}],"about":[{"href":"https:\/\/www.icip.cat\/ca\/wp-json\/wp\/v2\/types\/post"}],"author":[{"embeddable":true,"href":"https:\/\/www.icip.cat\/ca\/wp-json\/wp\/v2\/users\/1"}],"replies":[{"embeddable":true,"href":"https:\/\/www.icip.cat\/ca\/wp-json\/wp\/v2\/comments?post=3655"}],"version-history":[{"count":0,"href":"https:\/\/www.icip.cat\/ca\/wp-json\/wp\/v2\/posts\/3655\/revisions"}],"wp:featuredmedia":[{"embeddable":true,"href":"https:\/\/www.icip.cat\/ca\/wp-json\/wp\/v2\/media\/3656"}],"wp:attachment":[{"href":"https:\/\/www.icip.cat\/ca\/wp-json\/wp\/v2\/media?parent=3655"}],"wp:term":[{"taxonomy":"category","embeddable":true,"href":"https:\/\/www.icip.cat\/ca\/wp-json\/wp\/v2\/categories?post=3655"},{"taxonomy":"post_tag","embeddable":true,"href":"https:\/\/www.icip.cat\/ca\/wp-json\/wp\/v2\/tags?post=3655"}],"curies":[{"name":"wp","href":"https:\/\/api.w.org\/{rel}","templated":true}]}}