{"id":3731,"date":"2017-10-17T08:00:00","date_gmt":"2017-10-17T08:00:00","guid":{"rendered":"http:\/\/www.icip.cat\/licip-condemna-lordre-de-preso-contra-els-presidents-de-lanc-i-omnium-cultural\/"},"modified":"2017-10-17T08:00:00","modified_gmt":"2017-10-17T08:00:00","slug":"licip-condemna-lordre-de-preso-contra-els-presidents-de-lanc-i-omnium-cultural","status":"publish","type":"post","link":"https:\/\/www.icip.cat\/ca\/licip-condemna-lordre-de-preso-contra-els-presidents-de-lanc-i-omnium-cultural\/","title":{"rendered":"L&#8217;ICIP condemna l&#8217;ordre de pres\u00f3 contra els presidents de l&#8217;ANC i \u00d2mnium Cultural"},"content":{"rendered":"<p>L\u2019ICIP (Institut Catal\u00e0 Internacional per la Pau) condemnem fermament l\u2019ordre de pres\u00f3 dictada contra els presidents de l\u2019Assemblea Nacional Catalana i \u00d2mnium Cultural, Jordi S\u00e1nchez i Jordi Cuixart, per haver convocat manifestacions pac\u00edfiques i haver expressat lliurement les seves idees. Com a instituci\u00f3 que defensa i treballa per la construcci\u00f3 de pau, els drets humans i la resoluci\u00f3 de conflictes considerem del tot inconcebible la detenci\u00f3 per motius pol\u00edtics i ideol\u00f2gics.<br \/>\nL\u2019ordre de pres\u00f3 sense fian\u00e7a dictada per l\u2019Audi\u00e8ncia Nacional \u00e9s un greu error pol\u00edtic, que demostra el frac\u00e0s de la pol\u00edtica com a via per resoldre el conflicte pol\u00edtic entre Catalunya i Espanya.<br \/>\nAquesta mesura evidencia el trencament de l\u2019estat de dret, que t\u00e9 com a principi fonamental la separaci\u00f3 de poders. Entenem que darrere les dues detencions hi ha una voluntat expl\u00edcita del govern espanyol de deixar en mans dels tribunals accions que caldria afrontar des del terreny pol\u00edtic, i volem manifestar que el poder judicial no ha de ser mai instrumentalitzat pel poder pol\u00edtic.<br \/>\nAix\u00ed mateix, aquesta acci\u00f3 incrementa la tensi\u00f3 social enlloc de rebaixar-la, com hauria de ser l\u2019actitud \u00f2ptima dels poders p\u00fablics.<br \/>\nManifestem tamb\u00e9 que la negaci\u00f3 constant del conflicte pol\u00edtic que es viu a Catalunya per part del govern espanyol impossibilita trobar mecanismes per a la seva resoluci\u00f3, com \u00e9s la reclamada mediaci\u00f3 internacional i la soluci\u00f3 dialogada.<br \/>\nPer \u00faltim, en aquest context apel\u00b7lem una vegada m\u00e9s a la ciutadania de Catalunya a seguir defensant les seves idees mitjan\u00e7ant els valors de la noviol\u00e8ncia i la resist\u00e8ncia pac\u00edfica, tal com ha vingut fent en les massives manifestacions pac\u00edfiques i c\u00edviques dels darrers temps.<\/p>\n","protected":false},"excerpt":{"rendered":"<p>Les detencions per motius ideol\u00f2gics s\u00f3n un greu error pol\u00edtic, evidencien el trencament de l&#8217;estat de dret i incrementen la tensi\u00f3 social.<\/p>\n","protected":false},"author":1,"featured_media":3732,"comment_status":"closed","ping_status":"open","sticky":false,"template":"","format":"standard","meta":{"_acf_changed":false,"footnotes":""},"categories":[4],"tags":[],"class_list":["post-3731","post","type-post","status-publish","format-standard","has-post-thumbnail","hentry","category-sense-categoria"],"acf":[],"yoast_head":"<!-- This site is optimized with the Yoast SEO plugin v25.6 - https:\/\/yoast.com\/wordpress\/plugins\/seo\/ -->\n<title>L&#039;ICIP condemna l&#039;ordre de pres\u00f3 contra els presidents de l&#039;ANC i \u00d2mnium Cultural - ICIP<\/title>\n<meta name=\"robots\" content=\"index, follow, max-snippet:-1, max-image-preview:large, max-video-preview:-1\" \/>\n<link rel=\"canonical\" href=\"https:\/\/www.icip.cat\/ca\/licip-condemna-lordre-de-preso-contra-els-presidents-de-lanc-i-omnium-cultural\/\" \/>\n<meta property=\"og:locale\" content=\"ca_ES\" \/>\n<meta property=\"og:type\" content=\"article\" \/>\n<meta property=\"og:title\" content=\"L&#039;ICIP condemna l&#039;ordre de pres\u00f3 contra els presidents de l&#039;ANC i \u00d2mnium Cultural - ICIP\" \/>\n<meta property=\"og:description\" content=\"Les detencions per motius ideol\u00f2gics s\u00f3n un greu error pol\u00edtic, evidencien el trencament de l&#039;estat de dret i incrementen la tensi\u00f3 social.\" \/>\n<meta property=\"og:url\" content=\"https:\/\/www.icip.cat\/ca\/licip-condemna-lordre-de-preso-contra-els-presidents-de-lanc-i-omnium-cultural\/\" \/>\n<meta property=\"og:site_name\" content=\"ICIP\" \/>\n<meta property=\"article:published_time\" content=\"2017-10-17T08:00:00+00:00\" \/>\n<meta property=\"og:image\" content=\"https:\/\/www.icip.cat\/wp-content\/uploads\/2017\/10\/logo_geco-1.jpg_1805848694-1.jpg\" \/>\n\t<meta property=\"og:image:width\" content=\"190\" \/>\n\t<meta property=\"og:image:height\" content=\"113\" \/>\n\t<meta property=\"og:image:type\" content=\"image\/jpeg\" \/>\n<meta name=\"author\" content=\"whads\" \/>\n<meta name=\"twitter:card\" content=\"summary_large_image\" \/>\n<meta name=\"twitter:label1\" content=\"Escrit per\" \/>\n\t<meta name=\"twitter:data1\" content=\"whads\" \/>\n\t<meta name=\"twitter:label2\" content=\"Temps estimat de lectura\" \/>\n\t<meta name=\"twitter:data2\" content=\"1 minut\" \/>\n<script type=\"application\/ld+json\" class=\"yoast-schema-graph\">{\"@context\":\"https:\/\/schema.org\",\"@graph\":[{\"@type\":\"Article\",\"@id\":\"https:\/\/www.icip.cat\/ca\/licip-condemna-lordre-de-preso-contra-els-presidents-de-lanc-i-omnium-cultural\/#article\",\"isPartOf\":{\"@id\":\"https:\/\/www.icip.cat\/ca\/licip-condemna-lordre-de-preso-contra-els-presidents-de-lanc-i-omnium-cultural\/\"},\"author\":{\"name\":\"whads\",\"@id\":\"https:\/\/www.icip.cat\/ca\/#\/schema\/person\/35404003404833995eee2bb6e3115dc6\"},\"headline\":\"L&#8217;ICIP condemna l&#8217;ordre de pres\u00f3 contra els presidents de l&#8217;ANC i \u00d2mnium Cultural\",\"datePublished\":\"2017-10-17T08:00:00+00:00\",\"mainEntityOfPage\":{\"@id\":\"https:\/\/www.icip.cat\/ca\/licip-condemna-lordre-de-preso-contra-els-presidents-de-lanc-i-omnium-cultural\/\"},\"wordCount\":315,\"publisher\":{\"@id\":\"https:\/\/www.icip.cat\/ca\/#organization\"},\"image\":{\"@id\":\"https:\/\/www.icip.cat\/ca\/licip-condemna-lordre-de-preso-contra-els-presidents-de-lanc-i-omnium-cultural\/#primaryimage\"},\"thumbnailUrl\":\"https:\/\/www.icip.cat\/wp-content\/uploads\/2017\/10\/logo_geco-1.jpg_1805848694-1.jpg\",\"inLanguage\":\"ca\"},{\"@type\":\"WebPage\",\"@id\":\"https:\/\/www.icip.cat\/ca\/licip-condemna-lordre-de-preso-contra-els-presidents-de-lanc-i-omnium-cultural\/\",\"url\":\"https:\/\/www.icip.cat\/ca\/licip-condemna-lordre-de-preso-contra-els-presidents-de-lanc-i-omnium-cultural\/\",\"name\":\"L'ICIP condemna l'ordre de pres\u00f3 contra els presidents de l'ANC i \u00d2mnium Cultural - ICIP\",\"isPartOf\":{\"@id\":\"https:\/\/www.icip.cat\/ca\/#website\"},\"primaryImageOfPage\":{\"@id\":\"https:\/\/www.icip.cat\/ca\/licip-condemna-lordre-de-preso-contra-els-presidents-de-lanc-i-omnium-cultural\/#primaryimage\"},\"image\":{\"@id\":\"https:\/\/www.icip.cat\/ca\/licip-condemna-lordre-de-preso-contra-els-presidents-de-lanc-i-omnium-cultural\/#primaryimage\"},\"thumbnailUrl\":\"https:\/\/www.icip.cat\/wp-content\/uploads\/2017\/10\/logo_geco-1.jpg_1805848694-1.jpg\",\"datePublished\":\"2017-10-17T08:00:00+00:00\",\"inLanguage\":\"ca\",\"potentialAction\":[{\"@type\":\"ReadAction\",\"target\":[\"https:\/\/www.icip.cat\/ca\/licip-condemna-lordre-de-preso-contra-els-presidents-de-lanc-i-omnium-cultural\/\"]}]},{\"@type\":\"ImageObject\",\"inLanguage\":\"ca\",\"@id\":\"https:\/\/www.icip.cat\/ca\/licip-condemna-lordre-de-preso-contra-els-presidents-de-lanc-i-omnium-cultural\/#primaryimage\",\"url\":\"https:\/\/www.icip.cat\/wp-content\/uploads\/2017\/10\/logo_geco-1.jpg_1805848694-1.jpg\",\"contentUrl\":\"https:\/\/www.icip.cat\/wp-content\/uploads\/2017\/10\/logo_geco-1.jpg_1805848694-1.jpg\",\"width\":190,\"height\":113,\"caption\":\"L'ICIP condemna l'ordre de pres\u00f3 contra els presidents de l'ANC i \u00d2mnium Cultural\"},{\"@type\":\"WebSite\",\"@id\":\"https:\/\/www.icip.cat\/ca\/#website\",\"url\":\"https:\/\/www.icip.cat\/ca\/\",\"name\":\"ICIP\",\"description\":\"\",\"publisher\":{\"@id\":\"https:\/\/www.icip.cat\/ca\/#organization\"},\"potentialAction\":[{\"@type\":\"SearchAction\",\"target\":{\"@type\":\"EntryPoint\",\"urlTemplate\":\"https:\/\/www.icip.cat\/ca\/?s={search_term_string}\"},\"query-input\":{\"@type\":\"PropertyValueSpecification\",\"valueRequired\":true,\"valueName\":\"search_term_string\"}}],\"inLanguage\":\"ca\"},{\"@type\":\"Organization\",\"@id\":\"https:\/\/www.icip.cat\/ca\/#organization\",\"name\":\"ICIP\",\"url\":\"https:\/\/www.icip.cat\/ca\/\",\"logo\":{\"@type\":\"ImageObject\",\"inLanguage\":\"ca\",\"@id\":\"https:\/\/www.icip.cat\/ca\/#\/schema\/logo\/image\/\",\"url\":\"https:\/\/www.icip.cat\/wp-content\/uploads\/2021\/02\/logo-2.png\",\"contentUrl\":\"https:\/\/www.icip.cat\/wp-content\/uploads\/2021\/02\/logo-2.png\",\"width\":562,\"height\":391,\"caption\":\"ICIP\"},\"image\":{\"@id\":\"https:\/\/www.icip.cat\/ca\/#\/schema\/logo\/image\/\"}},{\"@type\":\"Person\",\"@id\":\"https:\/\/www.icip.cat\/ca\/#\/schema\/person\/35404003404833995eee2bb6e3115dc6\",\"name\":\"whads\",\"image\":{\"@type\":\"ImageObject\",\"inLanguage\":\"ca\",\"@id\":\"https:\/\/www.icip.cat\/ca\/#\/schema\/person\/image\/\",\"url\":\"https:\/\/secure.gravatar.com\/avatar\/6a92e4ce03d9442c546cc4afecfc51777413608a6d55a7b50040700657b6b30f?s=96&d=mm&r=g\",\"contentUrl\":\"https:\/\/secure.gravatar.com\/avatar\/6a92e4ce03d9442c546cc4afecfc51777413608a6d55a7b50040700657b6b30f?s=96&d=mm&r=g\",\"caption\":\"whads\"},\"sameAs\":[\"http:\/\/www.icip.cat\"],\"url\":\"https:\/\/www.icip.cat\/ca\/author\/whads\/\"}]}<\/script>\n<!-- \/ Yoast SEO plugin. -->","yoast_head_json":{"title":"L'ICIP condemna l'ordre de pres\u00f3 contra els presidents de l'ANC i \u00d2mnium Cultural - ICIP","robots":{"index":"index","follow":"follow","max-snippet":"max-snippet:-1","max-image-preview":"max-image-preview:large","max-video-preview":"max-video-preview:-1"},"canonical":"https:\/\/www.icip.cat\/ca\/licip-condemna-lordre-de-preso-contra-els-presidents-de-lanc-i-omnium-cultural\/","og_locale":"ca_ES","og_type":"article","og_title":"L'ICIP condemna l'ordre de pres\u00f3 contra els presidents de l'ANC i \u00d2mnium Cultural - ICIP","og_description":"Les detencions per motius ideol\u00f2gics s\u00f3n un greu error pol\u00edtic, evidencien el trencament de l'estat de dret i incrementen la tensi\u00f3 social.","og_url":"https:\/\/www.icip.cat\/ca\/licip-condemna-lordre-de-preso-contra-els-presidents-de-lanc-i-omnium-cultural\/","og_site_name":"ICIP","article_published_time":"2017-10-17T08:00:00+00:00","og_image":[{"width":190,"height":113,"url":"https:\/\/www.icip.cat\/wp-content\/uploads\/2017\/10\/logo_geco-1.jpg_1805848694-1.jpg","type":"image\/jpeg"}],"author":"whads","twitter_card":"summary_large_image","twitter_misc":{"Escrit per":"whads","Temps estimat de lectura":"1 minut"},"schema":{"@context":"https:\/\/schema.org","@graph":[{"@type":"Article","@id":"https:\/\/www.icip.cat\/ca\/licip-condemna-lordre-de-preso-contra-els-presidents-de-lanc-i-omnium-cultural\/#article","isPartOf":{"@id":"https:\/\/www.icip.cat\/ca\/licip-condemna-lordre-de-preso-contra-els-presidents-de-lanc-i-omnium-cultural\/"},"author":{"name":"whads","@id":"https:\/\/www.icip.cat\/ca\/#\/schema\/person\/35404003404833995eee2bb6e3115dc6"},"headline":"L&#8217;ICIP condemna l&#8217;ordre de pres\u00f3 contra els presidents de l&#8217;ANC i \u00d2mnium Cultural","datePublished":"2017-10-17T08:00:00+00:00","mainEntityOfPage":{"@id":"https:\/\/www.icip.cat\/ca\/licip-condemna-lordre-de-preso-contra-els-presidents-de-lanc-i-omnium-cultural\/"},"wordCount":315,"publisher":{"@id":"https:\/\/www.icip.cat\/ca\/#organization"},"image":{"@id":"https:\/\/www.icip.cat\/ca\/licip-condemna-lordre-de-preso-contra-els-presidents-de-lanc-i-omnium-cultural\/#primaryimage"},"thumbnailUrl":"https:\/\/www.icip.cat\/wp-content\/uploads\/2017\/10\/logo_geco-1.jpg_1805848694-1.jpg","inLanguage":"ca"},{"@type":"WebPage","@id":"https:\/\/www.icip.cat\/ca\/licip-condemna-lordre-de-preso-contra-els-presidents-de-lanc-i-omnium-cultural\/","url":"https:\/\/www.icip.cat\/ca\/licip-condemna-lordre-de-preso-contra-els-presidents-de-lanc-i-omnium-cultural\/","name":"L'ICIP condemna l'ordre de pres\u00f3 contra els presidents de l'ANC i \u00d2mnium Cultural - ICIP","isPartOf":{"@id":"https:\/\/www.icip.cat\/ca\/#website"},"primaryImageOfPage":{"@id":"https:\/\/www.icip.cat\/ca\/licip-condemna-lordre-de-preso-contra-els-presidents-de-lanc-i-omnium-cultural\/#primaryimage"},"image":{"@id":"https:\/\/www.icip.cat\/ca\/licip-condemna-lordre-de-preso-contra-els-presidents-de-lanc-i-omnium-cultural\/#primaryimage"},"thumbnailUrl":"https:\/\/www.icip.cat\/wp-content\/uploads\/2017\/10\/logo_geco-1.jpg_1805848694-1.jpg","datePublished":"2017-10-17T08:00:00+00:00","inLanguage":"ca","potentialAction":[{"@type":"ReadAction","target":["https:\/\/www.icip.cat\/ca\/licip-condemna-lordre-de-preso-contra-els-presidents-de-lanc-i-omnium-cultural\/"]}]},{"@type":"ImageObject","inLanguage":"ca","@id":"https:\/\/www.icip.cat\/ca\/licip-condemna-lordre-de-preso-contra-els-presidents-de-lanc-i-omnium-cultural\/#primaryimage","url":"https:\/\/www.icip.cat\/wp-content\/uploads\/2017\/10\/logo_geco-1.jpg_1805848694-1.jpg","contentUrl":"https:\/\/www.icip.cat\/wp-content\/uploads\/2017\/10\/logo_geco-1.jpg_1805848694-1.jpg","width":190,"height":113,"caption":"L'ICIP condemna l'ordre de pres\u00f3 contra els presidents de l'ANC i \u00d2mnium Cultural"},{"@type":"WebSite","@id":"https:\/\/www.icip.cat\/ca\/#website","url":"https:\/\/www.icip.cat\/ca\/","name":"ICIP","description":"","publisher":{"@id":"https:\/\/www.icip.cat\/ca\/#organization"},"potentialAction":[{"@type":"SearchAction","target":{"@type":"EntryPoint","urlTemplate":"https:\/\/www.icip.cat\/ca\/?s={search_term_string}"},"query-input":{"@type":"PropertyValueSpecification","valueRequired":true,"valueName":"search_term_string"}}],"inLanguage":"ca"},{"@type":"Organization","@id":"https:\/\/www.icip.cat\/ca\/#organization","name":"ICIP","url":"https:\/\/www.icip.cat\/ca\/","logo":{"@type":"ImageObject","inLanguage":"ca","@id":"https:\/\/www.icip.cat\/ca\/#\/schema\/logo\/image\/","url":"https:\/\/www.icip.cat\/wp-content\/uploads\/2021\/02\/logo-2.png","contentUrl":"https:\/\/www.icip.cat\/wp-content\/uploads\/2021\/02\/logo-2.png","width":562,"height":391,"caption":"ICIP"},"image":{"@id":"https:\/\/www.icip.cat\/ca\/#\/schema\/logo\/image\/"}},{"@type":"Person","@id":"https:\/\/www.icip.cat\/ca\/#\/schema\/person\/35404003404833995eee2bb6e3115dc6","name":"whads","image":{"@type":"ImageObject","inLanguage":"ca","@id":"https:\/\/www.icip.cat\/ca\/#\/schema\/person\/image\/","url":"https:\/\/secure.gravatar.com\/avatar\/6a92e4ce03d9442c546cc4afecfc51777413608a6d55a7b50040700657b6b30f?s=96&d=mm&r=g","contentUrl":"https:\/\/secure.gravatar.com\/avatar\/6a92e4ce03d9442c546cc4afecfc51777413608a6d55a7b50040700657b6b30f?s=96&d=mm&r=g","caption":"whads"},"sameAs":["http:\/\/www.icip.cat"],"url":"https:\/\/www.icip.cat\/ca\/author\/whads\/"}]}},"_links":{"self":[{"href":"https:\/\/www.icip.cat\/ca\/wp-json\/wp\/v2\/posts\/3731","targetHints":{"allow":["GET"]}}],"collection":[{"href":"https:\/\/www.icip.cat\/ca\/wp-json\/wp\/v2\/posts"}],"about":[{"href":"https:\/\/www.icip.cat\/ca\/wp-json\/wp\/v2\/types\/post"}],"author":[{"embeddable":true,"href":"https:\/\/www.icip.cat\/ca\/wp-json\/wp\/v2\/users\/1"}],"replies":[{"embeddable":true,"href":"https:\/\/www.icip.cat\/ca\/wp-json\/wp\/v2\/comments?post=3731"}],"version-history":[{"count":0,"href":"https:\/\/www.icip.cat\/ca\/wp-json\/wp\/v2\/posts\/3731\/revisions"}],"wp:featuredmedia":[{"embeddable":true,"href":"https:\/\/www.icip.cat\/ca\/wp-json\/wp\/v2\/media\/3732"}],"wp:attachment":[{"href":"https:\/\/www.icip.cat\/ca\/wp-json\/wp\/v2\/media?parent=3731"}],"wp:term":[{"taxonomy":"category","embeddable":true,"href":"https:\/\/www.icip.cat\/ca\/wp-json\/wp\/v2\/categories?post=3731"},{"taxonomy":"post_tag","embeddable":true,"href":"https:\/\/www.icip.cat\/ca\/wp-json\/wp\/v2\/tags?post=3731"}],"curies":[{"name":"wp","href":"https:\/\/api.w.org\/{rel}","templated":true}]}}