{"id":3735,"date":"2017-10-06T08:00:00","date_gmt":"2017-10-06T08:00:00","guid":{"rendered":"http:\/\/www.icip.cat\/licip-celebra-el-reconeixement-de-lican-amb-el-premi-nobel-de-la-pau-2017\/"},"modified":"2017-10-06T08:00:00","modified_gmt":"2017-10-06T08:00:00","slug":"licip-celebra-el-reconeixement-de-lican-amb-el-premi-nobel-de-la-pau-2017","status":"publish","type":"post","link":"https:\/\/www.icip.cat\/ca\/licip-celebra-el-reconeixement-de-lican-amb-el-premi-nobel-de-la-pau-2017\/","title":{"rendered":"L\u2019ICIP celebra el reconeixement de l&#8217;ICAN amb el Premi Nobel de la Pau 2017"},"content":{"rendered":"<p>El Comit\u00e8 Noruec Nobel ha atorgat el Premi Nobel de la Pau 2017 a la Campanya Internacional per l\u2019Abolici\u00f3 de les Armes Nuclears (ICAN) per la seva tasca de sensibilitzaci\u00f3 sobre les terribles conseq\u00fc\u00e8ncies humanit\u00e0ries de fer qualsevol \u00fas de les armes nuclears i pels seus esfor\u00e7os per aconseguir un tractat de prohibici\u00f3 d\u2019aquest tipus d\u2019armament, adoptat el passat 7 de juliol per part de les Nacions Unides amb el suport de 122 estats.<br \/>\nL\u2019ICIP vol mostrar la seva satisfacci\u00f3 per la decisi\u00f3 del Comit\u00e8 Nobel i fer pal\u00e8s que la lluita de la Campanya Internacional per l\u2019Abolici\u00f3 de les Armes Nuclears demostra el paper rellevant que pot jugar la societat civil en la construcci\u00f3 de la pau. Per a l\u2019ICIP \u00e9s motiu d\u2019enhorabona i d\u2019enorme riquesa la creaci\u00f3 d\u2019organitzacions de caire internacional que vetllen per la defensa de la pau i els drets humans.<br \/>\nAix\u00ed mateix, l\u2019ICIP se suma a la crida feta pel Comit\u00e8 Nobel a les pot\u00e8ncies nuclears per tal que estableixin negociacions amb l\u2019objectiu d\u2019eliminar gradualment les 15.000 armes nuclears que hi ha actualment a tot el m\u00f3n.<br \/>\nLa Campanya Internacional per l\u2019Abolici\u00f3 de les Armes Nuclears agrupa 468 organitzacions no governamentals d\u2019un centenar de pa\u00efsos diferents.<\/p>\n","protected":false},"excerpt":{"rendered":"<p>L\u2019ICIP se suma a la crida del Comit\u00e8 Nobel a les pot\u00e8ncies nuclears per tal que negoci\u00efn l&#8217;eliminaci\u00f3 gradual de les armes nuclears<\/p>\n","protected":false},"author":1,"featured_media":3736,"comment_status":"closed","ping_status":"open","sticky":false,"template":"","format":"standard","meta":{"_acf_changed":false,"footnotes":""},"categories":[4],"tags":[],"class_list":["post-3735","post","type-post","status-publish","format-standard","has-post-thumbnail","hentry","category-sense-categoria"],"acf":[],"yoast_head":"<!-- This site is optimized with the Yoast SEO plugin v25.6 - https:\/\/yoast.com\/wordpress\/plugins\/seo\/ -->\n<title>L\u2019ICIP celebra el reconeixement de l&#039;ICAN amb el Premi Nobel de la Pau 2017 - ICIP<\/title>\n<meta name=\"robots\" content=\"index, follow, max-snippet:-1, max-image-preview:large, max-video-preview:-1\" \/>\n<link rel=\"canonical\" href=\"https:\/\/www.icip.cat\/ca\/licip-celebra-el-reconeixement-de-lican-amb-el-premi-nobel-de-la-pau-2017\/\" \/>\n<meta property=\"og:locale\" content=\"ca_ES\" \/>\n<meta property=\"og:type\" content=\"article\" \/>\n<meta property=\"og:title\" content=\"L\u2019ICIP celebra el reconeixement de l&#039;ICAN amb el Premi Nobel de la Pau 2017 - ICIP\" \/>\n<meta property=\"og:description\" content=\"L\u2019ICIP se suma a la crida del Comit\u00e8 Nobel a les pot\u00e8ncies nuclears per tal que negoci\u00efn l&#039;eliminaci\u00f3 gradual de les armes nuclears\" \/>\n<meta property=\"og:url\" content=\"https:\/\/www.icip.cat\/ca\/licip-celebra-el-reconeixement-de-lican-amb-el-premi-nobel-de-la-pau-2017\/\" \/>\n<meta property=\"og:site_name\" content=\"ICIP\" \/>\n<meta property=\"article:published_time\" content=\"2017-10-06T08:00:00+00:00\" \/>\n<meta property=\"og:image\" content=\"https:\/\/www.icip.cat\/wp-content\/uploads\/2017\/10\/ICAN.jpg_905303580.jpg\" \/>\n\t<meta property=\"og:image:width\" content=\"192\" \/>\n\t<meta property=\"og:image:height\" content=\"182\" \/>\n\t<meta property=\"og:image:type\" content=\"image\/jpeg\" \/>\n<meta name=\"author\" content=\"whads\" \/>\n<meta name=\"twitter:card\" content=\"summary_large_image\" \/>\n<meta name=\"twitter:label1\" content=\"Escrit per\" \/>\n\t<meta name=\"twitter:data1\" content=\"whads\" \/>\n\t<meta name=\"twitter:label2\" content=\"Temps estimat de lectura\" \/>\n\t<meta name=\"twitter:data2\" content=\"1 minut\" \/>\n<script type=\"application\/ld+json\" class=\"yoast-schema-graph\">{\"@context\":\"https:\/\/schema.org\",\"@graph\":[{\"@type\":\"Article\",\"@id\":\"https:\/\/www.icip.cat\/ca\/licip-celebra-el-reconeixement-de-lican-amb-el-premi-nobel-de-la-pau-2017\/#article\",\"isPartOf\":{\"@id\":\"https:\/\/www.icip.cat\/ca\/licip-celebra-el-reconeixement-de-lican-amb-el-premi-nobel-de-la-pau-2017\/\"},\"author\":{\"name\":\"whads\",\"@id\":\"https:\/\/www.icip.cat\/ca\/#\/schema\/person\/35404003404833995eee2bb6e3115dc6\"},\"headline\":\"L\u2019ICIP celebra el reconeixement de l&#8217;ICAN amb el Premi Nobel de la Pau 2017\",\"datePublished\":\"2017-10-06T08:00:00+00:00\",\"mainEntityOfPage\":{\"@id\":\"https:\/\/www.icip.cat\/ca\/licip-celebra-el-reconeixement-de-lican-amb-el-premi-nobel-de-la-pau-2017\/\"},\"wordCount\":232,\"publisher\":{\"@id\":\"https:\/\/www.icip.cat\/ca\/#organization\"},\"image\":{\"@id\":\"https:\/\/www.icip.cat\/ca\/licip-celebra-el-reconeixement-de-lican-amb-el-premi-nobel-de-la-pau-2017\/#primaryimage\"},\"thumbnailUrl\":\"https:\/\/www.icip.cat\/wp-content\/uploads\/2017\/10\/ICAN.jpg_905303580.jpg\",\"inLanguage\":\"ca\"},{\"@type\":\"WebPage\",\"@id\":\"https:\/\/www.icip.cat\/ca\/licip-celebra-el-reconeixement-de-lican-amb-el-premi-nobel-de-la-pau-2017\/\",\"url\":\"https:\/\/www.icip.cat\/ca\/licip-celebra-el-reconeixement-de-lican-amb-el-premi-nobel-de-la-pau-2017\/\",\"name\":\"L\u2019ICIP celebra el reconeixement de l'ICAN amb el Premi Nobel de la Pau 2017 - ICIP\",\"isPartOf\":{\"@id\":\"https:\/\/www.icip.cat\/ca\/#website\"},\"primaryImageOfPage\":{\"@id\":\"https:\/\/www.icip.cat\/ca\/licip-celebra-el-reconeixement-de-lican-amb-el-premi-nobel-de-la-pau-2017\/#primaryimage\"},\"image\":{\"@id\":\"https:\/\/www.icip.cat\/ca\/licip-celebra-el-reconeixement-de-lican-amb-el-premi-nobel-de-la-pau-2017\/#primaryimage\"},\"thumbnailUrl\":\"https:\/\/www.icip.cat\/wp-content\/uploads\/2017\/10\/ICAN.jpg_905303580.jpg\",\"datePublished\":\"2017-10-06T08:00:00+00:00\",\"inLanguage\":\"ca\",\"potentialAction\":[{\"@type\":\"ReadAction\",\"target\":[\"https:\/\/www.icip.cat\/ca\/licip-celebra-el-reconeixement-de-lican-amb-el-premi-nobel-de-la-pau-2017\/\"]}]},{\"@type\":\"ImageObject\",\"inLanguage\":\"ca\",\"@id\":\"https:\/\/www.icip.cat\/ca\/licip-celebra-el-reconeixement-de-lican-amb-el-premi-nobel-de-la-pau-2017\/#primaryimage\",\"url\":\"https:\/\/www.icip.cat\/wp-content\/uploads\/2017\/10\/ICAN.jpg_905303580.jpg\",\"contentUrl\":\"https:\/\/www.icip.cat\/wp-content\/uploads\/2017\/10\/ICAN.jpg_905303580.jpg\",\"width\":192,\"height\":182,\"caption\":\"L\u2019ICIP celebra el reconeixement de l'ICAN amb el Premi Nobel de la Pau 2017\"},{\"@type\":\"WebSite\",\"@id\":\"https:\/\/www.icip.cat\/ca\/#website\",\"url\":\"https:\/\/www.icip.cat\/ca\/\",\"name\":\"ICIP\",\"description\":\"\",\"publisher\":{\"@id\":\"https:\/\/www.icip.cat\/ca\/#organization\"},\"potentialAction\":[{\"@type\":\"SearchAction\",\"target\":{\"@type\":\"EntryPoint\",\"urlTemplate\":\"https:\/\/www.icip.cat\/ca\/?s={search_term_string}\"},\"query-input\":{\"@type\":\"PropertyValueSpecification\",\"valueRequired\":true,\"valueName\":\"search_term_string\"}}],\"inLanguage\":\"ca\"},{\"@type\":\"Organization\",\"@id\":\"https:\/\/www.icip.cat\/ca\/#organization\",\"name\":\"ICIP\",\"url\":\"https:\/\/www.icip.cat\/ca\/\",\"logo\":{\"@type\":\"ImageObject\",\"inLanguage\":\"ca\",\"@id\":\"https:\/\/www.icip.cat\/ca\/#\/schema\/logo\/image\/\",\"url\":\"https:\/\/www.icip.cat\/wp-content\/uploads\/2021\/02\/logo-2.png\",\"contentUrl\":\"https:\/\/www.icip.cat\/wp-content\/uploads\/2021\/02\/logo-2.png\",\"width\":562,\"height\":391,\"caption\":\"ICIP\"},\"image\":{\"@id\":\"https:\/\/www.icip.cat\/ca\/#\/schema\/logo\/image\/\"}},{\"@type\":\"Person\",\"@id\":\"https:\/\/www.icip.cat\/ca\/#\/schema\/person\/35404003404833995eee2bb6e3115dc6\",\"name\":\"whads\",\"image\":{\"@type\":\"ImageObject\",\"inLanguage\":\"ca\",\"@id\":\"https:\/\/www.icip.cat\/ca\/#\/schema\/person\/image\/\",\"url\":\"https:\/\/secure.gravatar.com\/avatar\/6a92e4ce03d9442c546cc4afecfc51777413608a6d55a7b50040700657b6b30f?s=96&d=mm&r=g\",\"contentUrl\":\"https:\/\/secure.gravatar.com\/avatar\/6a92e4ce03d9442c546cc4afecfc51777413608a6d55a7b50040700657b6b30f?s=96&d=mm&r=g\",\"caption\":\"whads\"},\"sameAs\":[\"http:\/\/www.icip.cat\"],\"url\":\"https:\/\/www.icip.cat\/ca\/author\/whads\/\"}]}<\/script>\n<!-- \/ Yoast SEO plugin. -->","yoast_head_json":{"title":"L\u2019ICIP celebra el reconeixement de l'ICAN amb el Premi Nobel de la Pau 2017 - ICIP","robots":{"index":"index","follow":"follow","max-snippet":"max-snippet:-1","max-image-preview":"max-image-preview:large","max-video-preview":"max-video-preview:-1"},"canonical":"https:\/\/www.icip.cat\/ca\/licip-celebra-el-reconeixement-de-lican-amb-el-premi-nobel-de-la-pau-2017\/","og_locale":"ca_ES","og_type":"article","og_title":"L\u2019ICIP celebra el reconeixement de l'ICAN amb el Premi Nobel de la Pau 2017 - ICIP","og_description":"L\u2019ICIP se suma a la crida del Comit\u00e8 Nobel a les pot\u00e8ncies nuclears per tal que negoci\u00efn l'eliminaci\u00f3 gradual de les armes nuclears","og_url":"https:\/\/www.icip.cat\/ca\/licip-celebra-el-reconeixement-de-lican-amb-el-premi-nobel-de-la-pau-2017\/","og_site_name":"ICIP","article_published_time":"2017-10-06T08:00:00+00:00","og_image":[{"width":192,"height":182,"url":"https:\/\/www.icip.cat\/wp-content\/uploads\/2017\/10\/ICAN.jpg_905303580.jpg","type":"image\/jpeg"}],"author":"whads","twitter_card":"summary_large_image","twitter_misc":{"Escrit per":"whads","Temps estimat de lectura":"1 minut"},"schema":{"@context":"https:\/\/schema.org","@graph":[{"@type":"Article","@id":"https:\/\/www.icip.cat\/ca\/licip-celebra-el-reconeixement-de-lican-amb-el-premi-nobel-de-la-pau-2017\/#article","isPartOf":{"@id":"https:\/\/www.icip.cat\/ca\/licip-celebra-el-reconeixement-de-lican-amb-el-premi-nobel-de-la-pau-2017\/"},"author":{"name":"whads","@id":"https:\/\/www.icip.cat\/ca\/#\/schema\/person\/35404003404833995eee2bb6e3115dc6"},"headline":"L\u2019ICIP celebra el reconeixement de l&#8217;ICAN amb el Premi Nobel de la Pau 2017","datePublished":"2017-10-06T08:00:00+00:00","mainEntityOfPage":{"@id":"https:\/\/www.icip.cat\/ca\/licip-celebra-el-reconeixement-de-lican-amb-el-premi-nobel-de-la-pau-2017\/"},"wordCount":232,"publisher":{"@id":"https:\/\/www.icip.cat\/ca\/#organization"},"image":{"@id":"https:\/\/www.icip.cat\/ca\/licip-celebra-el-reconeixement-de-lican-amb-el-premi-nobel-de-la-pau-2017\/#primaryimage"},"thumbnailUrl":"https:\/\/www.icip.cat\/wp-content\/uploads\/2017\/10\/ICAN.jpg_905303580.jpg","inLanguage":"ca"},{"@type":"WebPage","@id":"https:\/\/www.icip.cat\/ca\/licip-celebra-el-reconeixement-de-lican-amb-el-premi-nobel-de-la-pau-2017\/","url":"https:\/\/www.icip.cat\/ca\/licip-celebra-el-reconeixement-de-lican-amb-el-premi-nobel-de-la-pau-2017\/","name":"L\u2019ICIP celebra el reconeixement de l'ICAN amb el Premi Nobel de la Pau 2017 - ICIP","isPartOf":{"@id":"https:\/\/www.icip.cat\/ca\/#website"},"primaryImageOfPage":{"@id":"https:\/\/www.icip.cat\/ca\/licip-celebra-el-reconeixement-de-lican-amb-el-premi-nobel-de-la-pau-2017\/#primaryimage"},"image":{"@id":"https:\/\/www.icip.cat\/ca\/licip-celebra-el-reconeixement-de-lican-amb-el-premi-nobel-de-la-pau-2017\/#primaryimage"},"thumbnailUrl":"https:\/\/www.icip.cat\/wp-content\/uploads\/2017\/10\/ICAN.jpg_905303580.jpg","datePublished":"2017-10-06T08:00:00+00:00","inLanguage":"ca","potentialAction":[{"@type":"ReadAction","target":["https:\/\/www.icip.cat\/ca\/licip-celebra-el-reconeixement-de-lican-amb-el-premi-nobel-de-la-pau-2017\/"]}]},{"@type":"ImageObject","inLanguage":"ca","@id":"https:\/\/www.icip.cat\/ca\/licip-celebra-el-reconeixement-de-lican-amb-el-premi-nobel-de-la-pau-2017\/#primaryimage","url":"https:\/\/www.icip.cat\/wp-content\/uploads\/2017\/10\/ICAN.jpg_905303580.jpg","contentUrl":"https:\/\/www.icip.cat\/wp-content\/uploads\/2017\/10\/ICAN.jpg_905303580.jpg","width":192,"height":182,"caption":"L\u2019ICIP celebra el reconeixement de l'ICAN amb el Premi Nobel de la Pau 2017"},{"@type":"WebSite","@id":"https:\/\/www.icip.cat\/ca\/#website","url":"https:\/\/www.icip.cat\/ca\/","name":"ICIP","description":"","publisher":{"@id":"https:\/\/www.icip.cat\/ca\/#organization"},"potentialAction":[{"@type":"SearchAction","target":{"@type":"EntryPoint","urlTemplate":"https:\/\/www.icip.cat\/ca\/?s={search_term_string}"},"query-input":{"@type":"PropertyValueSpecification","valueRequired":true,"valueName":"search_term_string"}}],"inLanguage":"ca"},{"@type":"Organization","@id":"https:\/\/www.icip.cat\/ca\/#organization","name":"ICIP","url":"https:\/\/www.icip.cat\/ca\/","logo":{"@type":"ImageObject","inLanguage":"ca","@id":"https:\/\/www.icip.cat\/ca\/#\/schema\/logo\/image\/","url":"https:\/\/www.icip.cat\/wp-content\/uploads\/2021\/02\/logo-2.png","contentUrl":"https:\/\/www.icip.cat\/wp-content\/uploads\/2021\/02\/logo-2.png","width":562,"height":391,"caption":"ICIP"},"image":{"@id":"https:\/\/www.icip.cat\/ca\/#\/schema\/logo\/image\/"}},{"@type":"Person","@id":"https:\/\/www.icip.cat\/ca\/#\/schema\/person\/35404003404833995eee2bb6e3115dc6","name":"whads","image":{"@type":"ImageObject","inLanguage":"ca","@id":"https:\/\/www.icip.cat\/ca\/#\/schema\/person\/image\/","url":"https:\/\/secure.gravatar.com\/avatar\/6a92e4ce03d9442c546cc4afecfc51777413608a6d55a7b50040700657b6b30f?s=96&d=mm&r=g","contentUrl":"https:\/\/secure.gravatar.com\/avatar\/6a92e4ce03d9442c546cc4afecfc51777413608a6d55a7b50040700657b6b30f?s=96&d=mm&r=g","caption":"whads"},"sameAs":["http:\/\/www.icip.cat"],"url":"https:\/\/www.icip.cat\/ca\/author\/whads\/"}]}},"_links":{"self":[{"href":"https:\/\/www.icip.cat\/ca\/wp-json\/wp\/v2\/posts\/3735","targetHints":{"allow":["GET"]}}],"collection":[{"href":"https:\/\/www.icip.cat\/ca\/wp-json\/wp\/v2\/posts"}],"about":[{"href":"https:\/\/www.icip.cat\/ca\/wp-json\/wp\/v2\/types\/post"}],"author":[{"embeddable":true,"href":"https:\/\/www.icip.cat\/ca\/wp-json\/wp\/v2\/users\/1"}],"replies":[{"embeddable":true,"href":"https:\/\/www.icip.cat\/ca\/wp-json\/wp\/v2\/comments?post=3735"}],"version-history":[{"count":0,"href":"https:\/\/www.icip.cat\/ca\/wp-json\/wp\/v2\/posts\/3735\/revisions"}],"wp:featuredmedia":[{"embeddable":true,"href":"https:\/\/www.icip.cat\/ca\/wp-json\/wp\/v2\/media\/3736"}],"wp:attachment":[{"href":"https:\/\/www.icip.cat\/ca\/wp-json\/wp\/v2\/media?parent=3735"}],"wp:term":[{"taxonomy":"category","embeddable":true,"href":"https:\/\/www.icip.cat\/ca\/wp-json\/wp\/v2\/categories?post=3735"},{"taxonomy":"post_tag","embeddable":true,"href":"https:\/\/www.icip.cat\/ca\/wp-json\/wp\/v2\/tags?post=3735"}],"curies":[{"name":"wp","href":"https:\/\/api.w.org\/{rel}","templated":true}]}}