{"id":37537,"date":"2023-05-31T12:01:41","date_gmt":"2023-05-31T12:01:41","guid":{"rendered":"https:\/\/www.icip.cat\/?p=37537"},"modified":"2023-06-01T11:00:39","modified_gmt":"2023-06-01T11:00:39","slug":"oberta-la-convocatoria-del-premi-icip-alfons-banda-2023","status":"publish","type":"post","link":"https:\/\/www.icip.cat\/ca\/oberta-la-convocatoria-del-premi-icip-alfons-banda-2023\/","title":{"rendered":"Oberta la convocat\u00f2ria del Premi ICIP Alfons Banda 2023 per a treballs de secund\u00e0ria sobre cultura de pau"},"content":{"rendered":"\n<p>L&#8217;ICIP ha obert la convocat\u00f2ria del&nbsp;<a href=\"https:\/\/www.icip.cat\/ca\/premi-icip-alfons-banda\/\" target=\"_blank\" rel=\"noreferrer noopener\">Premi ICIP Alfons Banda 2023<\/a>, que t\u00e9 per objectiu recompensar els treballs de recerca de l\u2019alumnat de segon cicle d\u2019Educaci\u00f3 Secund\u00e0ria Obligat\u00f2ria (ESO) i d\u2019educaci\u00f3 postobligat\u00f2ria (batxillerat i cicles formatius de grau mitj\u00e0 i superior) centrats en la construcci\u00f3 de la cultura de pau, la vulneraci\u00f3 o defensa dels drets humans i l\u2019\u00fas de la noviol\u00e8ncia com a eina de transformaci\u00f3 social.&nbsp;&nbsp;<\/p>\n\n\n\n<p>El Premi ICIP Alfons Banda va n\u00e9ixer el 2017 i forma part dels&nbsp;<a href=\"http:\/\/premisrecercajove.cat\/premis-de-recerca-jove\/\" target=\"_blank\" rel=\"noreferrer noopener\">Premis de Recerca Jove<\/a> que convoca l\u2019Ag\u00e8ncia de Gesti\u00f3 d\u2019Ajuts Universitaris i de Recerca (AGAUR) amb l\u2019objectiu de fomentar l\u2019esperit cient\u00edfic del jovent.<\/p>\n\n\n\n<p>Els i les alumnes interessades en participar-hi poden presentar els seus treballs fins al&nbsp;<strong>dijous 14 de setembre<\/strong> <strong>a les 14:00<\/strong> (hora local de Barcelona).<\/p>\n\n\n\n<div class=\"wp-block-buttons is-content-justification-center is-layout-flex wp-container-core-buttons-is-layout-16018d1d wp-block-buttons-is-layout-flex\">\n<div class=\"wp-block-button\"><a class=\"wp-block-button__link has-black-color has-text-color has-background\" href=\"https:\/\/web.gencat.cat\/ca\/tramits\/tramits-temes\/Premis-Recerca-Jove-per-fomentar-lesperit-cientific-del-jovent-PRJ\" style=\"border-radius:4px;background-color:#fff000\"><strong>ACCEDEIX AL TR\u00c0MIT<\/strong><\/a><\/div>\n<\/div>\n\n\n\n<p>Com en les edicions anteriors, s\u2019atorgaran dos premis de 850 euros cadascun. En la <a href=\"https:\/\/www.icip.cat\/ca\/dos-treballs-sobre-la-llibertat-dexpressio-i-la-vida-a-la-preso-guanyen-el-premi-icip-alfons-banda-2022\/\" target=\"_blank\" rel=\"noreferrer noopener\">darrera edici\u00f3 de 2022<\/a>, el jurat va premiar els treballs d\u2019investigaci\u00f3&nbsp;&#8220;Muts i a la g\u00e0bia! Sobre la llibertat d\u2019expressi\u00f3 i els seus l\u00edmits\u201d de l\u2019alumna Berl\u00edn Pi\u00f1ero Masan\u00e9s, de l\u2019Institut Cendrassos de Figueres, i \u201c360 minuts dins d\u2019un centre penitenciari\u201d, de Sara De Haro Vitova i Gisela P\u00e9rez S\u00e1nchez, de l\u2019Institut El Cairat d\u2019Esparreguera, un treball que aborda la inefici\u00e8ncia de les presos com a via per a la reinserci\u00f3.<\/p>\n\n\n\n<p><\/p>\n\n\n\n<figure class=\"wp-block-embed aligncenter is-type-video is-provider-youtube wp-block-embed-youtube wp-embed-aspect-16-9 wp-has-aspect-ratio\"><div class=\"wp-block-embed__wrapper\">\n<iframe title=\"Qu\u00e8 \u00e9s el Premi ICIP Alfons Banda?\" width=\"640\" height=\"360\" src=\"https:\/\/www.youtube.com\/embed\/56aItJrrYGA?feature=oembed\" frameborder=\"0\" allow=\"accelerometer; autoplay; clipboard-write; encrypted-media; gyroscope; picture-in-picture; web-share\" referrerpolicy=\"strict-origin-when-cross-origin\" allowfullscreen><\/iframe>\n<\/div><figcaption>V\u00eddeo sobre l&#8217;esperit del Premi ICIP Alfons Banda<\/figcaption><\/figure>\n","protected":false},"excerpt":{"rendered":"<p>L&#8217;ICIP ha obert la convocat\u00f2ria del&nbsp;Premi ICIP Alfons Banda 2023, que t\u00e9 per objectiu recompensar els treballs de recerca de l\u2019alumnat de segon cicle d\u2019Educaci\u00f3 Secund\u00e0ria Obligat\u00f2ria (ESO) i d\u2019educaci\u00f3 postobligat\u00f2ria (batxillerat i cicles formatius de grau mitj\u00e0 i superior) centrats en la construcci\u00f3 de la cultura de pau, la vulneraci\u00f3 o defensa dels drets [&hellip;]<\/p>\n","protected":false},"author":2,"featured_media":37606,"comment_status":"closed","ping_status":"closed","sticky":false,"template":"","format":"standard","meta":{"_acf_changed":false,"footnotes":""},"categories":[4],"tags":[],"class_list":["post-37537","post","type-post","status-publish","format-standard","has-post-thumbnail","hentry","category-sense-categoria"],"acf":[],"yoast_head":"<!-- This site is optimized with the Yoast SEO plugin v25.6 - https:\/\/yoast.com\/wordpress\/plugins\/seo\/ -->\n<title>Oberta la convocat\u00f2ria del Premi ICIP Alfons Banda 2023 per a treballs de secund\u00e0ria sobre cultura de pau - ICIP<\/title>\n<meta name=\"description\" content=\"Per a treballs de recerca de l\u2019alumnat de segon cicle d&#039;ESO i d\u2019educaci\u00f3 postobligat\u00f2ria relacionats amb la cultura de pau\" \/>\n<meta name=\"robots\" content=\"index, follow, max-snippet:-1, max-image-preview:large, max-video-preview:-1\" \/>\n<link rel=\"canonical\" href=\"https:\/\/www.icip.cat\/ca\/oberta-la-convocatoria-del-premi-icip-alfons-banda-2023\/\" \/>\n<meta property=\"og:locale\" content=\"ca_ES\" \/>\n<meta property=\"og:type\" content=\"article\" \/>\n<meta property=\"og:title\" content=\"Oberta la convocat\u00f2ria del Premi ICIP Alfons Banda 2023 per a treballs de secund\u00e0ria sobre cultura de pau - ICIP\" \/>\n<meta property=\"og:description\" content=\"Per a treballs de recerca de l\u2019alumnat de segon cicle d&#039;ESO i d\u2019educaci\u00f3 postobligat\u00f2ria relacionats amb la cultura de pau\" \/>\n<meta property=\"og:url\" content=\"https:\/\/www.icip.cat\/ca\/oberta-la-convocatoria-del-premi-icip-alfons-banda-2023\/\" \/>\n<meta property=\"og:site_name\" content=\"ICIP\" \/>\n<meta property=\"article:published_time\" content=\"2023-05-31T12:01:41+00:00\" \/>\n<meta property=\"article:modified_time\" content=\"2023-06-01T11:00:39+00:00\" \/>\n<meta property=\"og:image\" content=\"https:\/\/www.icip.cat\/wp-content\/uploads\/2023\/05\/prj_capcalera_web_v7.png\" \/>\n\t<meta property=\"og:image:width\" content=\"981\" \/>\n\t<meta property=\"og:image:height\" content=\"553\" \/>\n\t<meta property=\"og:image:type\" content=\"image\/png\" \/>\n<meta name=\"author\" content=\"Eugenia\" \/>\n<meta name=\"twitter:card\" content=\"summary_large_image\" \/>\n<meta name=\"twitter:label1\" content=\"Escrit per\" \/>\n\t<meta name=\"twitter:data1\" content=\"Eugenia\" \/>\n\t<meta name=\"twitter:label2\" content=\"Temps estimat de lectura\" \/>\n\t<meta name=\"twitter:data2\" content=\"2 minuts\" \/>\n<script type=\"application\/ld+json\" class=\"yoast-schema-graph\">{\"@context\":\"https:\/\/schema.org\",\"@graph\":[{\"@type\":\"Article\",\"@id\":\"https:\/\/www.icip.cat\/ca\/oberta-la-convocatoria-del-premi-icip-alfons-banda-2023\/#article\",\"isPartOf\":{\"@id\":\"https:\/\/www.icip.cat\/ca\/oberta-la-convocatoria-del-premi-icip-alfons-banda-2023\/\"},\"author\":{\"name\":\"Eugenia\",\"@id\":\"https:\/\/www.icip.cat\/ca\/#\/schema\/person\/ecaf8460603e6e32c80f3acbf4178fa6\"},\"headline\":\"Oberta la convocat\u00f2ria del Premi ICIP Alfons Banda 2023 per a treballs de secund\u00e0ria sobre cultura de pau\",\"datePublished\":\"2023-05-31T12:01:41+00:00\",\"dateModified\":\"2023-06-01T11:00:39+00:00\",\"mainEntityOfPage\":{\"@id\":\"https:\/\/www.icip.cat\/ca\/oberta-la-convocatoria-del-premi-icip-alfons-banda-2023\/\"},\"wordCount\":286,\"publisher\":{\"@id\":\"https:\/\/www.icip.cat\/ca\/#organization\"},\"image\":{\"@id\":\"https:\/\/www.icip.cat\/ca\/oberta-la-convocatoria-del-premi-icip-alfons-banda-2023\/#primaryimage\"},\"thumbnailUrl\":\"https:\/\/www.icip.cat\/wp-content\/uploads\/2023\/05\/prj_capcalera_web_v7.png\",\"inLanguage\":\"ca\"},{\"@type\":\"WebPage\",\"@id\":\"https:\/\/www.icip.cat\/ca\/oberta-la-convocatoria-del-premi-icip-alfons-banda-2023\/\",\"url\":\"https:\/\/www.icip.cat\/ca\/oberta-la-convocatoria-del-premi-icip-alfons-banda-2023\/\",\"name\":\"Oberta la convocat\u00f2ria del Premi ICIP Alfons Banda 2023 per a treballs de secund\u00e0ria sobre cultura de pau - ICIP\",\"isPartOf\":{\"@id\":\"https:\/\/www.icip.cat\/ca\/#website\"},\"primaryImageOfPage\":{\"@id\":\"https:\/\/www.icip.cat\/ca\/oberta-la-convocatoria-del-premi-icip-alfons-banda-2023\/#primaryimage\"},\"image\":{\"@id\":\"https:\/\/www.icip.cat\/ca\/oberta-la-convocatoria-del-premi-icip-alfons-banda-2023\/#primaryimage\"},\"thumbnailUrl\":\"https:\/\/www.icip.cat\/wp-content\/uploads\/2023\/05\/prj_capcalera_web_v7.png\",\"datePublished\":\"2023-05-31T12:01:41+00:00\",\"dateModified\":\"2023-06-01T11:00:39+00:00\",\"description\":\"Per a treballs de recerca de l\u2019alumnat de segon cicle d'ESO i d\u2019educaci\u00f3 postobligat\u00f2ria relacionats amb la cultura de pau\",\"inLanguage\":\"ca\",\"potentialAction\":[{\"@type\":\"ReadAction\",\"target\":[\"https:\/\/www.icip.cat\/ca\/oberta-la-convocatoria-del-premi-icip-alfons-banda-2023\/\"]}]},{\"@type\":\"ImageObject\",\"inLanguage\":\"ca\",\"@id\":\"https:\/\/www.icip.cat\/ca\/oberta-la-convocatoria-del-premi-icip-alfons-banda-2023\/#primaryimage\",\"url\":\"https:\/\/www.icip.cat\/wp-content\/uploads\/2023\/05\/prj_capcalera_web_v7.png\",\"contentUrl\":\"https:\/\/www.icip.cat\/wp-content\/uploads\/2023\/05\/prj_capcalera_web_v7.png\",\"width\":981,\"height\":553},{\"@type\":\"WebSite\",\"@id\":\"https:\/\/www.icip.cat\/ca\/#website\",\"url\":\"https:\/\/www.icip.cat\/ca\/\",\"name\":\"ICIP\",\"description\":\"\",\"publisher\":{\"@id\":\"https:\/\/www.icip.cat\/ca\/#organization\"},\"potentialAction\":[{\"@type\":\"SearchAction\",\"target\":{\"@type\":\"EntryPoint\",\"urlTemplate\":\"https:\/\/www.icip.cat\/ca\/?s={search_term_string}\"},\"query-input\":{\"@type\":\"PropertyValueSpecification\",\"valueRequired\":true,\"valueName\":\"search_term_string\"}}],\"inLanguage\":\"ca\"},{\"@type\":\"Organization\",\"@id\":\"https:\/\/www.icip.cat\/ca\/#organization\",\"name\":\"ICIP\",\"url\":\"https:\/\/www.icip.cat\/ca\/\",\"logo\":{\"@type\":\"ImageObject\",\"inLanguage\":\"ca\",\"@id\":\"https:\/\/www.icip.cat\/ca\/#\/schema\/logo\/image\/\",\"url\":\"https:\/\/www.icip.cat\/wp-content\/uploads\/2021\/02\/logo-2.png\",\"contentUrl\":\"https:\/\/www.icip.cat\/wp-content\/uploads\/2021\/02\/logo-2.png\",\"width\":562,\"height\":391,\"caption\":\"ICIP\"},\"image\":{\"@id\":\"https:\/\/www.icip.cat\/ca\/#\/schema\/logo\/image\/\"}},{\"@type\":\"Person\",\"@id\":\"https:\/\/www.icip.cat\/ca\/#\/schema\/person\/ecaf8460603e6e32c80f3acbf4178fa6\",\"name\":\"Eugenia\",\"image\":{\"@type\":\"ImageObject\",\"inLanguage\":\"ca\",\"@id\":\"https:\/\/www.icip.cat\/ca\/#\/schema\/person\/image\/\",\"url\":\"https:\/\/secure.gravatar.com\/avatar\/d30b42e0caf7d7c3d97196ad2e94636c7bb0cc353a49ec8660d01bc0ff98b480?s=96&d=mm&r=g\",\"contentUrl\":\"https:\/\/secure.gravatar.com\/avatar\/d30b42e0caf7d7c3d97196ad2e94636c7bb0cc353a49ec8660d01bc0ff98b480?s=96&d=mm&r=g\",\"caption\":\"Eugenia\"},\"url\":\"https:\/\/www.icip.cat\/ca\/author\/eugenia\/\"}]}<\/script>\n<!-- \/ Yoast SEO plugin. -->","yoast_head_json":{"title":"Oberta la convocat\u00f2ria del Premi ICIP Alfons Banda 2023 per a treballs de secund\u00e0ria sobre cultura de pau - ICIP","description":"Per a treballs de recerca de l\u2019alumnat de segon cicle d'ESO i d\u2019educaci\u00f3 postobligat\u00f2ria relacionats amb la cultura de pau","robots":{"index":"index","follow":"follow","max-snippet":"max-snippet:-1","max-image-preview":"max-image-preview:large","max-video-preview":"max-video-preview:-1"},"canonical":"https:\/\/www.icip.cat\/ca\/oberta-la-convocatoria-del-premi-icip-alfons-banda-2023\/","og_locale":"ca_ES","og_type":"article","og_title":"Oberta la convocat\u00f2ria del Premi ICIP Alfons Banda 2023 per a treballs de secund\u00e0ria sobre cultura de pau - ICIP","og_description":"Per a treballs de recerca de l\u2019alumnat de segon cicle d'ESO i d\u2019educaci\u00f3 postobligat\u00f2ria relacionats amb la cultura de pau","og_url":"https:\/\/www.icip.cat\/ca\/oberta-la-convocatoria-del-premi-icip-alfons-banda-2023\/","og_site_name":"ICIP","article_published_time":"2023-05-31T12:01:41+00:00","article_modified_time":"2023-06-01T11:00:39+00:00","og_image":[{"width":981,"height":553,"url":"https:\/\/www.icip.cat\/wp-content\/uploads\/2023\/05\/prj_capcalera_web_v7.png","type":"image\/png"}],"author":"Eugenia","twitter_card":"summary_large_image","twitter_misc":{"Escrit per":"Eugenia","Temps estimat de lectura":"2 minuts"},"schema":{"@context":"https:\/\/schema.org","@graph":[{"@type":"Article","@id":"https:\/\/www.icip.cat\/ca\/oberta-la-convocatoria-del-premi-icip-alfons-banda-2023\/#article","isPartOf":{"@id":"https:\/\/www.icip.cat\/ca\/oberta-la-convocatoria-del-premi-icip-alfons-banda-2023\/"},"author":{"name":"Eugenia","@id":"https:\/\/www.icip.cat\/ca\/#\/schema\/person\/ecaf8460603e6e32c80f3acbf4178fa6"},"headline":"Oberta la convocat\u00f2ria del Premi ICIP Alfons Banda 2023 per a treballs de secund\u00e0ria sobre cultura de pau","datePublished":"2023-05-31T12:01:41+00:00","dateModified":"2023-06-01T11:00:39+00:00","mainEntityOfPage":{"@id":"https:\/\/www.icip.cat\/ca\/oberta-la-convocatoria-del-premi-icip-alfons-banda-2023\/"},"wordCount":286,"publisher":{"@id":"https:\/\/www.icip.cat\/ca\/#organization"},"image":{"@id":"https:\/\/www.icip.cat\/ca\/oberta-la-convocatoria-del-premi-icip-alfons-banda-2023\/#primaryimage"},"thumbnailUrl":"https:\/\/www.icip.cat\/wp-content\/uploads\/2023\/05\/prj_capcalera_web_v7.png","inLanguage":"ca"},{"@type":"WebPage","@id":"https:\/\/www.icip.cat\/ca\/oberta-la-convocatoria-del-premi-icip-alfons-banda-2023\/","url":"https:\/\/www.icip.cat\/ca\/oberta-la-convocatoria-del-premi-icip-alfons-banda-2023\/","name":"Oberta la convocat\u00f2ria del Premi ICIP Alfons Banda 2023 per a treballs de secund\u00e0ria sobre cultura de pau - ICIP","isPartOf":{"@id":"https:\/\/www.icip.cat\/ca\/#website"},"primaryImageOfPage":{"@id":"https:\/\/www.icip.cat\/ca\/oberta-la-convocatoria-del-premi-icip-alfons-banda-2023\/#primaryimage"},"image":{"@id":"https:\/\/www.icip.cat\/ca\/oberta-la-convocatoria-del-premi-icip-alfons-banda-2023\/#primaryimage"},"thumbnailUrl":"https:\/\/www.icip.cat\/wp-content\/uploads\/2023\/05\/prj_capcalera_web_v7.png","datePublished":"2023-05-31T12:01:41+00:00","dateModified":"2023-06-01T11:00:39+00:00","description":"Per a treballs de recerca de l\u2019alumnat de segon cicle d'ESO i d\u2019educaci\u00f3 postobligat\u00f2ria relacionats amb la cultura de pau","inLanguage":"ca","potentialAction":[{"@type":"ReadAction","target":["https:\/\/www.icip.cat\/ca\/oberta-la-convocatoria-del-premi-icip-alfons-banda-2023\/"]}]},{"@type":"ImageObject","inLanguage":"ca","@id":"https:\/\/www.icip.cat\/ca\/oberta-la-convocatoria-del-premi-icip-alfons-banda-2023\/#primaryimage","url":"https:\/\/www.icip.cat\/wp-content\/uploads\/2023\/05\/prj_capcalera_web_v7.png","contentUrl":"https:\/\/www.icip.cat\/wp-content\/uploads\/2023\/05\/prj_capcalera_web_v7.png","width":981,"height":553},{"@type":"WebSite","@id":"https:\/\/www.icip.cat\/ca\/#website","url":"https:\/\/www.icip.cat\/ca\/","name":"ICIP","description":"","publisher":{"@id":"https:\/\/www.icip.cat\/ca\/#organization"},"potentialAction":[{"@type":"SearchAction","target":{"@type":"EntryPoint","urlTemplate":"https:\/\/www.icip.cat\/ca\/?s={search_term_string}"},"query-input":{"@type":"PropertyValueSpecification","valueRequired":true,"valueName":"search_term_string"}}],"inLanguage":"ca"},{"@type":"Organization","@id":"https:\/\/www.icip.cat\/ca\/#organization","name":"ICIP","url":"https:\/\/www.icip.cat\/ca\/","logo":{"@type":"ImageObject","inLanguage":"ca","@id":"https:\/\/www.icip.cat\/ca\/#\/schema\/logo\/image\/","url":"https:\/\/www.icip.cat\/wp-content\/uploads\/2021\/02\/logo-2.png","contentUrl":"https:\/\/www.icip.cat\/wp-content\/uploads\/2021\/02\/logo-2.png","width":562,"height":391,"caption":"ICIP"},"image":{"@id":"https:\/\/www.icip.cat\/ca\/#\/schema\/logo\/image\/"}},{"@type":"Person","@id":"https:\/\/www.icip.cat\/ca\/#\/schema\/person\/ecaf8460603e6e32c80f3acbf4178fa6","name":"Eugenia","image":{"@type":"ImageObject","inLanguage":"ca","@id":"https:\/\/www.icip.cat\/ca\/#\/schema\/person\/image\/","url":"https:\/\/secure.gravatar.com\/avatar\/d30b42e0caf7d7c3d97196ad2e94636c7bb0cc353a49ec8660d01bc0ff98b480?s=96&d=mm&r=g","contentUrl":"https:\/\/secure.gravatar.com\/avatar\/d30b42e0caf7d7c3d97196ad2e94636c7bb0cc353a49ec8660d01bc0ff98b480?s=96&d=mm&r=g","caption":"Eugenia"},"url":"https:\/\/www.icip.cat\/ca\/author\/eugenia\/"}]}},"_links":{"self":[{"href":"https:\/\/www.icip.cat\/ca\/wp-json\/wp\/v2\/posts\/37537","targetHints":{"allow":["GET"]}}],"collection":[{"href":"https:\/\/www.icip.cat\/ca\/wp-json\/wp\/v2\/posts"}],"about":[{"href":"https:\/\/www.icip.cat\/ca\/wp-json\/wp\/v2\/types\/post"}],"author":[{"embeddable":true,"href":"https:\/\/www.icip.cat\/ca\/wp-json\/wp\/v2\/users\/2"}],"replies":[{"embeddable":true,"href":"https:\/\/www.icip.cat\/ca\/wp-json\/wp\/v2\/comments?post=37537"}],"version-history":[{"count":9,"href":"https:\/\/www.icip.cat\/ca\/wp-json\/wp\/v2\/posts\/37537\/revisions"}],"predecessor-version":[{"id":37611,"href":"https:\/\/www.icip.cat\/ca\/wp-json\/wp\/v2\/posts\/37537\/revisions\/37611"}],"wp:featuredmedia":[{"embeddable":true,"href":"https:\/\/www.icip.cat\/ca\/wp-json\/wp\/v2\/media\/37606"}],"wp:attachment":[{"href":"https:\/\/www.icip.cat\/ca\/wp-json\/wp\/v2\/media?parent=37537"}],"wp:term":[{"taxonomy":"category","embeddable":true,"href":"https:\/\/www.icip.cat\/ca\/wp-json\/wp\/v2\/categories?post=37537"},{"taxonomy":"post_tag","embeddable":true,"href":"https:\/\/www.icip.cat\/ca\/wp-json\/wp\/v2\/tags?post=37537"}],"curies":[{"name":"wp","href":"https:\/\/api.w.org\/{rel}","templated":true}]}}