{"id":3779,"date":"2017-06-27T08:00:00","date_gmt":"2017-06-27T08:00:00","guid":{"rendered":"http:\/\/www.icip.cat\/convocada-la-primera-edicio-del-premi-icip-alfons-banda\/"},"modified":"2017-06-27T08:00:00","modified_gmt":"2017-06-27T08:00:00","slug":"convocada-la-primera-edicio-del-premi-icip-alfons-banda","status":"publish","type":"post","link":"https:\/\/www.icip.cat\/ca\/convocada-la-primera-edicio-del-premi-icip-alfons-banda\/","title":{"rendered":"Convocada la primera edici\u00f3 del Premi ICIP Alfons Banda"},"content":{"rendered":"<p>Enguany es convoca per primera vegada el Premi ICIP Alfons Banda per recompensar els treballs de l\u2019alumnat de segon cicle d\u2019Educaci\u00f3 Secund\u00e0ria Obligat\u00f2ria (ESO) i d&#8217;educaci\u00f3 postobligat\u00f2ria (batxillerat i cicles formatius de grau mitj\u00e0 i superior) que promoguin l&#8217;an\u00e0lisi i l&#8217;obtenci\u00f3 de resultats en el camp te\u00f2ric de la construcci\u00f3 d&#8217;una cultura de pau o l&#8217;aplicaci\u00f3 pr\u00e0ctica de la gesti\u00f3 no violenta dels conflictes.<br \/>\nEl guard\u00f3 s&#8217;emmarca en els Premis a la Recerca Jove convocats per l\u2019Ag\u00e8ncia de Gesti\u00f3 d&#8217;Ajuts Universitaris i de Recerca (AGAUR) amb l&#8217;objectiu de fomentar l\u2019esperit cient\u00edfic del jovent. L&#8217;ICIP hi participa per primer cop amb la selecci\u00f3 dels dos millors treballs en l&#8217;\u00e0mbit de la construcci\u00f3 de la pau, que seran guardonats amb 750 euros cada un.<br \/>\nEls centres d&#8217;ensenyament poden presentar les sol\u00b7licituds fins el 28 de setembre de 2017 a trav\u00e9s del web de tr\u00e0mits de la Generalitat. Els treballs poden ser de tipus experimental o te\u00f2ric, en el sentit de fomentar la creativitat cient\u00edfica i l&#8217;esperit de recerca en qualsevol dels \u00e0mbits del coneixement, i s\u2019han d\u2019haver elaborat durant el curs acad\u00e8mic 2016-2017.<\/p>\n","protected":false},"excerpt":{"rendered":"<p>Per a treballs de recerca d\u2019ESO i d&#8217;educaci\u00f3 postobligat\u00f2ria que fomentin la construcci\u00f3 de la pau.<\/p>\n","protected":false},"author":1,"featured_media":3780,"comment_status":"closed","ping_status":"open","sticky":false,"template":"","format":"standard","meta":{"_acf_changed":false,"footnotes":""},"categories":[4],"tags":[],"class_list":["post-3779","post","type-post","status-publish","format-standard","has-post-thumbnail","hentry","category-sense-categoria"],"acf":[],"yoast_head":"<!-- This site is optimized with the Yoast SEO plugin v25.6 - https:\/\/yoast.com\/wordpress\/plugins\/seo\/ -->\n<title>Convocada la primera edici\u00f3 del Premi ICIP Alfons Banda - ICIP<\/title>\n<meta name=\"robots\" content=\"index, follow, max-snippet:-1, max-image-preview:large, max-video-preview:-1\" \/>\n<link rel=\"canonical\" href=\"https:\/\/www.icip.cat\/ca\/convocada-la-primera-edicio-del-premi-icip-alfons-banda\/\" \/>\n<meta property=\"og:locale\" content=\"ca_ES\" \/>\n<meta property=\"og:type\" content=\"article\" \/>\n<meta property=\"og:title\" content=\"Convocada la primera edici\u00f3 del Premi ICIP Alfons Banda - ICIP\" \/>\n<meta property=\"og:description\" content=\"Per a treballs de recerca d\u2019ESO i d&#039;educaci\u00f3 postobligat\u00f2ria que fomentin la construcci\u00f3 de la pau.\" \/>\n<meta property=\"og:url\" content=\"https:\/\/www.icip.cat\/ca\/convocada-la-primera-edicio-del-premi-icip-alfons-banda\/\" \/>\n<meta property=\"og:site_name\" content=\"ICIP\" \/>\n<meta property=\"article:published_time\" content=\"2017-06-27T08:00:00+00:00\" \/>\n<meta property=\"og:image\" content=\"https:\/\/www.icip.cat\/wp-content\/uploads\/2017\/06\/Premis-Recerca-Jove.jpg_1774448980.jpg\" \/>\n\t<meta property=\"og:image:width\" content=\"190\" \/>\n\t<meta property=\"og:image:height\" content=\"126\" \/>\n\t<meta property=\"og:image:type\" content=\"image\/jpeg\" \/>\n<meta name=\"author\" content=\"whads\" \/>\n<meta name=\"twitter:card\" content=\"summary_large_image\" \/>\n<meta name=\"twitter:label1\" content=\"Escrit per\" \/>\n\t<meta name=\"twitter:data1\" content=\"whads\" \/>\n\t<meta name=\"twitter:label2\" content=\"Temps estimat de lectura\" \/>\n\t<meta name=\"twitter:data2\" content=\"1 minut\" \/>\n<script type=\"application\/ld+json\" class=\"yoast-schema-graph\">{\"@context\":\"https:\/\/schema.org\",\"@graph\":[{\"@type\":\"Article\",\"@id\":\"https:\/\/www.icip.cat\/ca\/convocada-la-primera-edicio-del-premi-icip-alfons-banda\/#article\",\"isPartOf\":{\"@id\":\"https:\/\/www.icip.cat\/ca\/convocada-la-primera-edicio-del-premi-icip-alfons-banda\/\"},\"author\":{\"name\":\"whads\",\"@id\":\"https:\/\/www.icip.cat\/ca\/#\/schema\/person\/35404003404833995eee2bb6e3115dc6\"},\"headline\":\"Convocada la primera edici\u00f3 del Premi ICIP Alfons Banda\",\"datePublished\":\"2017-06-27T08:00:00+00:00\",\"mainEntityOfPage\":{\"@id\":\"https:\/\/www.icip.cat\/ca\/convocada-la-primera-edicio-del-premi-icip-alfons-banda\/\"},\"wordCount\":219,\"publisher\":{\"@id\":\"https:\/\/www.icip.cat\/ca\/#organization\"},\"image\":{\"@id\":\"https:\/\/www.icip.cat\/ca\/convocada-la-primera-edicio-del-premi-icip-alfons-banda\/#primaryimage\"},\"thumbnailUrl\":\"https:\/\/www.icip.cat\/wp-content\/uploads\/2017\/06\/Premis-Recerca-Jove.jpg_1774448980.jpg\",\"inLanguage\":\"ca\"},{\"@type\":\"WebPage\",\"@id\":\"https:\/\/www.icip.cat\/ca\/convocada-la-primera-edicio-del-premi-icip-alfons-banda\/\",\"url\":\"https:\/\/www.icip.cat\/ca\/convocada-la-primera-edicio-del-premi-icip-alfons-banda\/\",\"name\":\"Convocada la primera edici\u00f3 del Premi ICIP Alfons Banda - ICIP\",\"isPartOf\":{\"@id\":\"https:\/\/www.icip.cat\/ca\/#website\"},\"primaryImageOfPage\":{\"@id\":\"https:\/\/www.icip.cat\/ca\/convocada-la-primera-edicio-del-premi-icip-alfons-banda\/#primaryimage\"},\"image\":{\"@id\":\"https:\/\/www.icip.cat\/ca\/convocada-la-primera-edicio-del-premi-icip-alfons-banda\/#primaryimage\"},\"thumbnailUrl\":\"https:\/\/www.icip.cat\/wp-content\/uploads\/2017\/06\/Premis-Recerca-Jove.jpg_1774448980.jpg\",\"datePublished\":\"2017-06-27T08:00:00+00:00\",\"inLanguage\":\"ca\",\"potentialAction\":[{\"@type\":\"ReadAction\",\"target\":[\"https:\/\/www.icip.cat\/ca\/convocada-la-primera-edicio-del-premi-icip-alfons-banda\/\"]}]},{\"@type\":\"ImageObject\",\"inLanguage\":\"ca\",\"@id\":\"https:\/\/www.icip.cat\/ca\/convocada-la-primera-edicio-del-premi-icip-alfons-banda\/#primaryimage\",\"url\":\"https:\/\/www.icip.cat\/wp-content\/uploads\/2017\/06\/Premis-Recerca-Jove.jpg_1774448980.jpg\",\"contentUrl\":\"https:\/\/www.icip.cat\/wp-content\/uploads\/2017\/06\/Premis-Recerca-Jove.jpg_1774448980.jpg\",\"width\":190,\"height\":126,\"caption\":\"Convocada la primera edici\u00f3 del Premi ICIP Alfons Banda\"},{\"@type\":\"WebSite\",\"@id\":\"https:\/\/www.icip.cat\/ca\/#website\",\"url\":\"https:\/\/www.icip.cat\/ca\/\",\"name\":\"ICIP\",\"description\":\"\",\"publisher\":{\"@id\":\"https:\/\/www.icip.cat\/ca\/#organization\"},\"potentialAction\":[{\"@type\":\"SearchAction\",\"target\":{\"@type\":\"EntryPoint\",\"urlTemplate\":\"https:\/\/www.icip.cat\/ca\/?s={search_term_string}\"},\"query-input\":{\"@type\":\"PropertyValueSpecification\",\"valueRequired\":true,\"valueName\":\"search_term_string\"}}],\"inLanguage\":\"ca\"},{\"@type\":\"Organization\",\"@id\":\"https:\/\/www.icip.cat\/ca\/#organization\",\"name\":\"ICIP\",\"url\":\"https:\/\/www.icip.cat\/ca\/\",\"logo\":{\"@type\":\"ImageObject\",\"inLanguage\":\"ca\",\"@id\":\"https:\/\/www.icip.cat\/ca\/#\/schema\/logo\/image\/\",\"url\":\"https:\/\/www.icip.cat\/wp-content\/uploads\/2021\/02\/logo-2.png\",\"contentUrl\":\"https:\/\/www.icip.cat\/wp-content\/uploads\/2021\/02\/logo-2.png\",\"width\":562,\"height\":391,\"caption\":\"ICIP\"},\"image\":{\"@id\":\"https:\/\/www.icip.cat\/ca\/#\/schema\/logo\/image\/\"}},{\"@type\":\"Person\",\"@id\":\"https:\/\/www.icip.cat\/ca\/#\/schema\/person\/35404003404833995eee2bb6e3115dc6\",\"name\":\"whads\",\"image\":{\"@type\":\"ImageObject\",\"inLanguage\":\"ca\",\"@id\":\"https:\/\/www.icip.cat\/ca\/#\/schema\/person\/image\/\",\"url\":\"https:\/\/secure.gravatar.com\/avatar\/6a92e4ce03d9442c546cc4afecfc51777413608a6d55a7b50040700657b6b30f?s=96&d=mm&r=g\",\"contentUrl\":\"https:\/\/secure.gravatar.com\/avatar\/6a92e4ce03d9442c546cc4afecfc51777413608a6d55a7b50040700657b6b30f?s=96&d=mm&r=g\",\"caption\":\"whads\"},\"sameAs\":[\"http:\/\/www.icip.cat\"],\"url\":\"https:\/\/www.icip.cat\/ca\/author\/whads\/\"}]}<\/script>\n<!-- \/ Yoast SEO plugin. -->","yoast_head_json":{"title":"Convocada la primera edici\u00f3 del Premi ICIP Alfons Banda - ICIP","robots":{"index":"index","follow":"follow","max-snippet":"max-snippet:-1","max-image-preview":"max-image-preview:large","max-video-preview":"max-video-preview:-1"},"canonical":"https:\/\/www.icip.cat\/ca\/convocada-la-primera-edicio-del-premi-icip-alfons-banda\/","og_locale":"ca_ES","og_type":"article","og_title":"Convocada la primera edici\u00f3 del Premi ICIP Alfons Banda - ICIP","og_description":"Per a treballs de recerca d\u2019ESO i d'educaci\u00f3 postobligat\u00f2ria que fomentin la construcci\u00f3 de la pau.","og_url":"https:\/\/www.icip.cat\/ca\/convocada-la-primera-edicio-del-premi-icip-alfons-banda\/","og_site_name":"ICIP","article_published_time":"2017-06-27T08:00:00+00:00","og_image":[{"width":190,"height":126,"url":"https:\/\/www.icip.cat\/wp-content\/uploads\/2017\/06\/Premis-Recerca-Jove.jpg_1774448980.jpg","type":"image\/jpeg"}],"author":"whads","twitter_card":"summary_large_image","twitter_misc":{"Escrit per":"whads","Temps estimat de lectura":"1 minut"},"schema":{"@context":"https:\/\/schema.org","@graph":[{"@type":"Article","@id":"https:\/\/www.icip.cat\/ca\/convocada-la-primera-edicio-del-premi-icip-alfons-banda\/#article","isPartOf":{"@id":"https:\/\/www.icip.cat\/ca\/convocada-la-primera-edicio-del-premi-icip-alfons-banda\/"},"author":{"name":"whads","@id":"https:\/\/www.icip.cat\/ca\/#\/schema\/person\/35404003404833995eee2bb6e3115dc6"},"headline":"Convocada la primera edici\u00f3 del Premi ICIP Alfons Banda","datePublished":"2017-06-27T08:00:00+00:00","mainEntityOfPage":{"@id":"https:\/\/www.icip.cat\/ca\/convocada-la-primera-edicio-del-premi-icip-alfons-banda\/"},"wordCount":219,"publisher":{"@id":"https:\/\/www.icip.cat\/ca\/#organization"},"image":{"@id":"https:\/\/www.icip.cat\/ca\/convocada-la-primera-edicio-del-premi-icip-alfons-banda\/#primaryimage"},"thumbnailUrl":"https:\/\/www.icip.cat\/wp-content\/uploads\/2017\/06\/Premis-Recerca-Jove.jpg_1774448980.jpg","inLanguage":"ca"},{"@type":"WebPage","@id":"https:\/\/www.icip.cat\/ca\/convocada-la-primera-edicio-del-premi-icip-alfons-banda\/","url":"https:\/\/www.icip.cat\/ca\/convocada-la-primera-edicio-del-premi-icip-alfons-banda\/","name":"Convocada la primera edici\u00f3 del Premi ICIP Alfons Banda - ICIP","isPartOf":{"@id":"https:\/\/www.icip.cat\/ca\/#website"},"primaryImageOfPage":{"@id":"https:\/\/www.icip.cat\/ca\/convocada-la-primera-edicio-del-premi-icip-alfons-banda\/#primaryimage"},"image":{"@id":"https:\/\/www.icip.cat\/ca\/convocada-la-primera-edicio-del-premi-icip-alfons-banda\/#primaryimage"},"thumbnailUrl":"https:\/\/www.icip.cat\/wp-content\/uploads\/2017\/06\/Premis-Recerca-Jove.jpg_1774448980.jpg","datePublished":"2017-06-27T08:00:00+00:00","inLanguage":"ca","potentialAction":[{"@type":"ReadAction","target":["https:\/\/www.icip.cat\/ca\/convocada-la-primera-edicio-del-premi-icip-alfons-banda\/"]}]},{"@type":"ImageObject","inLanguage":"ca","@id":"https:\/\/www.icip.cat\/ca\/convocada-la-primera-edicio-del-premi-icip-alfons-banda\/#primaryimage","url":"https:\/\/www.icip.cat\/wp-content\/uploads\/2017\/06\/Premis-Recerca-Jove.jpg_1774448980.jpg","contentUrl":"https:\/\/www.icip.cat\/wp-content\/uploads\/2017\/06\/Premis-Recerca-Jove.jpg_1774448980.jpg","width":190,"height":126,"caption":"Convocada la primera edici\u00f3 del Premi ICIP Alfons Banda"},{"@type":"WebSite","@id":"https:\/\/www.icip.cat\/ca\/#website","url":"https:\/\/www.icip.cat\/ca\/","name":"ICIP","description":"","publisher":{"@id":"https:\/\/www.icip.cat\/ca\/#organization"},"potentialAction":[{"@type":"SearchAction","target":{"@type":"EntryPoint","urlTemplate":"https:\/\/www.icip.cat\/ca\/?s={search_term_string}"},"query-input":{"@type":"PropertyValueSpecification","valueRequired":true,"valueName":"search_term_string"}}],"inLanguage":"ca"},{"@type":"Organization","@id":"https:\/\/www.icip.cat\/ca\/#organization","name":"ICIP","url":"https:\/\/www.icip.cat\/ca\/","logo":{"@type":"ImageObject","inLanguage":"ca","@id":"https:\/\/www.icip.cat\/ca\/#\/schema\/logo\/image\/","url":"https:\/\/www.icip.cat\/wp-content\/uploads\/2021\/02\/logo-2.png","contentUrl":"https:\/\/www.icip.cat\/wp-content\/uploads\/2021\/02\/logo-2.png","width":562,"height":391,"caption":"ICIP"},"image":{"@id":"https:\/\/www.icip.cat\/ca\/#\/schema\/logo\/image\/"}},{"@type":"Person","@id":"https:\/\/www.icip.cat\/ca\/#\/schema\/person\/35404003404833995eee2bb6e3115dc6","name":"whads","image":{"@type":"ImageObject","inLanguage":"ca","@id":"https:\/\/www.icip.cat\/ca\/#\/schema\/person\/image\/","url":"https:\/\/secure.gravatar.com\/avatar\/6a92e4ce03d9442c546cc4afecfc51777413608a6d55a7b50040700657b6b30f?s=96&d=mm&r=g","contentUrl":"https:\/\/secure.gravatar.com\/avatar\/6a92e4ce03d9442c546cc4afecfc51777413608a6d55a7b50040700657b6b30f?s=96&d=mm&r=g","caption":"whads"},"sameAs":["http:\/\/www.icip.cat"],"url":"https:\/\/www.icip.cat\/ca\/author\/whads\/"}]}},"_links":{"self":[{"href":"https:\/\/www.icip.cat\/ca\/wp-json\/wp\/v2\/posts\/3779","targetHints":{"allow":["GET"]}}],"collection":[{"href":"https:\/\/www.icip.cat\/ca\/wp-json\/wp\/v2\/posts"}],"about":[{"href":"https:\/\/www.icip.cat\/ca\/wp-json\/wp\/v2\/types\/post"}],"author":[{"embeddable":true,"href":"https:\/\/www.icip.cat\/ca\/wp-json\/wp\/v2\/users\/1"}],"replies":[{"embeddable":true,"href":"https:\/\/www.icip.cat\/ca\/wp-json\/wp\/v2\/comments?post=3779"}],"version-history":[{"count":0,"href":"https:\/\/www.icip.cat\/ca\/wp-json\/wp\/v2\/posts\/3779\/revisions"}],"wp:featuredmedia":[{"embeddable":true,"href":"https:\/\/www.icip.cat\/ca\/wp-json\/wp\/v2\/media\/3780"}],"wp:attachment":[{"href":"https:\/\/www.icip.cat\/ca\/wp-json\/wp\/v2\/media?parent=3779"}],"wp:term":[{"taxonomy":"category","embeddable":true,"href":"https:\/\/www.icip.cat\/ca\/wp-json\/wp\/v2\/categories?post=3779"},{"taxonomy":"post_tag","embeddable":true,"href":"https:\/\/www.icip.cat\/ca\/wp-json\/wp\/v2\/tags?post=3779"}],"curies":[{"name":"wp","href":"https:\/\/api.w.org\/{rel}","templated":true}]}}