{"id":3867,"date":"2017-02-14T08:00:00","date_gmt":"2017-02-14T08:00:00","guid":{"rendered":"http:\/\/www.icip.cat\/alumnes-de-les-franqueses-i-joves-de-la-fedelatina-guanyen-el-concurs-de-hip-hop-per-la-pau\/"},"modified":"2021-02-12T11:42:41","modified_gmt":"2021-02-12T11:42:41","slug":"alumnes-de-les-franqueses-i-joves-de-la-fedelatina-guanyen-el-concurs-de-hip-hop-per-la-pau","status":"publish","type":"post","link":"https:\/\/www.icip.cat\/ca\/alumnes-de-les-franqueses-i-joves-de-la-fedelatina-guanyen-el-concurs-de-hip-hop-per-la-pau\/","title":{"rendered":"Alumnes de Les Franqueses i joves de la Fedelatina guanyen el I Concurs de Hip-hop per la Pau"},"content":{"rendered":"<p>Coincidint amb el Dia Escola de la Noviol\u00e8ncia i la Pau (DENIP), que se celebra avui 30 de gener, l&#8217;ICIP ha fet p\u00fablic el veredicte del I Concurs de Hip-hop per la Pau, adre\u00e7at a joves i estudiants de Catalunya d&#8217;entre 12 i 25 anys amb l&#8217;objectiu de fomentar la cultura de pau.<\/p>\n<p>El videoclip <a href=\"https:\/\/www.youtube.com\/watch?v=1KA26H1opp0\">&#8220;STOP WARS&#8221;<\/a>, creat per un grup d&#8217;alumnes d&#8217;entre 15 i 18 anys de l&#8217;Institut Lauro de les Franqueses del Vall\u00e8s, ha guanyat en la Modalitat 1, destinada a estudiants d&#8217;ESO, FP i Batxillerat de Catalunya. Es tracta d&#8217;una obra de den\u00fancia de l\u2019immobilisme davant de les injust\u00edcies i una crida a passar a l\u2019acci\u00f3.<\/p>\n<p>El videoclip <a href=\"https:\/\/www.youtube.com\/watch?v=Oqnek3lm7cc\">&#8220;NO LA MALTRATES&#8221;<\/a>, d&#8217;un grup de joves d&#8217;entre 19 i 23 anys vinculats a l&#8217;organitzaci\u00f3 Fedelatina, ha guanyat en la Modalitat 2, destinada a centres i entitats d&#8217;acci\u00f3 socioeducativa, cultural, juvenil o c\u00edvica. En aquest cas, el v\u00eddeo denuncia la viol\u00e8ncia masclista i reivindica l\u2019apoderament de les dones.<\/p>\n<p>Aix\u00ed mateix, el jurat del concurs ha atorgat una menci\u00f3 especial a les obres <a href=\"https:\/\/www.youtube.com\/watch?v=K2-D4cnMi1o\">&#8220;TODOS SOMOS IGUALES&#8221;<\/a>, d\u2019alumnes del centre Manyanet Molins de Rei, i <a href=\"https:\/\/www.youtube.com\/watch?v=K1kwQtqHOn0&amp;feature=youtu.be\">&#8220;LLUITA CONT\u00cdNUA&#8221;<\/a>, de l\u2019Institut Llu\u00eds de Peguera de Manresa (Modalitat 1); i <a href=\"https:\/\/www.youtube.com\/watch?v=fF5zaVi5DZY\">&#8220;RAP CONTRA LA DISCRIMINACI\u00d3&#8221;<\/a>, del Centre Juvenil Mart\u00ed Codolar de Barcelona, i <a href=\"https:\/\/www.youtube.com\/watch?v=ESZqp4HZ12Y\">&#8220;SALT \u00c9S MY CITY&#8221;<\/a>, de la F\u00e0brica Jove de Salt (Modalitat 2).<\/p>\n<p>Al concurs, que ha comptat amb el suport del Departament d&#8217;Ensenyament i de la Direcci\u00f3 General de Joventut de la Generalitat de Catalunya, s\u2019hi han presentat un total de 24 obres, corresponents a 11 entitats i\/o centres educatius de Catalunya. El jurat ha estat format per C\u00e9cile Barbeito, membre de la Junta de Govern de l\u2019ICIP; Sandra Tello, cr\u00edtica musical; Antoni L\u00f3pez, representant del Departament d\u2019Ensenyament; Thais Nieto, representant de la Direcci\u00f3 General de Joventut; Isabel Ribera, experta en l\u2019\u00e0mbit de la doc\u00e8ncia; i Miquel Casas, t\u00e8cnic de l\u2019ICIP.<\/p>\n<p>Els premis consisteixen en una masterclass impartida pel tallerista i activista Pau Llonch (per als guanyadors de la Modalitat 1) i una gravaci\u00f3 a l&#8217;estudi professional &#8220;La Conga Music&#8221; de Sabadell (per als guanyadors de la Modalitat 2).<\/p>\n","protected":false},"excerpt":{"rendered":"<p>El lliurament de premis s&#8217;ha fet aquest dilluns 13 de febrer en un acte a la Biblioteca de l&#8217;ICIP.<\/p>\n","protected":false},"author":1,"featured_media":3868,"comment_status":"closed","ping_status":"open","sticky":false,"template":"","format":"standard","meta":{"_acf_changed":false,"footnotes":""},"categories":[4],"tags":[],"class_list":["post-3867","post","type-post","status-publish","format-standard","has-post-thumbnail","hentry","category-sense-categoria"],"acf":[],"yoast_head":"<!-- This site is optimized with the Yoast SEO plugin v25.6 - https:\/\/yoast.com\/wordpress\/plugins\/seo\/ -->\n<title>Alumnes de Les Franqueses i joves de la Fedelatina guanyen el I Concurs de Hip-hop per la Pau - ICIP<\/title>\n<meta name=\"robots\" content=\"index, follow, max-snippet:-1, max-image-preview:large, max-video-preview:-1\" \/>\n<link rel=\"canonical\" href=\"https:\/\/www.icip.cat\/ca\/alumnes-de-les-franqueses-i-joves-de-la-fedelatina-guanyen-el-concurs-de-hip-hop-per-la-pau\/\" \/>\n<meta property=\"og:locale\" content=\"ca_ES\" \/>\n<meta property=\"og:type\" content=\"article\" \/>\n<meta property=\"og:title\" content=\"Alumnes de Les Franqueses i joves de la Fedelatina guanyen el I Concurs de Hip-hop per la Pau - ICIP\" \/>\n<meta property=\"og:description\" content=\"El lliurament de premis s&#039;ha fet aquest dilluns 13 de febrer en un acte a la Biblioteca de l&#039;ICIP.\" \/>\n<meta property=\"og:url\" content=\"https:\/\/www.icip.cat\/ca\/alumnes-de-les-franqueses-i-joves-de-la-fedelatina-guanyen-el-concurs-de-hip-hop-per-la-pau\/\" \/>\n<meta property=\"og:site_name\" content=\"ICIP\" \/>\n<meta property=\"article:published_time\" content=\"2017-02-14T08:00:00+00:00\" \/>\n<meta property=\"article:modified_time\" content=\"2021-02-12T11:42:41+00:00\" \/>\n<meta property=\"og:image\" content=\"https:\/\/www.icip.cat\/wp-content\/uploads\/2017\/02\/premishiphop2.jpg_1693179132.jpg\" \/>\n\t<meta property=\"og:image:width\" content=\"190\" \/>\n\t<meta property=\"og:image:height\" content=\"151\" \/>\n\t<meta property=\"og:image:type\" content=\"image\/jpeg\" \/>\n<meta name=\"author\" content=\"whads\" \/>\n<meta name=\"twitter:card\" content=\"summary_large_image\" \/>\n<meta name=\"twitter:label1\" content=\"Escrit per\" \/>\n\t<meta name=\"twitter:data1\" content=\"whads\" \/>\n\t<meta name=\"twitter:label2\" content=\"Temps estimat de lectura\" \/>\n\t<meta name=\"twitter:data2\" content=\"2 minuts\" \/>\n<script type=\"application\/ld+json\" class=\"yoast-schema-graph\">{\"@context\":\"https:\/\/schema.org\",\"@graph\":[{\"@type\":\"Article\",\"@id\":\"https:\/\/www.icip.cat\/ca\/alumnes-de-les-franqueses-i-joves-de-la-fedelatina-guanyen-el-concurs-de-hip-hop-per-la-pau\/#article\",\"isPartOf\":{\"@id\":\"https:\/\/www.icip.cat\/ca\/alumnes-de-les-franqueses-i-joves-de-la-fedelatina-guanyen-el-concurs-de-hip-hop-per-la-pau\/\"},\"author\":{\"name\":\"whads\",\"@id\":\"https:\/\/www.icip.cat\/ca\/#\/schema\/person\/35404003404833995eee2bb6e3115dc6\"},\"headline\":\"Alumnes de Les Franqueses i joves de la Fedelatina guanyen el I Concurs de Hip-hop per la Pau\",\"datePublished\":\"2017-02-14T08:00:00+00:00\",\"dateModified\":\"2021-02-12T11:42:41+00:00\",\"mainEntityOfPage\":{\"@id\":\"https:\/\/www.icip.cat\/ca\/alumnes-de-les-franqueses-i-joves-de-la-fedelatina-guanyen-el-concurs-de-hip-hop-per-la-pau\/\"},\"wordCount\":392,\"publisher\":{\"@id\":\"https:\/\/www.icip.cat\/ca\/#organization\"},\"image\":{\"@id\":\"https:\/\/www.icip.cat\/ca\/alumnes-de-les-franqueses-i-joves-de-la-fedelatina-guanyen-el-concurs-de-hip-hop-per-la-pau\/#primaryimage\"},\"thumbnailUrl\":\"https:\/\/www.icip.cat\/wp-content\/uploads\/2017\/02\/premishiphop2.jpg_1693179132.jpg\",\"inLanguage\":\"ca\"},{\"@type\":\"WebPage\",\"@id\":\"https:\/\/www.icip.cat\/ca\/alumnes-de-les-franqueses-i-joves-de-la-fedelatina-guanyen-el-concurs-de-hip-hop-per-la-pau\/\",\"url\":\"https:\/\/www.icip.cat\/ca\/alumnes-de-les-franqueses-i-joves-de-la-fedelatina-guanyen-el-concurs-de-hip-hop-per-la-pau\/\",\"name\":\"Alumnes de Les Franqueses i joves de la Fedelatina guanyen el I Concurs de Hip-hop per la Pau - ICIP\",\"isPartOf\":{\"@id\":\"https:\/\/www.icip.cat\/ca\/#website\"},\"primaryImageOfPage\":{\"@id\":\"https:\/\/www.icip.cat\/ca\/alumnes-de-les-franqueses-i-joves-de-la-fedelatina-guanyen-el-concurs-de-hip-hop-per-la-pau\/#primaryimage\"},\"image\":{\"@id\":\"https:\/\/www.icip.cat\/ca\/alumnes-de-les-franqueses-i-joves-de-la-fedelatina-guanyen-el-concurs-de-hip-hop-per-la-pau\/#primaryimage\"},\"thumbnailUrl\":\"https:\/\/www.icip.cat\/wp-content\/uploads\/2017\/02\/premishiphop2.jpg_1693179132.jpg\",\"datePublished\":\"2017-02-14T08:00:00+00:00\",\"dateModified\":\"2021-02-12T11:42:41+00:00\",\"inLanguage\":\"ca\",\"potentialAction\":[{\"@type\":\"ReadAction\",\"target\":[\"https:\/\/www.icip.cat\/ca\/alumnes-de-les-franqueses-i-joves-de-la-fedelatina-guanyen-el-concurs-de-hip-hop-per-la-pau\/\"]}]},{\"@type\":\"ImageObject\",\"inLanguage\":\"ca\",\"@id\":\"https:\/\/www.icip.cat\/ca\/alumnes-de-les-franqueses-i-joves-de-la-fedelatina-guanyen-el-concurs-de-hip-hop-per-la-pau\/#primaryimage\",\"url\":\"https:\/\/www.icip.cat\/wp-content\/uploads\/2017\/02\/premishiphop2.jpg_1693179132.jpg\",\"contentUrl\":\"https:\/\/www.icip.cat\/wp-content\/uploads\/2017\/02\/premishiphop2.jpg_1693179132.jpg\",\"width\":190,\"height\":151,\"caption\":\"Alumnes de Les Franqueses i joves de la Fedelatina guanyen el Concurs de Hip-hop per la Pau\"},{\"@type\":\"WebSite\",\"@id\":\"https:\/\/www.icip.cat\/ca\/#website\",\"url\":\"https:\/\/www.icip.cat\/ca\/\",\"name\":\"ICIP\",\"description\":\"\",\"publisher\":{\"@id\":\"https:\/\/www.icip.cat\/ca\/#organization\"},\"potentialAction\":[{\"@type\":\"SearchAction\",\"target\":{\"@type\":\"EntryPoint\",\"urlTemplate\":\"https:\/\/www.icip.cat\/ca\/?s={search_term_string}\"},\"query-input\":{\"@type\":\"PropertyValueSpecification\",\"valueRequired\":true,\"valueName\":\"search_term_string\"}}],\"inLanguage\":\"ca\"},{\"@type\":\"Organization\",\"@id\":\"https:\/\/www.icip.cat\/ca\/#organization\",\"name\":\"ICIP\",\"url\":\"https:\/\/www.icip.cat\/ca\/\",\"logo\":{\"@type\":\"ImageObject\",\"inLanguage\":\"ca\",\"@id\":\"https:\/\/www.icip.cat\/ca\/#\/schema\/logo\/image\/\",\"url\":\"https:\/\/www.icip.cat\/wp-content\/uploads\/2021\/02\/logo-2.png\",\"contentUrl\":\"https:\/\/www.icip.cat\/wp-content\/uploads\/2021\/02\/logo-2.png\",\"width\":562,\"height\":391,\"caption\":\"ICIP\"},\"image\":{\"@id\":\"https:\/\/www.icip.cat\/ca\/#\/schema\/logo\/image\/\"}},{\"@type\":\"Person\",\"@id\":\"https:\/\/www.icip.cat\/ca\/#\/schema\/person\/35404003404833995eee2bb6e3115dc6\",\"name\":\"whads\",\"image\":{\"@type\":\"ImageObject\",\"inLanguage\":\"ca\",\"@id\":\"https:\/\/www.icip.cat\/ca\/#\/schema\/person\/image\/\",\"url\":\"https:\/\/secure.gravatar.com\/avatar\/6a92e4ce03d9442c546cc4afecfc51777413608a6d55a7b50040700657b6b30f?s=96&d=mm&r=g\",\"contentUrl\":\"https:\/\/secure.gravatar.com\/avatar\/6a92e4ce03d9442c546cc4afecfc51777413608a6d55a7b50040700657b6b30f?s=96&d=mm&r=g\",\"caption\":\"whads\"},\"sameAs\":[\"http:\/\/www.icip.cat\"],\"url\":\"https:\/\/www.icip.cat\/ca\/author\/whads\/\"}]}<\/script>\n<!-- \/ Yoast SEO plugin. -->","yoast_head_json":{"title":"Alumnes de Les Franqueses i joves de la Fedelatina guanyen el I Concurs de Hip-hop per la Pau - ICIP","robots":{"index":"index","follow":"follow","max-snippet":"max-snippet:-1","max-image-preview":"max-image-preview:large","max-video-preview":"max-video-preview:-1"},"canonical":"https:\/\/www.icip.cat\/ca\/alumnes-de-les-franqueses-i-joves-de-la-fedelatina-guanyen-el-concurs-de-hip-hop-per-la-pau\/","og_locale":"ca_ES","og_type":"article","og_title":"Alumnes de Les Franqueses i joves de la Fedelatina guanyen el I Concurs de Hip-hop per la Pau - ICIP","og_description":"El lliurament de premis s'ha fet aquest dilluns 13 de febrer en un acte a la Biblioteca de l'ICIP.","og_url":"https:\/\/www.icip.cat\/ca\/alumnes-de-les-franqueses-i-joves-de-la-fedelatina-guanyen-el-concurs-de-hip-hop-per-la-pau\/","og_site_name":"ICIP","article_published_time":"2017-02-14T08:00:00+00:00","article_modified_time":"2021-02-12T11:42:41+00:00","og_image":[{"width":190,"height":151,"url":"https:\/\/www.icip.cat\/wp-content\/uploads\/2017\/02\/premishiphop2.jpg_1693179132.jpg","type":"image\/jpeg"}],"author":"whads","twitter_card":"summary_large_image","twitter_misc":{"Escrit per":"whads","Temps estimat de lectura":"2 minuts"},"schema":{"@context":"https:\/\/schema.org","@graph":[{"@type":"Article","@id":"https:\/\/www.icip.cat\/ca\/alumnes-de-les-franqueses-i-joves-de-la-fedelatina-guanyen-el-concurs-de-hip-hop-per-la-pau\/#article","isPartOf":{"@id":"https:\/\/www.icip.cat\/ca\/alumnes-de-les-franqueses-i-joves-de-la-fedelatina-guanyen-el-concurs-de-hip-hop-per-la-pau\/"},"author":{"name":"whads","@id":"https:\/\/www.icip.cat\/ca\/#\/schema\/person\/35404003404833995eee2bb6e3115dc6"},"headline":"Alumnes de Les Franqueses i joves de la Fedelatina guanyen el I Concurs de Hip-hop per la Pau","datePublished":"2017-02-14T08:00:00+00:00","dateModified":"2021-02-12T11:42:41+00:00","mainEntityOfPage":{"@id":"https:\/\/www.icip.cat\/ca\/alumnes-de-les-franqueses-i-joves-de-la-fedelatina-guanyen-el-concurs-de-hip-hop-per-la-pau\/"},"wordCount":392,"publisher":{"@id":"https:\/\/www.icip.cat\/ca\/#organization"},"image":{"@id":"https:\/\/www.icip.cat\/ca\/alumnes-de-les-franqueses-i-joves-de-la-fedelatina-guanyen-el-concurs-de-hip-hop-per-la-pau\/#primaryimage"},"thumbnailUrl":"https:\/\/www.icip.cat\/wp-content\/uploads\/2017\/02\/premishiphop2.jpg_1693179132.jpg","inLanguage":"ca"},{"@type":"WebPage","@id":"https:\/\/www.icip.cat\/ca\/alumnes-de-les-franqueses-i-joves-de-la-fedelatina-guanyen-el-concurs-de-hip-hop-per-la-pau\/","url":"https:\/\/www.icip.cat\/ca\/alumnes-de-les-franqueses-i-joves-de-la-fedelatina-guanyen-el-concurs-de-hip-hop-per-la-pau\/","name":"Alumnes de Les Franqueses i joves de la Fedelatina guanyen el I Concurs de Hip-hop per la Pau - ICIP","isPartOf":{"@id":"https:\/\/www.icip.cat\/ca\/#website"},"primaryImageOfPage":{"@id":"https:\/\/www.icip.cat\/ca\/alumnes-de-les-franqueses-i-joves-de-la-fedelatina-guanyen-el-concurs-de-hip-hop-per-la-pau\/#primaryimage"},"image":{"@id":"https:\/\/www.icip.cat\/ca\/alumnes-de-les-franqueses-i-joves-de-la-fedelatina-guanyen-el-concurs-de-hip-hop-per-la-pau\/#primaryimage"},"thumbnailUrl":"https:\/\/www.icip.cat\/wp-content\/uploads\/2017\/02\/premishiphop2.jpg_1693179132.jpg","datePublished":"2017-02-14T08:00:00+00:00","dateModified":"2021-02-12T11:42:41+00:00","inLanguage":"ca","potentialAction":[{"@type":"ReadAction","target":["https:\/\/www.icip.cat\/ca\/alumnes-de-les-franqueses-i-joves-de-la-fedelatina-guanyen-el-concurs-de-hip-hop-per-la-pau\/"]}]},{"@type":"ImageObject","inLanguage":"ca","@id":"https:\/\/www.icip.cat\/ca\/alumnes-de-les-franqueses-i-joves-de-la-fedelatina-guanyen-el-concurs-de-hip-hop-per-la-pau\/#primaryimage","url":"https:\/\/www.icip.cat\/wp-content\/uploads\/2017\/02\/premishiphop2.jpg_1693179132.jpg","contentUrl":"https:\/\/www.icip.cat\/wp-content\/uploads\/2017\/02\/premishiphop2.jpg_1693179132.jpg","width":190,"height":151,"caption":"Alumnes de Les Franqueses i joves de la Fedelatina guanyen el Concurs de Hip-hop per la Pau"},{"@type":"WebSite","@id":"https:\/\/www.icip.cat\/ca\/#website","url":"https:\/\/www.icip.cat\/ca\/","name":"ICIP","description":"","publisher":{"@id":"https:\/\/www.icip.cat\/ca\/#organization"},"potentialAction":[{"@type":"SearchAction","target":{"@type":"EntryPoint","urlTemplate":"https:\/\/www.icip.cat\/ca\/?s={search_term_string}"},"query-input":{"@type":"PropertyValueSpecification","valueRequired":true,"valueName":"search_term_string"}}],"inLanguage":"ca"},{"@type":"Organization","@id":"https:\/\/www.icip.cat\/ca\/#organization","name":"ICIP","url":"https:\/\/www.icip.cat\/ca\/","logo":{"@type":"ImageObject","inLanguage":"ca","@id":"https:\/\/www.icip.cat\/ca\/#\/schema\/logo\/image\/","url":"https:\/\/www.icip.cat\/wp-content\/uploads\/2021\/02\/logo-2.png","contentUrl":"https:\/\/www.icip.cat\/wp-content\/uploads\/2021\/02\/logo-2.png","width":562,"height":391,"caption":"ICIP"},"image":{"@id":"https:\/\/www.icip.cat\/ca\/#\/schema\/logo\/image\/"}},{"@type":"Person","@id":"https:\/\/www.icip.cat\/ca\/#\/schema\/person\/35404003404833995eee2bb6e3115dc6","name":"whads","image":{"@type":"ImageObject","inLanguage":"ca","@id":"https:\/\/www.icip.cat\/ca\/#\/schema\/person\/image\/","url":"https:\/\/secure.gravatar.com\/avatar\/6a92e4ce03d9442c546cc4afecfc51777413608a6d55a7b50040700657b6b30f?s=96&d=mm&r=g","contentUrl":"https:\/\/secure.gravatar.com\/avatar\/6a92e4ce03d9442c546cc4afecfc51777413608a6d55a7b50040700657b6b30f?s=96&d=mm&r=g","caption":"whads"},"sameAs":["http:\/\/www.icip.cat"],"url":"https:\/\/www.icip.cat\/ca\/author\/whads\/"}]}},"_links":{"self":[{"href":"https:\/\/www.icip.cat\/ca\/wp-json\/wp\/v2\/posts\/3867","targetHints":{"allow":["GET"]}}],"collection":[{"href":"https:\/\/www.icip.cat\/ca\/wp-json\/wp\/v2\/posts"}],"about":[{"href":"https:\/\/www.icip.cat\/ca\/wp-json\/wp\/v2\/types\/post"}],"author":[{"embeddable":true,"href":"https:\/\/www.icip.cat\/ca\/wp-json\/wp\/v2\/users\/1"}],"replies":[{"embeddable":true,"href":"https:\/\/www.icip.cat\/ca\/wp-json\/wp\/v2\/comments?post=3867"}],"version-history":[{"count":3,"href":"https:\/\/www.icip.cat\/ca\/wp-json\/wp\/v2\/posts\/3867\/revisions"}],"predecessor-version":[{"id":16596,"href":"https:\/\/www.icip.cat\/ca\/wp-json\/wp\/v2\/posts\/3867\/revisions\/16596"}],"wp:featuredmedia":[{"embeddable":true,"href":"https:\/\/www.icip.cat\/ca\/wp-json\/wp\/v2\/media\/3868"}],"wp:attachment":[{"href":"https:\/\/www.icip.cat\/ca\/wp-json\/wp\/v2\/media?parent=3867"}],"wp:term":[{"taxonomy":"category","embeddable":true,"href":"https:\/\/www.icip.cat\/ca\/wp-json\/wp\/v2\/categories?post=3867"},{"taxonomy":"post_tag","embeddable":true,"href":"https:\/\/www.icip.cat\/ca\/wp-json\/wp\/v2\/tags?post=3867"}],"curies":[{"name":"wp","href":"https:\/\/api.w.org\/{rel}","templated":true}]}}