{"id":3979,"date":"2016-07-11T08:00:00","date_gmt":"2016-07-11T08:00:00","guid":{"rendered":"http:\/\/www.icip.cat\/licip-acull-una-trobada-internacional-sobre-sensibilitat-al-conflicte\/"},"modified":"2016-07-11T08:00:00","modified_gmt":"2016-07-11T08:00:00","slug":"licip-acull-una-trobada-internacional-sobre-sensibilitat-al-conflicte","status":"publish","type":"post","link":"https:\/\/www.icip.cat\/ca\/licip-acull-una-trobada-internacional-sobre-sensibilitat-al-conflicte\/","title":{"rendered":"L&#8217;ICIP acull una trobada internacional sobre Sensibilitat al Conflicte"},"content":{"rendered":"<p>Els dies 5 i 6 de juliol la Biblioteca de l&#8217;ICIP va acollir el Conflict Sensitivity Community Hub, un grup internacional integrat per experts, ONGs i centres de recerca dedicats al foment de la pau i a la cooperaci\u00f3 pel desenvolupament entre els quals hi ha l&#8217;Ag\u00e8ncia Catalana de Cooperaci\u00f3 al Desenvolupament, Oxfam, Peace Nexus, World Vision International o SwissPeace.<br \/>\nEl grup t\u00e9 per objectiu constituir-se en una xarxa que millori substancialment la cooperaci\u00f3 pel desenvolupament en contextos de conflicte o postconflicte armat. L&#8217;enfocament de sensibilitat al conflicte vol assegurar que les intervencions de cooperaci\u00f3 pel desenvolupament tinguin en compte els impactes, tant positius com negatius, sobre els contextos de tensi\u00f3 o viol\u00e8ncia en els que es duen a terme. Malgrat que les eines i teories de sensibilitat al conflicte s&#8217;han dissenyat, es coneixen i sapliquen des de fa dues d\u00e8cades, molts actors de cooperaci\u00f3 consideren que el grau d&#8217;incorporaci\u00f3 en les pol\u00edtiques i accions \u00e9s puntual i poc sistem\u00e0tic entre donants, ONG, ag\u00e8ncies de Nacions Unides, governs i administracions.<\/p>\n","protected":false},"excerpt":{"rendered":"<p>Experts, ONGs i centres de recerca internacionals dedicats al foment de la pau i a la cooperaci\u00f3 al desenvolupament es reuneixen a la Biblioteca de l&#8217;ICIP.<\/p>\n","protected":false},"author":1,"featured_media":3980,"comment_status":"closed","ping_status":"open","sticky":false,"template":"","format":"standard","meta":{"_acf_changed":false,"footnotes":""},"categories":[4],"tags":[],"class_list":["post-3979","post","type-post","status-publish","format-standard","has-post-thumbnail","hentry","category-sense-categoria"],"acf":[],"yoast_head":"<!-- This site is optimized with the Yoast SEO plugin v25.6 - https:\/\/yoast.com\/wordpress\/plugins\/seo\/ -->\n<title>L&#039;ICIP acull una trobada internacional sobre Sensibilitat al Conflicte - ICIP<\/title>\n<meta name=\"robots\" content=\"index, follow, max-snippet:-1, max-image-preview:large, max-video-preview:-1\" \/>\n<link rel=\"canonical\" href=\"https:\/\/www.icip.cat\/ca\/licip-acull-una-trobada-internacional-sobre-sensibilitat-al-conflicte\/\" \/>\n<meta property=\"og:locale\" content=\"ca_ES\" \/>\n<meta property=\"og:type\" content=\"article\" \/>\n<meta property=\"og:title\" content=\"L&#039;ICIP acull una trobada internacional sobre Sensibilitat al Conflicte - ICIP\" \/>\n<meta property=\"og:description\" content=\"Experts, ONGs i centres de recerca internacionals dedicats al foment de la pau i a la cooperaci\u00f3 al desenvolupament es reuneixen a la Biblioteca de l&#039;ICIP.\" \/>\n<meta property=\"og:url\" content=\"https:\/\/www.icip.cat\/ca\/licip-acull-una-trobada-internacional-sobre-sensibilitat-al-conflicte\/\" \/>\n<meta property=\"og:site_name\" content=\"ICIP\" \/>\n<meta property=\"article:published_time\" content=\"2016-07-11T08:00:00+00:00\" \/>\n<meta property=\"og:image\" content=\"https:\/\/www.icip.cat\/wp-content\/uploads\/2016\/07\/hub.jpg_1721808283.jpg\" \/>\n\t<meta property=\"og:image:width\" content=\"190\" \/>\n\t<meta property=\"og:image:height\" content=\"141\" \/>\n\t<meta property=\"og:image:type\" content=\"image\/jpeg\" \/>\n<meta name=\"author\" content=\"whads\" \/>\n<meta name=\"twitter:card\" content=\"summary_large_image\" \/>\n<meta name=\"twitter:label1\" content=\"Escrit per\" \/>\n\t<meta name=\"twitter:data1\" content=\"whads\" \/>\n\t<meta name=\"twitter:label2\" content=\"Temps estimat de lectura\" \/>\n\t<meta name=\"twitter:data2\" content=\"1 minut\" \/>\n<script type=\"application\/ld+json\" class=\"yoast-schema-graph\">{\"@context\":\"https:\/\/schema.org\",\"@graph\":[{\"@type\":\"Article\",\"@id\":\"https:\/\/www.icip.cat\/ca\/licip-acull-una-trobada-internacional-sobre-sensibilitat-al-conflicte\/#article\",\"isPartOf\":{\"@id\":\"https:\/\/www.icip.cat\/ca\/licip-acull-una-trobada-internacional-sobre-sensibilitat-al-conflicte\/\"},\"author\":{\"name\":\"whads\",\"@id\":\"https:\/\/www.icip.cat\/ca\/#\/schema\/person\/35404003404833995eee2bb6e3115dc6\"},\"headline\":\"L&#8217;ICIP acull una trobada internacional sobre Sensibilitat al Conflicte\",\"datePublished\":\"2016-07-11T08:00:00+00:00\",\"mainEntityOfPage\":{\"@id\":\"https:\/\/www.icip.cat\/ca\/licip-acull-una-trobada-internacional-sobre-sensibilitat-al-conflicte\/\"},\"wordCount\":189,\"publisher\":{\"@id\":\"https:\/\/www.icip.cat\/ca\/#organization\"},\"image\":{\"@id\":\"https:\/\/www.icip.cat\/ca\/licip-acull-una-trobada-internacional-sobre-sensibilitat-al-conflicte\/#primaryimage\"},\"thumbnailUrl\":\"https:\/\/www.icip.cat\/wp-content\/uploads\/2016\/07\/hub.jpg_1721808283.jpg\",\"inLanguage\":\"ca\"},{\"@type\":\"WebPage\",\"@id\":\"https:\/\/www.icip.cat\/ca\/licip-acull-una-trobada-internacional-sobre-sensibilitat-al-conflicte\/\",\"url\":\"https:\/\/www.icip.cat\/ca\/licip-acull-una-trobada-internacional-sobre-sensibilitat-al-conflicte\/\",\"name\":\"L'ICIP acull una trobada internacional sobre Sensibilitat al Conflicte - ICIP\",\"isPartOf\":{\"@id\":\"https:\/\/www.icip.cat\/ca\/#website\"},\"primaryImageOfPage\":{\"@id\":\"https:\/\/www.icip.cat\/ca\/licip-acull-una-trobada-internacional-sobre-sensibilitat-al-conflicte\/#primaryimage\"},\"image\":{\"@id\":\"https:\/\/www.icip.cat\/ca\/licip-acull-una-trobada-internacional-sobre-sensibilitat-al-conflicte\/#primaryimage\"},\"thumbnailUrl\":\"https:\/\/www.icip.cat\/wp-content\/uploads\/2016\/07\/hub.jpg_1721808283.jpg\",\"datePublished\":\"2016-07-11T08:00:00+00:00\",\"inLanguage\":\"ca\",\"potentialAction\":[{\"@type\":\"ReadAction\",\"target\":[\"https:\/\/www.icip.cat\/ca\/licip-acull-una-trobada-internacional-sobre-sensibilitat-al-conflicte\/\"]}]},{\"@type\":\"ImageObject\",\"inLanguage\":\"ca\",\"@id\":\"https:\/\/www.icip.cat\/ca\/licip-acull-una-trobada-internacional-sobre-sensibilitat-al-conflicte\/#primaryimage\",\"url\":\"https:\/\/www.icip.cat\/wp-content\/uploads\/2016\/07\/hub.jpg_1721808283.jpg\",\"contentUrl\":\"https:\/\/www.icip.cat\/wp-content\/uploads\/2016\/07\/hub.jpg_1721808283.jpg\",\"width\":190,\"height\":141,\"caption\":\"L'ICIP acull una trobada internacional sobre Sensibilitat al Conflicte\"},{\"@type\":\"WebSite\",\"@id\":\"https:\/\/www.icip.cat\/ca\/#website\",\"url\":\"https:\/\/www.icip.cat\/ca\/\",\"name\":\"ICIP\",\"description\":\"\",\"publisher\":{\"@id\":\"https:\/\/www.icip.cat\/ca\/#organization\"},\"potentialAction\":[{\"@type\":\"SearchAction\",\"target\":{\"@type\":\"EntryPoint\",\"urlTemplate\":\"https:\/\/www.icip.cat\/ca\/?s={search_term_string}\"},\"query-input\":{\"@type\":\"PropertyValueSpecification\",\"valueRequired\":true,\"valueName\":\"search_term_string\"}}],\"inLanguage\":\"ca\"},{\"@type\":\"Organization\",\"@id\":\"https:\/\/www.icip.cat\/ca\/#organization\",\"name\":\"ICIP\",\"url\":\"https:\/\/www.icip.cat\/ca\/\",\"logo\":{\"@type\":\"ImageObject\",\"inLanguage\":\"ca\",\"@id\":\"https:\/\/www.icip.cat\/ca\/#\/schema\/logo\/image\/\",\"url\":\"https:\/\/www.icip.cat\/wp-content\/uploads\/2021\/02\/logo-2.png\",\"contentUrl\":\"https:\/\/www.icip.cat\/wp-content\/uploads\/2021\/02\/logo-2.png\",\"width\":562,\"height\":391,\"caption\":\"ICIP\"},\"image\":{\"@id\":\"https:\/\/www.icip.cat\/ca\/#\/schema\/logo\/image\/\"}},{\"@type\":\"Person\",\"@id\":\"https:\/\/www.icip.cat\/ca\/#\/schema\/person\/35404003404833995eee2bb6e3115dc6\",\"name\":\"whads\",\"image\":{\"@type\":\"ImageObject\",\"inLanguage\":\"ca\",\"@id\":\"https:\/\/www.icip.cat\/ca\/#\/schema\/person\/image\/\",\"url\":\"https:\/\/secure.gravatar.com\/avatar\/6a92e4ce03d9442c546cc4afecfc51777413608a6d55a7b50040700657b6b30f?s=96&d=mm&r=g\",\"contentUrl\":\"https:\/\/secure.gravatar.com\/avatar\/6a92e4ce03d9442c546cc4afecfc51777413608a6d55a7b50040700657b6b30f?s=96&d=mm&r=g\",\"caption\":\"whads\"},\"sameAs\":[\"http:\/\/www.icip.cat\"],\"url\":\"https:\/\/www.icip.cat\/ca\/author\/whads\/\"}]}<\/script>\n<!-- \/ Yoast SEO plugin. -->","yoast_head_json":{"title":"L'ICIP acull una trobada internacional sobre Sensibilitat al Conflicte - ICIP","robots":{"index":"index","follow":"follow","max-snippet":"max-snippet:-1","max-image-preview":"max-image-preview:large","max-video-preview":"max-video-preview:-1"},"canonical":"https:\/\/www.icip.cat\/ca\/licip-acull-una-trobada-internacional-sobre-sensibilitat-al-conflicte\/","og_locale":"ca_ES","og_type":"article","og_title":"L'ICIP acull una trobada internacional sobre Sensibilitat al Conflicte - ICIP","og_description":"Experts, ONGs i centres de recerca internacionals dedicats al foment de la pau i a la cooperaci\u00f3 al desenvolupament es reuneixen a la Biblioteca de l'ICIP.","og_url":"https:\/\/www.icip.cat\/ca\/licip-acull-una-trobada-internacional-sobre-sensibilitat-al-conflicte\/","og_site_name":"ICIP","article_published_time":"2016-07-11T08:00:00+00:00","og_image":[{"width":190,"height":141,"url":"https:\/\/www.icip.cat\/wp-content\/uploads\/2016\/07\/hub.jpg_1721808283.jpg","type":"image\/jpeg"}],"author":"whads","twitter_card":"summary_large_image","twitter_misc":{"Escrit per":"whads","Temps estimat de lectura":"1 minut"},"schema":{"@context":"https:\/\/schema.org","@graph":[{"@type":"Article","@id":"https:\/\/www.icip.cat\/ca\/licip-acull-una-trobada-internacional-sobre-sensibilitat-al-conflicte\/#article","isPartOf":{"@id":"https:\/\/www.icip.cat\/ca\/licip-acull-una-trobada-internacional-sobre-sensibilitat-al-conflicte\/"},"author":{"name":"whads","@id":"https:\/\/www.icip.cat\/ca\/#\/schema\/person\/35404003404833995eee2bb6e3115dc6"},"headline":"L&#8217;ICIP acull una trobada internacional sobre Sensibilitat al Conflicte","datePublished":"2016-07-11T08:00:00+00:00","mainEntityOfPage":{"@id":"https:\/\/www.icip.cat\/ca\/licip-acull-una-trobada-internacional-sobre-sensibilitat-al-conflicte\/"},"wordCount":189,"publisher":{"@id":"https:\/\/www.icip.cat\/ca\/#organization"},"image":{"@id":"https:\/\/www.icip.cat\/ca\/licip-acull-una-trobada-internacional-sobre-sensibilitat-al-conflicte\/#primaryimage"},"thumbnailUrl":"https:\/\/www.icip.cat\/wp-content\/uploads\/2016\/07\/hub.jpg_1721808283.jpg","inLanguage":"ca"},{"@type":"WebPage","@id":"https:\/\/www.icip.cat\/ca\/licip-acull-una-trobada-internacional-sobre-sensibilitat-al-conflicte\/","url":"https:\/\/www.icip.cat\/ca\/licip-acull-una-trobada-internacional-sobre-sensibilitat-al-conflicte\/","name":"L'ICIP acull una trobada internacional sobre Sensibilitat al Conflicte - ICIP","isPartOf":{"@id":"https:\/\/www.icip.cat\/ca\/#website"},"primaryImageOfPage":{"@id":"https:\/\/www.icip.cat\/ca\/licip-acull-una-trobada-internacional-sobre-sensibilitat-al-conflicte\/#primaryimage"},"image":{"@id":"https:\/\/www.icip.cat\/ca\/licip-acull-una-trobada-internacional-sobre-sensibilitat-al-conflicte\/#primaryimage"},"thumbnailUrl":"https:\/\/www.icip.cat\/wp-content\/uploads\/2016\/07\/hub.jpg_1721808283.jpg","datePublished":"2016-07-11T08:00:00+00:00","inLanguage":"ca","potentialAction":[{"@type":"ReadAction","target":["https:\/\/www.icip.cat\/ca\/licip-acull-una-trobada-internacional-sobre-sensibilitat-al-conflicte\/"]}]},{"@type":"ImageObject","inLanguage":"ca","@id":"https:\/\/www.icip.cat\/ca\/licip-acull-una-trobada-internacional-sobre-sensibilitat-al-conflicte\/#primaryimage","url":"https:\/\/www.icip.cat\/wp-content\/uploads\/2016\/07\/hub.jpg_1721808283.jpg","contentUrl":"https:\/\/www.icip.cat\/wp-content\/uploads\/2016\/07\/hub.jpg_1721808283.jpg","width":190,"height":141,"caption":"L'ICIP acull una trobada internacional sobre Sensibilitat al Conflicte"},{"@type":"WebSite","@id":"https:\/\/www.icip.cat\/ca\/#website","url":"https:\/\/www.icip.cat\/ca\/","name":"ICIP","description":"","publisher":{"@id":"https:\/\/www.icip.cat\/ca\/#organization"},"potentialAction":[{"@type":"SearchAction","target":{"@type":"EntryPoint","urlTemplate":"https:\/\/www.icip.cat\/ca\/?s={search_term_string}"},"query-input":{"@type":"PropertyValueSpecification","valueRequired":true,"valueName":"search_term_string"}}],"inLanguage":"ca"},{"@type":"Organization","@id":"https:\/\/www.icip.cat\/ca\/#organization","name":"ICIP","url":"https:\/\/www.icip.cat\/ca\/","logo":{"@type":"ImageObject","inLanguage":"ca","@id":"https:\/\/www.icip.cat\/ca\/#\/schema\/logo\/image\/","url":"https:\/\/www.icip.cat\/wp-content\/uploads\/2021\/02\/logo-2.png","contentUrl":"https:\/\/www.icip.cat\/wp-content\/uploads\/2021\/02\/logo-2.png","width":562,"height":391,"caption":"ICIP"},"image":{"@id":"https:\/\/www.icip.cat\/ca\/#\/schema\/logo\/image\/"}},{"@type":"Person","@id":"https:\/\/www.icip.cat\/ca\/#\/schema\/person\/35404003404833995eee2bb6e3115dc6","name":"whads","image":{"@type":"ImageObject","inLanguage":"ca","@id":"https:\/\/www.icip.cat\/ca\/#\/schema\/person\/image\/","url":"https:\/\/secure.gravatar.com\/avatar\/6a92e4ce03d9442c546cc4afecfc51777413608a6d55a7b50040700657b6b30f?s=96&d=mm&r=g","contentUrl":"https:\/\/secure.gravatar.com\/avatar\/6a92e4ce03d9442c546cc4afecfc51777413608a6d55a7b50040700657b6b30f?s=96&d=mm&r=g","caption":"whads"},"sameAs":["http:\/\/www.icip.cat"],"url":"https:\/\/www.icip.cat\/ca\/author\/whads\/"}]}},"_links":{"self":[{"href":"https:\/\/www.icip.cat\/ca\/wp-json\/wp\/v2\/posts\/3979","targetHints":{"allow":["GET"]}}],"collection":[{"href":"https:\/\/www.icip.cat\/ca\/wp-json\/wp\/v2\/posts"}],"about":[{"href":"https:\/\/www.icip.cat\/ca\/wp-json\/wp\/v2\/types\/post"}],"author":[{"embeddable":true,"href":"https:\/\/www.icip.cat\/ca\/wp-json\/wp\/v2\/users\/1"}],"replies":[{"embeddable":true,"href":"https:\/\/www.icip.cat\/ca\/wp-json\/wp\/v2\/comments?post=3979"}],"version-history":[{"count":0,"href":"https:\/\/www.icip.cat\/ca\/wp-json\/wp\/v2\/posts\/3979\/revisions"}],"wp:featuredmedia":[{"embeddable":true,"href":"https:\/\/www.icip.cat\/ca\/wp-json\/wp\/v2\/media\/3980"}],"wp:attachment":[{"href":"https:\/\/www.icip.cat\/ca\/wp-json\/wp\/v2\/media?parent=3979"}],"wp:term":[{"taxonomy":"category","embeddable":true,"href":"https:\/\/www.icip.cat\/ca\/wp-json\/wp\/v2\/categories?post=3979"},{"taxonomy":"post_tag","embeddable":true,"href":"https:\/\/www.icip.cat\/ca\/wp-json\/wp\/v2\/tags?post=3979"}],"curies":[{"name":"wp","href":"https:\/\/api.w.org\/{rel}","templated":true}]}}