{"id":4071,"date":"2016-01-27T08:00:00","date_gmt":"2016-01-27T08:00:00","guid":{"rendered":"http:\/\/www.icip.cat\/inici-del-projecte-europeu-diaphora\/"},"modified":"2016-01-27T08:00:00","modified_gmt":"2016-01-27T08:00:00","slug":"inici-del-projecte-europeu-diaphora","status":"publish","type":"post","link":"https:\/\/www.icip.cat\/ca\/inici-del-projecte-europeu-diaphora\/","title":{"rendered":"Inici del projecte europeu Diaphora"},"content":{"rendered":"<p>El passat divendres 15 de gener es va portar a terme la primera reuni\u00f3 del projecte Europeu Diaphora en el qual participa l&#8217;ICIP. Diaphora \u00e9s un plataforma de formaci\u00f3 i recerca sobre la naturalesa dels problemes filos\u00f2fics, la resili\u00e8ncia de la diverg\u00e8ncia i la seva relaci\u00f3 amb els conflictes des d&#8217;una perspectiva pr\u00e0ctica. L&#8217;ICIP col\u00b7labora en la formaci\u00f3 pr\u00e0ctica d&#8217;alguns dels doctorands que formen part del projecte i, concretament, a partir de l&#8217;octubre de 2016, tres d&#8217;ells passaran unes setmanes a l&#8217;ICIP per tal de complementar la formaci\u00f3 i recerca que hauran de desenvolupar per al projecte.<br \/>\nLes universitats i centres que formen part del projecte s\u00f3n les de Barcelona, Munich, Neuchatel, Stirling, Stockholm, Edinburgh i l\u2019\u00c9cole Normale Sup\u00e9rieure de Paris. El projecte, que va ser escollit en el marc d\u2019una convocat\u00f2ria Marie Curie de formaci\u00f3 Europea dins del programa Horizon 2020, finalitzar\u00e0 el desembre del 2019.<br \/>\nLa convocat\u00f2ria per ser doctorand del projecte est\u00e0 oberta fins al proper 8 de febrer.<\/p>\n","protected":false},"excerpt":{"rendered":"<p>L&#8217;ICIP col\u00b7labora en aquesta plataforma de formaci\u00f3 i recerca sobre la naturalesa dels problemes filos\u00f2fics.<\/p>\n","protected":false},"author":1,"featured_media":4072,"comment_status":"closed","ping_status":"open","sticky":false,"template":"","format":"standard","meta":{"_acf_changed":false,"footnotes":""},"categories":[4],"tags":[],"class_list":["post-4071","post","type-post","status-publish","format-standard","has-post-thumbnail","hentry","category-sense-categoria"],"acf":[],"yoast_head":"<!-- This site is optimized with the Yoast SEO plugin v25.6 - https:\/\/yoast.com\/wordpress\/plugins\/seo\/ -->\n<title>Inici del projecte europeu Diaphora - ICIP<\/title>\n<meta name=\"robots\" content=\"index, follow, max-snippet:-1, max-image-preview:large, max-video-preview:-1\" \/>\n<link rel=\"canonical\" href=\"https:\/\/www.icip.cat\/ca\/inici-del-projecte-europeu-diaphora\/\" \/>\n<meta property=\"og:locale\" content=\"ca_ES\" \/>\n<meta property=\"og:type\" content=\"article\" \/>\n<meta property=\"og:title\" content=\"Inici del projecte europeu Diaphora - ICIP\" \/>\n<meta property=\"og:description\" content=\"L&#039;ICIP col\u00b7labora en aquesta plataforma de formaci\u00f3 i recerca sobre la naturalesa dels problemes filos\u00f2fics.\" \/>\n<meta property=\"og:url\" content=\"https:\/\/www.icip.cat\/ca\/inici-del-projecte-europeu-diaphora\/\" \/>\n<meta property=\"og:site_name\" content=\"ICIP\" \/>\n<meta property=\"article:published_time\" content=\"2016-01-27T08:00:00+00:00\" \/>\n<meta property=\"og:image\" content=\"https:\/\/www.icip.cat\/wp-content\/uploads\/2016\/01\/diaphora.jpg_257803220.jpg\" \/>\n\t<meta property=\"og:image:width\" content=\"194\" \/>\n\t<meta property=\"og:image:height\" content=\"166\" \/>\n\t<meta property=\"og:image:type\" content=\"image\/jpeg\" \/>\n<meta name=\"author\" content=\"whads\" \/>\n<meta name=\"twitter:card\" content=\"summary_large_image\" \/>\n<meta name=\"twitter:label1\" content=\"Escrit per\" \/>\n\t<meta name=\"twitter:data1\" content=\"whads\" \/>\n\t<meta name=\"twitter:label2\" content=\"Temps estimat de lectura\" \/>\n\t<meta name=\"twitter:data2\" content=\"1 minut\" \/>\n<script type=\"application\/ld+json\" class=\"yoast-schema-graph\">{\"@context\":\"https:\/\/schema.org\",\"@graph\":[{\"@type\":\"Article\",\"@id\":\"https:\/\/www.icip.cat\/ca\/inici-del-projecte-europeu-diaphora\/#article\",\"isPartOf\":{\"@id\":\"https:\/\/www.icip.cat\/ca\/inici-del-projecte-europeu-diaphora\/\"},\"author\":{\"name\":\"whads\",\"@id\":\"https:\/\/www.icip.cat\/ca\/#\/schema\/person\/35404003404833995eee2bb6e3115dc6\"},\"headline\":\"Inici del projecte europeu Diaphora\",\"datePublished\":\"2016-01-27T08:00:00+00:00\",\"mainEntityOfPage\":{\"@id\":\"https:\/\/www.icip.cat\/ca\/inici-del-projecte-europeu-diaphora\/\"},\"wordCount\":181,\"publisher\":{\"@id\":\"https:\/\/www.icip.cat\/ca\/#organization\"},\"image\":{\"@id\":\"https:\/\/www.icip.cat\/ca\/inici-del-projecte-europeu-diaphora\/#primaryimage\"},\"thumbnailUrl\":\"https:\/\/www.icip.cat\/wp-content\/uploads\/2016\/01\/diaphora.jpg_257803220.jpg\",\"inLanguage\":\"ca\"},{\"@type\":\"WebPage\",\"@id\":\"https:\/\/www.icip.cat\/ca\/inici-del-projecte-europeu-diaphora\/\",\"url\":\"https:\/\/www.icip.cat\/ca\/inici-del-projecte-europeu-diaphora\/\",\"name\":\"Inici del projecte europeu Diaphora - ICIP\",\"isPartOf\":{\"@id\":\"https:\/\/www.icip.cat\/ca\/#website\"},\"primaryImageOfPage\":{\"@id\":\"https:\/\/www.icip.cat\/ca\/inici-del-projecte-europeu-diaphora\/#primaryimage\"},\"image\":{\"@id\":\"https:\/\/www.icip.cat\/ca\/inici-del-projecte-europeu-diaphora\/#primaryimage\"},\"thumbnailUrl\":\"https:\/\/www.icip.cat\/wp-content\/uploads\/2016\/01\/diaphora.jpg_257803220.jpg\",\"datePublished\":\"2016-01-27T08:00:00+00:00\",\"inLanguage\":\"ca\",\"potentialAction\":[{\"@type\":\"ReadAction\",\"target\":[\"https:\/\/www.icip.cat\/ca\/inici-del-projecte-europeu-diaphora\/\"]}]},{\"@type\":\"ImageObject\",\"inLanguage\":\"ca\",\"@id\":\"https:\/\/www.icip.cat\/ca\/inici-del-projecte-europeu-diaphora\/#primaryimage\",\"url\":\"https:\/\/www.icip.cat\/wp-content\/uploads\/2016\/01\/diaphora.jpg_257803220.jpg\",\"contentUrl\":\"https:\/\/www.icip.cat\/wp-content\/uploads\/2016\/01\/diaphora.jpg_257803220.jpg\",\"width\":194,\"height\":166,\"caption\":\"Inici del projecte europeu Diaphora\"},{\"@type\":\"WebSite\",\"@id\":\"https:\/\/www.icip.cat\/ca\/#website\",\"url\":\"https:\/\/www.icip.cat\/ca\/\",\"name\":\"ICIP\",\"description\":\"\",\"publisher\":{\"@id\":\"https:\/\/www.icip.cat\/ca\/#organization\"},\"potentialAction\":[{\"@type\":\"SearchAction\",\"target\":{\"@type\":\"EntryPoint\",\"urlTemplate\":\"https:\/\/www.icip.cat\/ca\/?s={search_term_string}\"},\"query-input\":{\"@type\":\"PropertyValueSpecification\",\"valueRequired\":true,\"valueName\":\"search_term_string\"}}],\"inLanguage\":\"ca\"},{\"@type\":\"Organization\",\"@id\":\"https:\/\/www.icip.cat\/ca\/#organization\",\"name\":\"ICIP\",\"url\":\"https:\/\/www.icip.cat\/ca\/\",\"logo\":{\"@type\":\"ImageObject\",\"inLanguage\":\"ca\",\"@id\":\"https:\/\/www.icip.cat\/ca\/#\/schema\/logo\/image\/\",\"url\":\"https:\/\/www.icip.cat\/wp-content\/uploads\/2021\/02\/logo-2.png\",\"contentUrl\":\"https:\/\/www.icip.cat\/wp-content\/uploads\/2021\/02\/logo-2.png\",\"width\":562,\"height\":391,\"caption\":\"ICIP\"},\"image\":{\"@id\":\"https:\/\/www.icip.cat\/ca\/#\/schema\/logo\/image\/\"}},{\"@type\":\"Person\",\"@id\":\"https:\/\/www.icip.cat\/ca\/#\/schema\/person\/35404003404833995eee2bb6e3115dc6\",\"name\":\"whads\",\"image\":{\"@type\":\"ImageObject\",\"inLanguage\":\"ca\",\"@id\":\"https:\/\/www.icip.cat\/ca\/#\/schema\/person\/image\/\",\"url\":\"https:\/\/secure.gravatar.com\/avatar\/6a92e4ce03d9442c546cc4afecfc51777413608a6d55a7b50040700657b6b30f?s=96&d=mm&r=g\",\"contentUrl\":\"https:\/\/secure.gravatar.com\/avatar\/6a92e4ce03d9442c546cc4afecfc51777413608a6d55a7b50040700657b6b30f?s=96&d=mm&r=g\",\"caption\":\"whads\"},\"sameAs\":[\"http:\/\/www.icip.cat\"],\"url\":\"https:\/\/www.icip.cat\/ca\/author\/whads\/\"}]}<\/script>\n<!-- \/ Yoast SEO plugin. -->","yoast_head_json":{"title":"Inici del projecte europeu Diaphora - ICIP","robots":{"index":"index","follow":"follow","max-snippet":"max-snippet:-1","max-image-preview":"max-image-preview:large","max-video-preview":"max-video-preview:-1"},"canonical":"https:\/\/www.icip.cat\/ca\/inici-del-projecte-europeu-diaphora\/","og_locale":"ca_ES","og_type":"article","og_title":"Inici del projecte europeu Diaphora - ICIP","og_description":"L'ICIP col\u00b7labora en aquesta plataforma de formaci\u00f3 i recerca sobre la naturalesa dels problemes filos\u00f2fics.","og_url":"https:\/\/www.icip.cat\/ca\/inici-del-projecte-europeu-diaphora\/","og_site_name":"ICIP","article_published_time":"2016-01-27T08:00:00+00:00","og_image":[{"width":194,"height":166,"url":"https:\/\/www.icip.cat\/wp-content\/uploads\/2016\/01\/diaphora.jpg_257803220.jpg","type":"image\/jpeg"}],"author":"whads","twitter_card":"summary_large_image","twitter_misc":{"Escrit per":"whads","Temps estimat de lectura":"1 minut"},"schema":{"@context":"https:\/\/schema.org","@graph":[{"@type":"Article","@id":"https:\/\/www.icip.cat\/ca\/inici-del-projecte-europeu-diaphora\/#article","isPartOf":{"@id":"https:\/\/www.icip.cat\/ca\/inici-del-projecte-europeu-diaphora\/"},"author":{"name":"whads","@id":"https:\/\/www.icip.cat\/ca\/#\/schema\/person\/35404003404833995eee2bb6e3115dc6"},"headline":"Inici del projecte europeu Diaphora","datePublished":"2016-01-27T08:00:00+00:00","mainEntityOfPage":{"@id":"https:\/\/www.icip.cat\/ca\/inici-del-projecte-europeu-diaphora\/"},"wordCount":181,"publisher":{"@id":"https:\/\/www.icip.cat\/ca\/#organization"},"image":{"@id":"https:\/\/www.icip.cat\/ca\/inici-del-projecte-europeu-diaphora\/#primaryimage"},"thumbnailUrl":"https:\/\/www.icip.cat\/wp-content\/uploads\/2016\/01\/diaphora.jpg_257803220.jpg","inLanguage":"ca"},{"@type":"WebPage","@id":"https:\/\/www.icip.cat\/ca\/inici-del-projecte-europeu-diaphora\/","url":"https:\/\/www.icip.cat\/ca\/inici-del-projecte-europeu-diaphora\/","name":"Inici del projecte europeu Diaphora - ICIP","isPartOf":{"@id":"https:\/\/www.icip.cat\/ca\/#website"},"primaryImageOfPage":{"@id":"https:\/\/www.icip.cat\/ca\/inici-del-projecte-europeu-diaphora\/#primaryimage"},"image":{"@id":"https:\/\/www.icip.cat\/ca\/inici-del-projecte-europeu-diaphora\/#primaryimage"},"thumbnailUrl":"https:\/\/www.icip.cat\/wp-content\/uploads\/2016\/01\/diaphora.jpg_257803220.jpg","datePublished":"2016-01-27T08:00:00+00:00","inLanguage":"ca","potentialAction":[{"@type":"ReadAction","target":["https:\/\/www.icip.cat\/ca\/inici-del-projecte-europeu-diaphora\/"]}]},{"@type":"ImageObject","inLanguage":"ca","@id":"https:\/\/www.icip.cat\/ca\/inici-del-projecte-europeu-diaphora\/#primaryimage","url":"https:\/\/www.icip.cat\/wp-content\/uploads\/2016\/01\/diaphora.jpg_257803220.jpg","contentUrl":"https:\/\/www.icip.cat\/wp-content\/uploads\/2016\/01\/diaphora.jpg_257803220.jpg","width":194,"height":166,"caption":"Inici del projecte europeu Diaphora"},{"@type":"WebSite","@id":"https:\/\/www.icip.cat\/ca\/#website","url":"https:\/\/www.icip.cat\/ca\/","name":"ICIP","description":"","publisher":{"@id":"https:\/\/www.icip.cat\/ca\/#organization"},"potentialAction":[{"@type":"SearchAction","target":{"@type":"EntryPoint","urlTemplate":"https:\/\/www.icip.cat\/ca\/?s={search_term_string}"},"query-input":{"@type":"PropertyValueSpecification","valueRequired":true,"valueName":"search_term_string"}}],"inLanguage":"ca"},{"@type":"Organization","@id":"https:\/\/www.icip.cat\/ca\/#organization","name":"ICIP","url":"https:\/\/www.icip.cat\/ca\/","logo":{"@type":"ImageObject","inLanguage":"ca","@id":"https:\/\/www.icip.cat\/ca\/#\/schema\/logo\/image\/","url":"https:\/\/www.icip.cat\/wp-content\/uploads\/2021\/02\/logo-2.png","contentUrl":"https:\/\/www.icip.cat\/wp-content\/uploads\/2021\/02\/logo-2.png","width":562,"height":391,"caption":"ICIP"},"image":{"@id":"https:\/\/www.icip.cat\/ca\/#\/schema\/logo\/image\/"}},{"@type":"Person","@id":"https:\/\/www.icip.cat\/ca\/#\/schema\/person\/35404003404833995eee2bb6e3115dc6","name":"whads","image":{"@type":"ImageObject","inLanguage":"ca","@id":"https:\/\/www.icip.cat\/ca\/#\/schema\/person\/image\/","url":"https:\/\/secure.gravatar.com\/avatar\/6a92e4ce03d9442c546cc4afecfc51777413608a6d55a7b50040700657b6b30f?s=96&d=mm&r=g","contentUrl":"https:\/\/secure.gravatar.com\/avatar\/6a92e4ce03d9442c546cc4afecfc51777413608a6d55a7b50040700657b6b30f?s=96&d=mm&r=g","caption":"whads"},"sameAs":["http:\/\/www.icip.cat"],"url":"https:\/\/www.icip.cat\/ca\/author\/whads\/"}]}},"_links":{"self":[{"href":"https:\/\/www.icip.cat\/ca\/wp-json\/wp\/v2\/posts\/4071","targetHints":{"allow":["GET"]}}],"collection":[{"href":"https:\/\/www.icip.cat\/ca\/wp-json\/wp\/v2\/posts"}],"about":[{"href":"https:\/\/www.icip.cat\/ca\/wp-json\/wp\/v2\/types\/post"}],"author":[{"embeddable":true,"href":"https:\/\/www.icip.cat\/ca\/wp-json\/wp\/v2\/users\/1"}],"replies":[{"embeddable":true,"href":"https:\/\/www.icip.cat\/ca\/wp-json\/wp\/v2\/comments?post=4071"}],"version-history":[{"count":0,"href":"https:\/\/www.icip.cat\/ca\/wp-json\/wp\/v2\/posts\/4071\/revisions"}],"wp:featuredmedia":[{"embeddable":true,"href":"https:\/\/www.icip.cat\/ca\/wp-json\/wp\/v2\/media\/4072"}],"wp:attachment":[{"href":"https:\/\/www.icip.cat\/ca\/wp-json\/wp\/v2\/media?parent=4071"}],"wp:term":[{"taxonomy":"category","embeddable":true,"href":"https:\/\/www.icip.cat\/ca\/wp-json\/wp\/v2\/categories?post=4071"},{"taxonomy":"post_tag","embeddable":true,"href":"https:\/\/www.icip.cat\/ca\/wp-json\/wp\/v2\/tags?post=4071"}],"curies":[{"name":"wp","href":"https:\/\/api.w.org\/{rel}","templated":true}]}}