{"id":4091,"date":"2015-12-17T08:00:00","date_gmt":"2015-12-17T08:00:00","guid":{"rendered":"http:\/\/www.icip.cat\/intercanvi-dexperiencies-amb-institucions-de-pau-de-gernika\/"},"modified":"2015-12-17T08:00:00","modified_gmt":"2015-12-17T08:00:00","slug":"intercanvi-dexperiencies-amb-institucions-de-pau-de-gernika","status":"publish","type":"post","link":"https:\/\/www.icip.cat\/ca\/intercanvi-dexperiencies-amb-institucions-de-pau-de-gernika\/","title":{"rendered":"Intercanvi d&#8217;experi\u00e8ncies amb institucions de pau de Gernika"},"content":{"rendered":"<p>Una delegaci\u00f3 de l&#8217;ICIP encap\u00e7alada per la directora, Tica Font, va viatjar al Pa\u00eds Basc el passat 9 de desembre per reunir-se amb representants del Centre d&#8217;investigaci\u00f3 per a la pau Gernika Gogoratuz i del Museu de la Pau de Gernika.<br \/>\nEn la trobada van participar les directores d&#8217;aquestes dues fundacions, Mar\u00eda Oianguren i Iratxe Momoitio, respectivament. Es tracta de dues entitats que, per la seva llarga traject\u00f2ria i per la qualitat de la seva feina, han esdevinguts referents en la divulgaci\u00f3 de la cultura de pau. Al llarg d\u2019aquesta trobada, es va fer una reflexi\u00f3 aprofundida sobre les experi\u00e8ncies de totes tres institucions en l\u2019\u00e0mbit de la formaci\u00f3 i difusi\u00f3 i els reptes i oportunitats actuals en aquest \u00e0mbit.<\/p>\n","protected":false},"excerpt":{"rendered":"<p>L&#8217;ICIP es reuneix amb les fundacions Gernika Gogoratuz i el Museu de la Pau de Gernika<\/p>\n","protected":false},"author":1,"featured_media":4092,"comment_status":"closed","ping_status":"open","sticky":false,"template":"","format":"standard","meta":{"_acf_changed":false,"footnotes":""},"categories":[4],"tags":[],"class_list":["post-4091","post","type-post","status-publish","format-standard","has-post-thumbnail","hentry","category-sense-categoria"],"acf":[],"yoast_head":"<!-- This site is optimized with the Yoast SEO plugin v25.6 - https:\/\/yoast.com\/wordpress\/plugins\/seo\/ -->\n<title>Intercanvi d&#039;experi\u00e8ncies amb institucions de pau de Gernika - ICIP<\/title>\n<meta name=\"robots\" content=\"index, follow, max-snippet:-1, max-image-preview:large, max-video-preview:-1\" \/>\n<link rel=\"canonical\" href=\"https:\/\/www.icip.cat\/ca\/intercanvi-dexperiencies-amb-institucions-de-pau-de-gernika\/\" \/>\n<meta property=\"og:locale\" content=\"ca_ES\" \/>\n<meta property=\"og:type\" content=\"article\" \/>\n<meta property=\"og:title\" content=\"Intercanvi d&#039;experi\u00e8ncies amb institucions de pau de Gernika - ICIP\" \/>\n<meta property=\"og:description\" content=\"L&#039;ICIP es reuneix amb les fundacions Gernika Gogoratuz i el Museu de la Pau de Gernika\" \/>\n<meta property=\"og:url\" content=\"https:\/\/www.icip.cat\/ca\/intercanvi-dexperiencies-amb-institucions-de-pau-de-gernika\/\" \/>\n<meta property=\"og:site_name\" content=\"ICIP\" \/>\n<meta property=\"article:published_time\" content=\"2015-12-17T08:00:00+00:00\" \/>\n<meta property=\"og:image\" content=\"https:\/\/www.icip.cat\/wp-content\/uploads\/2015\/12\/gernika.jpg_1663626460.jpg\" \/>\n\t<meta property=\"og:image:width\" content=\"190\" \/>\n\t<meta property=\"og:image:height\" content=\"162\" \/>\n\t<meta property=\"og:image:type\" content=\"image\/jpeg\" \/>\n<meta name=\"author\" content=\"whads\" \/>\n<meta name=\"twitter:card\" content=\"summary_large_image\" \/>\n<meta name=\"twitter:label1\" content=\"Escrit per\" \/>\n\t<meta name=\"twitter:data1\" content=\"whads\" \/>\n\t<meta name=\"twitter:label2\" content=\"Temps estimat de lectura\" \/>\n\t<meta name=\"twitter:data2\" content=\"1 minut\" \/>\n<script type=\"application\/ld+json\" class=\"yoast-schema-graph\">{\"@context\":\"https:\/\/schema.org\",\"@graph\":[{\"@type\":\"Article\",\"@id\":\"https:\/\/www.icip.cat\/ca\/intercanvi-dexperiencies-amb-institucions-de-pau-de-gernika\/#article\",\"isPartOf\":{\"@id\":\"https:\/\/www.icip.cat\/ca\/intercanvi-dexperiencies-amb-institucions-de-pau-de-gernika\/\"},\"author\":{\"name\":\"whads\",\"@id\":\"https:\/\/www.icip.cat\/ca\/#\/schema\/person\/35404003404833995eee2bb6e3115dc6\"},\"headline\":\"Intercanvi d&#8217;experi\u00e8ncies amb institucions de pau de Gernika\",\"datePublished\":\"2015-12-17T08:00:00+00:00\",\"mainEntityOfPage\":{\"@id\":\"https:\/\/www.icip.cat\/ca\/intercanvi-dexperiencies-amb-institucions-de-pau-de-gernika\/\"},\"wordCount\":139,\"publisher\":{\"@id\":\"https:\/\/www.icip.cat\/ca\/#organization\"},\"image\":{\"@id\":\"https:\/\/www.icip.cat\/ca\/intercanvi-dexperiencies-amb-institucions-de-pau-de-gernika\/#primaryimage\"},\"thumbnailUrl\":\"https:\/\/www.icip.cat\/wp-content\/uploads\/2015\/12\/gernika.jpg_1663626460.jpg\",\"inLanguage\":\"ca\"},{\"@type\":\"WebPage\",\"@id\":\"https:\/\/www.icip.cat\/ca\/intercanvi-dexperiencies-amb-institucions-de-pau-de-gernika\/\",\"url\":\"https:\/\/www.icip.cat\/ca\/intercanvi-dexperiencies-amb-institucions-de-pau-de-gernika\/\",\"name\":\"Intercanvi d'experi\u00e8ncies amb institucions de pau de Gernika - ICIP\",\"isPartOf\":{\"@id\":\"https:\/\/www.icip.cat\/ca\/#website\"},\"primaryImageOfPage\":{\"@id\":\"https:\/\/www.icip.cat\/ca\/intercanvi-dexperiencies-amb-institucions-de-pau-de-gernika\/#primaryimage\"},\"image\":{\"@id\":\"https:\/\/www.icip.cat\/ca\/intercanvi-dexperiencies-amb-institucions-de-pau-de-gernika\/#primaryimage\"},\"thumbnailUrl\":\"https:\/\/www.icip.cat\/wp-content\/uploads\/2015\/12\/gernika.jpg_1663626460.jpg\",\"datePublished\":\"2015-12-17T08:00:00+00:00\",\"inLanguage\":\"ca\",\"potentialAction\":[{\"@type\":\"ReadAction\",\"target\":[\"https:\/\/www.icip.cat\/ca\/intercanvi-dexperiencies-amb-institucions-de-pau-de-gernika\/\"]}]},{\"@type\":\"ImageObject\",\"inLanguage\":\"ca\",\"@id\":\"https:\/\/www.icip.cat\/ca\/intercanvi-dexperiencies-amb-institucions-de-pau-de-gernika\/#primaryimage\",\"url\":\"https:\/\/www.icip.cat\/wp-content\/uploads\/2015\/12\/gernika.jpg_1663626460.jpg\",\"contentUrl\":\"https:\/\/www.icip.cat\/wp-content\/uploads\/2015\/12\/gernika.jpg_1663626460.jpg\",\"width\":190,\"height\":162,\"caption\":\"Intercanvi d'experi\u00e8ncies amb institucions de pau de Gernika\"},{\"@type\":\"WebSite\",\"@id\":\"https:\/\/www.icip.cat\/ca\/#website\",\"url\":\"https:\/\/www.icip.cat\/ca\/\",\"name\":\"ICIP\",\"description\":\"\",\"publisher\":{\"@id\":\"https:\/\/www.icip.cat\/ca\/#organization\"},\"potentialAction\":[{\"@type\":\"SearchAction\",\"target\":{\"@type\":\"EntryPoint\",\"urlTemplate\":\"https:\/\/www.icip.cat\/ca\/?s={search_term_string}\"},\"query-input\":{\"@type\":\"PropertyValueSpecification\",\"valueRequired\":true,\"valueName\":\"search_term_string\"}}],\"inLanguage\":\"ca\"},{\"@type\":\"Organization\",\"@id\":\"https:\/\/www.icip.cat\/ca\/#organization\",\"name\":\"ICIP\",\"url\":\"https:\/\/www.icip.cat\/ca\/\",\"logo\":{\"@type\":\"ImageObject\",\"inLanguage\":\"ca\",\"@id\":\"https:\/\/www.icip.cat\/ca\/#\/schema\/logo\/image\/\",\"url\":\"https:\/\/www.icip.cat\/wp-content\/uploads\/2021\/02\/logo-2.png\",\"contentUrl\":\"https:\/\/www.icip.cat\/wp-content\/uploads\/2021\/02\/logo-2.png\",\"width\":562,\"height\":391,\"caption\":\"ICIP\"},\"image\":{\"@id\":\"https:\/\/www.icip.cat\/ca\/#\/schema\/logo\/image\/\"}},{\"@type\":\"Person\",\"@id\":\"https:\/\/www.icip.cat\/ca\/#\/schema\/person\/35404003404833995eee2bb6e3115dc6\",\"name\":\"whads\",\"image\":{\"@type\":\"ImageObject\",\"inLanguage\":\"ca\",\"@id\":\"https:\/\/www.icip.cat\/ca\/#\/schema\/person\/image\/\",\"url\":\"https:\/\/secure.gravatar.com\/avatar\/6a92e4ce03d9442c546cc4afecfc51777413608a6d55a7b50040700657b6b30f?s=96&d=mm&r=g\",\"contentUrl\":\"https:\/\/secure.gravatar.com\/avatar\/6a92e4ce03d9442c546cc4afecfc51777413608a6d55a7b50040700657b6b30f?s=96&d=mm&r=g\",\"caption\":\"whads\"},\"sameAs\":[\"http:\/\/www.icip.cat\"],\"url\":\"https:\/\/www.icip.cat\/ca\/author\/whads\/\"}]}<\/script>\n<!-- \/ Yoast SEO plugin. -->","yoast_head_json":{"title":"Intercanvi d'experi\u00e8ncies amb institucions de pau de Gernika - ICIP","robots":{"index":"index","follow":"follow","max-snippet":"max-snippet:-1","max-image-preview":"max-image-preview:large","max-video-preview":"max-video-preview:-1"},"canonical":"https:\/\/www.icip.cat\/ca\/intercanvi-dexperiencies-amb-institucions-de-pau-de-gernika\/","og_locale":"ca_ES","og_type":"article","og_title":"Intercanvi d'experi\u00e8ncies amb institucions de pau de Gernika - ICIP","og_description":"L'ICIP es reuneix amb les fundacions Gernika Gogoratuz i el Museu de la Pau de Gernika","og_url":"https:\/\/www.icip.cat\/ca\/intercanvi-dexperiencies-amb-institucions-de-pau-de-gernika\/","og_site_name":"ICIP","article_published_time":"2015-12-17T08:00:00+00:00","og_image":[{"width":190,"height":162,"url":"https:\/\/www.icip.cat\/wp-content\/uploads\/2015\/12\/gernika.jpg_1663626460.jpg","type":"image\/jpeg"}],"author":"whads","twitter_card":"summary_large_image","twitter_misc":{"Escrit per":"whads","Temps estimat de lectura":"1 minut"},"schema":{"@context":"https:\/\/schema.org","@graph":[{"@type":"Article","@id":"https:\/\/www.icip.cat\/ca\/intercanvi-dexperiencies-amb-institucions-de-pau-de-gernika\/#article","isPartOf":{"@id":"https:\/\/www.icip.cat\/ca\/intercanvi-dexperiencies-amb-institucions-de-pau-de-gernika\/"},"author":{"name":"whads","@id":"https:\/\/www.icip.cat\/ca\/#\/schema\/person\/35404003404833995eee2bb6e3115dc6"},"headline":"Intercanvi d&#8217;experi\u00e8ncies amb institucions de pau de Gernika","datePublished":"2015-12-17T08:00:00+00:00","mainEntityOfPage":{"@id":"https:\/\/www.icip.cat\/ca\/intercanvi-dexperiencies-amb-institucions-de-pau-de-gernika\/"},"wordCount":139,"publisher":{"@id":"https:\/\/www.icip.cat\/ca\/#organization"},"image":{"@id":"https:\/\/www.icip.cat\/ca\/intercanvi-dexperiencies-amb-institucions-de-pau-de-gernika\/#primaryimage"},"thumbnailUrl":"https:\/\/www.icip.cat\/wp-content\/uploads\/2015\/12\/gernika.jpg_1663626460.jpg","inLanguage":"ca"},{"@type":"WebPage","@id":"https:\/\/www.icip.cat\/ca\/intercanvi-dexperiencies-amb-institucions-de-pau-de-gernika\/","url":"https:\/\/www.icip.cat\/ca\/intercanvi-dexperiencies-amb-institucions-de-pau-de-gernika\/","name":"Intercanvi d'experi\u00e8ncies amb institucions de pau de Gernika - ICIP","isPartOf":{"@id":"https:\/\/www.icip.cat\/ca\/#website"},"primaryImageOfPage":{"@id":"https:\/\/www.icip.cat\/ca\/intercanvi-dexperiencies-amb-institucions-de-pau-de-gernika\/#primaryimage"},"image":{"@id":"https:\/\/www.icip.cat\/ca\/intercanvi-dexperiencies-amb-institucions-de-pau-de-gernika\/#primaryimage"},"thumbnailUrl":"https:\/\/www.icip.cat\/wp-content\/uploads\/2015\/12\/gernika.jpg_1663626460.jpg","datePublished":"2015-12-17T08:00:00+00:00","inLanguage":"ca","potentialAction":[{"@type":"ReadAction","target":["https:\/\/www.icip.cat\/ca\/intercanvi-dexperiencies-amb-institucions-de-pau-de-gernika\/"]}]},{"@type":"ImageObject","inLanguage":"ca","@id":"https:\/\/www.icip.cat\/ca\/intercanvi-dexperiencies-amb-institucions-de-pau-de-gernika\/#primaryimage","url":"https:\/\/www.icip.cat\/wp-content\/uploads\/2015\/12\/gernika.jpg_1663626460.jpg","contentUrl":"https:\/\/www.icip.cat\/wp-content\/uploads\/2015\/12\/gernika.jpg_1663626460.jpg","width":190,"height":162,"caption":"Intercanvi d'experi\u00e8ncies amb institucions de pau de Gernika"},{"@type":"WebSite","@id":"https:\/\/www.icip.cat\/ca\/#website","url":"https:\/\/www.icip.cat\/ca\/","name":"ICIP","description":"","publisher":{"@id":"https:\/\/www.icip.cat\/ca\/#organization"},"potentialAction":[{"@type":"SearchAction","target":{"@type":"EntryPoint","urlTemplate":"https:\/\/www.icip.cat\/ca\/?s={search_term_string}"},"query-input":{"@type":"PropertyValueSpecification","valueRequired":true,"valueName":"search_term_string"}}],"inLanguage":"ca"},{"@type":"Organization","@id":"https:\/\/www.icip.cat\/ca\/#organization","name":"ICIP","url":"https:\/\/www.icip.cat\/ca\/","logo":{"@type":"ImageObject","inLanguage":"ca","@id":"https:\/\/www.icip.cat\/ca\/#\/schema\/logo\/image\/","url":"https:\/\/www.icip.cat\/wp-content\/uploads\/2021\/02\/logo-2.png","contentUrl":"https:\/\/www.icip.cat\/wp-content\/uploads\/2021\/02\/logo-2.png","width":562,"height":391,"caption":"ICIP"},"image":{"@id":"https:\/\/www.icip.cat\/ca\/#\/schema\/logo\/image\/"}},{"@type":"Person","@id":"https:\/\/www.icip.cat\/ca\/#\/schema\/person\/35404003404833995eee2bb6e3115dc6","name":"whads","image":{"@type":"ImageObject","inLanguage":"ca","@id":"https:\/\/www.icip.cat\/ca\/#\/schema\/person\/image\/","url":"https:\/\/secure.gravatar.com\/avatar\/6a92e4ce03d9442c546cc4afecfc51777413608a6d55a7b50040700657b6b30f?s=96&d=mm&r=g","contentUrl":"https:\/\/secure.gravatar.com\/avatar\/6a92e4ce03d9442c546cc4afecfc51777413608a6d55a7b50040700657b6b30f?s=96&d=mm&r=g","caption":"whads"},"sameAs":["http:\/\/www.icip.cat"],"url":"https:\/\/www.icip.cat\/ca\/author\/whads\/"}]}},"_links":{"self":[{"href":"https:\/\/www.icip.cat\/ca\/wp-json\/wp\/v2\/posts\/4091","targetHints":{"allow":["GET"]}}],"collection":[{"href":"https:\/\/www.icip.cat\/ca\/wp-json\/wp\/v2\/posts"}],"about":[{"href":"https:\/\/www.icip.cat\/ca\/wp-json\/wp\/v2\/types\/post"}],"author":[{"embeddable":true,"href":"https:\/\/www.icip.cat\/ca\/wp-json\/wp\/v2\/users\/1"}],"replies":[{"embeddable":true,"href":"https:\/\/www.icip.cat\/ca\/wp-json\/wp\/v2\/comments?post=4091"}],"version-history":[{"count":0,"href":"https:\/\/www.icip.cat\/ca\/wp-json\/wp\/v2\/posts\/4091\/revisions"}],"wp:featuredmedia":[{"embeddable":true,"href":"https:\/\/www.icip.cat\/ca\/wp-json\/wp\/v2\/media\/4092"}],"wp:attachment":[{"href":"https:\/\/www.icip.cat\/ca\/wp-json\/wp\/v2\/media?parent=4091"}],"wp:term":[{"taxonomy":"category","embeddable":true,"href":"https:\/\/www.icip.cat\/ca\/wp-json\/wp\/v2\/categories?post=4091"},{"taxonomy":"post_tag","embeddable":true,"href":"https:\/\/www.icip.cat\/ca\/wp-json\/wp\/v2\/tags?post=4091"}],"curies":[{"name":"wp","href":"https:\/\/api.w.org\/{rel}","templated":true}]}}