{"id":4127,"date":"2015-09-29T08:00:00","date_gmt":"2015-09-29T08:00:00","guid":{"rendered":"http:\/\/www.icip.cat\/joan-botam-premi-icip-2015\/"},"modified":"2021-11-18T09:40:04","modified_gmt":"2021-11-18T09:40:04","slug":"joan-botam-premi-icip-2015","status":"publish","type":"post","link":"https:\/\/www.icip.cat\/ca\/joan-botam-premi-icip-2015\/","title":{"rendered":"Joan Botam, Premi ICIP Constructors de Pau 2015"},"content":{"rendered":"<div class=\"FW_sArticleFoto\">\n<div class=\"FW_sEditPro\">\n<p>El Premi ICIP 2015 reconeix el pare caputx\u00ed Joan Botam per ser &#8220;<strong>impulsor de nombroses iniciatives vinculades a la pau i a l\u2019ecumenisme, un dels principals introductors del pacifisme a Catalunya i un clar defensor del di\u00e0leg interreligi\u00f3s i de la religi\u00f3 com a font de pau<\/strong>&#8220;.\u00a0<\/p>\n<p>Joan Botam (Les Borges Blanques, 1926) \u00e9s doctor en teologia i fundador de l\u2019Institut V\u00edctor Seix de Polemologia i del Centre Ecum\u00e8nic de Catalunya, del qual n&#8217;\u00e9s actualment president. La seva traject\u00f2ria vinculada al moviment pacifista s&#8217;inicia l\u2019any 1955, quan assumeix el c\u00e0rrec de consiliari religi\u00f3s del moviment confessional Pax Christi. L&#8217;any 1963 \u00e9s elegit provincial dels caputxins de Sarri\u00e0 i, des d\u2019aquesta posici\u00f3, Botam juga un paper clau en els fets de la \u2018Caputxinada\u2019, la tancada d\u2019estudiants, intel\u00b7lectuals i artistes al Convent dels Caputxins, l\u2019any 1966. La seva intervenci\u00f3 com a provincial va ser determinant per a impedir la detenci\u00f3 dels manifestants. M\u00e9s recentment, Joan Botam ha representat Barcelona a la Cimera del Mil\u00b7lenni de l\u00edders religiosos i espirituals de les Nacions Unides (2000) i ha estat guardonat amb la Creu de Sant Jordi (2010), per la seva contribuci\u00f3 al di\u00e0leg interreligi\u00f3s, la promoci\u00f3 de la pau, la conviv\u00e8ncia i l\u2019entesa entre cultures.<\/p>\n<p>La\u00a0<a href=\"http:\/\/icip.gencat.cat\/ca\/actualitat\/Noticia\/Premi-ICIP-00012\" target=\"_blank\" rel=\"noopener noreferrer\">cerim\u00f2nia de lliurament del premi<\/a>\u00a0va tenir lloc el 12 d&#8217;abril de 2016 al Parlament de Catalunya. L&#8217;acte, presidit per la presidenta del Parlament, Carme Forcadell, i el conseller d&#8217;Afers Exteriors, Ra\u00fcl Romeva, va comptar amb nombrosos representants de diferents tradicions religioses i espirituals de Catalunya.<\/p>\n<\/div>\n<\/div>\n\n\n<figure class=\"wp-block-embed-youtube aligncenter wp-block-embed is-type-video is-provider-youtube wp-embed-aspect-4-3 wp-has-aspect-ratio\"><div class=\"wp-block-embed__wrapper\">\n<iframe title=\"Premi ICIP Constructors de Pau 2015: Joan Botam\" width=\"640\" height=\"360\" src=\"https:\/\/www.youtube.com\/embed\/Ep7VovZtwVs?feature=oembed\" frameborder=\"0\" allow=\"accelerometer; autoplay; clipboard-write; encrypted-media; gyroscope; picture-in-picture; web-share\" referrerpolicy=\"strict-origin-when-cross-origin\" allowfullscreen><\/iframe>\n<\/div><figcaption>V\u00b4\u00eddeo de la cerim\u00f2nia de lliurament del Premi ICIP 2015 al Parlament de Catalunya<\/figcaption><\/figure>\n","protected":false},"excerpt":{"rendered":"<p>L&#8217;ICIP guardona el sacerdot i caputx\u00ed catal\u00e0, impulsor de nombroses iniciatives vinculades a la pau i a l&#8217;ecumenisme.<\/p>\n","protected":false},"author":1,"featured_media":4128,"comment_status":"closed","ping_status":"open","sticky":false,"template":"","format":"standard","meta":{"_acf_changed":false,"footnotes":""},"categories":[4],"tags":[],"class_list":["post-4127","post","type-post","status-publish","format-standard","has-post-thumbnail","hentry","category-sense-categoria"],"acf":[],"yoast_head":"<!-- This site is optimized with the Yoast SEO plugin v25.6 - https:\/\/yoast.com\/wordpress\/plugins\/seo\/ -->\n<title>Joan Botam, Premi ICIP Constructors de Pau 2015 - ICIP<\/title>\n<meta name=\"robots\" content=\"index, follow, max-snippet:-1, max-image-preview:large, max-video-preview:-1\" \/>\n<link rel=\"canonical\" href=\"https:\/\/www.icip.cat\/ca\/joan-botam-premi-icip-2015\/\" \/>\n<meta property=\"og:locale\" content=\"ca_ES\" \/>\n<meta property=\"og:type\" content=\"article\" \/>\n<meta property=\"og:title\" content=\"Joan Botam, Premi ICIP Constructors de Pau 2015 - ICIP\" \/>\n<meta property=\"og:description\" content=\"L&#039;ICIP guardona el sacerdot i caputx\u00ed catal\u00e0, impulsor de nombroses iniciatives vinculades a la pau i a l&#039;ecumenisme.\" \/>\n<meta property=\"og:url\" content=\"https:\/\/www.icip.cat\/ca\/joan-botam-premi-icip-2015\/\" \/>\n<meta property=\"og:site_name\" content=\"ICIP\" \/>\n<meta property=\"article:published_time\" content=\"2015-09-29T08:00:00+00:00\" \/>\n<meta property=\"article:modified_time\" content=\"2021-11-18T09:40:04+00:00\" \/>\n<meta property=\"og:image\" content=\"https:\/\/www.icip.cat\/wp-content\/uploads\/2015\/09\/Botam.jpg_1961293080.jpg\" \/>\n\t<meta property=\"og:image:width\" content=\"160\" \/>\n\t<meta property=\"og:image:height\" content=\"196\" \/>\n\t<meta property=\"og:image:type\" content=\"image\/jpeg\" \/>\n<meta name=\"author\" content=\"whads\" \/>\n<meta name=\"twitter:card\" content=\"summary_large_image\" \/>\n<meta name=\"twitter:label1\" content=\"Escrit per\" \/>\n\t<meta name=\"twitter:data1\" content=\"whads\" \/>\n\t<meta name=\"twitter:label2\" content=\"Temps estimat de lectura\" \/>\n\t<meta name=\"twitter:data2\" content=\"2 minuts\" \/>\n<script type=\"application\/ld+json\" class=\"yoast-schema-graph\">{\"@context\":\"https:\/\/schema.org\",\"@graph\":[{\"@type\":\"Article\",\"@id\":\"https:\/\/www.icip.cat\/ca\/joan-botam-premi-icip-2015\/#article\",\"isPartOf\":{\"@id\":\"https:\/\/www.icip.cat\/ca\/joan-botam-premi-icip-2015\/\"},\"author\":{\"name\":\"whads\",\"@id\":\"https:\/\/www.icip.cat\/ca\/#\/schema\/person\/35404003404833995eee2bb6e3115dc6\"},\"headline\":\"Joan Botam, Premi ICIP Constructors de Pau 2015\",\"datePublished\":\"2015-09-29T08:00:00+00:00\",\"dateModified\":\"2021-11-18T09:40:04+00:00\",\"mainEntityOfPage\":{\"@id\":\"https:\/\/www.icip.cat\/ca\/joan-botam-premi-icip-2015\/\"},\"wordCount\":295,\"publisher\":{\"@id\":\"https:\/\/www.icip.cat\/ca\/#organization\"},\"image\":{\"@id\":\"https:\/\/www.icip.cat\/ca\/joan-botam-premi-icip-2015\/#primaryimage\"},\"thumbnailUrl\":\"https:\/\/www.icip.cat\/wp-content\/uploads\/2015\/09\/Botam.jpg_1961293080.jpg\",\"inLanguage\":\"ca\"},{\"@type\":\"WebPage\",\"@id\":\"https:\/\/www.icip.cat\/ca\/joan-botam-premi-icip-2015\/\",\"url\":\"https:\/\/www.icip.cat\/ca\/joan-botam-premi-icip-2015\/\",\"name\":\"Joan Botam, Premi ICIP Constructors de Pau 2015 - ICIP\",\"isPartOf\":{\"@id\":\"https:\/\/www.icip.cat\/ca\/#website\"},\"primaryImageOfPage\":{\"@id\":\"https:\/\/www.icip.cat\/ca\/joan-botam-premi-icip-2015\/#primaryimage\"},\"image\":{\"@id\":\"https:\/\/www.icip.cat\/ca\/joan-botam-premi-icip-2015\/#primaryimage\"},\"thumbnailUrl\":\"https:\/\/www.icip.cat\/wp-content\/uploads\/2015\/09\/Botam.jpg_1961293080.jpg\",\"datePublished\":\"2015-09-29T08:00:00+00:00\",\"dateModified\":\"2021-11-18T09:40:04+00:00\",\"inLanguage\":\"ca\",\"potentialAction\":[{\"@type\":\"ReadAction\",\"target\":[\"https:\/\/www.icip.cat\/ca\/joan-botam-premi-icip-2015\/\"]}]},{\"@type\":\"ImageObject\",\"inLanguage\":\"ca\",\"@id\":\"https:\/\/www.icip.cat\/ca\/joan-botam-premi-icip-2015\/#primaryimage\",\"url\":\"https:\/\/www.icip.cat\/wp-content\/uploads\/2015\/09\/Botam.jpg_1961293080.jpg\",\"contentUrl\":\"https:\/\/www.icip.cat\/wp-content\/uploads\/2015\/09\/Botam.jpg_1961293080.jpg\",\"width\":160,\"height\":196,\"caption\":\"Joan Botam, Premi ICIP 2015\"},{\"@type\":\"WebSite\",\"@id\":\"https:\/\/www.icip.cat\/ca\/#website\",\"url\":\"https:\/\/www.icip.cat\/ca\/\",\"name\":\"ICIP\",\"description\":\"\",\"publisher\":{\"@id\":\"https:\/\/www.icip.cat\/ca\/#organization\"},\"potentialAction\":[{\"@type\":\"SearchAction\",\"target\":{\"@type\":\"EntryPoint\",\"urlTemplate\":\"https:\/\/www.icip.cat\/ca\/?s={search_term_string}\"},\"query-input\":{\"@type\":\"PropertyValueSpecification\",\"valueRequired\":true,\"valueName\":\"search_term_string\"}}],\"inLanguage\":\"ca\"},{\"@type\":\"Organization\",\"@id\":\"https:\/\/www.icip.cat\/ca\/#organization\",\"name\":\"ICIP\",\"url\":\"https:\/\/www.icip.cat\/ca\/\",\"logo\":{\"@type\":\"ImageObject\",\"inLanguage\":\"ca\",\"@id\":\"https:\/\/www.icip.cat\/ca\/#\/schema\/logo\/image\/\",\"url\":\"https:\/\/www.icip.cat\/wp-content\/uploads\/2021\/02\/logo-2.png\",\"contentUrl\":\"https:\/\/www.icip.cat\/wp-content\/uploads\/2021\/02\/logo-2.png\",\"width\":562,\"height\":391,\"caption\":\"ICIP\"},\"image\":{\"@id\":\"https:\/\/www.icip.cat\/ca\/#\/schema\/logo\/image\/\"}},{\"@type\":\"Person\",\"@id\":\"https:\/\/www.icip.cat\/ca\/#\/schema\/person\/35404003404833995eee2bb6e3115dc6\",\"name\":\"whads\",\"image\":{\"@type\":\"ImageObject\",\"inLanguage\":\"ca\",\"@id\":\"https:\/\/www.icip.cat\/ca\/#\/schema\/person\/image\/\",\"url\":\"https:\/\/secure.gravatar.com\/avatar\/6a92e4ce03d9442c546cc4afecfc51777413608a6d55a7b50040700657b6b30f?s=96&d=mm&r=g\",\"contentUrl\":\"https:\/\/secure.gravatar.com\/avatar\/6a92e4ce03d9442c546cc4afecfc51777413608a6d55a7b50040700657b6b30f?s=96&d=mm&r=g\",\"caption\":\"whads\"},\"sameAs\":[\"http:\/\/www.icip.cat\"],\"url\":\"https:\/\/www.icip.cat\/ca\/author\/whads\/\"}]}<\/script>\n<!-- \/ Yoast SEO plugin. -->","yoast_head_json":{"title":"Joan Botam, Premi ICIP Constructors de Pau 2015 - ICIP","robots":{"index":"index","follow":"follow","max-snippet":"max-snippet:-1","max-image-preview":"max-image-preview:large","max-video-preview":"max-video-preview:-1"},"canonical":"https:\/\/www.icip.cat\/ca\/joan-botam-premi-icip-2015\/","og_locale":"ca_ES","og_type":"article","og_title":"Joan Botam, Premi ICIP Constructors de Pau 2015 - ICIP","og_description":"L'ICIP guardona el sacerdot i caputx\u00ed catal\u00e0, impulsor de nombroses iniciatives vinculades a la pau i a l'ecumenisme.","og_url":"https:\/\/www.icip.cat\/ca\/joan-botam-premi-icip-2015\/","og_site_name":"ICIP","article_published_time":"2015-09-29T08:00:00+00:00","article_modified_time":"2021-11-18T09:40:04+00:00","og_image":[{"width":160,"height":196,"url":"https:\/\/www.icip.cat\/wp-content\/uploads\/2015\/09\/Botam.jpg_1961293080.jpg","type":"image\/jpeg"}],"author":"whads","twitter_card":"summary_large_image","twitter_misc":{"Escrit per":"whads","Temps estimat de lectura":"2 minuts"},"schema":{"@context":"https:\/\/schema.org","@graph":[{"@type":"Article","@id":"https:\/\/www.icip.cat\/ca\/joan-botam-premi-icip-2015\/#article","isPartOf":{"@id":"https:\/\/www.icip.cat\/ca\/joan-botam-premi-icip-2015\/"},"author":{"name":"whads","@id":"https:\/\/www.icip.cat\/ca\/#\/schema\/person\/35404003404833995eee2bb6e3115dc6"},"headline":"Joan Botam, Premi ICIP Constructors de Pau 2015","datePublished":"2015-09-29T08:00:00+00:00","dateModified":"2021-11-18T09:40:04+00:00","mainEntityOfPage":{"@id":"https:\/\/www.icip.cat\/ca\/joan-botam-premi-icip-2015\/"},"wordCount":295,"publisher":{"@id":"https:\/\/www.icip.cat\/ca\/#organization"},"image":{"@id":"https:\/\/www.icip.cat\/ca\/joan-botam-premi-icip-2015\/#primaryimage"},"thumbnailUrl":"https:\/\/www.icip.cat\/wp-content\/uploads\/2015\/09\/Botam.jpg_1961293080.jpg","inLanguage":"ca"},{"@type":"WebPage","@id":"https:\/\/www.icip.cat\/ca\/joan-botam-premi-icip-2015\/","url":"https:\/\/www.icip.cat\/ca\/joan-botam-premi-icip-2015\/","name":"Joan Botam, Premi ICIP Constructors de Pau 2015 - ICIP","isPartOf":{"@id":"https:\/\/www.icip.cat\/ca\/#website"},"primaryImageOfPage":{"@id":"https:\/\/www.icip.cat\/ca\/joan-botam-premi-icip-2015\/#primaryimage"},"image":{"@id":"https:\/\/www.icip.cat\/ca\/joan-botam-premi-icip-2015\/#primaryimage"},"thumbnailUrl":"https:\/\/www.icip.cat\/wp-content\/uploads\/2015\/09\/Botam.jpg_1961293080.jpg","datePublished":"2015-09-29T08:00:00+00:00","dateModified":"2021-11-18T09:40:04+00:00","inLanguage":"ca","potentialAction":[{"@type":"ReadAction","target":["https:\/\/www.icip.cat\/ca\/joan-botam-premi-icip-2015\/"]}]},{"@type":"ImageObject","inLanguage":"ca","@id":"https:\/\/www.icip.cat\/ca\/joan-botam-premi-icip-2015\/#primaryimage","url":"https:\/\/www.icip.cat\/wp-content\/uploads\/2015\/09\/Botam.jpg_1961293080.jpg","contentUrl":"https:\/\/www.icip.cat\/wp-content\/uploads\/2015\/09\/Botam.jpg_1961293080.jpg","width":160,"height":196,"caption":"Joan Botam, Premi ICIP 2015"},{"@type":"WebSite","@id":"https:\/\/www.icip.cat\/ca\/#website","url":"https:\/\/www.icip.cat\/ca\/","name":"ICIP","description":"","publisher":{"@id":"https:\/\/www.icip.cat\/ca\/#organization"},"potentialAction":[{"@type":"SearchAction","target":{"@type":"EntryPoint","urlTemplate":"https:\/\/www.icip.cat\/ca\/?s={search_term_string}"},"query-input":{"@type":"PropertyValueSpecification","valueRequired":true,"valueName":"search_term_string"}}],"inLanguage":"ca"},{"@type":"Organization","@id":"https:\/\/www.icip.cat\/ca\/#organization","name":"ICIP","url":"https:\/\/www.icip.cat\/ca\/","logo":{"@type":"ImageObject","inLanguage":"ca","@id":"https:\/\/www.icip.cat\/ca\/#\/schema\/logo\/image\/","url":"https:\/\/www.icip.cat\/wp-content\/uploads\/2021\/02\/logo-2.png","contentUrl":"https:\/\/www.icip.cat\/wp-content\/uploads\/2021\/02\/logo-2.png","width":562,"height":391,"caption":"ICIP"},"image":{"@id":"https:\/\/www.icip.cat\/ca\/#\/schema\/logo\/image\/"}},{"@type":"Person","@id":"https:\/\/www.icip.cat\/ca\/#\/schema\/person\/35404003404833995eee2bb6e3115dc6","name":"whads","image":{"@type":"ImageObject","inLanguage":"ca","@id":"https:\/\/www.icip.cat\/ca\/#\/schema\/person\/image\/","url":"https:\/\/secure.gravatar.com\/avatar\/6a92e4ce03d9442c546cc4afecfc51777413608a6d55a7b50040700657b6b30f?s=96&d=mm&r=g","contentUrl":"https:\/\/secure.gravatar.com\/avatar\/6a92e4ce03d9442c546cc4afecfc51777413608a6d55a7b50040700657b6b30f?s=96&d=mm&r=g","caption":"whads"},"sameAs":["http:\/\/www.icip.cat"],"url":"https:\/\/www.icip.cat\/ca\/author\/whads\/"}]}},"_links":{"self":[{"href":"https:\/\/www.icip.cat\/ca\/wp-json\/wp\/v2\/posts\/4127","targetHints":{"allow":["GET"]}}],"collection":[{"href":"https:\/\/www.icip.cat\/ca\/wp-json\/wp\/v2\/posts"}],"about":[{"href":"https:\/\/www.icip.cat\/ca\/wp-json\/wp\/v2\/types\/post"}],"author":[{"embeddable":true,"href":"https:\/\/www.icip.cat\/ca\/wp-json\/wp\/v2\/users\/1"}],"replies":[{"embeddable":true,"href":"https:\/\/www.icip.cat\/ca\/wp-json\/wp\/v2\/comments?post=4127"}],"version-history":[{"count":3,"href":"https:\/\/www.icip.cat\/ca\/wp-json\/wp\/v2\/posts\/4127\/revisions"}],"predecessor-version":[{"id":23893,"href":"https:\/\/www.icip.cat\/ca\/wp-json\/wp\/v2\/posts\/4127\/revisions\/23893"}],"wp:featuredmedia":[{"embeddable":true,"href":"https:\/\/www.icip.cat\/ca\/wp-json\/wp\/v2\/media\/4128"}],"wp:attachment":[{"href":"https:\/\/www.icip.cat\/ca\/wp-json\/wp\/v2\/media?parent=4127"}],"wp:term":[{"taxonomy":"category","embeddable":true,"href":"https:\/\/www.icip.cat\/ca\/wp-json\/wp\/v2\/categories?post=4127"},{"taxonomy":"post_tag","embeddable":true,"href":"https:\/\/www.icip.cat\/ca\/wp-json\/wp\/v2\/tags?post=4127"}],"curies":[{"name":"wp","href":"https:\/\/api.w.org\/{rel}","templated":true}]}}