{"id":4231,"date":"2015-03-02T08:00:00","date_gmt":"2015-03-02T08:00:00","guid":{"rendered":"http:\/\/www.icip.cat\/entrar-en-lepoca-de-la-noviolencia-de-jean-marie-muller\/"},"modified":"2015-03-02T08:00:00","modified_gmt":"2015-03-02T08:00:00","slug":"entrar-en-lepoca-de-la-noviolencia-de-jean-marie-muller","status":"publish","type":"post","link":"https:\/\/www.icip.cat\/ca\/entrar-en-lepoca-de-la-noviolencia-de-jean-marie-muller\/","title":{"rendered":"Entrar en l&#8217;\u00e8poca de la noviol\u00e8ncia, de Jean-Marie Muller"},"content":{"rendered":"<p>Entrar en l\u2019\u00e8poca de la noviol\u00e8ncia, de Jean-Marie Muller, planteja la urg\u00e8ncia de trencar amb la ideologia de la &#8220;viol\u00e8ncia necess\u00e0ria&#8221; que \u00e9s la base estructural de les nostres societats i bastir una filosofia de la noviol\u00e8ncia que sigui &#8220;la pedra angular d&#8217;una cultura de la noviol\u00e8ncia&#8221;. Aquesta noviol\u00e8ncia que ens proposa l&#8217;autor no defuig el conflicte ni la lluita; ben al contrari, la noviol\u00e8ncia genera una acci\u00f3 indignada i de resist\u00e8ncia. En aquest sentit la noviol\u00e8ncia, com a filosofia i com a estrat\u00e8gia, &#8220;permet reconciliar l\u2019exig\u00e8ncia moral i el realisme pol\u00edtic&#8221;. Tal com escriu Jean-Marie Muller, &#8220;el no de la noviol\u00e8ncia no \u00e9s un no de negaci\u00f3 de la viol\u00e8ncia. \u00c9s un no d&#8217;indignaci\u00f3. \u00c9s un no de revolta. Un no de resist\u00e8ncia. Al capdavall, la noviol\u00e8ncia no \u00e9s tant el rebuig de la viol\u00e8ncia com la lluita contra la viol\u00e8ncia. No \u00e9s una abstenci\u00f3, sin\u00f3 una actuaci\u00f3. I \u00e9s una bona actuaci\u00f3&#8221;.<br \/>\nEl llibre, amb prefaci d&#8217;St\u00e9phane Hessel, ha estat publicat, en format digital, dins la col\u00b7lecci\u00f3 &#8220;Eines de pau, seguretat i just\u00edcia&#8221;, coeditada per l&#8217;ICIP i L\u00edniazero.<br \/>\nSobre l&#8217;autor:<br \/>\nJean-Marie Muller \u00e9s membre fundador del Mouvement pour une Alternative Non-violente (MAN) i director d\u2019estudis de l\u2019Institut de Recherche sur la R\u00e9solution Non-violente des Conflits (IRNC). En la seva activitat d\u2019escriptor ha publicat nombrosos llibres sobre la noviol\u00e8ncia que han estat reconeguts com obres de refer\u00e8ncia, sobretot Le principe de nonviolence (Descl\u00e9e de Brouwer), Gandhi l\u2019insurg\u00e9 (Albin Michel) i Le courage de la non-violence (\u00c9ditions du Reli\u00e9). Del mateix autor, l&#8217;ICIP ha publicat tamb\u00e9 La noviol\u00e8ncia a l&#8217;educaci\u00f3.<\/p>\n","protected":false},"excerpt":{"rendered":"<p>Nou llibre de la col\u00b7lecci\u00f3 &#8216;Eines de pau, seguretat i just\u00edcia&#8217;, disponible en pdf i epub. Amb prefaci d&#8217;St\u00e9phane Hessel.<\/p>\n","protected":false},"author":1,"featured_media":4232,"comment_status":"closed","ping_status":"open","sticky":false,"template":"","format":"standard","meta":{"_acf_changed":false,"footnotes":""},"categories":[4],"tags":[],"class_list":["post-4231","post","type-post","status-publish","format-standard","has-post-thumbnail","hentry","category-sense-categoria"],"acf":[],"yoast_head":"<!-- This site is optimized with the Yoast SEO plugin v25.6 - https:\/\/yoast.com\/wordpress\/plugins\/seo\/ -->\n<title>Entrar en l&#039;\u00e8poca de la noviol\u00e8ncia, de Jean-Marie Muller - ICIP<\/title>\n<meta name=\"robots\" content=\"index, follow, max-snippet:-1, max-image-preview:large, max-video-preview:-1\" \/>\n<link rel=\"canonical\" href=\"https:\/\/www.icip.cat\/ca\/entrar-en-lepoca-de-la-noviolencia-de-jean-marie-muller\/\" \/>\n<meta property=\"og:locale\" content=\"ca_ES\" \/>\n<meta property=\"og:type\" content=\"article\" \/>\n<meta property=\"og:title\" content=\"Entrar en l&#039;\u00e8poca de la noviol\u00e8ncia, de Jean-Marie Muller - ICIP\" \/>\n<meta property=\"og:description\" content=\"Nou llibre de la col\u00b7lecci\u00f3 &#039;Eines de pau, seguretat i just\u00edcia&#039;, disponible en pdf i epub. Amb prefaci d&#039;St\u00e9phane Hessel.\" \/>\n<meta property=\"og:url\" content=\"https:\/\/www.icip.cat\/ca\/entrar-en-lepoca-de-la-noviolencia-de-jean-marie-muller\/\" \/>\n<meta property=\"og:site_name\" content=\"ICIP\" \/>\n<meta property=\"article:published_time\" content=\"2015-03-02T08:00:00+00:00\" \/>\n<meta property=\"og:image\" content=\"https:\/\/www.icip.cat\/wp-content\/uploads\/2015\/03\/LlibreEines13.jpg_98383028.jpg\" \/>\n\t<meta property=\"og:image:width\" content=\"164\" \/>\n\t<meta property=\"og:image:height\" content=\"215\" \/>\n\t<meta property=\"og:image:type\" content=\"image\/jpeg\" \/>\n<meta name=\"author\" content=\"whads\" \/>\n<meta name=\"twitter:card\" content=\"summary_large_image\" \/>\n<meta name=\"twitter:label1\" content=\"Escrit per\" \/>\n\t<meta name=\"twitter:data1\" content=\"whads\" \/>\n\t<meta name=\"twitter:label2\" content=\"Temps estimat de lectura\" \/>\n\t<meta name=\"twitter:data2\" content=\"1 minut\" \/>\n<script type=\"application\/ld+json\" class=\"yoast-schema-graph\">{\"@context\":\"https:\/\/schema.org\",\"@graph\":[{\"@type\":\"Article\",\"@id\":\"https:\/\/www.icip.cat\/ca\/entrar-en-lepoca-de-la-noviolencia-de-jean-marie-muller\/#article\",\"isPartOf\":{\"@id\":\"https:\/\/www.icip.cat\/ca\/entrar-en-lepoca-de-la-noviolencia-de-jean-marie-muller\/\"},\"author\":{\"name\":\"whads\",\"@id\":\"https:\/\/www.icip.cat\/ca\/#\/schema\/person\/35404003404833995eee2bb6e3115dc6\"},\"headline\":\"Entrar en l&#8217;\u00e8poca de la noviol\u00e8ncia, de Jean-Marie Muller\",\"datePublished\":\"2015-03-02T08:00:00+00:00\",\"mainEntityOfPage\":{\"@id\":\"https:\/\/www.icip.cat\/ca\/entrar-en-lepoca-de-la-noviolencia-de-jean-marie-muller\/\"},\"wordCount\":313,\"publisher\":{\"@id\":\"https:\/\/www.icip.cat\/ca\/#organization\"},\"image\":{\"@id\":\"https:\/\/www.icip.cat\/ca\/entrar-en-lepoca-de-la-noviolencia-de-jean-marie-muller\/#primaryimage\"},\"thumbnailUrl\":\"https:\/\/www.icip.cat\/wp-content\/uploads\/2015\/03\/LlibreEines13.jpg_98383028.jpg\",\"inLanguage\":\"ca\"},{\"@type\":\"WebPage\",\"@id\":\"https:\/\/www.icip.cat\/ca\/entrar-en-lepoca-de-la-noviolencia-de-jean-marie-muller\/\",\"url\":\"https:\/\/www.icip.cat\/ca\/entrar-en-lepoca-de-la-noviolencia-de-jean-marie-muller\/\",\"name\":\"Entrar en l'\u00e8poca de la noviol\u00e8ncia, de Jean-Marie Muller - ICIP\",\"isPartOf\":{\"@id\":\"https:\/\/www.icip.cat\/ca\/#website\"},\"primaryImageOfPage\":{\"@id\":\"https:\/\/www.icip.cat\/ca\/entrar-en-lepoca-de-la-noviolencia-de-jean-marie-muller\/#primaryimage\"},\"image\":{\"@id\":\"https:\/\/www.icip.cat\/ca\/entrar-en-lepoca-de-la-noviolencia-de-jean-marie-muller\/#primaryimage\"},\"thumbnailUrl\":\"https:\/\/www.icip.cat\/wp-content\/uploads\/2015\/03\/LlibreEines13.jpg_98383028.jpg\",\"datePublished\":\"2015-03-02T08:00:00+00:00\",\"inLanguage\":\"ca\",\"potentialAction\":[{\"@type\":\"ReadAction\",\"target\":[\"https:\/\/www.icip.cat\/ca\/entrar-en-lepoca-de-la-noviolencia-de-jean-marie-muller\/\"]}]},{\"@type\":\"ImageObject\",\"inLanguage\":\"ca\",\"@id\":\"https:\/\/www.icip.cat\/ca\/entrar-en-lepoca-de-la-noviolencia-de-jean-marie-muller\/#primaryimage\",\"url\":\"https:\/\/www.icip.cat\/wp-content\/uploads\/2015\/03\/LlibreEines13.jpg_98383028.jpg\",\"contentUrl\":\"https:\/\/www.icip.cat\/wp-content\/uploads\/2015\/03\/LlibreEines13.jpg_98383028.jpg\",\"width\":164,\"height\":215,\"caption\":\"Entrar en l'\u00e8poca de la noviol\u00e8ncia, de Jean-Marie Muller\"},{\"@type\":\"WebSite\",\"@id\":\"https:\/\/www.icip.cat\/ca\/#website\",\"url\":\"https:\/\/www.icip.cat\/ca\/\",\"name\":\"ICIP\",\"description\":\"\",\"publisher\":{\"@id\":\"https:\/\/www.icip.cat\/ca\/#organization\"},\"potentialAction\":[{\"@type\":\"SearchAction\",\"target\":{\"@type\":\"EntryPoint\",\"urlTemplate\":\"https:\/\/www.icip.cat\/ca\/?s={search_term_string}\"},\"query-input\":{\"@type\":\"PropertyValueSpecification\",\"valueRequired\":true,\"valueName\":\"search_term_string\"}}],\"inLanguage\":\"ca\"},{\"@type\":\"Organization\",\"@id\":\"https:\/\/www.icip.cat\/ca\/#organization\",\"name\":\"ICIP\",\"url\":\"https:\/\/www.icip.cat\/ca\/\",\"logo\":{\"@type\":\"ImageObject\",\"inLanguage\":\"ca\",\"@id\":\"https:\/\/www.icip.cat\/ca\/#\/schema\/logo\/image\/\",\"url\":\"https:\/\/www.icip.cat\/wp-content\/uploads\/2021\/02\/logo-2.png\",\"contentUrl\":\"https:\/\/www.icip.cat\/wp-content\/uploads\/2021\/02\/logo-2.png\",\"width\":562,\"height\":391,\"caption\":\"ICIP\"},\"image\":{\"@id\":\"https:\/\/www.icip.cat\/ca\/#\/schema\/logo\/image\/\"}},{\"@type\":\"Person\",\"@id\":\"https:\/\/www.icip.cat\/ca\/#\/schema\/person\/35404003404833995eee2bb6e3115dc6\",\"name\":\"whads\",\"image\":{\"@type\":\"ImageObject\",\"inLanguage\":\"ca\",\"@id\":\"https:\/\/www.icip.cat\/ca\/#\/schema\/person\/image\/\",\"url\":\"https:\/\/secure.gravatar.com\/avatar\/6a92e4ce03d9442c546cc4afecfc51777413608a6d55a7b50040700657b6b30f?s=96&d=mm&r=g\",\"contentUrl\":\"https:\/\/secure.gravatar.com\/avatar\/6a92e4ce03d9442c546cc4afecfc51777413608a6d55a7b50040700657b6b30f?s=96&d=mm&r=g\",\"caption\":\"whads\"},\"sameAs\":[\"http:\/\/www.icip.cat\"],\"url\":\"https:\/\/www.icip.cat\/ca\/author\/whads\/\"}]}<\/script>\n<!-- \/ Yoast SEO plugin. -->","yoast_head_json":{"title":"Entrar en l'\u00e8poca de la noviol\u00e8ncia, de Jean-Marie Muller - ICIP","robots":{"index":"index","follow":"follow","max-snippet":"max-snippet:-1","max-image-preview":"max-image-preview:large","max-video-preview":"max-video-preview:-1"},"canonical":"https:\/\/www.icip.cat\/ca\/entrar-en-lepoca-de-la-noviolencia-de-jean-marie-muller\/","og_locale":"ca_ES","og_type":"article","og_title":"Entrar en l'\u00e8poca de la noviol\u00e8ncia, de Jean-Marie Muller - ICIP","og_description":"Nou llibre de la col\u00b7lecci\u00f3 'Eines de pau, seguretat i just\u00edcia', disponible en pdf i epub. Amb prefaci d'St\u00e9phane Hessel.","og_url":"https:\/\/www.icip.cat\/ca\/entrar-en-lepoca-de-la-noviolencia-de-jean-marie-muller\/","og_site_name":"ICIP","article_published_time":"2015-03-02T08:00:00+00:00","og_image":[{"width":164,"height":215,"url":"https:\/\/www.icip.cat\/wp-content\/uploads\/2015\/03\/LlibreEines13.jpg_98383028.jpg","type":"image\/jpeg"}],"author":"whads","twitter_card":"summary_large_image","twitter_misc":{"Escrit per":"whads","Temps estimat de lectura":"1 minut"},"schema":{"@context":"https:\/\/schema.org","@graph":[{"@type":"Article","@id":"https:\/\/www.icip.cat\/ca\/entrar-en-lepoca-de-la-noviolencia-de-jean-marie-muller\/#article","isPartOf":{"@id":"https:\/\/www.icip.cat\/ca\/entrar-en-lepoca-de-la-noviolencia-de-jean-marie-muller\/"},"author":{"name":"whads","@id":"https:\/\/www.icip.cat\/ca\/#\/schema\/person\/35404003404833995eee2bb6e3115dc6"},"headline":"Entrar en l&#8217;\u00e8poca de la noviol\u00e8ncia, de Jean-Marie Muller","datePublished":"2015-03-02T08:00:00+00:00","mainEntityOfPage":{"@id":"https:\/\/www.icip.cat\/ca\/entrar-en-lepoca-de-la-noviolencia-de-jean-marie-muller\/"},"wordCount":313,"publisher":{"@id":"https:\/\/www.icip.cat\/ca\/#organization"},"image":{"@id":"https:\/\/www.icip.cat\/ca\/entrar-en-lepoca-de-la-noviolencia-de-jean-marie-muller\/#primaryimage"},"thumbnailUrl":"https:\/\/www.icip.cat\/wp-content\/uploads\/2015\/03\/LlibreEines13.jpg_98383028.jpg","inLanguage":"ca"},{"@type":"WebPage","@id":"https:\/\/www.icip.cat\/ca\/entrar-en-lepoca-de-la-noviolencia-de-jean-marie-muller\/","url":"https:\/\/www.icip.cat\/ca\/entrar-en-lepoca-de-la-noviolencia-de-jean-marie-muller\/","name":"Entrar en l'\u00e8poca de la noviol\u00e8ncia, de Jean-Marie Muller - ICIP","isPartOf":{"@id":"https:\/\/www.icip.cat\/ca\/#website"},"primaryImageOfPage":{"@id":"https:\/\/www.icip.cat\/ca\/entrar-en-lepoca-de-la-noviolencia-de-jean-marie-muller\/#primaryimage"},"image":{"@id":"https:\/\/www.icip.cat\/ca\/entrar-en-lepoca-de-la-noviolencia-de-jean-marie-muller\/#primaryimage"},"thumbnailUrl":"https:\/\/www.icip.cat\/wp-content\/uploads\/2015\/03\/LlibreEines13.jpg_98383028.jpg","datePublished":"2015-03-02T08:00:00+00:00","inLanguage":"ca","potentialAction":[{"@type":"ReadAction","target":["https:\/\/www.icip.cat\/ca\/entrar-en-lepoca-de-la-noviolencia-de-jean-marie-muller\/"]}]},{"@type":"ImageObject","inLanguage":"ca","@id":"https:\/\/www.icip.cat\/ca\/entrar-en-lepoca-de-la-noviolencia-de-jean-marie-muller\/#primaryimage","url":"https:\/\/www.icip.cat\/wp-content\/uploads\/2015\/03\/LlibreEines13.jpg_98383028.jpg","contentUrl":"https:\/\/www.icip.cat\/wp-content\/uploads\/2015\/03\/LlibreEines13.jpg_98383028.jpg","width":164,"height":215,"caption":"Entrar en l'\u00e8poca de la noviol\u00e8ncia, de Jean-Marie Muller"},{"@type":"WebSite","@id":"https:\/\/www.icip.cat\/ca\/#website","url":"https:\/\/www.icip.cat\/ca\/","name":"ICIP","description":"","publisher":{"@id":"https:\/\/www.icip.cat\/ca\/#organization"},"potentialAction":[{"@type":"SearchAction","target":{"@type":"EntryPoint","urlTemplate":"https:\/\/www.icip.cat\/ca\/?s={search_term_string}"},"query-input":{"@type":"PropertyValueSpecification","valueRequired":true,"valueName":"search_term_string"}}],"inLanguage":"ca"},{"@type":"Organization","@id":"https:\/\/www.icip.cat\/ca\/#organization","name":"ICIP","url":"https:\/\/www.icip.cat\/ca\/","logo":{"@type":"ImageObject","inLanguage":"ca","@id":"https:\/\/www.icip.cat\/ca\/#\/schema\/logo\/image\/","url":"https:\/\/www.icip.cat\/wp-content\/uploads\/2021\/02\/logo-2.png","contentUrl":"https:\/\/www.icip.cat\/wp-content\/uploads\/2021\/02\/logo-2.png","width":562,"height":391,"caption":"ICIP"},"image":{"@id":"https:\/\/www.icip.cat\/ca\/#\/schema\/logo\/image\/"}},{"@type":"Person","@id":"https:\/\/www.icip.cat\/ca\/#\/schema\/person\/35404003404833995eee2bb6e3115dc6","name":"whads","image":{"@type":"ImageObject","inLanguage":"ca","@id":"https:\/\/www.icip.cat\/ca\/#\/schema\/person\/image\/","url":"https:\/\/secure.gravatar.com\/avatar\/6a92e4ce03d9442c546cc4afecfc51777413608a6d55a7b50040700657b6b30f?s=96&d=mm&r=g","contentUrl":"https:\/\/secure.gravatar.com\/avatar\/6a92e4ce03d9442c546cc4afecfc51777413608a6d55a7b50040700657b6b30f?s=96&d=mm&r=g","caption":"whads"},"sameAs":["http:\/\/www.icip.cat"],"url":"https:\/\/www.icip.cat\/ca\/author\/whads\/"}]}},"_links":{"self":[{"href":"https:\/\/www.icip.cat\/ca\/wp-json\/wp\/v2\/posts\/4231","targetHints":{"allow":["GET"]}}],"collection":[{"href":"https:\/\/www.icip.cat\/ca\/wp-json\/wp\/v2\/posts"}],"about":[{"href":"https:\/\/www.icip.cat\/ca\/wp-json\/wp\/v2\/types\/post"}],"author":[{"embeddable":true,"href":"https:\/\/www.icip.cat\/ca\/wp-json\/wp\/v2\/users\/1"}],"replies":[{"embeddable":true,"href":"https:\/\/www.icip.cat\/ca\/wp-json\/wp\/v2\/comments?post=4231"}],"version-history":[{"count":0,"href":"https:\/\/www.icip.cat\/ca\/wp-json\/wp\/v2\/posts\/4231\/revisions"}],"wp:featuredmedia":[{"embeddable":true,"href":"https:\/\/www.icip.cat\/ca\/wp-json\/wp\/v2\/media\/4232"}],"wp:attachment":[{"href":"https:\/\/www.icip.cat\/ca\/wp-json\/wp\/v2\/media?parent=4231"}],"wp:term":[{"taxonomy":"category","embeddable":true,"href":"https:\/\/www.icip.cat\/ca\/wp-json\/wp\/v2\/categories?post=4231"},{"taxonomy":"post_tag","embeddable":true,"href":"https:\/\/www.icip.cat\/ca\/wp-json\/wp\/v2\/tags?post=4231"}],"curies":[{"name":"wp","href":"https:\/\/api.w.org\/{rel}","templated":true}]}}