{"id":4271,"date":"2014-12-17T08:00:00","date_gmt":"2014-12-17T08:00:00","guid":{"rendered":"http:\/\/www.icip.cat\/licip-prorroga-la-collaboracio-amb-la-cambra-de-comerc-de-bogota\/"},"modified":"2014-12-17T08:00:00","modified_gmt":"2014-12-17T08:00:00","slug":"licip-prorroga-la-collaboracio-amb-la-cambra-de-comerc-de-bogota","status":"publish","type":"post","link":"https:\/\/www.icip.cat\/ca\/licip-prorroga-la-collaboracio-amb-la-cambra-de-comerc-de-bogota\/","title":{"rendered":"L&#8217;ICIP prorroga la col\u00b7laboraci\u00f3 amb la Cambra de Comer\u00e7 de Bogot\u00e0"},"content":{"rendered":"<p>L&#8217;ICIP i la Cambra de Comer\u00e7 de Bogot\u00e0 han prorrogat, fins a l&#8217;octubre de 2015, el conveni de col\u00b7laboraci\u00f3 que t\u00e9 per objectiu estructurar propostes metodol\u00f2giques per a la identificaci\u00f3 d\u2019expectatives i interessos del sector privat en un escenari de postconflicte a Col\u00f2mbia. Fruit d&#8217;aquest conveni, vigent des de 2013, l&#8217;ICIP ha participat darrerament en diverses activitats al pa\u00eds llatinoameric\u00e0 relacionades amb l&#8217;an\u00e0lisi del proc\u00e9s de pau. Destaca, per exemple, la participaci\u00f3 del president de l&#8217;ICIP, Rafael Grasa, al f\u00f2rum Verdad, Perd\u00f3n y Reconciliaci\u00f3n. Un camino para la paz en Colombia, a la iniciativa Business for Peace, i al IV Congreso de Responsabilidad Social de la Fundaci\u00f3n el Nogal titulat Paz y Reconciliaci\u00f3n en los Territorios.<br \/>\nFruit tamb\u00e9 de la col\u00b7laboraci\u00f3 entre l&#8217;ICIP i la Cambra de Comer\u00e7 de Bogot\u00e0 s\u2019ha publicat la Gu\u00eda para la construcci\u00f3n de la paz. Qu\u00e9 es y qu\u00e9 supone la construcci\u00f3n de la paz, de Rafael Grasa i \u00d3scar Mateos, que es va presentar al IV Congreso de la Red Pacto Global Colombia Arquitectos de un mundo mejor.<br \/>\nAmb la voluntat de seguir l&#8217;evoluci\u00f3 del proc\u00e9s de pau que es viu a Col\u00f2mbia, l&#8217;ICIP tamb\u00e9 mant\u00e9 acords de col\u00b7laboraci\u00f3 amb la Escuela Superior de Guerra, l&#8217;Alcaldia de Medell\u00edn i la Federaci\u00f3 Colombiana de Municipis.<\/p>\n","protected":false},"excerpt":{"rendered":"<p>L&#8217;acord t\u00e9 per objectiu fomentar la participaci\u00f3 del sector privat colombi\u00e0 en l&#8217;escenari de postconflicte<\/p>\n","protected":false},"author":1,"featured_media":4272,"comment_status":"closed","ping_status":"open","sticky":false,"template":"","format":"standard","meta":{"_acf_changed":false,"footnotes":""},"categories":[4],"tags":[],"class_list":["post-4271","post","type-post","status-publish","format-standard","has-post-thumbnail","hentry","category-sense-categoria"],"acf":[],"yoast_head":"<!-- This site is optimized with the Yoast SEO plugin v25.6 - https:\/\/yoast.com\/wordpress\/plugins\/seo\/ -->\n<title>L&#039;ICIP prorroga la col\u00b7laboraci\u00f3 amb la Cambra de Comer\u00e7 de Bogot\u00e0 - ICIP<\/title>\n<meta name=\"robots\" content=\"index, follow, max-snippet:-1, max-image-preview:large, max-video-preview:-1\" \/>\n<link rel=\"canonical\" href=\"https:\/\/www.icip.cat\/ca\/licip-prorroga-la-collaboracio-amb-la-cambra-de-comerc-de-bogota\/\" \/>\n<meta property=\"og:locale\" content=\"ca_ES\" \/>\n<meta property=\"og:type\" content=\"article\" \/>\n<meta property=\"og:title\" content=\"L&#039;ICIP prorroga la col\u00b7laboraci\u00f3 amb la Cambra de Comer\u00e7 de Bogot\u00e0 - ICIP\" \/>\n<meta property=\"og:description\" content=\"L&#039;acord t\u00e9 per objectiu fomentar la participaci\u00f3 del sector privat colombi\u00e0 en l&#039;escenari de postconflicte\" \/>\n<meta property=\"og:url\" content=\"https:\/\/www.icip.cat\/ca\/licip-prorroga-la-collaboracio-amb-la-cambra-de-comerc-de-bogota\/\" \/>\n<meta property=\"og:site_name\" content=\"ICIP\" \/>\n<meta property=\"article:published_time\" content=\"2014-12-17T08:00:00+00:00\" \/>\n<meta property=\"og:image\" content=\"https:\/\/www.icip.cat\/wp-content\/uploads\/2014\/12\/logo_icip.jpg_1722731804.jpg\" \/>\n\t<meta property=\"og:image:width\" content=\"190\" \/>\n\t<meta property=\"og:image:height\" content=\"140\" \/>\n\t<meta property=\"og:image:type\" content=\"image\/jpeg\" \/>\n<meta name=\"author\" content=\"whads\" \/>\n<meta name=\"twitter:card\" content=\"summary_large_image\" \/>\n<meta name=\"twitter:label1\" content=\"Escrit per\" \/>\n\t<meta name=\"twitter:data1\" content=\"whads\" \/>\n\t<meta name=\"twitter:label2\" content=\"Temps estimat de lectura\" \/>\n\t<meta name=\"twitter:data2\" content=\"1 minut\" \/>\n<script type=\"application\/ld+json\" class=\"yoast-schema-graph\">{\"@context\":\"https:\/\/schema.org\",\"@graph\":[{\"@type\":\"Article\",\"@id\":\"https:\/\/www.icip.cat\/ca\/licip-prorroga-la-collaboracio-amb-la-cambra-de-comerc-de-bogota\/#article\",\"isPartOf\":{\"@id\":\"https:\/\/www.icip.cat\/ca\/licip-prorroga-la-collaboracio-amb-la-cambra-de-comerc-de-bogota\/\"},\"author\":{\"name\":\"whads\",\"@id\":\"https:\/\/www.icip.cat\/ca\/#\/schema\/person\/35404003404833995eee2bb6e3115dc6\"},\"headline\":\"L&#8217;ICIP prorroga la col\u00b7laboraci\u00f3 amb la Cambra de Comer\u00e7 de Bogot\u00e0\",\"datePublished\":\"2014-12-17T08:00:00+00:00\",\"mainEntityOfPage\":{\"@id\":\"https:\/\/www.icip.cat\/ca\/licip-prorroga-la-collaboracio-amb-la-cambra-de-comerc-de-bogota\/\"},\"wordCount\":252,\"publisher\":{\"@id\":\"https:\/\/www.icip.cat\/ca\/#organization\"},\"image\":{\"@id\":\"https:\/\/www.icip.cat\/ca\/licip-prorroga-la-collaboracio-amb-la-cambra-de-comerc-de-bogota\/#primaryimage\"},\"thumbnailUrl\":\"https:\/\/www.icip.cat\/wp-content\/uploads\/2014\/12\/logo_icip.jpg_1722731804.jpg\",\"inLanguage\":\"ca\"},{\"@type\":\"WebPage\",\"@id\":\"https:\/\/www.icip.cat\/ca\/licip-prorroga-la-collaboracio-amb-la-cambra-de-comerc-de-bogota\/\",\"url\":\"https:\/\/www.icip.cat\/ca\/licip-prorroga-la-collaboracio-amb-la-cambra-de-comerc-de-bogota\/\",\"name\":\"L'ICIP prorroga la col\u00b7laboraci\u00f3 amb la Cambra de Comer\u00e7 de Bogot\u00e0 - ICIP\",\"isPartOf\":{\"@id\":\"https:\/\/www.icip.cat\/ca\/#website\"},\"primaryImageOfPage\":{\"@id\":\"https:\/\/www.icip.cat\/ca\/licip-prorroga-la-collaboracio-amb-la-cambra-de-comerc-de-bogota\/#primaryimage\"},\"image\":{\"@id\":\"https:\/\/www.icip.cat\/ca\/licip-prorroga-la-collaboracio-amb-la-cambra-de-comerc-de-bogota\/#primaryimage\"},\"thumbnailUrl\":\"https:\/\/www.icip.cat\/wp-content\/uploads\/2014\/12\/logo_icip.jpg_1722731804.jpg\",\"datePublished\":\"2014-12-17T08:00:00+00:00\",\"inLanguage\":\"ca\",\"potentialAction\":[{\"@type\":\"ReadAction\",\"target\":[\"https:\/\/www.icip.cat\/ca\/licip-prorroga-la-collaboracio-amb-la-cambra-de-comerc-de-bogota\/\"]}]},{\"@type\":\"ImageObject\",\"inLanguage\":\"ca\",\"@id\":\"https:\/\/www.icip.cat\/ca\/licip-prorroga-la-collaboracio-amb-la-cambra-de-comerc-de-bogota\/#primaryimage\",\"url\":\"https:\/\/www.icip.cat\/wp-content\/uploads\/2014\/12\/logo_icip.jpg_1722731804.jpg\",\"contentUrl\":\"https:\/\/www.icip.cat\/wp-content\/uploads\/2014\/12\/logo_icip.jpg_1722731804.jpg\",\"width\":190,\"height\":140,\"caption\":\"L'ICIP prorroga la col\u00b7laboraci\u00f3 amb la Cambra de Comer\u00e7 de Bogot\u00e0\"},{\"@type\":\"WebSite\",\"@id\":\"https:\/\/www.icip.cat\/ca\/#website\",\"url\":\"https:\/\/www.icip.cat\/ca\/\",\"name\":\"ICIP\",\"description\":\"\",\"publisher\":{\"@id\":\"https:\/\/www.icip.cat\/ca\/#organization\"},\"potentialAction\":[{\"@type\":\"SearchAction\",\"target\":{\"@type\":\"EntryPoint\",\"urlTemplate\":\"https:\/\/www.icip.cat\/ca\/?s={search_term_string}\"},\"query-input\":{\"@type\":\"PropertyValueSpecification\",\"valueRequired\":true,\"valueName\":\"search_term_string\"}}],\"inLanguage\":\"ca\"},{\"@type\":\"Organization\",\"@id\":\"https:\/\/www.icip.cat\/ca\/#organization\",\"name\":\"ICIP\",\"url\":\"https:\/\/www.icip.cat\/ca\/\",\"logo\":{\"@type\":\"ImageObject\",\"inLanguage\":\"ca\",\"@id\":\"https:\/\/www.icip.cat\/ca\/#\/schema\/logo\/image\/\",\"url\":\"https:\/\/www.icip.cat\/wp-content\/uploads\/2021\/02\/logo-2.png\",\"contentUrl\":\"https:\/\/www.icip.cat\/wp-content\/uploads\/2021\/02\/logo-2.png\",\"width\":562,\"height\":391,\"caption\":\"ICIP\"},\"image\":{\"@id\":\"https:\/\/www.icip.cat\/ca\/#\/schema\/logo\/image\/\"}},{\"@type\":\"Person\",\"@id\":\"https:\/\/www.icip.cat\/ca\/#\/schema\/person\/35404003404833995eee2bb6e3115dc6\",\"name\":\"whads\",\"image\":{\"@type\":\"ImageObject\",\"inLanguage\":\"ca\",\"@id\":\"https:\/\/www.icip.cat\/ca\/#\/schema\/person\/image\/\",\"url\":\"https:\/\/secure.gravatar.com\/avatar\/6a92e4ce03d9442c546cc4afecfc51777413608a6d55a7b50040700657b6b30f?s=96&d=mm&r=g\",\"contentUrl\":\"https:\/\/secure.gravatar.com\/avatar\/6a92e4ce03d9442c546cc4afecfc51777413608a6d55a7b50040700657b6b30f?s=96&d=mm&r=g\",\"caption\":\"whads\"},\"sameAs\":[\"http:\/\/www.icip.cat\"],\"url\":\"https:\/\/www.icip.cat\/ca\/author\/whads\/\"}]}<\/script>\n<!-- \/ Yoast SEO plugin. -->","yoast_head_json":{"title":"L'ICIP prorroga la col\u00b7laboraci\u00f3 amb la Cambra de Comer\u00e7 de Bogot\u00e0 - ICIP","robots":{"index":"index","follow":"follow","max-snippet":"max-snippet:-1","max-image-preview":"max-image-preview:large","max-video-preview":"max-video-preview:-1"},"canonical":"https:\/\/www.icip.cat\/ca\/licip-prorroga-la-collaboracio-amb-la-cambra-de-comerc-de-bogota\/","og_locale":"ca_ES","og_type":"article","og_title":"L'ICIP prorroga la col\u00b7laboraci\u00f3 amb la Cambra de Comer\u00e7 de Bogot\u00e0 - ICIP","og_description":"L'acord t\u00e9 per objectiu fomentar la participaci\u00f3 del sector privat colombi\u00e0 en l'escenari de postconflicte","og_url":"https:\/\/www.icip.cat\/ca\/licip-prorroga-la-collaboracio-amb-la-cambra-de-comerc-de-bogota\/","og_site_name":"ICIP","article_published_time":"2014-12-17T08:00:00+00:00","og_image":[{"width":190,"height":140,"url":"https:\/\/www.icip.cat\/wp-content\/uploads\/2014\/12\/logo_icip.jpg_1722731804.jpg","type":"image\/jpeg"}],"author":"whads","twitter_card":"summary_large_image","twitter_misc":{"Escrit per":"whads","Temps estimat de lectura":"1 minut"},"schema":{"@context":"https:\/\/schema.org","@graph":[{"@type":"Article","@id":"https:\/\/www.icip.cat\/ca\/licip-prorroga-la-collaboracio-amb-la-cambra-de-comerc-de-bogota\/#article","isPartOf":{"@id":"https:\/\/www.icip.cat\/ca\/licip-prorroga-la-collaboracio-amb-la-cambra-de-comerc-de-bogota\/"},"author":{"name":"whads","@id":"https:\/\/www.icip.cat\/ca\/#\/schema\/person\/35404003404833995eee2bb6e3115dc6"},"headline":"L&#8217;ICIP prorroga la col\u00b7laboraci\u00f3 amb la Cambra de Comer\u00e7 de Bogot\u00e0","datePublished":"2014-12-17T08:00:00+00:00","mainEntityOfPage":{"@id":"https:\/\/www.icip.cat\/ca\/licip-prorroga-la-collaboracio-amb-la-cambra-de-comerc-de-bogota\/"},"wordCount":252,"publisher":{"@id":"https:\/\/www.icip.cat\/ca\/#organization"},"image":{"@id":"https:\/\/www.icip.cat\/ca\/licip-prorroga-la-collaboracio-amb-la-cambra-de-comerc-de-bogota\/#primaryimage"},"thumbnailUrl":"https:\/\/www.icip.cat\/wp-content\/uploads\/2014\/12\/logo_icip.jpg_1722731804.jpg","inLanguage":"ca"},{"@type":"WebPage","@id":"https:\/\/www.icip.cat\/ca\/licip-prorroga-la-collaboracio-amb-la-cambra-de-comerc-de-bogota\/","url":"https:\/\/www.icip.cat\/ca\/licip-prorroga-la-collaboracio-amb-la-cambra-de-comerc-de-bogota\/","name":"L'ICIP prorroga la col\u00b7laboraci\u00f3 amb la Cambra de Comer\u00e7 de Bogot\u00e0 - ICIP","isPartOf":{"@id":"https:\/\/www.icip.cat\/ca\/#website"},"primaryImageOfPage":{"@id":"https:\/\/www.icip.cat\/ca\/licip-prorroga-la-collaboracio-amb-la-cambra-de-comerc-de-bogota\/#primaryimage"},"image":{"@id":"https:\/\/www.icip.cat\/ca\/licip-prorroga-la-collaboracio-amb-la-cambra-de-comerc-de-bogota\/#primaryimage"},"thumbnailUrl":"https:\/\/www.icip.cat\/wp-content\/uploads\/2014\/12\/logo_icip.jpg_1722731804.jpg","datePublished":"2014-12-17T08:00:00+00:00","inLanguage":"ca","potentialAction":[{"@type":"ReadAction","target":["https:\/\/www.icip.cat\/ca\/licip-prorroga-la-collaboracio-amb-la-cambra-de-comerc-de-bogota\/"]}]},{"@type":"ImageObject","inLanguage":"ca","@id":"https:\/\/www.icip.cat\/ca\/licip-prorroga-la-collaboracio-amb-la-cambra-de-comerc-de-bogota\/#primaryimage","url":"https:\/\/www.icip.cat\/wp-content\/uploads\/2014\/12\/logo_icip.jpg_1722731804.jpg","contentUrl":"https:\/\/www.icip.cat\/wp-content\/uploads\/2014\/12\/logo_icip.jpg_1722731804.jpg","width":190,"height":140,"caption":"L'ICIP prorroga la col\u00b7laboraci\u00f3 amb la Cambra de Comer\u00e7 de Bogot\u00e0"},{"@type":"WebSite","@id":"https:\/\/www.icip.cat\/ca\/#website","url":"https:\/\/www.icip.cat\/ca\/","name":"ICIP","description":"","publisher":{"@id":"https:\/\/www.icip.cat\/ca\/#organization"},"potentialAction":[{"@type":"SearchAction","target":{"@type":"EntryPoint","urlTemplate":"https:\/\/www.icip.cat\/ca\/?s={search_term_string}"},"query-input":{"@type":"PropertyValueSpecification","valueRequired":true,"valueName":"search_term_string"}}],"inLanguage":"ca"},{"@type":"Organization","@id":"https:\/\/www.icip.cat\/ca\/#organization","name":"ICIP","url":"https:\/\/www.icip.cat\/ca\/","logo":{"@type":"ImageObject","inLanguage":"ca","@id":"https:\/\/www.icip.cat\/ca\/#\/schema\/logo\/image\/","url":"https:\/\/www.icip.cat\/wp-content\/uploads\/2021\/02\/logo-2.png","contentUrl":"https:\/\/www.icip.cat\/wp-content\/uploads\/2021\/02\/logo-2.png","width":562,"height":391,"caption":"ICIP"},"image":{"@id":"https:\/\/www.icip.cat\/ca\/#\/schema\/logo\/image\/"}},{"@type":"Person","@id":"https:\/\/www.icip.cat\/ca\/#\/schema\/person\/35404003404833995eee2bb6e3115dc6","name":"whads","image":{"@type":"ImageObject","inLanguage":"ca","@id":"https:\/\/www.icip.cat\/ca\/#\/schema\/person\/image\/","url":"https:\/\/secure.gravatar.com\/avatar\/6a92e4ce03d9442c546cc4afecfc51777413608a6d55a7b50040700657b6b30f?s=96&d=mm&r=g","contentUrl":"https:\/\/secure.gravatar.com\/avatar\/6a92e4ce03d9442c546cc4afecfc51777413608a6d55a7b50040700657b6b30f?s=96&d=mm&r=g","caption":"whads"},"sameAs":["http:\/\/www.icip.cat"],"url":"https:\/\/www.icip.cat\/ca\/author\/whads\/"}]}},"_links":{"self":[{"href":"https:\/\/www.icip.cat\/ca\/wp-json\/wp\/v2\/posts\/4271","targetHints":{"allow":["GET"]}}],"collection":[{"href":"https:\/\/www.icip.cat\/ca\/wp-json\/wp\/v2\/posts"}],"about":[{"href":"https:\/\/www.icip.cat\/ca\/wp-json\/wp\/v2\/types\/post"}],"author":[{"embeddable":true,"href":"https:\/\/www.icip.cat\/ca\/wp-json\/wp\/v2\/users\/1"}],"replies":[{"embeddable":true,"href":"https:\/\/www.icip.cat\/ca\/wp-json\/wp\/v2\/comments?post=4271"}],"version-history":[{"count":0,"href":"https:\/\/www.icip.cat\/ca\/wp-json\/wp\/v2\/posts\/4271\/revisions"}],"wp:featuredmedia":[{"embeddable":true,"href":"https:\/\/www.icip.cat\/ca\/wp-json\/wp\/v2\/media\/4272"}],"wp:attachment":[{"href":"https:\/\/www.icip.cat\/ca\/wp-json\/wp\/v2\/media?parent=4271"}],"wp:term":[{"taxonomy":"category","embeddable":true,"href":"https:\/\/www.icip.cat\/ca\/wp-json\/wp\/v2\/categories?post=4271"},{"taxonomy":"post_tag","embeddable":true,"href":"https:\/\/www.icip.cat\/ca\/wp-json\/wp\/v2\/tags?post=4271"}],"curies":[{"name":"wp","href":"https:\/\/api.w.org\/{rel}","templated":true}]}}