{"id":4403,"date":"2014-05-29T08:00:00","date_gmt":"2014-05-29T08:00:00","guid":{"rendered":"http:\/\/www.icip.cat\/antoni-pigrau-participa-com-a-jutge-al-tribunal-permanent-dels-pobles\/"},"modified":"2014-05-29T08:00:00","modified_gmt":"2014-05-29T08:00:00","slug":"antoni-pigrau-participa-com-a-jutge-al-tribunal-permanent-dels-pobles","status":"publish","type":"post","link":"https:\/\/www.icip.cat\/ca\/antoni-pigrau-participa-com-a-jutge-al-tribunal-permanent-dels-pobles\/","title":{"rendered":"Antoni Pigrau participa com a jutge al Tribunal Permanent dels Pobles"},"content":{"rendered":"<p>Antoni Pigrau, membre de la junta de l\u2019ICIP i catedr\u00e0tic de Dret Internacional P\u00fablic i Relacions Internacionals de la URV, participa com a jutge al Tribunal Permanent dels Pobles en la sessi\u00f3 sobre la ind\u00fastria minera canadenca, que t\u00e9 lloc del 29 de maig a l&#8217;1 de juny a Montreal.<br \/>\nEs tracta de la sessi\u00f3 n\u00famero 40 del Tribunal Permanent dels pobles (TPP), una inst\u00e0ncia fundada en 1979 a It\u00e0lia per l&#8217;advocat i senador Lelio Basso. En aquesta sessi\u00f3, una quinzena de persones afectades i expertes d&#8217;Am\u00e8rica llatina denuncien, davant d\u2019un panel de jutges compost per personalitats p\u00fabliques de diferents pa\u00efsos, les violacions de drets humans i els danys ambientals causats per les companyies mineres canadenques recolzades pel govern de Canad\u00e0.<br \/>\nCanad\u00e0 \u00e9s l&#8217;actor m\u00e9s important de la ind\u00fastria minera mundial gr\u00e0cies a les seves lleis, a la seva fiscalitat i a la seva pol\u00edtica estrangera favorables a aquest sector: el 75% de les empreses mineres tenen all\u00ed la seva seu i el 60% cotitzen en la Borsa de Toronto. No obstant aix\u00f2, els megaprojectes miners s\u00f3n una causa major de tensions: a Am\u00e8rica llatina s&#8217;expliquen al voltant de 200 conflictes socials, dels quals prop de 90 impliquen a companyies canadenques.<br \/>\nEl Tribunal examina el rol i la responsabilitat de les empreses mineres i de l&#8217;Estat canadenc en la violaci\u00f3 de drets humans i ambientals a Am\u00e8rica llatina, m\u00e9s espec\u00edficament en els casos emblem\u00e0tics dels projectes Pascua Lama (Barrick Gold) a Xile i Argentina; Escobal (Tahoe Resources) a Guatemala; San Mart\u00edn (Goldcorp) a Honduras; Payback (Blackfire Exploration) i la Platosa (Excellon Resources) a M\u00e8xic.<br \/>\nConsulta l&#8217;enlla\u00e7 per m\u00e9s informaci\u00f3.<\/p>\n","protected":false},"excerpt":{"rendered":"<p>El membre de la junta de l\u2019ICIP ho fa en la sessi\u00f3 sobre la ind\u00fastria minera canadenca.<\/p>\n","protected":false},"author":1,"featured_media":4404,"comment_status":"closed","ping_status":"open","sticky":false,"template":"","format":"standard","meta":{"_acf_changed":false,"footnotes":""},"categories":[4],"tags":[],"class_list":["post-4403","post","type-post","status-publish","format-standard","has-post-thumbnail","hentry","category-sense-categoria"],"acf":[],"yoast_head":"<!-- This site is optimized with the Yoast SEO plugin v25.6 - https:\/\/yoast.com\/wordpress\/plugins\/seo\/ -->\n<title>Antoni Pigrau participa com a jutge al Tribunal Permanent dels Pobles - ICIP<\/title>\n<meta name=\"robots\" content=\"index, follow, max-snippet:-1, max-image-preview:large, max-video-preview:-1\" \/>\n<link rel=\"canonical\" href=\"https:\/\/www.icip.cat\/ca\/antoni-pigrau-participa-com-a-jutge-al-tribunal-permanent-dels-pobles\/\" \/>\n<meta property=\"og:locale\" content=\"ca_ES\" \/>\n<meta property=\"og:type\" content=\"article\" \/>\n<meta property=\"og:title\" content=\"Antoni Pigrau participa com a jutge al Tribunal Permanent dels Pobles - ICIP\" \/>\n<meta property=\"og:description\" content=\"El membre de la junta de l\u2019ICIP ho fa en la sessi\u00f3 sobre la ind\u00fastria minera canadenca.\" \/>\n<meta property=\"og:url\" content=\"https:\/\/www.icip.cat\/ca\/antoni-pigrau-participa-com-a-jutge-al-tribunal-permanent-dels-pobles\/\" \/>\n<meta property=\"og:site_name\" content=\"ICIP\" \/>\n<meta property=\"article:published_time\" content=\"2014-05-29T08:00:00+00:00\" \/>\n<meta property=\"og:image\" content=\"https:\/\/www.icip.cat\/wp-content\/uploads\/2014\/05\/pigrau.JPG_1719961241.jpg\" \/>\n\t<meta property=\"og:image:width\" content=\"190\" \/>\n\t<meta property=\"og:image:height\" content=\"143\" \/>\n\t<meta property=\"og:image:type\" content=\"image\/jpeg\" \/>\n<meta name=\"author\" content=\"whads\" \/>\n<meta name=\"twitter:card\" content=\"summary_large_image\" \/>\n<meta name=\"twitter:label1\" content=\"Escrit per\" \/>\n\t<meta name=\"twitter:data1\" content=\"whads\" \/>\n\t<meta name=\"twitter:label2\" content=\"Temps estimat de lectura\" \/>\n\t<meta name=\"twitter:data2\" content=\"1 minut\" \/>\n<script type=\"application\/ld+json\" class=\"yoast-schema-graph\">{\"@context\":\"https:\/\/schema.org\",\"@graph\":[{\"@type\":\"Article\",\"@id\":\"https:\/\/www.icip.cat\/ca\/antoni-pigrau-participa-com-a-jutge-al-tribunal-permanent-dels-pobles\/#article\",\"isPartOf\":{\"@id\":\"https:\/\/www.icip.cat\/ca\/antoni-pigrau-participa-com-a-jutge-al-tribunal-permanent-dels-pobles\/\"},\"author\":{\"name\":\"whads\",\"@id\":\"https:\/\/www.icip.cat\/ca\/#\/schema\/person\/35404003404833995eee2bb6e3115dc6\"},\"headline\":\"Antoni Pigrau participa com a jutge al Tribunal Permanent dels Pobles\",\"datePublished\":\"2014-05-29T08:00:00+00:00\",\"mainEntityOfPage\":{\"@id\":\"https:\/\/www.icip.cat\/ca\/antoni-pigrau-participa-com-a-jutge-al-tribunal-permanent-dels-pobles\/\"},\"wordCount\":303,\"publisher\":{\"@id\":\"https:\/\/www.icip.cat\/ca\/#organization\"},\"image\":{\"@id\":\"https:\/\/www.icip.cat\/ca\/antoni-pigrau-participa-com-a-jutge-al-tribunal-permanent-dels-pobles\/#primaryimage\"},\"thumbnailUrl\":\"https:\/\/www.icip.cat\/wp-content\/uploads\/2014\/05\/pigrau.JPG_1719961241.jpg\",\"inLanguage\":\"ca\"},{\"@type\":\"WebPage\",\"@id\":\"https:\/\/www.icip.cat\/ca\/antoni-pigrau-participa-com-a-jutge-al-tribunal-permanent-dels-pobles\/\",\"url\":\"https:\/\/www.icip.cat\/ca\/antoni-pigrau-participa-com-a-jutge-al-tribunal-permanent-dels-pobles\/\",\"name\":\"Antoni Pigrau participa com a jutge al Tribunal Permanent dels Pobles - ICIP\",\"isPartOf\":{\"@id\":\"https:\/\/www.icip.cat\/ca\/#website\"},\"primaryImageOfPage\":{\"@id\":\"https:\/\/www.icip.cat\/ca\/antoni-pigrau-participa-com-a-jutge-al-tribunal-permanent-dels-pobles\/#primaryimage\"},\"image\":{\"@id\":\"https:\/\/www.icip.cat\/ca\/antoni-pigrau-participa-com-a-jutge-al-tribunal-permanent-dels-pobles\/#primaryimage\"},\"thumbnailUrl\":\"https:\/\/www.icip.cat\/wp-content\/uploads\/2014\/05\/pigrau.JPG_1719961241.jpg\",\"datePublished\":\"2014-05-29T08:00:00+00:00\",\"inLanguage\":\"ca\",\"potentialAction\":[{\"@type\":\"ReadAction\",\"target\":[\"https:\/\/www.icip.cat\/ca\/antoni-pigrau-participa-com-a-jutge-al-tribunal-permanent-dels-pobles\/\"]}]},{\"@type\":\"ImageObject\",\"inLanguage\":\"ca\",\"@id\":\"https:\/\/www.icip.cat\/ca\/antoni-pigrau-participa-com-a-jutge-al-tribunal-permanent-dels-pobles\/#primaryimage\",\"url\":\"https:\/\/www.icip.cat\/wp-content\/uploads\/2014\/05\/pigrau.JPG_1719961241.jpg\",\"contentUrl\":\"https:\/\/www.icip.cat\/wp-content\/uploads\/2014\/05\/pigrau.JPG_1719961241.jpg\",\"width\":190,\"height\":143,\"caption\":\"Antoni Pigrau participa com a jutge al Tribunal Permanent dels Pobles\"},{\"@type\":\"WebSite\",\"@id\":\"https:\/\/www.icip.cat\/ca\/#website\",\"url\":\"https:\/\/www.icip.cat\/ca\/\",\"name\":\"ICIP\",\"description\":\"\",\"publisher\":{\"@id\":\"https:\/\/www.icip.cat\/ca\/#organization\"},\"potentialAction\":[{\"@type\":\"SearchAction\",\"target\":{\"@type\":\"EntryPoint\",\"urlTemplate\":\"https:\/\/www.icip.cat\/ca\/?s={search_term_string}\"},\"query-input\":{\"@type\":\"PropertyValueSpecification\",\"valueRequired\":true,\"valueName\":\"search_term_string\"}}],\"inLanguage\":\"ca\"},{\"@type\":\"Organization\",\"@id\":\"https:\/\/www.icip.cat\/ca\/#organization\",\"name\":\"ICIP\",\"url\":\"https:\/\/www.icip.cat\/ca\/\",\"logo\":{\"@type\":\"ImageObject\",\"inLanguage\":\"ca\",\"@id\":\"https:\/\/www.icip.cat\/ca\/#\/schema\/logo\/image\/\",\"url\":\"https:\/\/www.icip.cat\/wp-content\/uploads\/2021\/02\/logo-2.png\",\"contentUrl\":\"https:\/\/www.icip.cat\/wp-content\/uploads\/2021\/02\/logo-2.png\",\"width\":562,\"height\":391,\"caption\":\"ICIP\"},\"image\":{\"@id\":\"https:\/\/www.icip.cat\/ca\/#\/schema\/logo\/image\/\"}},{\"@type\":\"Person\",\"@id\":\"https:\/\/www.icip.cat\/ca\/#\/schema\/person\/35404003404833995eee2bb6e3115dc6\",\"name\":\"whads\",\"image\":{\"@type\":\"ImageObject\",\"inLanguage\":\"ca\",\"@id\":\"https:\/\/www.icip.cat\/ca\/#\/schema\/person\/image\/\",\"url\":\"https:\/\/secure.gravatar.com\/avatar\/6a92e4ce03d9442c546cc4afecfc51777413608a6d55a7b50040700657b6b30f?s=96&d=mm&r=g\",\"contentUrl\":\"https:\/\/secure.gravatar.com\/avatar\/6a92e4ce03d9442c546cc4afecfc51777413608a6d55a7b50040700657b6b30f?s=96&d=mm&r=g\",\"caption\":\"whads\"},\"sameAs\":[\"http:\/\/www.icip.cat\"],\"url\":\"https:\/\/www.icip.cat\/ca\/author\/whads\/\"}]}<\/script>\n<!-- \/ Yoast SEO plugin. -->","yoast_head_json":{"title":"Antoni Pigrau participa com a jutge al Tribunal Permanent dels Pobles - ICIP","robots":{"index":"index","follow":"follow","max-snippet":"max-snippet:-1","max-image-preview":"max-image-preview:large","max-video-preview":"max-video-preview:-1"},"canonical":"https:\/\/www.icip.cat\/ca\/antoni-pigrau-participa-com-a-jutge-al-tribunal-permanent-dels-pobles\/","og_locale":"ca_ES","og_type":"article","og_title":"Antoni Pigrau participa com a jutge al Tribunal Permanent dels Pobles - ICIP","og_description":"El membre de la junta de l\u2019ICIP ho fa en la sessi\u00f3 sobre la ind\u00fastria minera canadenca.","og_url":"https:\/\/www.icip.cat\/ca\/antoni-pigrau-participa-com-a-jutge-al-tribunal-permanent-dels-pobles\/","og_site_name":"ICIP","article_published_time":"2014-05-29T08:00:00+00:00","og_image":[{"width":190,"height":143,"url":"https:\/\/www.icip.cat\/wp-content\/uploads\/2014\/05\/pigrau.JPG_1719961241.jpg","type":"image\/jpeg"}],"author":"whads","twitter_card":"summary_large_image","twitter_misc":{"Escrit per":"whads","Temps estimat de lectura":"1 minut"},"schema":{"@context":"https:\/\/schema.org","@graph":[{"@type":"Article","@id":"https:\/\/www.icip.cat\/ca\/antoni-pigrau-participa-com-a-jutge-al-tribunal-permanent-dels-pobles\/#article","isPartOf":{"@id":"https:\/\/www.icip.cat\/ca\/antoni-pigrau-participa-com-a-jutge-al-tribunal-permanent-dels-pobles\/"},"author":{"name":"whads","@id":"https:\/\/www.icip.cat\/ca\/#\/schema\/person\/35404003404833995eee2bb6e3115dc6"},"headline":"Antoni Pigrau participa com a jutge al Tribunal Permanent dels Pobles","datePublished":"2014-05-29T08:00:00+00:00","mainEntityOfPage":{"@id":"https:\/\/www.icip.cat\/ca\/antoni-pigrau-participa-com-a-jutge-al-tribunal-permanent-dels-pobles\/"},"wordCount":303,"publisher":{"@id":"https:\/\/www.icip.cat\/ca\/#organization"},"image":{"@id":"https:\/\/www.icip.cat\/ca\/antoni-pigrau-participa-com-a-jutge-al-tribunal-permanent-dels-pobles\/#primaryimage"},"thumbnailUrl":"https:\/\/www.icip.cat\/wp-content\/uploads\/2014\/05\/pigrau.JPG_1719961241.jpg","inLanguage":"ca"},{"@type":"WebPage","@id":"https:\/\/www.icip.cat\/ca\/antoni-pigrau-participa-com-a-jutge-al-tribunal-permanent-dels-pobles\/","url":"https:\/\/www.icip.cat\/ca\/antoni-pigrau-participa-com-a-jutge-al-tribunal-permanent-dels-pobles\/","name":"Antoni Pigrau participa com a jutge al Tribunal Permanent dels Pobles - ICIP","isPartOf":{"@id":"https:\/\/www.icip.cat\/ca\/#website"},"primaryImageOfPage":{"@id":"https:\/\/www.icip.cat\/ca\/antoni-pigrau-participa-com-a-jutge-al-tribunal-permanent-dels-pobles\/#primaryimage"},"image":{"@id":"https:\/\/www.icip.cat\/ca\/antoni-pigrau-participa-com-a-jutge-al-tribunal-permanent-dels-pobles\/#primaryimage"},"thumbnailUrl":"https:\/\/www.icip.cat\/wp-content\/uploads\/2014\/05\/pigrau.JPG_1719961241.jpg","datePublished":"2014-05-29T08:00:00+00:00","inLanguage":"ca","potentialAction":[{"@type":"ReadAction","target":["https:\/\/www.icip.cat\/ca\/antoni-pigrau-participa-com-a-jutge-al-tribunal-permanent-dels-pobles\/"]}]},{"@type":"ImageObject","inLanguage":"ca","@id":"https:\/\/www.icip.cat\/ca\/antoni-pigrau-participa-com-a-jutge-al-tribunal-permanent-dels-pobles\/#primaryimage","url":"https:\/\/www.icip.cat\/wp-content\/uploads\/2014\/05\/pigrau.JPG_1719961241.jpg","contentUrl":"https:\/\/www.icip.cat\/wp-content\/uploads\/2014\/05\/pigrau.JPG_1719961241.jpg","width":190,"height":143,"caption":"Antoni Pigrau participa com a jutge al Tribunal Permanent dels Pobles"},{"@type":"WebSite","@id":"https:\/\/www.icip.cat\/ca\/#website","url":"https:\/\/www.icip.cat\/ca\/","name":"ICIP","description":"","publisher":{"@id":"https:\/\/www.icip.cat\/ca\/#organization"},"potentialAction":[{"@type":"SearchAction","target":{"@type":"EntryPoint","urlTemplate":"https:\/\/www.icip.cat\/ca\/?s={search_term_string}"},"query-input":{"@type":"PropertyValueSpecification","valueRequired":true,"valueName":"search_term_string"}}],"inLanguage":"ca"},{"@type":"Organization","@id":"https:\/\/www.icip.cat\/ca\/#organization","name":"ICIP","url":"https:\/\/www.icip.cat\/ca\/","logo":{"@type":"ImageObject","inLanguage":"ca","@id":"https:\/\/www.icip.cat\/ca\/#\/schema\/logo\/image\/","url":"https:\/\/www.icip.cat\/wp-content\/uploads\/2021\/02\/logo-2.png","contentUrl":"https:\/\/www.icip.cat\/wp-content\/uploads\/2021\/02\/logo-2.png","width":562,"height":391,"caption":"ICIP"},"image":{"@id":"https:\/\/www.icip.cat\/ca\/#\/schema\/logo\/image\/"}},{"@type":"Person","@id":"https:\/\/www.icip.cat\/ca\/#\/schema\/person\/35404003404833995eee2bb6e3115dc6","name":"whads","image":{"@type":"ImageObject","inLanguage":"ca","@id":"https:\/\/www.icip.cat\/ca\/#\/schema\/person\/image\/","url":"https:\/\/secure.gravatar.com\/avatar\/6a92e4ce03d9442c546cc4afecfc51777413608a6d55a7b50040700657b6b30f?s=96&d=mm&r=g","contentUrl":"https:\/\/secure.gravatar.com\/avatar\/6a92e4ce03d9442c546cc4afecfc51777413608a6d55a7b50040700657b6b30f?s=96&d=mm&r=g","caption":"whads"},"sameAs":["http:\/\/www.icip.cat"],"url":"https:\/\/www.icip.cat\/ca\/author\/whads\/"}]}},"_links":{"self":[{"href":"https:\/\/www.icip.cat\/ca\/wp-json\/wp\/v2\/posts\/4403","targetHints":{"allow":["GET"]}}],"collection":[{"href":"https:\/\/www.icip.cat\/ca\/wp-json\/wp\/v2\/posts"}],"about":[{"href":"https:\/\/www.icip.cat\/ca\/wp-json\/wp\/v2\/types\/post"}],"author":[{"embeddable":true,"href":"https:\/\/www.icip.cat\/ca\/wp-json\/wp\/v2\/users\/1"}],"replies":[{"embeddable":true,"href":"https:\/\/www.icip.cat\/ca\/wp-json\/wp\/v2\/comments?post=4403"}],"version-history":[{"count":0,"href":"https:\/\/www.icip.cat\/ca\/wp-json\/wp\/v2\/posts\/4403\/revisions"}],"wp:featuredmedia":[{"embeddable":true,"href":"https:\/\/www.icip.cat\/ca\/wp-json\/wp\/v2\/media\/4404"}],"wp:attachment":[{"href":"https:\/\/www.icip.cat\/ca\/wp-json\/wp\/v2\/media?parent=4403"}],"wp:term":[{"taxonomy":"category","embeddable":true,"href":"https:\/\/www.icip.cat\/ca\/wp-json\/wp\/v2\/categories?post=4403"},{"taxonomy":"post_tag","embeddable":true,"href":"https:\/\/www.icip.cat\/ca\/wp-json\/wp\/v2\/tags?post=4403"}],"curies":[{"name":"wp","href":"https:\/\/api.w.org\/{rel}","templated":true}]}}