{"id":46034,"date":"2024-06-03T09:43:41","date_gmt":"2024-06-03T09:43:41","guid":{"rendered":"https:\/\/www.icip.cat\/?p=46034"},"modified":"2025-09-26T10:14:39","modified_gmt":"2025-09-26T10:14:39","slug":"vicenc-fisas-premi-icip-construccio-de-pau-2024","status":"publish","type":"post","link":"https:\/\/www.icip.cat\/ca\/vicenc-fisas-premi-icip-construccio-de-pau-2024\/","title":{"rendered":"Vicen\u00e7 Fisas, Premi ICIP Construcci\u00f3 de Pau 2024"},"content":{"rendered":"\n<p>La Junta de Govern de l&#8217;ICIP ha reconegut l&#8217;<strong>investigador i activista Vicen\u00e7 Fisas i Armengol<\/strong> amb el <strong>Premi ICIP Construcci\u00f3 de Pau 2024<\/strong> &#8220;per la seva extensa i continuada traject\u00f2ria en el camp de la investigaci\u00f3 i l\u2019activisme per la pau i els drets humans, i la mediaci\u00f3 i l&#8217;an\u00e0lisi de conflictes&#8221;. La candidatura ha destacat d&#8217;entre la vintena de sol\u00b7licituds rebudes a nivell internacional, de persones a t\u00edtol individual o d&#8217;institucions dedicades al foment de la pau.<\/p>\n\n\n\n<p>Nascut a Barcelona el 1952, Fisas \u00e9s doctor en Estudis sobre Pau per la Universitat de Bradford (Regne Unit). Al llarg de la seva traject\u00f2ria ha destacat en l\u2019activisme a favor de la pau i la defensa dels drets humans, ha estat facilitador i analista de conflictes violents i de processos de pau, i ha dut a terme nombroses investigacions acad\u00e8miques sobre conflictes, cultura de pau i desarmament. Tamb\u00e9 ha destacat com a divulgador: ha publicat m\u00e9s de 70 llibres sobre tem\u00e0tiques relacionades amb els seus \u00e0mbits d\u2019expertesa, i ha col\u00b7laborat en nombrosos mitjans de comunicaci\u00f3.<\/p>\n\n\n\n<p>Com \u00e9s habitual, l&#8217;ICIP celebrar\u00e0 una cerim\u00f2nia de lliurament del guard\u00f3 el mes de setembre al Parlament de Catalunya, coincidint amb la celebraci\u00f3 del Dia Internacional de la Pau.<\/p>\n\n\n<div class=\"wp-block-image\">\n<figure class=\"aligncenter size-large\"><img fetchpriority=\"high\" decoding=\"async\" width=\"1024\" height=\"682\" src=\"https:\/\/www.icip.cat\/wp-content\/uploads\/2025\/01\/20240919-1847-SRL_4529-1024x682.jpg\" alt=\"\" class=\"wp-image-51221\" srcset=\"https:\/\/www.icip.cat\/wp-content\/uploads\/2025\/01\/20240919-1847-SRL_4529-1024x682.jpg 1024w, https:\/\/www.icip.cat\/wp-content\/uploads\/2025\/01\/20240919-1847-SRL_4529-300x200.jpg 300w, https:\/\/www.icip.cat\/wp-content\/uploads\/2025\/01\/20240919-1847-SRL_4529-768x512.jpg 768w, https:\/\/www.icip.cat\/wp-content\/uploads\/2025\/01\/20240919-1847-SRL_4529-1536x1024.jpg 1536w, https:\/\/www.icip.cat\/wp-content\/uploads\/2025\/01\/20240919-1847-SRL_4529.jpg 2000w\" sizes=\"(max-width: 1024px) 100vw, 1024px\" \/><\/figure><\/div>\n\n\n<h3 class=\"wp-block-heading\"><strong>Activisme i recerca<\/strong><\/h3>\n\n\n\n<p>Fisas s\u2019inicia en l\u2019activisme per la pau els anys 70, primer com a membre de <strong>l\u2019Equip OC<\/strong>, el grup de suport als primers objectors de consci\u00e8ncia al servei militar a Espanya, i m\u00e9s tard com a membre actiu del <strong>Casal de la Pau<\/strong>, de la <strong>Campanya Internacional contra el Comer\u00e7 d\u2019Armes<\/strong> i del <strong>Moviment Antinuclear de Catalunya<\/strong>. Amb la voluntat de compaginar activisme i recerca, l\u2019any 1974 crea el <strong>Centre d\u2019An\u00e0lisi de Conflictes<\/strong>, un petit centre de documentaci\u00f3 i an\u00e0lisi del moviment pacifista a partir del qual inicia contactes amb organitzacions pacifistes internacionals. I una d\u00e8cada m\u00e9s tard \u00e9s el fundador i coordinador del <strong>Programa de Pau i Conflictes del CIDOB<\/strong> (Centre d\u2019Informaci\u00f3 i Documentaci\u00f3 Internacional de Barcelona), al mateix temps que es creen els principals centres de recerca per la pau a nivell espanyol i neix <strong>l\u2019Associaci\u00f3 Espanyola d\u2019Investigaci\u00f3 per la Pau (AIPAZ)<\/strong>, de la qual Fisas tamb\u00e9 n\u2019\u00e9s fundador i president.<\/p>\n\n\n\n<p>En paral\u00b7lel, els anys 90 cultiva l\u2019activisme des de la <strong>Campanya internacional de prohibici\u00f3 de les mines antipersona<\/strong> i com a coordinador de les <strong>campanyes de desarmament<\/strong> promogudes per Amnistia Internacional, Greenpeace, Interm\u00f3n-Oxfam i Metges Sense Fronteres.<\/p>\n\n\n\n<h3 class=\"wp-block-heading\"><strong>Fundador de l\u2019Escola de Cultura de Pau<\/strong><\/h3>\n\n\n\n<p>El 1989, Fisas es vincula al Centre UNESCO Catalunya com a investigador sobre pau i desarmament i a la <strong>C\u00e0tedra UNESCO sobre Pau i Drets Humans<\/strong> que s\u2019imparteix a la Universitat Aut\u00f2noma de Barcelona (UAB), al mateix temps que \u00e9s designat responsable de la UNESCO sobre de prevenci\u00f3 de conflictes. A partir de l\u2019\u00e8xit de la C\u00e0tedra UNESCO, el 1999 Fisas crea <strong>l\u2019Escola de Cultura de Pau de la UAB<\/strong>, de la qual en ser\u00e0 el director fins l\u2019any 2016 i coordinar\u00e0 el programa de Processos de Pau. L\u2019ECP esdev\u00e9 un centre d\u2019investigaci\u00f3 per la pau de refer\u00e8ncia a Catalunya el qual porta a terme recerca, formaci\u00f3, sensibilitzaci\u00f3 i intervenci\u00f3.<\/p>\n\n\n\n<h3 class=\"wp-block-heading\"><strong>Experi\u00e8ncia en mediaci\u00f3 i prevenci\u00f3 de conflictes<\/strong><\/h3>\n\n\n\n<p>M\u00e9s enll\u00e0 de l\u2019activisme i la investigaci\u00f3 acad\u00e8mica, al llarg de la seva carrera, Fisas ha participat en <strong>negociacions de pau<\/strong> a <strong>Col\u00f2mbia<\/strong> (2000-2016), el <strong>Pa\u00eds Basc<\/strong> (1998-2003 i 2016), el <strong>S\u00e0hara<\/strong> (2000-2010), el <strong>Kurdistan turc<\/strong> (2006-2015) i <strong>Filipines<\/strong> (2005-2017). La traject\u00f2ria m\u00e9s extensa l\u2019ha desenvolupat a Col\u00f2mbia, on ha estat present en negociacions de pau amb les FARC i l\u2019ELN, en diferents per\u00edodes. Aquesta experi\u00e8ncia sobre el terreny el porta a ser assessor en temes de pau del Ministeri d\u2019Afers Exteriors d\u2019Espanya (2004-2010) i del Ministeri d\u2019Afers Exteriors de Noruega (2010-2020), i col\u00b7laborador del Norwegian Peace Resolution Center (NOREF), des de l\u2019any 2008. A partir del seguiment de diferents processos de pau arreu del m\u00f3n, durant deu anys Fisas publica <em>l\u2019Anuari de Processos de Pau<\/em> (2006-2016), en el qual analitza l\u2019evoluci\u00f3 de les negociacions de pau.<\/p>\n\n\n\n<h3 class=\"wp-block-heading\"><strong>Publicacions i reconeixements<\/strong><\/h3>\n\n\n\n<p>Al llarg de la seva carrera ha publicat m\u00e9s de 70 llibres relacionats amb l\u2019an\u00e0lisi dels conflictes i la cultura de pau, entre els quals destaquen <em>El poder militar en Espa\u00f1a<\/em> (1979), <em>Introducci\u00f3 a l\u2019estudi de la pau i dels conflictes<\/em> (1987), <em>Las armas de la democracia<\/em> (1988), <em>Ecolog\u00eda y seguridad en el Mediterr\u00e1neo<\/em> (1993), <em>Las Naciones Unidas ante un mundo en crisis<\/em> (1994), <em>Cultura de paz y gesti\u00f3n de conflictos<\/em> (1998), <em>Adi\u00f3s a las armas ligeras: las armas y la cultura de la violencia<\/em> (2000), <em>Procesos de paz y negociaci\u00f3n en conflictos armados<\/em> (2004), <em>Diplomacias de paz: negociar con grupos armados<\/em> (2015), <em>La gesti\u00f3n de las crisis sociopol\u00edticas: \u00bfprevenci\u00f3n y\/o cambio estructural?<\/em>&nbsp;(2017), <em>Manual de negociaci\u00f3n de conflictos pol\u00edticos<\/em>&nbsp;(2021).<\/p>\n\n\n\n<p>La seva traject\u00f2ria ha estat reconeguda amb diversos guardons, com el Premio Nacional de Derechos Humanos (1988), el Premi Memorial per la Pau Josep Vidal Lecha (1988) i el Premi Iniciativa Solid\u00e0ria de El Peri\u00f3dico de Catalunya (2007). Ara s&#8217;hi suma el Premi ICIP Construcci\u00f3 de Pau 2024, guard\u00f3 que rebr\u00e0 en una cerim\u00f2nia p\u00fablica el mes de setembre al Parlament de Catalunya.<\/p>\n\n\n\n<figure class=\"wp-block-embed aligncenter is-type-video is-provider-youtube wp-block-embed-youtube wp-embed-aspect-16-9 wp-has-aspect-ratio\"><div class=\"wp-block-embed__wrapper\">\n<iframe title=\"Acte de lliurament del Premi ICIP Construccio de Pau 2024\" width=\"640\" height=\"360\" src=\"https:\/\/www.youtube.com\/embed\/fPeJb67mSx4?feature=oembed\" frameborder=\"0\" allow=\"accelerometer; autoplay; clipboard-write; encrypted-media; gyroscope; picture-in-picture; web-share\" referrerpolicy=\"strict-origin-when-cross-origin\" allowfullscreen><\/iframe>\n<\/div><\/figure>\n\n\n\n<h3 class=\"wp-block-heading\"><strong>Premi ICIP Construcci\u00f3 de Pau<\/strong><\/h3>\n\n\n\n<p>L\u2019ICIP convoca anualment, des de l\u2019any 2011, el<a href=\"https:\/\/www.icip.cat\/ca\/premi-icip-construccio-de-pau\/\" target=\"_blank\" rel=\"noreferrer noopener\"> Premi ICIP Construcci\u00f3 de Pau<\/a> amb la finalitat de guardonar i r<strong>econ\u00e8ixer p\u00fablicament persones, entitats o institucions que han treballat i han contribu\u00eft de manera destacada i dilatada en el foment i la construcci\u00f3 de la pau<\/strong>.<\/p>\n\n\n\n<p>El guard\u00f3 consisteix en un reconeixement p\u00fablic, una escultura creada pel Premi Nobel de la Pau, artista i activista Adolfo P\u00e9rez Esquivel, anomenada <em>Porta del Sol<\/em>, i una dotaci\u00f3 econ\u00f2mica de 6.000 euros. El lliurament del guard\u00f3 t\u00e9 lloc anualment en una cerim\u00f2nia institucional al Parlament de Catalunya coincidint amb el 21 de setembre, Dia Internacional de la Pau.<\/p>\n\n\n\n<div class=\"wp-block-buttons is-layout-flex wp-block-buttons-is-layout-flex\">\n<div class=\"wp-block-button is-style-fill\"><a class=\"wp-block-button__link has-black-color has-text-color has-background wp-element-button\" href=\"https:\/\/www.icip.cat\/ca\/premi-icip-construccio-de-pau\/\" style=\"background-color:#fff000\">Persones i entitats guardonades amb el Premi ICIP Construcci\u00f3 de Pau<\/a><\/div>\n<\/div>\n","protected":false},"excerpt":{"rendered":"<p>La Junta de Govern de l&#8217;ICIP ha reconegut l&#8217;investigador i activista Vicen\u00e7 Fisas i Armengol amb el Premi ICIP Construcci\u00f3 de Pau 2024 &#8220;per la seva extensa i continuada traject\u00f2ria en el camp de la investigaci\u00f3 i l\u2019activisme per la pau i els drets humans, i la mediaci\u00f3 i l&#8217;an\u00e0lisi de conflictes&#8221;. La candidatura ha [&hellip;]<\/p>\n","protected":false},"author":2,"featured_media":51221,"comment_status":"closed","ping_status":"closed","sticky":false,"template":"","format":"standard","meta":{"_acf_changed":false,"footnotes":""},"categories":[4],"tags":[],"class_list":["post-46034","post","type-post","status-publish","format-standard","has-post-thumbnail","hentry","category-sense-categoria"],"acf":[],"yoast_head":"<!-- This site is optimized with the Yoast SEO plugin v25.6 - https:\/\/yoast.com\/wordpress\/plugins\/seo\/ -->\n<title>Vicen\u00e7 Fisas, Premi ICIP Construcci\u00f3 de Pau 2024 - ICIP<\/title>\n<meta name=\"description\" content=\"El premi reconeix l&#039;extensa i continuada traject\u00f2ria en el camp de la investigaci\u00f3 i l\u2019activisme per la pau, la mediaci\u00f3 i l&#039;an\u00e0lisi de conflictes.\" \/>\n<meta name=\"robots\" content=\"index, follow, max-snippet:-1, max-image-preview:large, max-video-preview:-1\" \/>\n<link rel=\"canonical\" href=\"https:\/\/www.icip.cat\/ca\/vicenc-fisas-premi-icip-construccio-de-pau-2024\/\" \/>\n<meta property=\"og:locale\" content=\"ca_ES\" \/>\n<meta property=\"og:type\" content=\"article\" \/>\n<meta property=\"og:title\" content=\"Vicen\u00e7 Fisas, Premi ICIP Construcci\u00f3 de Pau 2024 - ICIP\" \/>\n<meta property=\"og:description\" content=\"El premi reconeix l&#039;extensa i continuada traject\u00f2ria en el camp de la investigaci\u00f3 i l\u2019activisme per la pau, la mediaci\u00f3 i l&#039;an\u00e0lisi de conflictes.\" \/>\n<meta property=\"og:url\" content=\"https:\/\/www.icip.cat\/ca\/vicenc-fisas-premi-icip-construccio-de-pau-2024\/\" \/>\n<meta property=\"og:site_name\" content=\"ICIP\" \/>\n<meta property=\"article:published_time\" content=\"2024-06-03T09:43:41+00:00\" \/>\n<meta property=\"article:modified_time\" content=\"2025-09-26T10:14:39+00:00\" \/>\n<meta property=\"og:image\" content=\"https:\/\/www.icip.cat\/wp-content\/uploads\/2025\/01\/20240919-1847-SRL_4529.jpg\" \/>\n\t<meta property=\"og:image:width\" content=\"2000\" \/>\n\t<meta property=\"og:image:height\" content=\"1333\" \/>\n\t<meta property=\"og:image:type\" content=\"image\/jpeg\" \/>\n<meta name=\"author\" content=\"Eugenia\" \/>\n<meta name=\"twitter:card\" content=\"summary_large_image\" \/>\n<meta name=\"twitter:label1\" content=\"Escrit per\" \/>\n\t<meta name=\"twitter:data1\" content=\"Eugenia\" \/>\n\t<meta name=\"twitter:label2\" content=\"Temps estimat de lectura\" \/>\n\t<meta name=\"twitter:data2\" content=\"6 minuts\" \/>\n<script type=\"application\/ld+json\" class=\"yoast-schema-graph\">{\"@context\":\"https:\/\/schema.org\",\"@graph\":[{\"@type\":\"Article\",\"@id\":\"https:\/\/www.icip.cat\/ca\/vicenc-fisas-premi-icip-construccio-de-pau-2024\/#article\",\"isPartOf\":{\"@id\":\"https:\/\/www.icip.cat\/ca\/vicenc-fisas-premi-icip-construccio-de-pau-2024\/\"},\"author\":{\"name\":\"Eugenia\",\"@id\":\"https:\/\/www.icip.cat\/ca\/#\/schema\/person\/ecaf8460603e6e32c80f3acbf4178fa6\"},\"headline\":\"Vicen\u00e7 Fisas, Premi ICIP Construcci\u00f3 de Pau 2024\",\"datePublished\":\"2024-06-03T09:43:41+00:00\",\"dateModified\":\"2025-09-26T10:14:39+00:00\",\"mainEntityOfPage\":{\"@id\":\"https:\/\/www.icip.cat\/ca\/vicenc-fisas-premi-icip-construccio-de-pau-2024\/\"},\"wordCount\":1053,\"publisher\":{\"@id\":\"https:\/\/www.icip.cat\/ca\/#organization\"},\"image\":{\"@id\":\"https:\/\/www.icip.cat\/ca\/vicenc-fisas-premi-icip-construccio-de-pau-2024\/#primaryimage\"},\"thumbnailUrl\":\"https:\/\/www.icip.cat\/wp-content\/uploads\/2025\/01\/20240919-1847-SRL_4529.jpg\",\"inLanguage\":\"ca\"},{\"@type\":\"WebPage\",\"@id\":\"https:\/\/www.icip.cat\/ca\/vicenc-fisas-premi-icip-construccio-de-pau-2024\/\",\"url\":\"https:\/\/www.icip.cat\/ca\/vicenc-fisas-premi-icip-construccio-de-pau-2024\/\",\"name\":\"Vicen\u00e7 Fisas, Premi ICIP Construcci\u00f3 de Pau 2024 - ICIP\",\"isPartOf\":{\"@id\":\"https:\/\/www.icip.cat\/ca\/#website\"},\"primaryImageOfPage\":{\"@id\":\"https:\/\/www.icip.cat\/ca\/vicenc-fisas-premi-icip-construccio-de-pau-2024\/#primaryimage\"},\"image\":{\"@id\":\"https:\/\/www.icip.cat\/ca\/vicenc-fisas-premi-icip-construccio-de-pau-2024\/#primaryimage\"},\"thumbnailUrl\":\"https:\/\/www.icip.cat\/wp-content\/uploads\/2025\/01\/20240919-1847-SRL_4529.jpg\",\"datePublished\":\"2024-06-03T09:43:41+00:00\",\"dateModified\":\"2025-09-26T10:14:39+00:00\",\"description\":\"El premi reconeix l'extensa i continuada traject\u00f2ria en el camp de la investigaci\u00f3 i l\u2019activisme per la pau, la mediaci\u00f3 i l'an\u00e0lisi de conflictes.\",\"inLanguage\":\"ca\",\"potentialAction\":[{\"@type\":\"ReadAction\",\"target\":[\"https:\/\/www.icip.cat\/ca\/vicenc-fisas-premi-icip-construccio-de-pau-2024\/\"]}]},{\"@type\":\"ImageObject\",\"inLanguage\":\"ca\",\"@id\":\"https:\/\/www.icip.cat\/ca\/vicenc-fisas-premi-icip-construccio-de-pau-2024\/#primaryimage\",\"url\":\"https:\/\/www.icip.cat\/wp-content\/uploads\/2025\/01\/20240919-1847-SRL_4529.jpg\",\"contentUrl\":\"https:\/\/www.icip.cat\/wp-content\/uploads\/2025\/01\/20240919-1847-SRL_4529.jpg\",\"width\":2000,\"height\":1333},{\"@type\":\"WebSite\",\"@id\":\"https:\/\/www.icip.cat\/ca\/#website\",\"url\":\"https:\/\/www.icip.cat\/ca\/\",\"name\":\"ICIP\",\"description\":\"\",\"publisher\":{\"@id\":\"https:\/\/www.icip.cat\/ca\/#organization\"},\"potentialAction\":[{\"@type\":\"SearchAction\",\"target\":{\"@type\":\"EntryPoint\",\"urlTemplate\":\"https:\/\/www.icip.cat\/ca\/?s={search_term_string}\"},\"query-input\":{\"@type\":\"PropertyValueSpecification\",\"valueRequired\":true,\"valueName\":\"search_term_string\"}}],\"inLanguage\":\"ca\"},{\"@type\":\"Organization\",\"@id\":\"https:\/\/www.icip.cat\/ca\/#organization\",\"name\":\"ICIP\",\"url\":\"https:\/\/www.icip.cat\/ca\/\",\"logo\":{\"@type\":\"ImageObject\",\"inLanguage\":\"ca\",\"@id\":\"https:\/\/www.icip.cat\/ca\/#\/schema\/logo\/image\/\",\"url\":\"https:\/\/www.icip.cat\/wp-content\/uploads\/2021\/02\/logo-2.png\",\"contentUrl\":\"https:\/\/www.icip.cat\/wp-content\/uploads\/2021\/02\/logo-2.png\",\"width\":562,\"height\":391,\"caption\":\"ICIP\"},\"image\":{\"@id\":\"https:\/\/www.icip.cat\/ca\/#\/schema\/logo\/image\/\"}},{\"@type\":\"Person\",\"@id\":\"https:\/\/www.icip.cat\/ca\/#\/schema\/person\/ecaf8460603e6e32c80f3acbf4178fa6\",\"name\":\"Eugenia\",\"image\":{\"@type\":\"ImageObject\",\"inLanguage\":\"ca\",\"@id\":\"https:\/\/www.icip.cat\/ca\/#\/schema\/person\/image\/\",\"url\":\"https:\/\/secure.gravatar.com\/avatar\/d30b42e0caf7d7c3d97196ad2e94636c7bb0cc353a49ec8660d01bc0ff98b480?s=96&d=mm&r=g\",\"contentUrl\":\"https:\/\/secure.gravatar.com\/avatar\/d30b42e0caf7d7c3d97196ad2e94636c7bb0cc353a49ec8660d01bc0ff98b480?s=96&d=mm&r=g\",\"caption\":\"Eugenia\"},\"url\":\"https:\/\/www.icip.cat\/ca\/author\/eugenia\/\"}]}<\/script>\n<!-- \/ Yoast SEO plugin. -->","yoast_head_json":{"title":"Vicen\u00e7 Fisas, Premi ICIP Construcci\u00f3 de Pau 2024 - ICIP","description":"El premi reconeix l'extensa i continuada traject\u00f2ria en el camp de la investigaci\u00f3 i l\u2019activisme per la pau, la mediaci\u00f3 i l'an\u00e0lisi de conflictes.","robots":{"index":"index","follow":"follow","max-snippet":"max-snippet:-1","max-image-preview":"max-image-preview:large","max-video-preview":"max-video-preview:-1"},"canonical":"https:\/\/www.icip.cat\/ca\/vicenc-fisas-premi-icip-construccio-de-pau-2024\/","og_locale":"ca_ES","og_type":"article","og_title":"Vicen\u00e7 Fisas, Premi ICIP Construcci\u00f3 de Pau 2024 - ICIP","og_description":"El premi reconeix l'extensa i continuada traject\u00f2ria en el camp de la investigaci\u00f3 i l\u2019activisme per la pau, la mediaci\u00f3 i l'an\u00e0lisi de conflictes.","og_url":"https:\/\/www.icip.cat\/ca\/vicenc-fisas-premi-icip-construccio-de-pau-2024\/","og_site_name":"ICIP","article_published_time":"2024-06-03T09:43:41+00:00","article_modified_time":"2025-09-26T10:14:39+00:00","og_image":[{"width":2000,"height":1333,"url":"https:\/\/www.icip.cat\/wp-content\/uploads\/2025\/01\/20240919-1847-SRL_4529.jpg","type":"image\/jpeg"}],"author":"Eugenia","twitter_card":"summary_large_image","twitter_misc":{"Escrit per":"Eugenia","Temps estimat de lectura":"6 minuts"},"schema":{"@context":"https:\/\/schema.org","@graph":[{"@type":"Article","@id":"https:\/\/www.icip.cat\/ca\/vicenc-fisas-premi-icip-construccio-de-pau-2024\/#article","isPartOf":{"@id":"https:\/\/www.icip.cat\/ca\/vicenc-fisas-premi-icip-construccio-de-pau-2024\/"},"author":{"name":"Eugenia","@id":"https:\/\/www.icip.cat\/ca\/#\/schema\/person\/ecaf8460603e6e32c80f3acbf4178fa6"},"headline":"Vicen\u00e7 Fisas, Premi ICIP Construcci\u00f3 de Pau 2024","datePublished":"2024-06-03T09:43:41+00:00","dateModified":"2025-09-26T10:14:39+00:00","mainEntityOfPage":{"@id":"https:\/\/www.icip.cat\/ca\/vicenc-fisas-premi-icip-construccio-de-pau-2024\/"},"wordCount":1053,"publisher":{"@id":"https:\/\/www.icip.cat\/ca\/#organization"},"image":{"@id":"https:\/\/www.icip.cat\/ca\/vicenc-fisas-premi-icip-construccio-de-pau-2024\/#primaryimage"},"thumbnailUrl":"https:\/\/www.icip.cat\/wp-content\/uploads\/2025\/01\/20240919-1847-SRL_4529.jpg","inLanguage":"ca"},{"@type":"WebPage","@id":"https:\/\/www.icip.cat\/ca\/vicenc-fisas-premi-icip-construccio-de-pau-2024\/","url":"https:\/\/www.icip.cat\/ca\/vicenc-fisas-premi-icip-construccio-de-pau-2024\/","name":"Vicen\u00e7 Fisas, Premi ICIP Construcci\u00f3 de Pau 2024 - ICIP","isPartOf":{"@id":"https:\/\/www.icip.cat\/ca\/#website"},"primaryImageOfPage":{"@id":"https:\/\/www.icip.cat\/ca\/vicenc-fisas-premi-icip-construccio-de-pau-2024\/#primaryimage"},"image":{"@id":"https:\/\/www.icip.cat\/ca\/vicenc-fisas-premi-icip-construccio-de-pau-2024\/#primaryimage"},"thumbnailUrl":"https:\/\/www.icip.cat\/wp-content\/uploads\/2025\/01\/20240919-1847-SRL_4529.jpg","datePublished":"2024-06-03T09:43:41+00:00","dateModified":"2025-09-26T10:14:39+00:00","description":"El premi reconeix l'extensa i continuada traject\u00f2ria en el camp de la investigaci\u00f3 i l\u2019activisme per la pau, la mediaci\u00f3 i l'an\u00e0lisi de conflictes.","inLanguage":"ca","potentialAction":[{"@type":"ReadAction","target":["https:\/\/www.icip.cat\/ca\/vicenc-fisas-premi-icip-construccio-de-pau-2024\/"]}]},{"@type":"ImageObject","inLanguage":"ca","@id":"https:\/\/www.icip.cat\/ca\/vicenc-fisas-premi-icip-construccio-de-pau-2024\/#primaryimage","url":"https:\/\/www.icip.cat\/wp-content\/uploads\/2025\/01\/20240919-1847-SRL_4529.jpg","contentUrl":"https:\/\/www.icip.cat\/wp-content\/uploads\/2025\/01\/20240919-1847-SRL_4529.jpg","width":2000,"height":1333},{"@type":"WebSite","@id":"https:\/\/www.icip.cat\/ca\/#website","url":"https:\/\/www.icip.cat\/ca\/","name":"ICIP","description":"","publisher":{"@id":"https:\/\/www.icip.cat\/ca\/#organization"},"potentialAction":[{"@type":"SearchAction","target":{"@type":"EntryPoint","urlTemplate":"https:\/\/www.icip.cat\/ca\/?s={search_term_string}"},"query-input":{"@type":"PropertyValueSpecification","valueRequired":true,"valueName":"search_term_string"}}],"inLanguage":"ca"},{"@type":"Organization","@id":"https:\/\/www.icip.cat\/ca\/#organization","name":"ICIP","url":"https:\/\/www.icip.cat\/ca\/","logo":{"@type":"ImageObject","inLanguage":"ca","@id":"https:\/\/www.icip.cat\/ca\/#\/schema\/logo\/image\/","url":"https:\/\/www.icip.cat\/wp-content\/uploads\/2021\/02\/logo-2.png","contentUrl":"https:\/\/www.icip.cat\/wp-content\/uploads\/2021\/02\/logo-2.png","width":562,"height":391,"caption":"ICIP"},"image":{"@id":"https:\/\/www.icip.cat\/ca\/#\/schema\/logo\/image\/"}},{"@type":"Person","@id":"https:\/\/www.icip.cat\/ca\/#\/schema\/person\/ecaf8460603e6e32c80f3acbf4178fa6","name":"Eugenia","image":{"@type":"ImageObject","inLanguage":"ca","@id":"https:\/\/www.icip.cat\/ca\/#\/schema\/person\/image\/","url":"https:\/\/secure.gravatar.com\/avatar\/d30b42e0caf7d7c3d97196ad2e94636c7bb0cc353a49ec8660d01bc0ff98b480?s=96&d=mm&r=g","contentUrl":"https:\/\/secure.gravatar.com\/avatar\/d30b42e0caf7d7c3d97196ad2e94636c7bb0cc353a49ec8660d01bc0ff98b480?s=96&d=mm&r=g","caption":"Eugenia"},"url":"https:\/\/www.icip.cat\/ca\/author\/eugenia\/"}]}},"_links":{"self":[{"href":"https:\/\/www.icip.cat\/ca\/wp-json\/wp\/v2\/posts\/46034","targetHints":{"allow":["GET"]}}],"collection":[{"href":"https:\/\/www.icip.cat\/ca\/wp-json\/wp\/v2\/posts"}],"about":[{"href":"https:\/\/www.icip.cat\/ca\/wp-json\/wp\/v2\/types\/post"}],"author":[{"embeddable":true,"href":"https:\/\/www.icip.cat\/ca\/wp-json\/wp\/v2\/users\/2"}],"replies":[{"embeddable":true,"href":"https:\/\/www.icip.cat\/ca\/wp-json\/wp\/v2\/comments?post=46034"}],"version-history":[{"count":7,"href":"https:\/\/www.icip.cat\/ca\/wp-json\/wp\/v2\/posts\/46034\/revisions"}],"predecessor-version":[{"id":56996,"href":"https:\/\/www.icip.cat\/ca\/wp-json\/wp\/v2\/posts\/46034\/revisions\/56996"}],"wp:featuredmedia":[{"embeddable":true,"href":"https:\/\/www.icip.cat\/ca\/wp-json\/wp\/v2\/media\/51221"}],"wp:attachment":[{"href":"https:\/\/www.icip.cat\/ca\/wp-json\/wp\/v2\/media?parent=46034"}],"wp:term":[{"taxonomy":"category","embeddable":true,"href":"https:\/\/www.icip.cat\/ca\/wp-json\/wp\/v2\/categories?post=46034"},{"taxonomy":"post_tag","embeddable":true,"href":"https:\/\/www.icip.cat\/ca\/wp-json\/wp\/v2\/tags?post=46034"}],"curies":[{"name":"wp","href":"https:\/\/api.w.org\/{rel}","templated":true}]}}