{"id":4716,"date":"2013-11-05T08:00:00","date_gmt":"2013-11-05T08:00:00","guid":{"rendered":"http:\/\/www.icip.cat\/revolucions-noviolentes-resistencia-civil-a-final-del-segle-xx-de-sharon-erickson\/"},"modified":"2013-11-05T08:00:00","modified_gmt":"2013-11-05T08:00:00","slug":"revolucions-noviolentes-resistencia-civil-a-final-del-segle-xx-de-sharon-erickson","status":"publish","type":"post","link":"https:\/\/www.icip.cat\/ca\/revolucions-noviolentes-resistencia-civil-a-final-del-segle-xx-de-sharon-erickson\/","title":{"rendered":"Revolucions noviolentes. Resist\u00e8ncia civil a final del segle XX, de Sharon Erickson"},"content":{"rendered":"<p>El darrer llibre de la col\u00b7lecci\u00f3 &#8216;Noviol\u00e8ncia i lluita per la pau&#8217; (editat per l&#8217;ICIP i Pag\u00e8s editors) t\u00e9 per objectiu estudiar la metodologia i l&#8217;efic\u00e0cia dels moviments pol\u00edtics noviolents del darrer ter\u00e7 del segle XX. Per fer-ho, l&#8217;autora Sharon Erickson ha seleccionat sis tipus de mobilitzacions pol\u00edtiques noviolentes, orientades a transformar democr\u00e0ticament r\u00e8gims autoritaris. D&#8217;aquests sis caos, tres van ser exitosos a l&#8217;hora de promoure el canvi de r\u00e8gim pol\u00edtic (els d&#8217;Alemanya Oriental, Xile i Filipines) i tres van fracassar (la insurrecci\u00f3 a la Xina en el marc de la trag\u00e8dia de Tiananmen, la lluita de grups noviolents a K\u00e8nia contra la dictadura de Daniel Arap Moi, i les mobilitzacions noviolentes en favor de la democr\u00e0cia de finals dels anys 80 al Panam\u00e0 del dictador Manuel Antonio Noriega). El llibre posa l&#8217;atenci\u00f3 en les estrat\u00e8gies i les din\u00e0miques dels moviments noviolents, i en les diferents reaccions dels r\u00e8gims dictatorials en el seu intent de contrarestar les insurg\u00e8ncies. L&#8217;autora defineix la noviol\u00e8ncia com una forma de lluita de base civil que empra formes de confrontaci\u00f3 social, econ\u00f2mica i pol\u00edtica sense rec\u00f3rrer a la viol\u00e8ncia o a l&#8217;amena\u00e7a de la viol\u00e8ncia.<br \/>\nL&#8217;autora<br \/>\nSharon Erickson Nepstad \u00e9s professora de sociologia a la Universitat de Nuevo M\u00e9xico. Les seves \u00e0rees de recerca s\u00f3n els moviments socials, els estudis sobre noviol\u00e8ncia i resist\u00e8ncia civil i la sociologia de les religions. Entre les seves publicacions destaca el llibre Relilgion and War Resistance in the Plowshares Movement que va ser premiat l\u2019any 2009 per la secci\u00f3 sobre pau de l\u2019Acad\u00e8mia Americana de Sociologia. Actualment estudia la noviol\u00e8ncia a les revoltes de la primavera \u00e0rab.<br \/>\nLa col\u00b7lecci\u00f3<br \/>\nLa col\u00b7lecci\u00f3 &#8216;Noviol\u00e8ncia i lluita per la pau&#8217; vol posar a disposici\u00f3 de la societat, de l&#8217;acad\u00e8mia i de les administracions instruments de reflexi\u00f3 i d&#8217;acci\u00f3 que mostrin que la noviol\u00e8ncia \u00e9s desitjable, viable i efica\u00e7. Altres t\u00edtols d&#8217;aquesta col\u00b7lecci\u00f3 s\u00f3n Gandhi avui , de David Cortright; Els anomenats pacifistes , de John Paul Lederach; o Noviol\u00e8ncia: hist\u00f2ria d&#8217;una idea perillosa , de Mark Kurlansky.<\/p>\n","protected":false},"excerpt":{"rendered":"<p>Nou llibre de la col\u00b7lecci\u00f3 &#8216;Noviol\u00e8ncia i lluita per la pau&#8217; (ICIP i Pag\u00e8s editors).<\/p>\n","protected":false},"author":1,"featured_media":4717,"comment_status":"closed","ping_status":"open","sticky":false,"template":"","format":"standard","meta":{"_acf_changed":false,"footnotes":""},"categories":[4],"tags":[],"class_list":["post-4716","post","type-post","status-publish","format-standard","has-post-thumbnail","hentry","category-sense-categoria"],"acf":[],"yoast_head":"<!-- This site is optimized with the Yoast SEO plugin v25.6 - https:\/\/yoast.com\/wordpress\/plugins\/seo\/ -->\n<title>Revolucions noviolentes. Resist\u00e8ncia civil a final del segle XX, de Sharon Erickson - ICIP<\/title>\n<meta name=\"robots\" content=\"index, follow, max-snippet:-1, max-image-preview:large, max-video-preview:-1\" \/>\n<link rel=\"canonical\" href=\"https:\/\/www.icip.cat\/ca\/revolucions-noviolentes-resistencia-civil-a-final-del-segle-xx-de-sharon-erickson\/\" \/>\n<meta property=\"og:locale\" content=\"ca_ES\" \/>\n<meta property=\"og:type\" content=\"article\" \/>\n<meta property=\"og:title\" content=\"Revolucions noviolentes. Resist\u00e8ncia civil a final del segle XX, de Sharon Erickson - ICIP\" \/>\n<meta property=\"og:description\" content=\"Nou llibre de la col\u00b7lecci\u00f3 &#039;Noviol\u00e8ncia i lluita per la pau&#039; (ICIP i Pag\u00e8s editors).\" \/>\n<meta property=\"og:url\" content=\"https:\/\/www.icip.cat\/ca\/revolucions-noviolentes-resistencia-civil-a-final-del-segle-xx-de-sharon-erickson\/\" \/>\n<meta property=\"og:site_name\" content=\"ICIP\" \/>\n<meta property=\"article:published_time\" content=\"2013-11-05T08:00:00+00:00\" \/>\n<meta property=\"og:image\" content=\"https:\/\/www.icip.cat\/wp-content\/uploads\/2013\/11\/revolucions_noviolentes.jpg_1336992884.jpg\" \/>\n\t<meta property=\"og:image:width\" content=\"160\" \/>\n\t<meta property=\"og:image:height\" content=\"200\" \/>\n\t<meta property=\"og:image:type\" content=\"image\/jpeg\" \/>\n<meta name=\"author\" content=\"whads\" \/>\n<meta name=\"twitter:card\" content=\"summary_large_image\" \/>\n<meta name=\"twitter:label1\" content=\"Escrit per\" \/>\n\t<meta name=\"twitter:data1\" content=\"whads\" \/>\n\t<meta name=\"twitter:label2\" content=\"Temps estimat de lectura\" \/>\n\t<meta name=\"twitter:data2\" content=\"2 minuts\" \/>\n<script type=\"application\/ld+json\" class=\"yoast-schema-graph\">{\"@context\":\"https:\/\/schema.org\",\"@graph\":[{\"@type\":\"Article\",\"@id\":\"https:\/\/www.icip.cat\/ca\/revolucions-noviolentes-resistencia-civil-a-final-del-segle-xx-de-sharon-erickson\/#article\",\"isPartOf\":{\"@id\":\"https:\/\/www.icip.cat\/ca\/revolucions-noviolentes-resistencia-civil-a-final-del-segle-xx-de-sharon-erickson\/\"},\"author\":{\"name\":\"whads\",\"@id\":\"https:\/\/www.icip.cat\/ca\/#\/schema\/person\/35404003404833995eee2bb6e3115dc6\"},\"headline\":\"Revolucions noviolentes. Resist\u00e8ncia civil a final del segle XX, de Sharon Erickson\",\"datePublished\":\"2013-11-05T08:00:00+00:00\",\"mainEntityOfPage\":{\"@id\":\"https:\/\/www.icip.cat\/ca\/revolucions-noviolentes-resistencia-civil-a-final-del-segle-xx-de-sharon-erickson\/\"},\"wordCount\":399,\"publisher\":{\"@id\":\"https:\/\/www.icip.cat\/ca\/#organization\"},\"image\":{\"@id\":\"https:\/\/www.icip.cat\/ca\/revolucions-noviolentes-resistencia-civil-a-final-del-segle-xx-de-sharon-erickson\/#primaryimage\"},\"thumbnailUrl\":\"https:\/\/www.icip.cat\/wp-content\/uploads\/2013\/11\/revolucions_noviolentes.jpg_1336992884.jpg\",\"inLanguage\":\"ca\"},{\"@type\":\"WebPage\",\"@id\":\"https:\/\/www.icip.cat\/ca\/revolucions-noviolentes-resistencia-civil-a-final-del-segle-xx-de-sharon-erickson\/\",\"url\":\"https:\/\/www.icip.cat\/ca\/revolucions-noviolentes-resistencia-civil-a-final-del-segle-xx-de-sharon-erickson\/\",\"name\":\"Revolucions noviolentes. Resist\u00e8ncia civil a final del segle XX, de Sharon Erickson - ICIP\",\"isPartOf\":{\"@id\":\"https:\/\/www.icip.cat\/ca\/#website\"},\"primaryImageOfPage\":{\"@id\":\"https:\/\/www.icip.cat\/ca\/revolucions-noviolentes-resistencia-civil-a-final-del-segle-xx-de-sharon-erickson\/#primaryimage\"},\"image\":{\"@id\":\"https:\/\/www.icip.cat\/ca\/revolucions-noviolentes-resistencia-civil-a-final-del-segle-xx-de-sharon-erickson\/#primaryimage\"},\"thumbnailUrl\":\"https:\/\/www.icip.cat\/wp-content\/uploads\/2013\/11\/revolucions_noviolentes.jpg_1336992884.jpg\",\"datePublished\":\"2013-11-05T08:00:00+00:00\",\"inLanguage\":\"ca\",\"potentialAction\":[{\"@type\":\"ReadAction\",\"target\":[\"https:\/\/www.icip.cat\/ca\/revolucions-noviolentes-resistencia-civil-a-final-del-segle-xx-de-sharon-erickson\/\"]}]},{\"@type\":\"ImageObject\",\"inLanguage\":\"ca\",\"@id\":\"https:\/\/www.icip.cat\/ca\/revolucions-noviolentes-resistencia-civil-a-final-del-segle-xx-de-sharon-erickson\/#primaryimage\",\"url\":\"https:\/\/www.icip.cat\/wp-content\/uploads\/2013\/11\/revolucions_noviolentes.jpg_1336992884.jpg\",\"contentUrl\":\"https:\/\/www.icip.cat\/wp-content\/uploads\/2013\/11\/revolucions_noviolentes.jpg_1336992884.jpg\",\"width\":160,\"height\":200,\"caption\":\"Revolucions noviolentes. Resist\u00e8ncia civil a final del segle XX, de Sharon Erickson\"},{\"@type\":\"WebSite\",\"@id\":\"https:\/\/www.icip.cat\/ca\/#website\",\"url\":\"https:\/\/www.icip.cat\/ca\/\",\"name\":\"ICIP\",\"description\":\"\",\"publisher\":{\"@id\":\"https:\/\/www.icip.cat\/ca\/#organization\"},\"potentialAction\":[{\"@type\":\"SearchAction\",\"target\":{\"@type\":\"EntryPoint\",\"urlTemplate\":\"https:\/\/www.icip.cat\/ca\/?s={search_term_string}\"},\"query-input\":{\"@type\":\"PropertyValueSpecification\",\"valueRequired\":true,\"valueName\":\"search_term_string\"}}],\"inLanguage\":\"ca\"},{\"@type\":\"Organization\",\"@id\":\"https:\/\/www.icip.cat\/ca\/#organization\",\"name\":\"ICIP\",\"url\":\"https:\/\/www.icip.cat\/ca\/\",\"logo\":{\"@type\":\"ImageObject\",\"inLanguage\":\"ca\",\"@id\":\"https:\/\/www.icip.cat\/ca\/#\/schema\/logo\/image\/\",\"url\":\"https:\/\/www.icip.cat\/wp-content\/uploads\/2021\/02\/logo-2.png\",\"contentUrl\":\"https:\/\/www.icip.cat\/wp-content\/uploads\/2021\/02\/logo-2.png\",\"width\":562,\"height\":391,\"caption\":\"ICIP\"},\"image\":{\"@id\":\"https:\/\/www.icip.cat\/ca\/#\/schema\/logo\/image\/\"}},{\"@type\":\"Person\",\"@id\":\"https:\/\/www.icip.cat\/ca\/#\/schema\/person\/35404003404833995eee2bb6e3115dc6\",\"name\":\"whads\",\"image\":{\"@type\":\"ImageObject\",\"inLanguage\":\"ca\",\"@id\":\"https:\/\/www.icip.cat\/ca\/#\/schema\/person\/image\/\",\"url\":\"https:\/\/secure.gravatar.com\/avatar\/6a92e4ce03d9442c546cc4afecfc51777413608a6d55a7b50040700657b6b30f?s=96&d=mm&r=g\",\"contentUrl\":\"https:\/\/secure.gravatar.com\/avatar\/6a92e4ce03d9442c546cc4afecfc51777413608a6d55a7b50040700657b6b30f?s=96&d=mm&r=g\",\"caption\":\"whads\"},\"sameAs\":[\"http:\/\/www.icip.cat\"],\"url\":\"https:\/\/www.icip.cat\/ca\/author\/whads\/\"}]}<\/script>\n<!-- \/ Yoast SEO plugin. -->","yoast_head_json":{"title":"Revolucions noviolentes. Resist\u00e8ncia civil a final del segle XX, de Sharon Erickson - ICIP","robots":{"index":"index","follow":"follow","max-snippet":"max-snippet:-1","max-image-preview":"max-image-preview:large","max-video-preview":"max-video-preview:-1"},"canonical":"https:\/\/www.icip.cat\/ca\/revolucions-noviolentes-resistencia-civil-a-final-del-segle-xx-de-sharon-erickson\/","og_locale":"ca_ES","og_type":"article","og_title":"Revolucions noviolentes. Resist\u00e8ncia civil a final del segle XX, de Sharon Erickson - ICIP","og_description":"Nou llibre de la col\u00b7lecci\u00f3 'Noviol\u00e8ncia i lluita per la pau' (ICIP i Pag\u00e8s editors).","og_url":"https:\/\/www.icip.cat\/ca\/revolucions-noviolentes-resistencia-civil-a-final-del-segle-xx-de-sharon-erickson\/","og_site_name":"ICIP","article_published_time":"2013-11-05T08:00:00+00:00","og_image":[{"width":160,"height":200,"url":"https:\/\/www.icip.cat\/wp-content\/uploads\/2013\/11\/revolucions_noviolentes.jpg_1336992884.jpg","type":"image\/jpeg"}],"author":"whads","twitter_card":"summary_large_image","twitter_misc":{"Escrit per":"whads","Temps estimat de lectura":"2 minuts"},"schema":{"@context":"https:\/\/schema.org","@graph":[{"@type":"Article","@id":"https:\/\/www.icip.cat\/ca\/revolucions-noviolentes-resistencia-civil-a-final-del-segle-xx-de-sharon-erickson\/#article","isPartOf":{"@id":"https:\/\/www.icip.cat\/ca\/revolucions-noviolentes-resistencia-civil-a-final-del-segle-xx-de-sharon-erickson\/"},"author":{"name":"whads","@id":"https:\/\/www.icip.cat\/ca\/#\/schema\/person\/35404003404833995eee2bb6e3115dc6"},"headline":"Revolucions noviolentes. Resist\u00e8ncia civil a final del segle XX, de Sharon Erickson","datePublished":"2013-11-05T08:00:00+00:00","mainEntityOfPage":{"@id":"https:\/\/www.icip.cat\/ca\/revolucions-noviolentes-resistencia-civil-a-final-del-segle-xx-de-sharon-erickson\/"},"wordCount":399,"publisher":{"@id":"https:\/\/www.icip.cat\/ca\/#organization"},"image":{"@id":"https:\/\/www.icip.cat\/ca\/revolucions-noviolentes-resistencia-civil-a-final-del-segle-xx-de-sharon-erickson\/#primaryimage"},"thumbnailUrl":"https:\/\/www.icip.cat\/wp-content\/uploads\/2013\/11\/revolucions_noviolentes.jpg_1336992884.jpg","inLanguage":"ca"},{"@type":"WebPage","@id":"https:\/\/www.icip.cat\/ca\/revolucions-noviolentes-resistencia-civil-a-final-del-segle-xx-de-sharon-erickson\/","url":"https:\/\/www.icip.cat\/ca\/revolucions-noviolentes-resistencia-civil-a-final-del-segle-xx-de-sharon-erickson\/","name":"Revolucions noviolentes. Resist\u00e8ncia civil a final del segle XX, de Sharon Erickson - ICIP","isPartOf":{"@id":"https:\/\/www.icip.cat\/ca\/#website"},"primaryImageOfPage":{"@id":"https:\/\/www.icip.cat\/ca\/revolucions-noviolentes-resistencia-civil-a-final-del-segle-xx-de-sharon-erickson\/#primaryimage"},"image":{"@id":"https:\/\/www.icip.cat\/ca\/revolucions-noviolentes-resistencia-civil-a-final-del-segle-xx-de-sharon-erickson\/#primaryimage"},"thumbnailUrl":"https:\/\/www.icip.cat\/wp-content\/uploads\/2013\/11\/revolucions_noviolentes.jpg_1336992884.jpg","datePublished":"2013-11-05T08:00:00+00:00","inLanguage":"ca","potentialAction":[{"@type":"ReadAction","target":["https:\/\/www.icip.cat\/ca\/revolucions-noviolentes-resistencia-civil-a-final-del-segle-xx-de-sharon-erickson\/"]}]},{"@type":"ImageObject","inLanguage":"ca","@id":"https:\/\/www.icip.cat\/ca\/revolucions-noviolentes-resistencia-civil-a-final-del-segle-xx-de-sharon-erickson\/#primaryimage","url":"https:\/\/www.icip.cat\/wp-content\/uploads\/2013\/11\/revolucions_noviolentes.jpg_1336992884.jpg","contentUrl":"https:\/\/www.icip.cat\/wp-content\/uploads\/2013\/11\/revolucions_noviolentes.jpg_1336992884.jpg","width":160,"height":200,"caption":"Revolucions noviolentes. Resist\u00e8ncia civil a final del segle XX, de Sharon Erickson"},{"@type":"WebSite","@id":"https:\/\/www.icip.cat\/ca\/#website","url":"https:\/\/www.icip.cat\/ca\/","name":"ICIP","description":"","publisher":{"@id":"https:\/\/www.icip.cat\/ca\/#organization"},"potentialAction":[{"@type":"SearchAction","target":{"@type":"EntryPoint","urlTemplate":"https:\/\/www.icip.cat\/ca\/?s={search_term_string}"},"query-input":{"@type":"PropertyValueSpecification","valueRequired":true,"valueName":"search_term_string"}}],"inLanguage":"ca"},{"@type":"Organization","@id":"https:\/\/www.icip.cat\/ca\/#organization","name":"ICIP","url":"https:\/\/www.icip.cat\/ca\/","logo":{"@type":"ImageObject","inLanguage":"ca","@id":"https:\/\/www.icip.cat\/ca\/#\/schema\/logo\/image\/","url":"https:\/\/www.icip.cat\/wp-content\/uploads\/2021\/02\/logo-2.png","contentUrl":"https:\/\/www.icip.cat\/wp-content\/uploads\/2021\/02\/logo-2.png","width":562,"height":391,"caption":"ICIP"},"image":{"@id":"https:\/\/www.icip.cat\/ca\/#\/schema\/logo\/image\/"}},{"@type":"Person","@id":"https:\/\/www.icip.cat\/ca\/#\/schema\/person\/35404003404833995eee2bb6e3115dc6","name":"whads","image":{"@type":"ImageObject","inLanguage":"ca","@id":"https:\/\/www.icip.cat\/ca\/#\/schema\/person\/image\/","url":"https:\/\/secure.gravatar.com\/avatar\/6a92e4ce03d9442c546cc4afecfc51777413608a6d55a7b50040700657b6b30f?s=96&d=mm&r=g","contentUrl":"https:\/\/secure.gravatar.com\/avatar\/6a92e4ce03d9442c546cc4afecfc51777413608a6d55a7b50040700657b6b30f?s=96&d=mm&r=g","caption":"whads"},"sameAs":["http:\/\/www.icip.cat"],"url":"https:\/\/www.icip.cat\/ca\/author\/whads\/"}]}},"_links":{"self":[{"href":"https:\/\/www.icip.cat\/ca\/wp-json\/wp\/v2\/posts\/4716","targetHints":{"allow":["GET"]}}],"collection":[{"href":"https:\/\/www.icip.cat\/ca\/wp-json\/wp\/v2\/posts"}],"about":[{"href":"https:\/\/www.icip.cat\/ca\/wp-json\/wp\/v2\/types\/post"}],"author":[{"embeddable":true,"href":"https:\/\/www.icip.cat\/ca\/wp-json\/wp\/v2\/users\/1"}],"replies":[{"embeddable":true,"href":"https:\/\/www.icip.cat\/ca\/wp-json\/wp\/v2\/comments?post=4716"}],"version-history":[{"count":0,"href":"https:\/\/www.icip.cat\/ca\/wp-json\/wp\/v2\/posts\/4716\/revisions"}],"wp:featuredmedia":[{"embeddable":true,"href":"https:\/\/www.icip.cat\/ca\/wp-json\/wp\/v2\/media\/4717"}],"wp:attachment":[{"href":"https:\/\/www.icip.cat\/ca\/wp-json\/wp\/v2\/media?parent=4716"}],"wp:term":[{"taxonomy":"category","embeddable":true,"href":"https:\/\/www.icip.cat\/ca\/wp-json\/wp\/v2\/categories?post=4716"},{"taxonomy":"post_tag","embeddable":true,"href":"https:\/\/www.icip.cat\/ca\/wp-json\/wp\/v2\/tags?post=4716"}],"curies":[{"name":"wp","href":"https:\/\/api.w.org\/{rel}","templated":true}]}}