{"id":4760,"date":"2013-10-11T08:00:00","date_gmt":"2013-10-11T08:00:00","guid":{"rendered":"http:\/\/www.icip.cat\/comunicat-sobre-el-premi-nobel-de-la-pau-2013\/"},"modified":"2013-10-11T08:00:00","modified_gmt":"2013-10-11T08:00:00","slug":"comunicat-sobre-el-premi-nobel-de-la-pau-2013","status":"publish","type":"post","link":"https:\/\/www.icip.cat\/ca\/comunicat-sobre-el-premi-nobel-de-la-pau-2013\/","title":{"rendered":"Comunicat sobre el Premi Nobel de la Pau 2013"},"content":{"rendered":"<p>El Comit\u00e8 Noruec Nobel ha atorgat el Premi Nobel de la Pau 2013 a l\u2019Organitzaci\u00f3 per la Prohibici\u00f3 de les Armes Qu\u00edmiques (OPCW) pel seu treball a favor de l\u2019eliminaci\u00f3 de les armes qu\u00edmiques, en un moment en que l\u2019arsenal qu\u00edmic de S\u00edria ha posat de relleu la necessitat d\u2019acabar amb aquest tipus d\u2019armament.<br \/>\nL\u2019Institut Catal\u00e0 Internacional per la Pau (ICIP) considera que el guard\u00f3 d\u2019avui \u00e9s un \u201creconeixement, sens dubte, m\u00e9s que merescut\u201d per la \u201cimportant tasca que ha fet la OPCW els \u00faltims anys, que ha contribu\u00eft a l\u2019eliminaci\u00f3 del 80% de les armes qu\u00edmiques mundials\u201d. Aix\u00ed mateix, l\u2019ICIP valora positivament que el premi reconegui la lluita pel desarmament, \u201cun dels sup\u00f2sits que va plantejar Alfred Nobel en la instauraci\u00f3 del guard\u00f3\u201d.<br \/>\nEl president de l\u2019ICIP, Rafael Grasa, confia que el Premi Nobel de la Pau 2013 \u201csigui un incentiu perqu\u00e8 pa\u00efsos que encara no han ratificat la Convenci\u00f3 per la Prohibici\u00f3 de les Armes Qu\u00edmiques s\u2019hi sumin, entre els quals hi ha Sudan, Angola, Egipte o Israel\u201d.<br \/>\nD\u2019altra banda, tot i expressar una gran gratitud per la concessi\u00f3 del guard\u00f3 a l\u2019OPCW, Rafael Grasa considera que, un any m\u00e9s, el Premi Nobel de la Pau \u201cconfirma una tend\u00e8ncia, m\u00e9s que discutible, cap a un tacticisme conjuntural, ja que el guard\u00f3 va a parar a mans de persones o institucions que tenen especial incid\u00e8ncia en el moment de la concessi\u00f3, com demostra la tasca de l\u2019OPCW en el cas de S\u00edria\u201d.<\/p>\n","protected":false},"excerpt":{"rendered":"<p>L&#8217;ICIP celebra que el guard\u00f3 reconegui la tasca de l&#8217;Organitzaci\u00f3 per la Prohibici\u00f3 de les Armes Qu\u00edmiques.<\/p>\n","protected":false},"author":1,"featured_media":4761,"comment_status":"closed","ping_status":"open","sticky":false,"template":"","format":"standard","meta":{"_acf_changed":false,"footnotes":""},"categories":[4],"tags":[],"class_list":["post-4760","post","type-post","status-publish","format-standard","has-post-thumbnail","hentry","category-sense-categoria"],"acf":[],"yoast_head":"<!-- This site is optimized with the Yoast SEO plugin v25.6 - https:\/\/yoast.com\/wordpress\/plugins\/seo\/ -->\n<title>Comunicat sobre el Premi Nobel de la Pau 2013 - ICIP<\/title>\n<meta name=\"robots\" content=\"index, follow, max-snippet:-1, max-image-preview:large, max-video-preview:-1\" \/>\n<link rel=\"canonical\" href=\"https:\/\/www.icip.cat\/ca\/comunicat-sobre-el-premi-nobel-de-la-pau-2013\/\" \/>\n<meta property=\"og:locale\" content=\"ca_ES\" \/>\n<meta property=\"og:type\" content=\"article\" \/>\n<meta property=\"og:title\" content=\"Comunicat sobre el Premi Nobel de la Pau 2013 - ICIP\" \/>\n<meta property=\"og:description\" content=\"L&#039;ICIP celebra que el guard\u00f3 reconegui la tasca de l&#039;Organitzaci\u00f3 per la Prohibici\u00f3 de les Armes Qu\u00edmiques.\" \/>\n<meta property=\"og:url\" content=\"https:\/\/www.icip.cat\/ca\/comunicat-sobre-el-premi-nobel-de-la-pau-2013\/\" \/>\n<meta property=\"og:site_name\" content=\"ICIP\" \/>\n<meta property=\"article:published_time\" content=\"2013-10-11T08:00:00+00:00\" \/>\n<meta property=\"og:image\" content=\"https:\/\/www.icip.cat\/wp-content\/uploads\/2013\/10\/OPCW_logo.jpg\" \/>\n\t<meta property=\"og:image:width\" content=\"190\" \/>\n\t<meta property=\"og:image:height\" content=\"184\" \/>\n\t<meta property=\"og:image:type\" content=\"image\/jpeg\" \/>\n<meta name=\"author\" content=\"whads\" \/>\n<meta name=\"twitter:card\" content=\"summary_large_image\" \/>\n<meta name=\"twitter:label1\" content=\"Escrit per\" \/>\n\t<meta name=\"twitter:data1\" content=\"whads\" \/>\n\t<meta name=\"twitter:label2\" content=\"Temps estimat de lectura\" \/>\n\t<meta name=\"twitter:data2\" content=\"1 minut\" \/>\n<script type=\"application\/ld+json\" class=\"yoast-schema-graph\">{\"@context\":\"https:\/\/schema.org\",\"@graph\":[{\"@type\":\"Article\",\"@id\":\"https:\/\/www.icip.cat\/ca\/comunicat-sobre-el-premi-nobel-de-la-pau-2013\/#article\",\"isPartOf\":{\"@id\":\"https:\/\/www.icip.cat\/ca\/comunicat-sobre-el-premi-nobel-de-la-pau-2013\/\"},\"author\":{\"name\":\"whads\",\"@id\":\"https:\/\/www.icip.cat\/ca\/#\/schema\/person\/35404003404833995eee2bb6e3115dc6\"},\"headline\":\"Comunicat sobre el Premi Nobel de la Pau 2013\",\"datePublished\":\"2013-10-11T08:00:00+00:00\",\"mainEntityOfPage\":{\"@id\":\"https:\/\/www.icip.cat\/ca\/comunicat-sobre-el-premi-nobel-de-la-pau-2013\/\"},\"wordCount\":277,\"publisher\":{\"@id\":\"https:\/\/www.icip.cat\/ca\/#organization\"},\"image\":{\"@id\":\"https:\/\/www.icip.cat\/ca\/comunicat-sobre-el-premi-nobel-de-la-pau-2013\/#primaryimage\"},\"thumbnailUrl\":\"https:\/\/www.icip.cat\/wp-content\/uploads\/2013\/10\/OPCW_logo.jpg\",\"inLanguage\":\"ca\"},{\"@type\":\"WebPage\",\"@id\":\"https:\/\/www.icip.cat\/ca\/comunicat-sobre-el-premi-nobel-de-la-pau-2013\/\",\"url\":\"https:\/\/www.icip.cat\/ca\/comunicat-sobre-el-premi-nobel-de-la-pau-2013\/\",\"name\":\"Comunicat sobre el Premi Nobel de la Pau 2013 - ICIP\",\"isPartOf\":{\"@id\":\"https:\/\/www.icip.cat\/ca\/#website\"},\"primaryImageOfPage\":{\"@id\":\"https:\/\/www.icip.cat\/ca\/comunicat-sobre-el-premi-nobel-de-la-pau-2013\/#primaryimage\"},\"image\":{\"@id\":\"https:\/\/www.icip.cat\/ca\/comunicat-sobre-el-premi-nobel-de-la-pau-2013\/#primaryimage\"},\"thumbnailUrl\":\"https:\/\/www.icip.cat\/wp-content\/uploads\/2013\/10\/OPCW_logo.jpg\",\"datePublished\":\"2013-10-11T08:00:00+00:00\",\"inLanguage\":\"ca\",\"potentialAction\":[{\"@type\":\"ReadAction\",\"target\":[\"https:\/\/www.icip.cat\/ca\/comunicat-sobre-el-premi-nobel-de-la-pau-2013\/\"]}]},{\"@type\":\"ImageObject\",\"inLanguage\":\"ca\",\"@id\":\"https:\/\/www.icip.cat\/ca\/comunicat-sobre-el-premi-nobel-de-la-pau-2013\/#primaryimage\",\"url\":\"https:\/\/www.icip.cat\/wp-content\/uploads\/2013\/10\/OPCW_logo.jpg\",\"contentUrl\":\"https:\/\/www.icip.cat\/wp-content\/uploads\/2013\/10\/OPCW_logo.jpg\",\"width\":190,\"height\":184,\"caption\":\"Comunicat sobre el Premi Nobel de la Pau 2013\"},{\"@type\":\"WebSite\",\"@id\":\"https:\/\/www.icip.cat\/ca\/#website\",\"url\":\"https:\/\/www.icip.cat\/ca\/\",\"name\":\"ICIP\",\"description\":\"\",\"publisher\":{\"@id\":\"https:\/\/www.icip.cat\/ca\/#organization\"},\"potentialAction\":[{\"@type\":\"SearchAction\",\"target\":{\"@type\":\"EntryPoint\",\"urlTemplate\":\"https:\/\/www.icip.cat\/ca\/?s={search_term_string}\"},\"query-input\":{\"@type\":\"PropertyValueSpecification\",\"valueRequired\":true,\"valueName\":\"search_term_string\"}}],\"inLanguage\":\"ca\"},{\"@type\":\"Organization\",\"@id\":\"https:\/\/www.icip.cat\/ca\/#organization\",\"name\":\"ICIP\",\"url\":\"https:\/\/www.icip.cat\/ca\/\",\"logo\":{\"@type\":\"ImageObject\",\"inLanguage\":\"ca\",\"@id\":\"https:\/\/www.icip.cat\/ca\/#\/schema\/logo\/image\/\",\"url\":\"https:\/\/www.icip.cat\/wp-content\/uploads\/2021\/02\/logo-2.png\",\"contentUrl\":\"https:\/\/www.icip.cat\/wp-content\/uploads\/2021\/02\/logo-2.png\",\"width\":562,\"height\":391,\"caption\":\"ICIP\"},\"image\":{\"@id\":\"https:\/\/www.icip.cat\/ca\/#\/schema\/logo\/image\/\"}},{\"@type\":\"Person\",\"@id\":\"https:\/\/www.icip.cat\/ca\/#\/schema\/person\/35404003404833995eee2bb6e3115dc6\",\"name\":\"whads\",\"image\":{\"@type\":\"ImageObject\",\"inLanguage\":\"ca\",\"@id\":\"https:\/\/www.icip.cat\/ca\/#\/schema\/person\/image\/\",\"url\":\"https:\/\/secure.gravatar.com\/avatar\/6a92e4ce03d9442c546cc4afecfc51777413608a6d55a7b50040700657b6b30f?s=96&d=mm&r=g\",\"contentUrl\":\"https:\/\/secure.gravatar.com\/avatar\/6a92e4ce03d9442c546cc4afecfc51777413608a6d55a7b50040700657b6b30f?s=96&d=mm&r=g\",\"caption\":\"whads\"},\"sameAs\":[\"http:\/\/www.icip.cat\"],\"url\":\"https:\/\/www.icip.cat\/ca\/author\/whads\/\"}]}<\/script>\n<!-- \/ Yoast SEO plugin. -->","yoast_head_json":{"title":"Comunicat sobre el Premi Nobel de la Pau 2013 - ICIP","robots":{"index":"index","follow":"follow","max-snippet":"max-snippet:-1","max-image-preview":"max-image-preview:large","max-video-preview":"max-video-preview:-1"},"canonical":"https:\/\/www.icip.cat\/ca\/comunicat-sobre-el-premi-nobel-de-la-pau-2013\/","og_locale":"ca_ES","og_type":"article","og_title":"Comunicat sobre el Premi Nobel de la Pau 2013 - ICIP","og_description":"L'ICIP celebra que el guard\u00f3 reconegui la tasca de l'Organitzaci\u00f3 per la Prohibici\u00f3 de les Armes Qu\u00edmiques.","og_url":"https:\/\/www.icip.cat\/ca\/comunicat-sobre-el-premi-nobel-de-la-pau-2013\/","og_site_name":"ICIP","article_published_time":"2013-10-11T08:00:00+00:00","og_image":[{"width":190,"height":184,"url":"https:\/\/www.icip.cat\/wp-content\/uploads\/2013\/10\/OPCW_logo.jpg","type":"image\/jpeg"}],"author":"whads","twitter_card":"summary_large_image","twitter_misc":{"Escrit per":"whads","Temps estimat de lectura":"1 minut"},"schema":{"@context":"https:\/\/schema.org","@graph":[{"@type":"Article","@id":"https:\/\/www.icip.cat\/ca\/comunicat-sobre-el-premi-nobel-de-la-pau-2013\/#article","isPartOf":{"@id":"https:\/\/www.icip.cat\/ca\/comunicat-sobre-el-premi-nobel-de-la-pau-2013\/"},"author":{"name":"whads","@id":"https:\/\/www.icip.cat\/ca\/#\/schema\/person\/35404003404833995eee2bb6e3115dc6"},"headline":"Comunicat sobre el Premi Nobel de la Pau 2013","datePublished":"2013-10-11T08:00:00+00:00","mainEntityOfPage":{"@id":"https:\/\/www.icip.cat\/ca\/comunicat-sobre-el-premi-nobel-de-la-pau-2013\/"},"wordCount":277,"publisher":{"@id":"https:\/\/www.icip.cat\/ca\/#organization"},"image":{"@id":"https:\/\/www.icip.cat\/ca\/comunicat-sobre-el-premi-nobel-de-la-pau-2013\/#primaryimage"},"thumbnailUrl":"https:\/\/www.icip.cat\/wp-content\/uploads\/2013\/10\/OPCW_logo.jpg","inLanguage":"ca"},{"@type":"WebPage","@id":"https:\/\/www.icip.cat\/ca\/comunicat-sobre-el-premi-nobel-de-la-pau-2013\/","url":"https:\/\/www.icip.cat\/ca\/comunicat-sobre-el-premi-nobel-de-la-pau-2013\/","name":"Comunicat sobre el Premi Nobel de la Pau 2013 - ICIP","isPartOf":{"@id":"https:\/\/www.icip.cat\/ca\/#website"},"primaryImageOfPage":{"@id":"https:\/\/www.icip.cat\/ca\/comunicat-sobre-el-premi-nobel-de-la-pau-2013\/#primaryimage"},"image":{"@id":"https:\/\/www.icip.cat\/ca\/comunicat-sobre-el-premi-nobel-de-la-pau-2013\/#primaryimage"},"thumbnailUrl":"https:\/\/www.icip.cat\/wp-content\/uploads\/2013\/10\/OPCW_logo.jpg","datePublished":"2013-10-11T08:00:00+00:00","inLanguage":"ca","potentialAction":[{"@type":"ReadAction","target":["https:\/\/www.icip.cat\/ca\/comunicat-sobre-el-premi-nobel-de-la-pau-2013\/"]}]},{"@type":"ImageObject","inLanguage":"ca","@id":"https:\/\/www.icip.cat\/ca\/comunicat-sobre-el-premi-nobel-de-la-pau-2013\/#primaryimage","url":"https:\/\/www.icip.cat\/wp-content\/uploads\/2013\/10\/OPCW_logo.jpg","contentUrl":"https:\/\/www.icip.cat\/wp-content\/uploads\/2013\/10\/OPCW_logo.jpg","width":190,"height":184,"caption":"Comunicat sobre el Premi Nobel de la Pau 2013"},{"@type":"WebSite","@id":"https:\/\/www.icip.cat\/ca\/#website","url":"https:\/\/www.icip.cat\/ca\/","name":"ICIP","description":"","publisher":{"@id":"https:\/\/www.icip.cat\/ca\/#organization"},"potentialAction":[{"@type":"SearchAction","target":{"@type":"EntryPoint","urlTemplate":"https:\/\/www.icip.cat\/ca\/?s={search_term_string}"},"query-input":{"@type":"PropertyValueSpecification","valueRequired":true,"valueName":"search_term_string"}}],"inLanguage":"ca"},{"@type":"Organization","@id":"https:\/\/www.icip.cat\/ca\/#organization","name":"ICIP","url":"https:\/\/www.icip.cat\/ca\/","logo":{"@type":"ImageObject","inLanguage":"ca","@id":"https:\/\/www.icip.cat\/ca\/#\/schema\/logo\/image\/","url":"https:\/\/www.icip.cat\/wp-content\/uploads\/2021\/02\/logo-2.png","contentUrl":"https:\/\/www.icip.cat\/wp-content\/uploads\/2021\/02\/logo-2.png","width":562,"height":391,"caption":"ICIP"},"image":{"@id":"https:\/\/www.icip.cat\/ca\/#\/schema\/logo\/image\/"}},{"@type":"Person","@id":"https:\/\/www.icip.cat\/ca\/#\/schema\/person\/35404003404833995eee2bb6e3115dc6","name":"whads","image":{"@type":"ImageObject","inLanguage":"ca","@id":"https:\/\/www.icip.cat\/ca\/#\/schema\/person\/image\/","url":"https:\/\/secure.gravatar.com\/avatar\/6a92e4ce03d9442c546cc4afecfc51777413608a6d55a7b50040700657b6b30f?s=96&d=mm&r=g","contentUrl":"https:\/\/secure.gravatar.com\/avatar\/6a92e4ce03d9442c546cc4afecfc51777413608a6d55a7b50040700657b6b30f?s=96&d=mm&r=g","caption":"whads"},"sameAs":["http:\/\/www.icip.cat"],"url":"https:\/\/www.icip.cat\/ca\/author\/whads\/"}]}},"_links":{"self":[{"href":"https:\/\/www.icip.cat\/ca\/wp-json\/wp\/v2\/posts\/4760","targetHints":{"allow":["GET"]}}],"collection":[{"href":"https:\/\/www.icip.cat\/ca\/wp-json\/wp\/v2\/posts"}],"about":[{"href":"https:\/\/www.icip.cat\/ca\/wp-json\/wp\/v2\/types\/post"}],"author":[{"embeddable":true,"href":"https:\/\/www.icip.cat\/ca\/wp-json\/wp\/v2\/users\/1"}],"replies":[{"embeddable":true,"href":"https:\/\/www.icip.cat\/ca\/wp-json\/wp\/v2\/comments?post=4760"}],"version-history":[{"count":0,"href":"https:\/\/www.icip.cat\/ca\/wp-json\/wp\/v2\/posts\/4760\/revisions"}],"wp:featuredmedia":[{"embeddable":true,"href":"https:\/\/www.icip.cat\/ca\/wp-json\/wp\/v2\/media\/4761"}],"wp:attachment":[{"href":"https:\/\/www.icip.cat\/ca\/wp-json\/wp\/v2\/media?parent=4760"}],"wp:term":[{"taxonomy":"category","embeddable":true,"href":"https:\/\/www.icip.cat\/ca\/wp-json\/wp\/v2\/categories?post=4760"},{"taxonomy":"post_tag","embeddable":true,"href":"https:\/\/www.icip.cat\/ca\/wp-json\/wp\/v2\/tags?post=4760"}],"curies":[{"name":"wp","href":"https:\/\/api.w.org\/{rel}","templated":true}]}}