{"id":4902,"date":"2011-10-25T08:00:00","date_gmt":"2011-10-25T08:00:00","guid":{"rendered":"http:\/\/www.icip.cat\/el-parlament-rep-el-premi-icip-constructors-de-pau\/"},"modified":"2021-11-18T10:00:57","modified_gmt":"2021-11-18T10:00:57","slug":"el-parlament-rep-el-premi-icip-constructors-de-pau","status":"publish","type":"post","link":"https:\/\/www.icip.cat\/ca\/el-parlament-rep-el-premi-icip-constructors-de-pau\/","title":{"rendered":"El Parlament de Catalunya, Premi ICIP Constructors de Pau en edici\u00f3 extraordin\u00e0ria"},"content":{"rendered":"<p>El Parlament de Catalunya ha rebut, en edici\u00f3 extraordin\u00e0ria, el Premi ICIP Constructors de Pau en &#8220;<strong>representar i simbolitzar, com a m\u00e0xim exponent de la sobirania que emana del poble de Catalunya, la continu\u00eftat i el llegat de les institucions, i els costums i les pr\u00e0ctiques dels nostres avantpassats, en qu\u00e8 el pacte, el di\u00e0leg i la soluci\u00f3 pac\u00edfica de controv\u00e8rsies tenen un fort arrelament<\/strong>&#8220;.<\/p>\n<p>El guard\u00f3, una escultura creada pel premi Nobel de la Pau Adolfo P\u00e9rez Esquivel i anomenada <em>Porta del Sol<\/em>, l\u2019ha rebut la presidenta del Parlament, N\u00faria de Gispert, de mans del president de l\u2019ICIP, Rafael Grasa, qui ha recordat la tradici\u00f3 pactista de Catalunya i el parlamentarisme catal\u00e0, tal com va fer Pau Casals davant l\u2019Assemblea General de les Nacions Unides, el 1971. Grasa ha evocat les institucions catalanes de Pau i Treva i el Consolat del Mar i ha destacat que \u2018la concepci\u00f3 de pau del Mestre \u2013Casals- coincideix amb la noci\u00f3 actual de pau, entesa com a proc\u00e9s multidimensional, com a pau positiva: la pau \u00e9s quelcom m\u00e9s que l\u2019abs\u00e8ncia de guerra, la pau i la llibertat s\u00f3n indivisibles\u2019.<\/p>\n<p>Per la seva banda, la presidenta del Parlament, ha agra\u00eft &#8216;el premi col\u00b7lectiu al poble de Catalunya i a les seves \u00e0nsies i els seus projectes de llibertat i pau&#8217; i ha destacat la \u2018clara vocaci\u00f3 internacional&#8217; de Catalunya pels drets humans.<\/p>\n<p>El lliurament del premi s\u2019ha fet en el transcurs de l\u2019acte de commemoraci\u00f3 del 40\u00e8 aniversari del discurs que Pau Casals pronunci\u00e0 davant l\u2019Assemblea General de les Nacions Unides, a la sala auditori del Parlament. L\u2019acte ha comen\u00e7at amb la projecci\u00f3 de les paraules del violoncel\u00b7lista a l\u2019ONU i ha comptat tamb\u00e9 amb la intervenci\u00f3 del president de la Fundaci\u00f3 Pau Casals, el pare abat del monestir de Santa Maria de Montserrat, Josep M. Soler, qui ha definit Pau Casals com \u2018l\u2019ensenya de la cultura de la pau, la llibertat i la fraternitat\u2019. La commemoraci\u00f3 l\u2019ha tancat el concert de l\u2019Orfe\u00f3 Lleidat\u00e0.<\/p>\n","protected":false},"excerpt":{"rendered":"<p>L&#8217;ICIP lliura el guard\u00f3 durant l&#8217;acte de commemoraci\u00f3 del discurs de Pau Casals a Nacions Unides.<\/p>\n","protected":false},"author":1,"featured_media":4903,"comment_status":"closed","ping_status":"open","sticky":false,"template":"","format":"standard","meta":{"_acf_changed":false,"footnotes":""},"categories":[4],"tags":[],"class_list":["post-4902","post","type-post","status-publish","format-standard","has-post-thumbnail","hentry","category-sense-categoria"],"acf":[],"yoast_head":"<!-- This site is optimized with the Yoast SEO plugin v25.6 - https:\/\/yoast.com\/wordpress\/plugins\/seo\/ -->\n<title>El Parlament de Catalunya, Premi ICIP Constructors de Pau en edici\u00f3 extraordin\u00e0ria - ICIP<\/title>\n<meta name=\"robots\" content=\"index, follow, max-snippet:-1, max-image-preview:large, max-video-preview:-1\" \/>\n<link rel=\"canonical\" href=\"https:\/\/www.icip.cat\/ca\/el-parlament-rep-el-premi-icip-constructors-de-pau\/\" \/>\n<meta property=\"og:locale\" content=\"ca_ES\" \/>\n<meta property=\"og:type\" content=\"article\" \/>\n<meta property=\"og:title\" content=\"El Parlament de Catalunya, Premi ICIP Constructors de Pau en edici\u00f3 extraordin\u00e0ria - ICIP\" \/>\n<meta property=\"og:description\" content=\"L&#039;ICIP lliura el guard\u00f3 durant l&#039;acte de commemoraci\u00f3 del discurs de Pau Casals a Nacions Unides.\" \/>\n<meta property=\"og:url\" content=\"https:\/\/www.icip.cat\/ca\/el-parlament-rep-el-premi-icip-constructors-de-pau\/\" \/>\n<meta property=\"og:site_name\" content=\"ICIP\" \/>\n<meta property=\"article:published_time\" content=\"2011-10-25T08:00:00+00:00\" \/>\n<meta property=\"article:modified_time\" content=\"2021-11-18T10:00:57+00:00\" \/>\n<meta property=\"og:image\" content=\"https:\/\/www.icip.cat\/wp-content\/uploads\/2011\/10\/fotopremi.jpg_1719037720.jpg\" \/>\n\t<meta property=\"og:image:width\" content=\"190\" \/>\n\t<meta property=\"og:image:height\" content=\"144\" \/>\n\t<meta property=\"og:image:type\" content=\"image\/jpeg\" \/>\n<meta name=\"author\" content=\"whads\" \/>\n<meta name=\"twitter:card\" content=\"summary_large_image\" \/>\n<meta name=\"twitter:label1\" content=\"Escrit per\" \/>\n\t<meta name=\"twitter:data1\" content=\"whads\" \/>\n\t<meta name=\"twitter:label2\" content=\"Temps estimat de lectura\" \/>\n\t<meta name=\"twitter:data2\" content=\"2 minuts\" \/>\n<script type=\"application\/ld+json\" class=\"yoast-schema-graph\">{\"@context\":\"https:\/\/schema.org\",\"@graph\":[{\"@type\":\"Article\",\"@id\":\"https:\/\/www.icip.cat\/ca\/el-parlament-rep-el-premi-icip-constructors-de-pau\/#article\",\"isPartOf\":{\"@id\":\"https:\/\/www.icip.cat\/ca\/el-parlament-rep-el-premi-icip-constructors-de-pau\/\"},\"author\":{\"name\":\"whads\",\"@id\":\"https:\/\/www.icip.cat\/ca\/#\/schema\/person\/35404003404833995eee2bb6e3115dc6\"},\"headline\":\"El Parlament de Catalunya, Premi ICIP Constructors de Pau en edici\u00f3 extraordin\u00e0ria\",\"datePublished\":\"2011-10-25T08:00:00+00:00\",\"dateModified\":\"2021-11-18T10:00:57+00:00\",\"mainEntityOfPage\":{\"@id\":\"https:\/\/www.icip.cat\/ca\/el-parlament-rep-el-premi-icip-constructors-de-pau\/\"},\"wordCount\":370,\"publisher\":{\"@id\":\"https:\/\/www.icip.cat\/ca\/#organization\"},\"image\":{\"@id\":\"https:\/\/www.icip.cat\/ca\/el-parlament-rep-el-premi-icip-constructors-de-pau\/#primaryimage\"},\"thumbnailUrl\":\"https:\/\/www.icip.cat\/wp-content\/uploads\/2011\/10\/fotopremi.jpg_1719037720.jpg\",\"inLanguage\":\"ca\"},{\"@type\":\"WebPage\",\"@id\":\"https:\/\/www.icip.cat\/ca\/el-parlament-rep-el-premi-icip-constructors-de-pau\/\",\"url\":\"https:\/\/www.icip.cat\/ca\/el-parlament-rep-el-premi-icip-constructors-de-pau\/\",\"name\":\"El Parlament de Catalunya, Premi ICIP Constructors de Pau en edici\u00f3 extraordin\u00e0ria - ICIP\",\"isPartOf\":{\"@id\":\"https:\/\/www.icip.cat\/ca\/#website\"},\"primaryImageOfPage\":{\"@id\":\"https:\/\/www.icip.cat\/ca\/el-parlament-rep-el-premi-icip-constructors-de-pau\/#primaryimage\"},\"image\":{\"@id\":\"https:\/\/www.icip.cat\/ca\/el-parlament-rep-el-premi-icip-constructors-de-pau\/#primaryimage\"},\"thumbnailUrl\":\"https:\/\/www.icip.cat\/wp-content\/uploads\/2011\/10\/fotopremi.jpg_1719037720.jpg\",\"datePublished\":\"2011-10-25T08:00:00+00:00\",\"dateModified\":\"2021-11-18T10:00:57+00:00\",\"inLanguage\":\"ca\",\"potentialAction\":[{\"@type\":\"ReadAction\",\"target\":[\"https:\/\/www.icip.cat\/ca\/el-parlament-rep-el-premi-icip-constructors-de-pau\/\"]}]},{\"@type\":\"ImageObject\",\"inLanguage\":\"ca\",\"@id\":\"https:\/\/www.icip.cat\/ca\/el-parlament-rep-el-premi-icip-constructors-de-pau\/#primaryimage\",\"url\":\"https:\/\/www.icip.cat\/wp-content\/uploads\/2011\/10\/fotopremi.jpg_1719037720.jpg\",\"contentUrl\":\"https:\/\/www.icip.cat\/wp-content\/uploads\/2011\/10\/fotopremi.jpg_1719037720.jpg\",\"width\":190,\"height\":144,\"caption\":\"El Parlament rep el Premi ICIP Constructors de Pau\"},{\"@type\":\"WebSite\",\"@id\":\"https:\/\/www.icip.cat\/ca\/#website\",\"url\":\"https:\/\/www.icip.cat\/ca\/\",\"name\":\"ICIP\",\"description\":\"\",\"publisher\":{\"@id\":\"https:\/\/www.icip.cat\/ca\/#organization\"},\"potentialAction\":[{\"@type\":\"SearchAction\",\"target\":{\"@type\":\"EntryPoint\",\"urlTemplate\":\"https:\/\/www.icip.cat\/ca\/?s={search_term_string}\"},\"query-input\":{\"@type\":\"PropertyValueSpecification\",\"valueRequired\":true,\"valueName\":\"search_term_string\"}}],\"inLanguage\":\"ca\"},{\"@type\":\"Organization\",\"@id\":\"https:\/\/www.icip.cat\/ca\/#organization\",\"name\":\"ICIP\",\"url\":\"https:\/\/www.icip.cat\/ca\/\",\"logo\":{\"@type\":\"ImageObject\",\"inLanguage\":\"ca\",\"@id\":\"https:\/\/www.icip.cat\/ca\/#\/schema\/logo\/image\/\",\"url\":\"https:\/\/www.icip.cat\/wp-content\/uploads\/2021\/02\/logo-2.png\",\"contentUrl\":\"https:\/\/www.icip.cat\/wp-content\/uploads\/2021\/02\/logo-2.png\",\"width\":562,\"height\":391,\"caption\":\"ICIP\"},\"image\":{\"@id\":\"https:\/\/www.icip.cat\/ca\/#\/schema\/logo\/image\/\"}},{\"@type\":\"Person\",\"@id\":\"https:\/\/www.icip.cat\/ca\/#\/schema\/person\/35404003404833995eee2bb6e3115dc6\",\"name\":\"whads\",\"image\":{\"@type\":\"ImageObject\",\"inLanguage\":\"ca\",\"@id\":\"https:\/\/www.icip.cat\/ca\/#\/schema\/person\/image\/\",\"url\":\"https:\/\/secure.gravatar.com\/avatar\/6a92e4ce03d9442c546cc4afecfc51777413608a6d55a7b50040700657b6b30f?s=96&d=mm&r=g\",\"contentUrl\":\"https:\/\/secure.gravatar.com\/avatar\/6a92e4ce03d9442c546cc4afecfc51777413608a6d55a7b50040700657b6b30f?s=96&d=mm&r=g\",\"caption\":\"whads\"},\"sameAs\":[\"http:\/\/www.icip.cat\"],\"url\":\"https:\/\/www.icip.cat\/ca\/author\/whads\/\"}]}<\/script>\n<!-- \/ Yoast SEO plugin. -->","yoast_head_json":{"title":"El Parlament de Catalunya, Premi ICIP Constructors de Pau en edici\u00f3 extraordin\u00e0ria - ICIP","robots":{"index":"index","follow":"follow","max-snippet":"max-snippet:-1","max-image-preview":"max-image-preview:large","max-video-preview":"max-video-preview:-1"},"canonical":"https:\/\/www.icip.cat\/ca\/el-parlament-rep-el-premi-icip-constructors-de-pau\/","og_locale":"ca_ES","og_type":"article","og_title":"El Parlament de Catalunya, Premi ICIP Constructors de Pau en edici\u00f3 extraordin\u00e0ria - ICIP","og_description":"L'ICIP lliura el guard\u00f3 durant l'acte de commemoraci\u00f3 del discurs de Pau Casals a Nacions Unides.","og_url":"https:\/\/www.icip.cat\/ca\/el-parlament-rep-el-premi-icip-constructors-de-pau\/","og_site_name":"ICIP","article_published_time":"2011-10-25T08:00:00+00:00","article_modified_time":"2021-11-18T10:00:57+00:00","og_image":[{"width":190,"height":144,"url":"https:\/\/www.icip.cat\/wp-content\/uploads\/2011\/10\/fotopremi.jpg_1719037720.jpg","type":"image\/jpeg"}],"author":"whads","twitter_card":"summary_large_image","twitter_misc":{"Escrit per":"whads","Temps estimat de lectura":"2 minuts"},"schema":{"@context":"https:\/\/schema.org","@graph":[{"@type":"Article","@id":"https:\/\/www.icip.cat\/ca\/el-parlament-rep-el-premi-icip-constructors-de-pau\/#article","isPartOf":{"@id":"https:\/\/www.icip.cat\/ca\/el-parlament-rep-el-premi-icip-constructors-de-pau\/"},"author":{"name":"whads","@id":"https:\/\/www.icip.cat\/ca\/#\/schema\/person\/35404003404833995eee2bb6e3115dc6"},"headline":"El Parlament de Catalunya, Premi ICIP Constructors de Pau en edici\u00f3 extraordin\u00e0ria","datePublished":"2011-10-25T08:00:00+00:00","dateModified":"2021-11-18T10:00:57+00:00","mainEntityOfPage":{"@id":"https:\/\/www.icip.cat\/ca\/el-parlament-rep-el-premi-icip-constructors-de-pau\/"},"wordCount":370,"publisher":{"@id":"https:\/\/www.icip.cat\/ca\/#organization"},"image":{"@id":"https:\/\/www.icip.cat\/ca\/el-parlament-rep-el-premi-icip-constructors-de-pau\/#primaryimage"},"thumbnailUrl":"https:\/\/www.icip.cat\/wp-content\/uploads\/2011\/10\/fotopremi.jpg_1719037720.jpg","inLanguage":"ca"},{"@type":"WebPage","@id":"https:\/\/www.icip.cat\/ca\/el-parlament-rep-el-premi-icip-constructors-de-pau\/","url":"https:\/\/www.icip.cat\/ca\/el-parlament-rep-el-premi-icip-constructors-de-pau\/","name":"El Parlament de Catalunya, Premi ICIP Constructors de Pau en edici\u00f3 extraordin\u00e0ria - ICIP","isPartOf":{"@id":"https:\/\/www.icip.cat\/ca\/#website"},"primaryImageOfPage":{"@id":"https:\/\/www.icip.cat\/ca\/el-parlament-rep-el-premi-icip-constructors-de-pau\/#primaryimage"},"image":{"@id":"https:\/\/www.icip.cat\/ca\/el-parlament-rep-el-premi-icip-constructors-de-pau\/#primaryimage"},"thumbnailUrl":"https:\/\/www.icip.cat\/wp-content\/uploads\/2011\/10\/fotopremi.jpg_1719037720.jpg","datePublished":"2011-10-25T08:00:00+00:00","dateModified":"2021-11-18T10:00:57+00:00","inLanguage":"ca","potentialAction":[{"@type":"ReadAction","target":["https:\/\/www.icip.cat\/ca\/el-parlament-rep-el-premi-icip-constructors-de-pau\/"]}]},{"@type":"ImageObject","inLanguage":"ca","@id":"https:\/\/www.icip.cat\/ca\/el-parlament-rep-el-premi-icip-constructors-de-pau\/#primaryimage","url":"https:\/\/www.icip.cat\/wp-content\/uploads\/2011\/10\/fotopremi.jpg_1719037720.jpg","contentUrl":"https:\/\/www.icip.cat\/wp-content\/uploads\/2011\/10\/fotopremi.jpg_1719037720.jpg","width":190,"height":144,"caption":"El Parlament rep el Premi ICIP Constructors de Pau"},{"@type":"WebSite","@id":"https:\/\/www.icip.cat\/ca\/#website","url":"https:\/\/www.icip.cat\/ca\/","name":"ICIP","description":"","publisher":{"@id":"https:\/\/www.icip.cat\/ca\/#organization"},"potentialAction":[{"@type":"SearchAction","target":{"@type":"EntryPoint","urlTemplate":"https:\/\/www.icip.cat\/ca\/?s={search_term_string}"},"query-input":{"@type":"PropertyValueSpecification","valueRequired":true,"valueName":"search_term_string"}}],"inLanguage":"ca"},{"@type":"Organization","@id":"https:\/\/www.icip.cat\/ca\/#organization","name":"ICIP","url":"https:\/\/www.icip.cat\/ca\/","logo":{"@type":"ImageObject","inLanguage":"ca","@id":"https:\/\/www.icip.cat\/ca\/#\/schema\/logo\/image\/","url":"https:\/\/www.icip.cat\/wp-content\/uploads\/2021\/02\/logo-2.png","contentUrl":"https:\/\/www.icip.cat\/wp-content\/uploads\/2021\/02\/logo-2.png","width":562,"height":391,"caption":"ICIP"},"image":{"@id":"https:\/\/www.icip.cat\/ca\/#\/schema\/logo\/image\/"}},{"@type":"Person","@id":"https:\/\/www.icip.cat\/ca\/#\/schema\/person\/35404003404833995eee2bb6e3115dc6","name":"whads","image":{"@type":"ImageObject","inLanguage":"ca","@id":"https:\/\/www.icip.cat\/ca\/#\/schema\/person\/image\/","url":"https:\/\/secure.gravatar.com\/avatar\/6a92e4ce03d9442c546cc4afecfc51777413608a6d55a7b50040700657b6b30f?s=96&d=mm&r=g","contentUrl":"https:\/\/secure.gravatar.com\/avatar\/6a92e4ce03d9442c546cc4afecfc51777413608a6d55a7b50040700657b6b30f?s=96&d=mm&r=g","caption":"whads"},"sameAs":["http:\/\/www.icip.cat"],"url":"https:\/\/www.icip.cat\/ca\/author\/whads\/"}]}},"_links":{"self":[{"href":"https:\/\/www.icip.cat\/ca\/wp-json\/wp\/v2\/posts\/4902","targetHints":{"allow":["GET"]}}],"collection":[{"href":"https:\/\/www.icip.cat\/ca\/wp-json\/wp\/v2\/posts"}],"about":[{"href":"https:\/\/www.icip.cat\/ca\/wp-json\/wp\/v2\/types\/post"}],"author":[{"embeddable":true,"href":"https:\/\/www.icip.cat\/ca\/wp-json\/wp\/v2\/users\/1"}],"replies":[{"embeddable":true,"href":"https:\/\/www.icip.cat\/ca\/wp-json\/wp\/v2\/comments?post=4902"}],"version-history":[{"count":3,"href":"https:\/\/www.icip.cat\/ca\/wp-json\/wp\/v2\/posts\/4902\/revisions"}],"predecessor-version":[{"id":23903,"href":"https:\/\/www.icip.cat\/ca\/wp-json\/wp\/v2\/posts\/4902\/revisions\/23903"}],"wp:featuredmedia":[{"embeddable":true,"href":"https:\/\/www.icip.cat\/ca\/wp-json\/wp\/v2\/media\/4903"}],"wp:attachment":[{"href":"https:\/\/www.icip.cat\/ca\/wp-json\/wp\/v2\/media?parent=4902"}],"wp:term":[{"taxonomy":"category","embeddable":true,"href":"https:\/\/www.icip.cat\/ca\/wp-json\/wp\/v2\/categories?post=4902"},{"taxonomy":"post_tag","embeddable":true,"href":"https:\/\/www.icip.cat\/ca\/wp-json\/wp\/v2\/tags?post=4902"}],"curies":[{"name":"wp","href":"https:\/\/api.w.org\/{rel}","templated":true}]}}