{"id":50493,"date":"2024-11-25T10:10:34","date_gmt":"2024-11-25T10:10:34","guid":{"rendered":"https:\/\/www.icip.cat\/?p=50493"},"modified":"2024-11-25T17:06:50","modified_gmt":"2024-11-25T17:06:50","slug":"licip-participa-a-la-trobada-anual-de-la-plataforma-per-a-la-construccio-de-pau-a-mexic","status":"publish","type":"post","link":"https:\/\/www.icip.cat\/ca\/licip-participa-a-la-trobada-anual-de-la-plataforma-per-a-la-construccio-de-pau-a-mexic\/","title":{"rendered":"L&#8217;ICIP participa a la trobada anual de la Plataforma per a la Construcci\u00f3 de Pau a M\u00e8xic"},"content":{"rendered":"\n<p>Entre les dies 6 i 10 de novembre 2024 s\u2019ha celebrat a la Sierra Norte de Oaxaca, M\u00e8xic, la reuni\u00f3 anual de la <a href=\"https:\/\/plataformapazmexico.org\/\">Plataforma per a la Construcci\u00f3 de Pau a M\u00e8xic<\/a>, una articulaci\u00f3 que reuneix una trentena d\u2019organitzacions mexicanes i internacionals que treballen per a la construcci\u00f3 de pau a M\u00e8xic. L\u2019ICIP forma part de la Plataforma des dels seus inicis i la seva participaci\u00f3 s\u2019emmarca en l\u2019\u00e0rea tem\u00e0tica &nbsp;\u201c<a href=\"https:\/\/www.icip.cat\/ca\/violencia-fora-de-contextos-bellics\/\">Viol\u00e8ncies fora de contextos b\u00e8l\u00b7lics<\/a>\u201d i, concretament, en el treball sobre <a href=\"https:\/\/www.icip.cat\/ca\/violencia-fora-de-contextos-bellics\/construccio-de-pau-a-mexic\/\">M\u00e8xic<\/a> iniciat el 2018.<\/p>\n\n\n\n<p>La Plataforma \u00e9s un espai d\u2019intercanvi de coneixements i experi\u00e8ncies a partir del qual es vol formular una diagnosi compartida sobre la greu i complexa situaci\u00f3 de viol\u00e8ncies que viu el pa\u00eds i plantejar possibles respostes des d\u2019una perspectiva de construcci\u00f3 de pau. L\u2019espai d\u2019an\u00e0lisi ha estat precisament el punt m\u00e9s important de l\u2019agenda de la trobada. Hi han conflu\u00eft mirades locals (Chiapas, Oaxaca, Ciutat de M\u00e8xic i Chihuahua) amb perspectives nacionals, llatinoamericanes, europees i globals. No hi ha faltat tampoc una an\u00e0lisi binacional (EEUU-M\u00e8xic), coincidint precisament amb la setmana en qu\u00e8 Donald Trump ha guanyat les eleccions nord-americanes.<\/p>\n\n\n\n<div class=\"wp-block-image\"><figure class=\"aligncenter size-large\"><img fetchpriority=\"high\" decoding=\"async\" width=\"1024\" height=\"682\" src=\"https:\/\/www.icip.cat\/wp-content\/uploads\/2024\/11\/WhatsApp-Image-2024-11-09-at-19.18.56-1024x682.jpeg\" alt=\"\" class=\"wp-image-50494\" srcset=\"https:\/\/www.icip.cat\/wp-content\/uploads\/2024\/11\/WhatsApp-Image-2024-11-09-at-19.18.56-1024x682.jpeg 1024w, https:\/\/www.icip.cat\/wp-content\/uploads\/2024\/11\/WhatsApp-Image-2024-11-09-at-19.18.56-300x200.jpeg 300w, https:\/\/www.icip.cat\/wp-content\/uploads\/2024\/11\/WhatsApp-Image-2024-11-09-at-19.18.56-768x512.jpeg 768w, https:\/\/www.icip.cat\/wp-content\/uploads\/2024\/11\/WhatsApp-Image-2024-11-09-at-19.18.56-1536x1023.jpeg 1536w, https:\/\/www.icip.cat\/wp-content\/uploads\/2024\/11\/WhatsApp-Image-2024-11-09-at-19.18.56.jpeg 1600w\" sizes=\"(max-width: 1024px) 100vw, 1024px\" \/><\/figure><\/div>\n\n\n\n<p>En base a les an\u00e0lisis de context i a una profunda reflexi\u00f3 estrat\u00e8gica sobre les capacitats i oportunitats per la pau a M\u00e8xic, la Plataforma ha definit el seu pla de treball intern per al 2025. La trobada tamb\u00e9 ha servit per enfortir els lligams entre les organitzacions de pau que hi han participat, unes organitzacions que di\u00e0riament s\u2019enfronten \u2013 a vegades en la pr\u00f2pia&nbsp; pell \u2013 a l\u2019embat de la viol\u00e8ncia criminal, la deslegitimaci\u00f3 per part de les autoritats locals i federals i la desatenci\u00f3 internacional. Al cap i a la fi, M\u00e8xic \u00e9s una democr\u00e0cia, se situa en el n\u00famero 12 del r\u00e0nquing de les economies mundials i, formalment, no est\u00e0 en guerra.<\/p>\n\n\n\n<p>Una particularitat important de la reuni\u00f3 d\u2019enguany \u00e9s que s\u2019ha combinat amb una trobada de joves activistes d\u2019arreu del pa\u00eds, propiciant aix\u00ed un di\u00e0leg intergeneracional que no nom\u00e9s ha perm\u00e8s al grup de joves familiaritzar-se amb la s\u00f2lida traject\u00f2ria hist\u00f2rica de les iniciatives de pau mexicanes sin\u00f3 que tamb\u00e9 ha enriquit les discussions de la Plataforma amb perspectives que no s\u2019han abordat amb prou profunditat fins ara. Entre les preocupacions que els i les joves han posat sobre la taula destaquen q\u00fcestions relacionades amb les viol\u00e8ncies en l\u2019\u00e0mbit dom\u00e8stic, els drets sexuals i reproductius, les limitades perspectives de futur i la salut mental.<\/p>\n\n\n\n<p>Tot i recon\u00e8ixer el llegat dels ancestres i el valu\u00f3s treball dels m\u00e9s grans de les seves respectives comunitats, el grup de joves tamb\u00e9 ha apuntat el fet que sovint senten que tant en els seus entorns m\u00e9s propers com en els moviments socials se segueixen din\u00e0miques massa adultoc\u00e8ntriques i que les seves perspectives, inquietuds i maneres de fer no hi tenen prou cabuda. Di\u00e0legs com el que s\u2019han realitzat aquests dies a la Sierra Norte han perm\u00e8s tenir converses necess\u00e0ries per avan\u00e7ar cap a una visi\u00f3 de pau m\u00e9s integral i per crear ponts entre diverses generacions d\u2019activistes per la pau que no sempre coincideixen en els espais de reflexi\u00f3 i acci\u00f3. &nbsp;<\/p>\n\n\n\n<figure class=\"wp-block-gallery has-nested-images columns-default is-cropped wp-block-gallery-1 is-layout-flex wp-block-gallery-is-layout-flex\">\n<figure class=\"wp-block-image size-large\"><img decoding=\"async\" width=\"1024\" height=\"768\" data-id=\"50500\" src=\"https:\/\/www.icip.cat\/wp-content\/uploads\/2024\/11\/20241109_125940-1-1024x768.jpg\" alt=\"\" class=\"wp-image-50500\" srcset=\"https:\/\/www.icip.cat\/wp-content\/uploads\/2024\/11\/20241109_125940-1-1024x768.jpg 1024w, https:\/\/www.icip.cat\/wp-content\/uploads\/2024\/11\/20241109_125940-1-300x225.jpg 300w, https:\/\/www.icip.cat\/wp-content\/uploads\/2024\/11\/20241109_125940-1-768x576.jpg 768w, https:\/\/www.icip.cat\/wp-content\/uploads\/2024\/11\/20241109_125940-1-1536x1152.jpg 1536w, https:\/\/www.icip.cat\/wp-content\/uploads\/2024\/11\/20241109_125940-1-2048x1536.jpg 2048w\" sizes=\"(max-width: 1024px) 100vw, 1024px\" \/><\/figure>\n\n\n\n<figure class=\"wp-block-image size-large\"><img decoding=\"async\" width=\"1024\" height=\"768\" data-id=\"50503\" src=\"https:\/\/www.icip.cat\/wp-content\/uploads\/2024\/11\/20241107_090345-1024x768.jpg\" alt=\"\" class=\"wp-image-50503\" srcset=\"https:\/\/www.icip.cat\/wp-content\/uploads\/2024\/11\/20241107_090345-1024x768.jpg 1024w, https:\/\/www.icip.cat\/wp-content\/uploads\/2024\/11\/20241107_090345-300x225.jpg 300w, https:\/\/www.icip.cat\/wp-content\/uploads\/2024\/11\/20241107_090345-768x576.jpg 768w, https:\/\/www.icip.cat\/wp-content\/uploads\/2024\/11\/20241107_090345-1536x1152.jpg 1536w, https:\/\/www.icip.cat\/wp-content\/uploads\/2024\/11\/20241107_090345-2048x1536.jpg 2048w\" sizes=\"(max-width: 1024px) 100vw, 1024px\" \/><\/figure>\n\n\n\n<figure class=\"wp-block-image size-large\"><img loading=\"lazy\" decoding=\"async\" width=\"768\" height=\"1024\" data-id=\"50506\" src=\"https:\/\/www.icip.cat\/wp-content\/uploads\/2024\/11\/20241108_101302-768x1024.jpg\" alt=\"\" class=\"wp-image-50506\" srcset=\"https:\/\/www.icip.cat\/wp-content\/uploads\/2024\/11\/20241108_101302-768x1024.jpg 768w, https:\/\/www.icip.cat\/wp-content\/uploads\/2024\/11\/20241108_101302-225x300.jpg 225w, https:\/\/www.icip.cat\/wp-content\/uploads\/2024\/11\/20241108_101302-1152x1536.jpg 1152w, https:\/\/www.icip.cat\/wp-content\/uploads\/2024\/11\/20241108_101302-1536x2048.jpg 1536w, https:\/\/www.icip.cat\/wp-content\/uploads\/2024\/11\/20241108_101302-scaled.jpg 1920w\" sizes=\"(max-width: 768px) 100vw, 768px\" \/><\/figure>\n<\/figure>\n\n\n\n<p>Durant la trobada, els participants hem reivindicat just\u00edcia per la mort del <a href=\"https:\/\/plataformapazmexico.org\/wp-content\/uploads\/2024\/10\/241021_Comunicado-Articulaciones-de-Paz-asesinato-Padre-Marcelo-Perez.pdf\">Padre Marcelo<\/a>, defensor dels drets humans i constructor de pau assassinat el passat 20 d\u2019octubre a San Crist\u00f3bal De Las Casas, Chiapas. Tamb\u00e9 han exigit la presentaci\u00f3 amb vida de la defensora Ayuuk <a href=\"https:\/\/x.com\/consorciooaxaca\/status\/1855409522036310502\">Sandra Dom\u00ednguez Mart\u00ednez<\/a>, de Oaxaca, desapareguda des del 4 d\u2019octubre despr\u00e9s de rebre nombroses amenaces a causa del seu activisme.<\/p>\n","protected":false},"excerpt":{"rendered":"<p>Entre les dies 6 i 10 de novembre 2024 s\u2019ha celebrat a la Sierra Norte de Oaxaca, M\u00e8xic, la reuni\u00f3 anual de la Plataforma per a la Construcci\u00f3 de Pau a M\u00e8xic, una articulaci\u00f3 que reuneix una trentena d\u2019organitzacions mexicanes i internacionals que treballen per a la construcci\u00f3 de pau a M\u00e8xic. L\u2019ICIP forma part [&hellip;]<\/p>\n","protected":false},"author":2,"featured_media":50494,"comment_status":"closed","ping_status":"closed","sticky":false,"template":"","format":"standard","meta":{"_acf_changed":false,"footnotes":""},"categories":[4],"tags":[],"class_list":["post-50493","post","type-post","status-publish","format-standard","has-post-thumbnail","hentry","category-sense-categoria"],"acf":[],"yoast_head":"<!-- This site is optimized with the Yoast SEO plugin v25.6 - https:\/\/yoast.com\/wordpress\/plugins\/seo\/ -->\n<title>L&#039;ICIP participa a la trobada anual de la Plataforma per a la Construcci\u00f3 de Pau a M\u00e8xic - ICIP<\/title>\n<meta name=\"description\" content=\"La Plataforma ha definit el pla de treball intern per al 2025 i ha convocat joves del pa\u00eds per tal d&#039;establir un di\u00e0leg intergeneracional.\" \/>\n<meta name=\"robots\" content=\"index, follow, max-snippet:-1, max-image-preview:large, max-video-preview:-1\" \/>\n<link rel=\"canonical\" href=\"https:\/\/www.icip.cat\/ca\/licip-participa-a-la-trobada-anual-de-la-plataforma-per-a-la-construccio-de-pau-a-mexic\/\" \/>\n<meta property=\"og:locale\" content=\"ca_ES\" \/>\n<meta property=\"og:type\" content=\"article\" \/>\n<meta property=\"og:title\" content=\"L&#039;ICIP participa a la trobada anual de la Plataforma per a la Construcci\u00f3 de Pau a M\u00e8xic - ICIP\" \/>\n<meta property=\"og:description\" content=\"La Plataforma ha definit el pla de treball intern per al 2025 i ha convocat joves del pa\u00eds per tal d&#039;establir un di\u00e0leg intergeneracional.\" \/>\n<meta property=\"og:url\" content=\"https:\/\/www.icip.cat\/ca\/licip-participa-a-la-trobada-anual-de-la-plataforma-per-a-la-construccio-de-pau-a-mexic\/\" \/>\n<meta property=\"og:site_name\" content=\"ICIP\" \/>\n<meta property=\"article:published_time\" content=\"2024-11-25T10:10:34+00:00\" \/>\n<meta property=\"article:modified_time\" content=\"2024-11-25T17:06:50+00:00\" \/>\n<meta property=\"og:image\" content=\"https:\/\/www.icip.cat\/wp-content\/uploads\/2024\/11\/WhatsApp-Image-2024-11-09-at-19.18.56.jpeg\" \/>\n\t<meta property=\"og:image:width\" content=\"1600\" \/>\n\t<meta property=\"og:image:height\" content=\"1066\" \/>\n\t<meta property=\"og:image:type\" content=\"image\/jpeg\" \/>\n<meta name=\"author\" content=\"Eugenia\" \/>\n<meta name=\"twitter:card\" content=\"summary_large_image\" \/>\n<meta name=\"twitter:label1\" content=\"Escrit per\" \/>\n\t<meta name=\"twitter:data1\" content=\"Eugenia\" \/>\n\t<meta name=\"twitter:label2\" content=\"Temps estimat de lectura\" \/>\n\t<meta name=\"twitter:data2\" content=\"4 minuts\" \/>\n<script type=\"application\/ld+json\" class=\"yoast-schema-graph\">{\"@context\":\"https:\/\/schema.org\",\"@graph\":[{\"@type\":\"Article\",\"@id\":\"https:\/\/www.icip.cat\/ca\/licip-participa-a-la-trobada-anual-de-la-plataforma-per-a-la-construccio-de-pau-a-mexic\/#article\",\"isPartOf\":{\"@id\":\"https:\/\/www.icip.cat\/ca\/licip-participa-a-la-trobada-anual-de-la-plataforma-per-a-la-construccio-de-pau-a-mexic\/\"},\"author\":{\"name\":\"Eugenia\",\"@id\":\"https:\/\/www.icip.cat\/ca\/#\/schema\/person\/ecaf8460603e6e32c80f3acbf4178fa6\"},\"headline\":\"L&#8217;ICIP participa a la trobada anual de la Plataforma per a la Construcci\u00f3 de Pau a M\u00e8xic\",\"datePublished\":\"2024-11-25T10:10:34+00:00\",\"dateModified\":\"2024-11-25T17:06:50+00:00\",\"mainEntityOfPage\":{\"@id\":\"https:\/\/www.icip.cat\/ca\/licip-participa-a-la-trobada-anual-de-la-plataforma-per-a-la-construccio-de-pau-a-mexic\/\"},\"wordCount\":666,\"publisher\":{\"@id\":\"https:\/\/www.icip.cat\/ca\/#organization\"},\"image\":{\"@id\":\"https:\/\/www.icip.cat\/ca\/licip-participa-a-la-trobada-anual-de-la-plataforma-per-a-la-construccio-de-pau-a-mexic\/#primaryimage\"},\"thumbnailUrl\":\"https:\/\/www.icip.cat\/wp-content\/uploads\/2024\/11\/WhatsApp-Image-2024-11-09-at-19.18.56.jpeg\",\"inLanguage\":\"ca\"},{\"@type\":\"WebPage\",\"@id\":\"https:\/\/www.icip.cat\/ca\/licip-participa-a-la-trobada-anual-de-la-plataforma-per-a-la-construccio-de-pau-a-mexic\/\",\"url\":\"https:\/\/www.icip.cat\/ca\/licip-participa-a-la-trobada-anual-de-la-plataforma-per-a-la-construccio-de-pau-a-mexic\/\",\"name\":\"L'ICIP participa a la trobada anual de la Plataforma per a la Construcci\u00f3 de Pau a M\u00e8xic - ICIP\",\"isPartOf\":{\"@id\":\"https:\/\/www.icip.cat\/ca\/#website\"},\"primaryImageOfPage\":{\"@id\":\"https:\/\/www.icip.cat\/ca\/licip-participa-a-la-trobada-anual-de-la-plataforma-per-a-la-construccio-de-pau-a-mexic\/#primaryimage\"},\"image\":{\"@id\":\"https:\/\/www.icip.cat\/ca\/licip-participa-a-la-trobada-anual-de-la-plataforma-per-a-la-construccio-de-pau-a-mexic\/#primaryimage\"},\"thumbnailUrl\":\"https:\/\/www.icip.cat\/wp-content\/uploads\/2024\/11\/WhatsApp-Image-2024-11-09-at-19.18.56.jpeg\",\"datePublished\":\"2024-11-25T10:10:34+00:00\",\"dateModified\":\"2024-11-25T17:06:50+00:00\",\"description\":\"La Plataforma ha definit el pla de treball intern per al 2025 i ha convocat joves del pa\u00eds per tal d'establir un di\u00e0leg intergeneracional.\",\"inLanguage\":\"ca\",\"potentialAction\":[{\"@type\":\"ReadAction\",\"target\":[\"https:\/\/www.icip.cat\/ca\/licip-participa-a-la-trobada-anual-de-la-plataforma-per-a-la-construccio-de-pau-a-mexic\/\"]}]},{\"@type\":\"ImageObject\",\"inLanguage\":\"ca\",\"@id\":\"https:\/\/www.icip.cat\/ca\/licip-participa-a-la-trobada-anual-de-la-plataforma-per-a-la-construccio-de-pau-a-mexic\/#primaryimage\",\"url\":\"https:\/\/www.icip.cat\/wp-content\/uploads\/2024\/11\/WhatsApp-Image-2024-11-09-at-19.18.56.jpeg\",\"contentUrl\":\"https:\/\/www.icip.cat\/wp-content\/uploads\/2024\/11\/WhatsApp-Image-2024-11-09-at-19.18.56.jpeg\",\"width\":1600,\"height\":1066},{\"@type\":\"WebSite\",\"@id\":\"https:\/\/www.icip.cat\/ca\/#website\",\"url\":\"https:\/\/www.icip.cat\/ca\/\",\"name\":\"ICIP\",\"description\":\"\",\"publisher\":{\"@id\":\"https:\/\/www.icip.cat\/ca\/#organization\"},\"potentialAction\":[{\"@type\":\"SearchAction\",\"target\":{\"@type\":\"EntryPoint\",\"urlTemplate\":\"https:\/\/www.icip.cat\/ca\/?s={search_term_string}\"},\"query-input\":{\"@type\":\"PropertyValueSpecification\",\"valueRequired\":true,\"valueName\":\"search_term_string\"}}],\"inLanguage\":\"ca\"},{\"@type\":\"Organization\",\"@id\":\"https:\/\/www.icip.cat\/ca\/#organization\",\"name\":\"ICIP\",\"url\":\"https:\/\/www.icip.cat\/ca\/\",\"logo\":{\"@type\":\"ImageObject\",\"inLanguage\":\"ca\",\"@id\":\"https:\/\/www.icip.cat\/ca\/#\/schema\/logo\/image\/\",\"url\":\"https:\/\/www.icip.cat\/wp-content\/uploads\/2021\/02\/logo-2.png\",\"contentUrl\":\"https:\/\/www.icip.cat\/wp-content\/uploads\/2021\/02\/logo-2.png\",\"width\":562,\"height\":391,\"caption\":\"ICIP\"},\"image\":{\"@id\":\"https:\/\/www.icip.cat\/ca\/#\/schema\/logo\/image\/\"}},{\"@type\":\"Person\",\"@id\":\"https:\/\/www.icip.cat\/ca\/#\/schema\/person\/ecaf8460603e6e32c80f3acbf4178fa6\",\"name\":\"Eugenia\",\"image\":{\"@type\":\"ImageObject\",\"inLanguage\":\"ca\",\"@id\":\"https:\/\/www.icip.cat\/ca\/#\/schema\/person\/image\/\",\"url\":\"https:\/\/secure.gravatar.com\/avatar\/d30b42e0caf7d7c3d97196ad2e94636c7bb0cc353a49ec8660d01bc0ff98b480?s=96&d=mm&r=g\",\"contentUrl\":\"https:\/\/secure.gravatar.com\/avatar\/d30b42e0caf7d7c3d97196ad2e94636c7bb0cc353a49ec8660d01bc0ff98b480?s=96&d=mm&r=g\",\"caption\":\"Eugenia\"},\"url\":\"https:\/\/www.icip.cat\/ca\/author\/eugenia\/\"}]}<\/script>\n<!-- \/ Yoast SEO plugin. -->","yoast_head_json":{"title":"L'ICIP participa a la trobada anual de la Plataforma per a la Construcci\u00f3 de Pau a M\u00e8xic - ICIP","description":"La Plataforma ha definit el pla de treball intern per al 2025 i ha convocat joves del pa\u00eds per tal d'establir un di\u00e0leg intergeneracional.","robots":{"index":"index","follow":"follow","max-snippet":"max-snippet:-1","max-image-preview":"max-image-preview:large","max-video-preview":"max-video-preview:-1"},"canonical":"https:\/\/www.icip.cat\/ca\/licip-participa-a-la-trobada-anual-de-la-plataforma-per-a-la-construccio-de-pau-a-mexic\/","og_locale":"ca_ES","og_type":"article","og_title":"L'ICIP participa a la trobada anual de la Plataforma per a la Construcci\u00f3 de Pau a M\u00e8xic - ICIP","og_description":"La Plataforma ha definit el pla de treball intern per al 2025 i ha convocat joves del pa\u00eds per tal d'establir un di\u00e0leg intergeneracional.","og_url":"https:\/\/www.icip.cat\/ca\/licip-participa-a-la-trobada-anual-de-la-plataforma-per-a-la-construccio-de-pau-a-mexic\/","og_site_name":"ICIP","article_published_time":"2024-11-25T10:10:34+00:00","article_modified_time":"2024-11-25T17:06:50+00:00","og_image":[{"width":1600,"height":1066,"url":"https:\/\/www.icip.cat\/wp-content\/uploads\/2024\/11\/WhatsApp-Image-2024-11-09-at-19.18.56.jpeg","type":"image\/jpeg"}],"author":"Eugenia","twitter_card":"summary_large_image","twitter_misc":{"Escrit per":"Eugenia","Temps estimat de lectura":"4 minuts"},"schema":{"@context":"https:\/\/schema.org","@graph":[{"@type":"Article","@id":"https:\/\/www.icip.cat\/ca\/licip-participa-a-la-trobada-anual-de-la-plataforma-per-a-la-construccio-de-pau-a-mexic\/#article","isPartOf":{"@id":"https:\/\/www.icip.cat\/ca\/licip-participa-a-la-trobada-anual-de-la-plataforma-per-a-la-construccio-de-pau-a-mexic\/"},"author":{"name":"Eugenia","@id":"https:\/\/www.icip.cat\/ca\/#\/schema\/person\/ecaf8460603e6e32c80f3acbf4178fa6"},"headline":"L&#8217;ICIP participa a la trobada anual de la Plataforma per a la Construcci\u00f3 de Pau a M\u00e8xic","datePublished":"2024-11-25T10:10:34+00:00","dateModified":"2024-11-25T17:06:50+00:00","mainEntityOfPage":{"@id":"https:\/\/www.icip.cat\/ca\/licip-participa-a-la-trobada-anual-de-la-plataforma-per-a-la-construccio-de-pau-a-mexic\/"},"wordCount":666,"publisher":{"@id":"https:\/\/www.icip.cat\/ca\/#organization"},"image":{"@id":"https:\/\/www.icip.cat\/ca\/licip-participa-a-la-trobada-anual-de-la-plataforma-per-a-la-construccio-de-pau-a-mexic\/#primaryimage"},"thumbnailUrl":"https:\/\/www.icip.cat\/wp-content\/uploads\/2024\/11\/WhatsApp-Image-2024-11-09-at-19.18.56.jpeg","inLanguage":"ca"},{"@type":"WebPage","@id":"https:\/\/www.icip.cat\/ca\/licip-participa-a-la-trobada-anual-de-la-plataforma-per-a-la-construccio-de-pau-a-mexic\/","url":"https:\/\/www.icip.cat\/ca\/licip-participa-a-la-trobada-anual-de-la-plataforma-per-a-la-construccio-de-pau-a-mexic\/","name":"L'ICIP participa a la trobada anual de la Plataforma per a la Construcci\u00f3 de Pau a M\u00e8xic - ICIP","isPartOf":{"@id":"https:\/\/www.icip.cat\/ca\/#website"},"primaryImageOfPage":{"@id":"https:\/\/www.icip.cat\/ca\/licip-participa-a-la-trobada-anual-de-la-plataforma-per-a-la-construccio-de-pau-a-mexic\/#primaryimage"},"image":{"@id":"https:\/\/www.icip.cat\/ca\/licip-participa-a-la-trobada-anual-de-la-plataforma-per-a-la-construccio-de-pau-a-mexic\/#primaryimage"},"thumbnailUrl":"https:\/\/www.icip.cat\/wp-content\/uploads\/2024\/11\/WhatsApp-Image-2024-11-09-at-19.18.56.jpeg","datePublished":"2024-11-25T10:10:34+00:00","dateModified":"2024-11-25T17:06:50+00:00","description":"La Plataforma ha definit el pla de treball intern per al 2025 i ha convocat joves del pa\u00eds per tal d'establir un di\u00e0leg intergeneracional.","inLanguage":"ca","potentialAction":[{"@type":"ReadAction","target":["https:\/\/www.icip.cat\/ca\/licip-participa-a-la-trobada-anual-de-la-plataforma-per-a-la-construccio-de-pau-a-mexic\/"]}]},{"@type":"ImageObject","inLanguage":"ca","@id":"https:\/\/www.icip.cat\/ca\/licip-participa-a-la-trobada-anual-de-la-plataforma-per-a-la-construccio-de-pau-a-mexic\/#primaryimage","url":"https:\/\/www.icip.cat\/wp-content\/uploads\/2024\/11\/WhatsApp-Image-2024-11-09-at-19.18.56.jpeg","contentUrl":"https:\/\/www.icip.cat\/wp-content\/uploads\/2024\/11\/WhatsApp-Image-2024-11-09-at-19.18.56.jpeg","width":1600,"height":1066},{"@type":"WebSite","@id":"https:\/\/www.icip.cat\/ca\/#website","url":"https:\/\/www.icip.cat\/ca\/","name":"ICIP","description":"","publisher":{"@id":"https:\/\/www.icip.cat\/ca\/#organization"},"potentialAction":[{"@type":"SearchAction","target":{"@type":"EntryPoint","urlTemplate":"https:\/\/www.icip.cat\/ca\/?s={search_term_string}"},"query-input":{"@type":"PropertyValueSpecification","valueRequired":true,"valueName":"search_term_string"}}],"inLanguage":"ca"},{"@type":"Organization","@id":"https:\/\/www.icip.cat\/ca\/#organization","name":"ICIP","url":"https:\/\/www.icip.cat\/ca\/","logo":{"@type":"ImageObject","inLanguage":"ca","@id":"https:\/\/www.icip.cat\/ca\/#\/schema\/logo\/image\/","url":"https:\/\/www.icip.cat\/wp-content\/uploads\/2021\/02\/logo-2.png","contentUrl":"https:\/\/www.icip.cat\/wp-content\/uploads\/2021\/02\/logo-2.png","width":562,"height":391,"caption":"ICIP"},"image":{"@id":"https:\/\/www.icip.cat\/ca\/#\/schema\/logo\/image\/"}},{"@type":"Person","@id":"https:\/\/www.icip.cat\/ca\/#\/schema\/person\/ecaf8460603e6e32c80f3acbf4178fa6","name":"Eugenia","image":{"@type":"ImageObject","inLanguage":"ca","@id":"https:\/\/www.icip.cat\/ca\/#\/schema\/person\/image\/","url":"https:\/\/secure.gravatar.com\/avatar\/d30b42e0caf7d7c3d97196ad2e94636c7bb0cc353a49ec8660d01bc0ff98b480?s=96&d=mm&r=g","contentUrl":"https:\/\/secure.gravatar.com\/avatar\/d30b42e0caf7d7c3d97196ad2e94636c7bb0cc353a49ec8660d01bc0ff98b480?s=96&d=mm&r=g","caption":"Eugenia"},"url":"https:\/\/www.icip.cat\/ca\/author\/eugenia\/"}]}},"_links":{"self":[{"href":"https:\/\/www.icip.cat\/ca\/wp-json\/wp\/v2\/posts\/50493","targetHints":{"allow":["GET"]}}],"collection":[{"href":"https:\/\/www.icip.cat\/ca\/wp-json\/wp\/v2\/posts"}],"about":[{"href":"https:\/\/www.icip.cat\/ca\/wp-json\/wp\/v2\/types\/post"}],"author":[{"embeddable":true,"href":"https:\/\/www.icip.cat\/ca\/wp-json\/wp\/v2\/users\/2"}],"replies":[{"embeddable":true,"href":"https:\/\/www.icip.cat\/ca\/wp-json\/wp\/v2\/comments?post=50493"}],"version-history":[{"count":4,"href":"https:\/\/www.icip.cat\/ca\/wp-json\/wp\/v2\/posts\/50493\/revisions"}],"predecessor-version":[{"id":50546,"href":"https:\/\/www.icip.cat\/ca\/wp-json\/wp\/v2\/posts\/50493\/revisions\/50546"}],"wp:featuredmedia":[{"embeddable":true,"href":"https:\/\/www.icip.cat\/ca\/wp-json\/wp\/v2\/media\/50494"}],"wp:attachment":[{"href":"https:\/\/www.icip.cat\/ca\/wp-json\/wp\/v2\/media?parent=50493"}],"wp:term":[{"taxonomy":"category","embeddable":true,"href":"https:\/\/www.icip.cat\/ca\/wp-json\/wp\/v2\/categories?post=50493"},{"taxonomy":"post_tag","embeddable":true,"href":"https:\/\/www.icip.cat\/ca\/wp-json\/wp\/v2\/tags?post=50493"}],"curies":[{"name":"wp","href":"https:\/\/api.w.org\/{rel}","templated":true}]}}