{"id":51752,"date":"2025-01-31T14:50:48","date_gmt":"2025-01-31T14:50:48","guid":{"rendered":"https:\/\/www.icip.cat\/?p=51752"},"modified":"2025-02-04T08:13:20","modified_gmt":"2025-02-04T08:13:20","slug":"la-iii-jornada-de-la-pau-del-parlament-reivindica-incloure-les-veus-africanes","status":"publish","type":"post","link":"https:\/\/www.icip.cat\/ca\/la-iii-jornada-de-la-pau-del-parlament-reivindica-incloure-les-veus-africanes\/","title":{"rendered":"La III Jornada de la Pau del Parlament reivindica incloure les veus africanes en la nova pol\u00edtica p\u00fablica de pau"},"content":{"rendered":"\n<p>L\u2019auditori del Parlament de Catalunya ha acollit aquest divendres 31 de gener <a href=\"https:\/\/www.icip.cat\/ca\/event\/jornada-de-pau-perspectives-africanes\/\"><strong>la III Jornada de la Pau<\/strong><\/a>, una iniciativa de la mesa de la cambra organitzada conjuntament pel Consell Catal\u00e0 de Foment de la Pau, <a href=\"https:\/\/www.lafede.cat\/\">Lafede.cat<\/a> i l\u2019ICIP.<\/p>\n\n\n\n<p>Amb el t\u00edtol \u201c<strong>Perspectives africanes de pau: pol\u00edtiques i pr\u00e0ctiques<\/strong>\u201d, la jornada ha estat seguida per m\u00e9s de dues-centes persones, entre les quals una \u00e0mplia representaci\u00f3 d\u2019entitats i institucions del moviment per la pau i membres de la di\u00e0spora africana. En el context convuls afric\u00e0, un continent marcat pels conflictes armats i les relacions colonials, la jornada ha volgut ser un espai per reivindicar les experi\u00e8ncies africanes de construcci\u00f3 de pau i, alhora, enriquir el proc\u00e9s d\u2019elaboraci\u00f3 del projecte Pla Pa\u00eds de Pau, que ha de culminar amb l\u2019aprovaci\u00f3 d\u2019una pol\u00edtica p\u00fablica de pau catalana.<\/p>\n\n\n\n<h3 class=\"wp-block-heading\"><strong>Incloure les veus africanes en les pol\u00edtiques p\u00fabliques<\/strong><\/h3>\n\n\n\n<p>Precisament amb la mirada posada en el Pla Pa\u00eds de Pau, la jornada ha posat de manifest la necessitat d\u2019escoltar, des de Catalunya, les persones africanes en la di\u00e0spora i incloure les seves veus i necessitats.<\/p>\n\n\n\n<p>En aquest sentit, en la inauguraci\u00f3 de l\u2019acte, <strong>Remei Sipi<\/strong>, membre de la Junta de Govern de l\u2019ICIP i activista, ha emfatitzat que \u201cla pau no pot ser sostenible sin\u00f3 inclou totes les veus, especialment les silenciades\u201d, mentre que la copresidenta de Lafede.cat, <strong>Ar\u00e9s Perceval,<\/strong> tamb\u00e9 ha reivindicat la participaci\u00f3 de la di\u00e0spora en les pol\u00edtiques p\u00fabliques i la necessitat que la pol\u00edtica p\u00fablica de pau sigui antiracista.<\/p>\n\n\n\n<figure class=\"wp-block-gallery has-nested-images columns-default is-cropped wp-block-gallery-1 is-layout-flex wp-block-gallery-is-layout-flex\">\n<figure class=\"wp-block-image size-large\"><img fetchpriority=\"high\" decoding=\"async\" width=\"1024\" height=\"683\" data-id=\"51757\" src=\"https:\/\/www.icip.cat\/wp-content\/uploads\/2025\/01\/pEMQryLA-1024x683.jpg\" alt=\"\" class=\"wp-image-51757\" srcset=\"https:\/\/www.icip.cat\/wp-content\/uploads\/2025\/01\/pEMQryLA-1024x683.jpg 1024w, https:\/\/www.icip.cat\/wp-content\/uploads\/2025\/01\/pEMQryLA-300x200.jpg 300w, https:\/\/www.icip.cat\/wp-content\/uploads\/2025\/01\/pEMQryLA-768x512.jpg 768w, https:\/\/www.icip.cat\/wp-content\/uploads\/2025\/01\/pEMQryLA-1536x1024.jpg 1536w, https:\/\/www.icip.cat\/wp-content\/uploads\/2025\/01\/pEMQryLA-2048x1365.jpg 2048w\" sizes=\"(max-width: 1024px) 100vw, 1024px\" \/><\/figure>\n\n\n\n<figure class=\"wp-block-image size-large\"><img decoding=\"async\" width=\"1024\" height=\"683\" data-id=\"51770\" src=\"https:\/\/www.icip.cat\/wp-content\/uploads\/2025\/01\/GKC3pU4A-1024x683.jpg\" alt=\"\" class=\"wp-image-51770\" srcset=\"https:\/\/www.icip.cat\/wp-content\/uploads\/2025\/01\/GKC3pU4A-1024x683.jpg 1024w, https:\/\/www.icip.cat\/wp-content\/uploads\/2025\/01\/GKC3pU4A-300x200.jpg 300w, https:\/\/www.icip.cat\/wp-content\/uploads\/2025\/01\/GKC3pU4A-768x512.jpg 768w, https:\/\/www.icip.cat\/wp-content\/uploads\/2025\/01\/GKC3pU4A-1536x1024.jpg 1536w, https:\/\/www.icip.cat\/wp-content\/uploads\/2025\/01\/GKC3pU4A-2048x1365.jpg 2048w\" sizes=\"(max-width: 1024px) 100vw, 1024px\" \/><\/figure>\n<\/figure>\n\n\n\n<h3 class=\"wp-block-heading\"><strong>Descolonitzar i lluitar contra el racisme<\/strong><\/h3>\n\n\n\n<p>Una altra q\u00fcesti\u00f3 de fons de la jornada han estat les hist\u00f2riques relacions colonials amb \u00c0frica i la responsabilitat internacional en els conflictes del continent.<\/p>\n\n\n\n<p>En la confer\u00e8ncia inaugural, <strong>Florence N. Mpaayei<\/strong>, membre de l&#8217;equip Ad Hoc d&#8217;Assessors S\u00e8nior de Mediaci\u00f3, G\u00e8nere i Inclusi\u00f3 de les Nacions Unides, ha destacat que per la consecuci\u00f3 d\u2019una pau estable a l\u2019\u00c0frica cal implicar \u201ctant els actors interns com externs\u201d i ha recordat que \u201cles din\u00e0miques de conflicte i pau a l&#8217;\u00c0frica estan entrella\u00e7ades amb el colonialisme hist\u00f2ric i les m\u00faltiples facetes complexes de l&#8217;imperialisme a l&#8217;\u00c0frica postcolonial\u201d. Amb tot, en el seu discurs ha posat l\u2019accent en diverses experi\u00e8ncies, innovadores, de construcci\u00f3 de pau, mediaci\u00f3 i reconciliaci\u00f3 que han tingut lloc en diferents contextos africans, com per exemple a Sud-\u00e0frica, Ruanda, K\u00e8nia o Nig\u00e8ria, i ha reivindicat el rol de la societat civil, i especialment les dones i els joves, en els processos de transformaci\u00f3.<\/p>\n\n\n\n<p>L\u2019espoli de recursos naturals a l\u2019\u00c0frica i la depend\u00e8ncia del continent tamb\u00e9 ha estat part del debat de la primera taula rodona de la jornada, que ha comptat amb les intervencions de <strong>Sani Ladan,<\/strong> analista geopol\u00edtic i expert en relacions internacionals i migracions; <strong>Bombo Ndir<\/strong>, activista i defensora dels drets humans, i <strong>Jean-Bosco Botsho<\/strong>, president de l&#8217;Associaci\u00f3 Africana i Catalana de Cooperaci\u00f3, AFRICAT. <\/p>\n\n\n\n<p>Sani Ladan ha destacat que cal \u201cdescolonitzar les relacions internacionals\u201d i ha criticat les pol\u00edtiques de cooperaci\u00f3: \u201c\u00c0frica \u00e9s un actor amb veu pr\u00f2pia per\u00f2 no se l\u2019escolta i la cooperaci\u00f3 internacional al desenvolupament s\u2019ha convertit en un instrument de xantatge que crea depend\u00e8ncia\u201d. Segons Ladan \u00e9s prioritat \u201cestablir relacions d\u2019igual a igual amb \u00c0frica\u201d i \u201cescoltar les veus africanes\u201d. Per la seva banda, l\u2019activista Bombo Ndir, ha afirmat que \u201cper construir pau totes les veus han d\u2019estar representades\u201d i ha reivindicat especialment incloure les veus de les dones en els espais de decisi\u00f3.<\/p>\n\n\n\n<figure class=\"wp-block-gallery has-nested-images columns-default is-cropped wp-block-gallery-2 is-layout-flex wp-block-gallery-is-layout-flex\">\n<figure class=\"wp-block-image size-large\"><img decoding=\"async\" width=\"1024\" height=\"683\" data-id=\"51761\" src=\"https:\/\/www.icip.cat\/wp-content\/uploads\/2025\/01\/9R3zXo5w-1024x683.jpg\" alt=\"\" class=\"wp-image-51761\" srcset=\"https:\/\/www.icip.cat\/wp-content\/uploads\/2025\/01\/9R3zXo5w-1024x683.jpg 1024w, https:\/\/www.icip.cat\/wp-content\/uploads\/2025\/01\/9R3zXo5w-300x200.jpg 300w, https:\/\/www.icip.cat\/wp-content\/uploads\/2025\/01\/9R3zXo5w-768x512.jpg 768w, https:\/\/www.icip.cat\/wp-content\/uploads\/2025\/01\/9R3zXo5w-1536x1024.jpg 1536w, https:\/\/www.icip.cat\/wp-content\/uploads\/2025\/01\/9R3zXo5w-2048x1365.jpg 2048w\" sizes=\"(max-width: 1024px) 100vw, 1024px\" \/><\/figure>\n\n\n\n<figure class=\"wp-block-image size-large\"><img loading=\"lazy\" decoding=\"async\" width=\"1024\" height=\"683\" data-id=\"51764\" src=\"https:\/\/www.icip.cat\/wp-content\/uploads\/2025\/01\/QpbhHd_A-1024x683.jpg\" alt=\"\" class=\"wp-image-51764\" srcset=\"https:\/\/www.icip.cat\/wp-content\/uploads\/2025\/01\/QpbhHd_A-1024x683.jpg 1024w, https:\/\/www.icip.cat\/wp-content\/uploads\/2025\/01\/QpbhHd_A-300x200.jpg 300w\" sizes=\"(max-width: 1024px) 100vw, 1024px\" \/><\/figure>\n\n\n\n<figure class=\"wp-block-image size-large\"><img loading=\"lazy\" decoding=\"async\" width=\"800\" height=\"533\" data-id=\"51767\" src=\"https:\/\/www.icip.cat\/wp-content\/uploads\/2025\/01\/pXJ06yaw.jpg\" alt=\"\" class=\"wp-image-51767\" srcset=\"https:\/\/www.icip.cat\/wp-content\/uploads\/2025\/01\/pXJ06yaw.jpg 800w, https:\/\/www.icip.cat\/wp-content\/uploads\/2025\/01\/pXJ06yaw-300x200.jpg 300w, https:\/\/www.icip.cat\/wp-content\/uploads\/2025\/01\/pXJ06yaw-768x512.jpg 768w\" sizes=\"(max-width: 800px) 100vw, 800px\" \/><\/figure>\n<\/figure>\n\n\n\n<p>Alhora, tant Ladan com Ndir han alertat sobre el \u201cracisme sist\u00e8mic\u201d existent, \u201csocial i institucional\u201d i els discursos d\u2019odi: \u201cel racisme trenca la conviv\u00e8ncia i la pau\u201d, ha denunciat Ndir. Precisament, en el transcurs de la jornada, diverses intervencions han volgut recordar el jove sense sostre senegal\u00e8s Bakari Diba, mort al parc de la Ciutadella de Barcelona, a tocar del mateix Parlament. Un cas que la Comunitat Negra Africana i Afrodescendent a Catalunya ha denunciat com a exemple de la \u201cviol\u00e8ncia institucional\u201d que pateixen les persones migrades.<\/p>\n\n\n\n<p>Per la seva banda, el president de l\u2019associaci\u00f3 AFRICAT, <strong>Jean-Bosco Botsho<\/strong>, ha destacat la import\u00e0ncia de posar l\u2019accent en la prevenci\u00f3 de conflictes.<\/p>\n\n\n\n<h3 class=\"wp-block-heading\"><strong>Intervenci\u00f3 dels grups parlamentaris<\/strong><\/h3>\n\n\n\n<p>La segona taula s\u2019ha centrat en les relacions Catalunya-\u00c0frica i ha comptat amb les intervencions de cinc grups pol\u00edtics: <strong>Neus Comes<\/strong>, diputada del PSC; <strong>Ennatu Domingo<\/strong>, diputada de Junts; <strong>Adri\u00e0 Guevara<\/strong>, secretari de Relacions Internacional d\u2019ERC; <strong>Viviane Ogou,<\/strong> en representaci\u00f3 de Comuns; i <strong>Pat Sillah<\/strong>, de la CUP.<\/p>\n\n\n\n<p>Tots ells han posat de relleu la necessitat d\u2019incloure veus africanes en el futur Pla Pa\u00eds de Pau i han destacat la import\u00e0ncia d\u2019establir una relaci\u00f3 d\u2019igual a igual entre Catalunya i \u00c0frica i comptar amb la participaci\u00f3 d\u2019actors locals.<\/p>\n\n\n\n<figure class=\"wp-block-gallery has-nested-images columns-default is-cropped wp-block-gallery-3 is-layout-flex wp-block-gallery-is-layout-flex\">\n<figure class=\"wp-block-image size-large\"><img loading=\"lazy\" decoding=\"async\" width=\"1024\" height=\"683\" data-id=\"51773\" src=\"https:\/\/www.icip.cat\/wp-content\/uploads\/2025\/01\/e5_WDOWw-1024x683.jpg\" alt=\"\" class=\"wp-image-51773\" srcset=\"https:\/\/www.icip.cat\/wp-content\/uploads\/2025\/01\/e5_WDOWw-1024x683.jpg 1024w, https:\/\/www.icip.cat\/wp-content\/uploads\/2025\/01\/e5_WDOWw-300x200.jpg 300w, https:\/\/www.icip.cat\/wp-content\/uploads\/2025\/01\/e5_WDOWw-768x512.jpg 768w, https:\/\/www.icip.cat\/wp-content\/uploads\/2025\/01\/e5_WDOWw-1536x1024.jpg 1536w, https:\/\/www.icip.cat\/wp-content\/uploads\/2025\/01\/e5_WDOWw-2048x1365.jpg 2048w\" sizes=\"(max-width: 1024px) 100vw, 1024px\" \/><\/figure>\n\n\n\n<figure class=\"wp-block-image size-large\"><img loading=\"lazy\" decoding=\"async\" width=\"1024\" height=\"683\" data-id=\"51776\" src=\"https:\/\/www.icip.cat\/wp-content\/uploads\/2025\/01\/2RzCog9Q-1024x683.jpg\" alt=\"\" class=\"wp-image-51776\" srcset=\"https:\/\/www.icip.cat\/wp-content\/uploads\/2025\/01\/2RzCog9Q-1024x683.jpg 1024w, https:\/\/www.icip.cat\/wp-content\/uploads\/2025\/01\/2RzCog9Q-300x200.jpg 300w, https:\/\/www.icip.cat\/wp-content\/uploads\/2025\/01\/2RzCog9Q-768x512.jpg 768w, https:\/\/www.icip.cat\/wp-content\/uploads\/2025\/01\/2RzCog9Q-1536x1024.jpg 1536w, https:\/\/www.icip.cat\/wp-content\/uploads\/2025\/01\/2RzCog9Q-2048x1365.jpg 2048w\" sizes=\"(max-width: 1024px) 100vw, 1024px\" \/><\/figure>\n<\/figure>\n\n\n\n<p>Per \u00faltim, el president del Parlament, <strong>Josep Rull<\/strong>, ha clos la III Jornada de la Pau del Parlament, tot destacant la llarga traject\u00f2ria de Catalunya en el foment de la pau i com a pa\u00eds d\u2019acollida. En un context convuls, marcat pels discursos d\u2019odi i l\u2019era de la postveritat, Rull ha afirmat que \u201cdefensar la pau \u00e9s un exercici de fortalesa col\u00b7lectiva que dona sentit a la humanitat\u201d.<\/p>\n\n\n\n<figure class=\"wp-block-embed aligncenter is-type-video is-provider-youtube wp-block-embed-youtube wp-embed-aspect-16-9 wp-has-aspect-ratio\"><div class=\"wp-block-embed__wrapper\">\n<iframe title=\"III Jornada de la Pau del Parlament: Perspectives africanes de pau: pol\u00edtiques i pr\u00e0ctiques\" width=\"640\" height=\"360\" src=\"https:\/\/www.youtube.com\/embed\/Ox1v15rKEwU?start=1112&#038;feature=oembed\" frameborder=\"0\" allow=\"accelerometer; autoplay; clipboard-write; encrypted-media; gyroscope; picture-in-picture; web-share\" referrerpolicy=\"strict-origin-when-cross-origin\" allowfullscreen><\/iframe>\n<\/div><\/figure>\n\n\n\n<p>Fotografies: Parlament de Catalunya<\/p>\n","protected":false},"excerpt":{"rendered":"<p>L\u2019auditori del Parlament de Catalunya ha acollit aquest divendres 31 de gener la III Jornada de la Pau, una iniciativa de la mesa de la cambra organitzada conjuntament pel Consell Catal\u00e0 de Foment de la Pau, Lafede.cat i l\u2019ICIP. Amb el t\u00edtol \u201cPerspectives africanes de pau: pol\u00edtiques i pr\u00e0ctiques\u201d, la jornada ha estat seguida per [&hellip;]<\/p>\n","protected":false},"author":2,"featured_media":51754,"comment_status":"closed","ping_status":"closed","sticky":false,"template":"","format":"standard","meta":{"_acf_changed":false,"footnotes":""},"categories":[4],"tags":[],"class_list":["post-51752","post","type-post","status-publish","format-standard","has-post-thumbnail","hentry","category-sense-categoria"],"acf":[],"yoast_head":"<!-- This site is optimized with the Yoast SEO plugin v25.6 - https:\/\/yoast.com\/wordpress\/plugins\/seo\/ -->\n<title>La III Jornada de la Pau del Parlament reivindica incloure les veus africanes en la nova pol\u00edtica p\u00fablica de pau - ICIP<\/title>\n<meta name=\"description\" content=\"La jornada ha reivindicat les experi\u00e8ncies africanes de construcci\u00f3 de pau i la necessitat d&#039;escoltar les veus de la di\u00e0spora\" \/>\n<meta name=\"robots\" content=\"index, follow, max-snippet:-1, max-image-preview:large, max-video-preview:-1\" \/>\n<link rel=\"canonical\" href=\"https:\/\/www.icip.cat\/ca\/la-iii-jornada-de-la-pau-del-parlament-reivindica-incloure-les-veus-africanes\/\" \/>\n<meta property=\"og:locale\" content=\"ca_ES\" \/>\n<meta property=\"og:type\" content=\"article\" \/>\n<meta property=\"og:title\" content=\"La III Jornada de la Pau del Parlament reivindica incloure les veus africanes en la nova pol\u00edtica p\u00fablica de pau - ICIP\" \/>\n<meta property=\"og:description\" content=\"La jornada ha reivindicat les experi\u00e8ncies africanes de construcci\u00f3 de pau i la necessitat d&#039;escoltar les veus de la di\u00e0spora\" \/>\n<meta property=\"og:url\" content=\"https:\/\/www.icip.cat\/ca\/la-iii-jornada-de-la-pau-del-parlament-reivindica-incloure-les-veus-africanes\/\" \/>\n<meta property=\"og:site_name\" content=\"ICIP\" \/>\n<meta property=\"article:published_time\" content=\"2025-01-31T14:50:48+00:00\" \/>\n<meta property=\"article:modified_time\" content=\"2025-02-04T08:13:20+00:00\" \/>\n<meta property=\"og:image\" content=\"https:\/\/www.icip.cat\/wp-content\/uploads\/2025\/01\/2T_o6K0A-scaled.jpg\" \/>\n\t<meta property=\"og:image:width\" content=\"2560\" \/>\n\t<meta property=\"og:image:height\" content=\"1707\" \/>\n\t<meta property=\"og:image:type\" content=\"image\/jpeg\" \/>\n<meta name=\"author\" content=\"Eugenia\" \/>\n<meta name=\"twitter:card\" content=\"summary_large_image\" \/>\n<meta name=\"twitter:label1\" content=\"Escrit per\" \/>\n\t<meta name=\"twitter:data1\" content=\"Eugenia\" \/>\n\t<meta name=\"twitter:label2\" content=\"Temps estimat de lectura\" \/>\n\t<meta name=\"twitter:data2\" content=\"7 minuts\" \/>\n<script type=\"application\/ld+json\" class=\"yoast-schema-graph\">{\"@context\":\"https:\/\/schema.org\",\"@graph\":[{\"@type\":\"Article\",\"@id\":\"https:\/\/www.icip.cat\/ca\/la-iii-jornada-de-la-pau-del-parlament-reivindica-incloure-les-veus-africanes\/#article\",\"isPartOf\":{\"@id\":\"https:\/\/www.icip.cat\/ca\/la-iii-jornada-de-la-pau-del-parlament-reivindica-incloure-les-veus-africanes\/\"},\"author\":{\"name\":\"Eugenia\",\"@id\":\"https:\/\/www.icip.cat\/ca\/#\/schema\/person\/ecaf8460603e6e32c80f3acbf4178fa6\"},\"headline\":\"La III Jornada de la Pau del Parlament reivindica incloure les veus africanes en la nova pol\u00edtica p\u00fablica de pau\",\"datePublished\":\"2025-01-31T14:50:48+00:00\",\"dateModified\":\"2025-02-04T08:13:20+00:00\",\"mainEntityOfPage\":{\"@id\":\"https:\/\/www.icip.cat\/ca\/la-iii-jornada-de-la-pau-del-parlament-reivindica-incloure-les-veus-africanes\/\"},\"wordCount\":958,\"publisher\":{\"@id\":\"https:\/\/www.icip.cat\/ca\/#organization\"},\"image\":{\"@id\":\"https:\/\/www.icip.cat\/ca\/la-iii-jornada-de-la-pau-del-parlament-reivindica-incloure-les-veus-africanes\/#primaryimage\"},\"thumbnailUrl\":\"https:\/\/www.icip.cat\/wp-content\/uploads\/2025\/01\/2T_o6K0A-scaled.jpg\",\"inLanguage\":\"ca\"},{\"@type\":\"WebPage\",\"@id\":\"https:\/\/www.icip.cat\/ca\/la-iii-jornada-de-la-pau-del-parlament-reivindica-incloure-les-veus-africanes\/\",\"url\":\"https:\/\/www.icip.cat\/ca\/la-iii-jornada-de-la-pau-del-parlament-reivindica-incloure-les-veus-africanes\/\",\"name\":\"La III Jornada de la Pau del Parlament reivindica incloure les veus africanes en la nova pol\u00edtica p\u00fablica de pau - ICIP\",\"isPartOf\":{\"@id\":\"https:\/\/www.icip.cat\/ca\/#website\"},\"primaryImageOfPage\":{\"@id\":\"https:\/\/www.icip.cat\/ca\/la-iii-jornada-de-la-pau-del-parlament-reivindica-incloure-les-veus-africanes\/#primaryimage\"},\"image\":{\"@id\":\"https:\/\/www.icip.cat\/ca\/la-iii-jornada-de-la-pau-del-parlament-reivindica-incloure-les-veus-africanes\/#primaryimage\"},\"thumbnailUrl\":\"https:\/\/www.icip.cat\/wp-content\/uploads\/2025\/01\/2T_o6K0A-scaled.jpg\",\"datePublished\":\"2025-01-31T14:50:48+00:00\",\"dateModified\":\"2025-02-04T08:13:20+00:00\",\"description\":\"La jornada ha reivindicat les experi\u00e8ncies africanes de construcci\u00f3 de pau i la necessitat d'escoltar les veus de la di\u00e0spora\",\"inLanguage\":\"ca\",\"potentialAction\":[{\"@type\":\"ReadAction\",\"target\":[\"https:\/\/www.icip.cat\/ca\/la-iii-jornada-de-la-pau-del-parlament-reivindica-incloure-les-veus-africanes\/\"]}]},{\"@type\":\"ImageObject\",\"inLanguage\":\"ca\",\"@id\":\"https:\/\/www.icip.cat\/ca\/la-iii-jornada-de-la-pau-del-parlament-reivindica-incloure-les-veus-africanes\/#primaryimage\",\"url\":\"https:\/\/www.icip.cat\/wp-content\/uploads\/2025\/01\/2T_o6K0A-scaled.jpg\",\"contentUrl\":\"https:\/\/www.icip.cat\/wp-content\/uploads\/2025\/01\/2T_o6K0A-scaled.jpg\",\"width\":2560,\"height\":1707},{\"@type\":\"WebSite\",\"@id\":\"https:\/\/www.icip.cat\/ca\/#website\",\"url\":\"https:\/\/www.icip.cat\/ca\/\",\"name\":\"ICIP\",\"description\":\"\",\"publisher\":{\"@id\":\"https:\/\/www.icip.cat\/ca\/#organization\"},\"potentialAction\":[{\"@type\":\"SearchAction\",\"target\":{\"@type\":\"EntryPoint\",\"urlTemplate\":\"https:\/\/www.icip.cat\/ca\/?s={search_term_string}\"},\"query-input\":{\"@type\":\"PropertyValueSpecification\",\"valueRequired\":true,\"valueName\":\"search_term_string\"}}],\"inLanguage\":\"ca\"},{\"@type\":\"Organization\",\"@id\":\"https:\/\/www.icip.cat\/ca\/#organization\",\"name\":\"ICIP\",\"url\":\"https:\/\/www.icip.cat\/ca\/\",\"logo\":{\"@type\":\"ImageObject\",\"inLanguage\":\"ca\",\"@id\":\"https:\/\/www.icip.cat\/ca\/#\/schema\/logo\/image\/\",\"url\":\"https:\/\/www.icip.cat\/wp-content\/uploads\/2021\/02\/logo-2.png\",\"contentUrl\":\"https:\/\/www.icip.cat\/wp-content\/uploads\/2021\/02\/logo-2.png\",\"width\":562,\"height\":391,\"caption\":\"ICIP\"},\"image\":{\"@id\":\"https:\/\/www.icip.cat\/ca\/#\/schema\/logo\/image\/\"}},{\"@type\":\"Person\",\"@id\":\"https:\/\/www.icip.cat\/ca\/#\/schema\/person\/ecaf8460603e6e32c80f3acbf4178fa6\",\"name\":\"Eugenia\",\"image\":{\"@type\":\"ImageObject\",\"inLanguage\":\"ca\",\"@id\":\"https:\/\/www.icip.cat\/ca\/#\/schema\/person\/image\/\",\"url\":\"https:\/\/secure.gravatar.com\/avatar\/d30b42e0caf7d7c3d97196ad2e94636c7bb0cc353a49ec8660d01bc0ff98b480?s=96&d=mm&r=g\",\"contentUrl\":\"https:\/\/secure.gravatar.com\/avatar\/d30b42e0caf7d7c3d97196ad2e94636c7bb0cc353a49ec8660d01bc0ff98b480?s=96&d=mm&r=g\",\"caption\":\"Eugenia\"},\"url\":\"https:\/\/www.icip.cat\/ca\/author\/eugenia\/\"}]}<\/script>\n<!-- \/ Yoast SEO plugin. -->","yoast_head_json":{"title":"La III Jornada de la Pau del Parlament reivindica incloure les veus africanes en la nova pol\u00edtica p\u00fablica de pau - ICIP","description":"La jornada ha reivindicat les experi\u00e8ncies africanes de construcci\u00f3 de pau i la necessitat d'escoltar les veus de la di\u00e0spora","robots":{"index":"index","follow":"follow","max-snippet":"max-snippet:-1","max-image-preview":"max-image-preview:large","max-video-preview":"max-video-preview:-1"},"canonical":"https:\/\/www.icip.cat\/ca\/la-iii-jornada-de-la-pau-del-parlament-reivindica-incloure-les-veus-africanes\/","og_locale":"ca_ES","og_type":"article","og_title":"La III Jornada de la Pau del Parlament reivindica incloure les veus africanes en la nova pol\u00edtica p\u00fablica de pau - ICIP","og_description":"La jornada ha reivindicat les experi\u00e8ncies africanes de construcci\u00f3 de pau i la necessitat d'escoltar les veus de la di\u00e0spora","og_url":"https:\/\/www.icip.cat\/ca\/la-iii-jornada-de-la-pau-del-parlament-reivindica-incloure-les-veus-africanes\/","og_site_name":"ICIP","article_published_time":"2025-01-31T14:50:48+00:00","article_modified_time":"2025-02-04T08:13:20+00:00","og_image":[{"width":2560,"height":1707,"url":"https:\/\/www.icip.cat\/wp-content\/uploads\/2025\/01\/2T_o6K0A-scaled.jpg","type":"image\/jpeg"}],"author":"Eugenia","twitter_card":"summary_large_image","twitter_misc":{"Escrit per":"Eugenia","Temps estimat de lectura":"7 minuts"},"schema":{"@context":"https:\/\/schema.org","@graph":[{"@type":"Article","@id":"https:\/\/www.icip.cat\/ca\/la-iii-jornada-de-la-pau-del-parlament-reivindica-incloure-les-veus-africanes\/#article","isPartOf":{"@id":"https:\/\/www.icip.cat\/ca\/la-iii-jornada-de-la-pau-del-parlament-reivindica-incloure-les-veus-africanes\/"},"author":{"name":"Eugenia","@id":"https:\/\/www.icip.cat\/ca\/#\/schema\/person\/ecaf8460603e6e32c80f3acbf4178fa6"},"headline":"La III Jornada de la Pau del Parlament reivindica incloure les veus africanes en la nova pol\u00edtica p\u00fablica de pau","datePublished":"2025-01-31T14:50:48+00:00","dateModified":"2025-02-04T08:13:20+00:00","mainEntityOfPage":{"@id":"https:\/\/www.icip.cat\/ca\/la-iii-jornada-de-la-pau-del-parlament-reivindica-incloure-les-veus-africanes\/"},"wordCount":958,"publisher":{"@id":"https:\/\/www.icip.cat\/ca\/#organization"},"image":{"@id":"https:\/\/www.icip.cat\/ca\/la-iii-jornada-de-la-pau-del-parlament-reivindica-incloure-les-veus-africanes\/#primaryimage"},"thumbnailUrl":"https:\/\/www.icip.cat\/wp-content\/uploads\/2025\/01\/2T_o6K0A-scaled.jpg","inLanguage":"ca"},{"@type":"WebPage","@id":"https:\/\/www.icip.cat\/ca\/la-iii-jornada-de-la-pau-del-parlament-reivindica-incloure-les-veus-africanes\/","url":"https:\/\/www.icip.cat\/ca\/la-iii-jornada-de-la-pau-del-parlament-reivindica-incloure-les-veus-africanes\/","name":"La III Jornada de la Pau del Parlament reivindica incloure les veus africanes en la nova pol\u00edtica p\u00fablica de pau - ICIP","isPartOf":{"@id":"https:\/\/www.icip.cat\/ca\/#website"},"primaryImageOfPage":{"@id":"https:\/\/www.icip.cat\/ca\/la-iii-jornada-de-la-pau-del-parlament-reivindica-incloure-les-veus-africanes\/#primaryimage"},"image":{"@id":"https:\/\/www.icip.cat\/ca\/la-iii-jornada-de-la-pau-del-parlament-reivindica-incloure-les-veus-africanes\/#primaryimage"},"thumbnailUrl":"https:\/\/www.icip.cat\/wp-content\/uploads\/2025\/01\/2T_o6K0A-scaled.jpg","datePublished":"2025-01-31T14:50:48+00:00","dateModified":"2025-02-04T08:13:20+00:00","description":"La jornada ha reivindicat les experi\u00e8ncies africanes de construcci\u00f3 de pau i la necessitat d'escoltar les veus de la di\u00e0spora","inLanguage":"ca","potentialAction":[{"@type":"ReadAction","target":["https:\/\/www.icip.cat\/ca\/la-iii-jornada-de-la-pau-del-parlament-reivindica-incloure-les-veus-africanes\/"]}]},{"@type":"ImageObject","inLanguage":"ca","@id":"https:\/\/www.icip.cat\/ca\/la-iii-jornada-de-la-pau-del-parlament-reivindica-incloure-les-veus-africanes\/#primaryimage","url":"https:\/\/www.icip.cat\/wp-content\/uploads\/2025\/01\/2T_o6K0A-scaled.jpg","contentUrl":"https:\/\/www.icip.cat\/wp-content\/uploads\/2025\/01\/2T_o6K0A-scaled.jpg","width":2560,"height":1707},{"@type":"WebSite","@id":"https:\/\/www.icip.cat\/ca\/#website","url":"https:\/\/www.icip.cat\/ca\/","name":"ICIP","description":"","publisher":{"@id":"https:\/\/www.icip.cat\/ca\/#organization"},"potentialAction":[{"@type":"SearchAction","target":{"@type":"EntryPoint","urlTemplate":"https:\/\/www.icip.cat\/ca\/?s={search_term_string}"},"query-input":{"@type":"PropertyValueSpecification","valueRequired":true,"valueName":"search_term_string"}}],"inLanguage":"ca"},{"@type":"Organization","@id":"https:\/\/www.icip.cat\/ca\/#organization","name":"ICIP","url":"https:\/\/www.icip.cat\/ca\/","logo":{"@type":"ImageObject","inLanguage":"ca","@id":"https:\/\/www.icip.cat\/ca\/#\/schema\/logo\/image\/","url":"https:\/\/www.icip.cat\/wp-content\/uploads\/2021\/02\/logo-2.png","contentUrl":"https:\/\/www.icip.cat\/wp-content\/uploads\/2021\/02\/logo-2.png","width":562,"height":391,"caption":"ICIP"},"image":{"@id":"https:\/\/www.icip.cat\/ca\/#\/schema\/logo\/image\/"}},{"@type":"Person","@id":"https:\/\/www.icip.cat\/ca\/#\/schema\/person\/ecaf8460603e6e32c80f3acbf4178fa6","name":"Eugenia","image":{"@type":"ImageObject","inLanguage":"ca","@id":"https:\/\/www.icip.cat\/ca\/#\/schema\/person\/image\/","url":"https:\/\/secure.gravatar.com\/avatar\/d30b42e0caf7d7c3d97196ad2e94636c7bb0cc353a49ec8660d01bc0ff98b480?s=96&d=mm&r=g","contentUrl":"https:\/\/secure.gravatar.com\/avatar\/d30b42e0caf7d7c3d97196ad2e94636c7bb0cc353a49ec8660d01bc0ff98b480?s=96&d=mm&r=g","caption":"Eugenia"},"url":"https:\/\/www.icip.cat\/ca\/author\/eugenia\/"}]}},"_links":{"self":[{"href":"https:\/\/www.icip.cat\/ca\/wp-json\/wp\/v2\/posts\/51752","targetHints":{"allow":["GET"]}}],"collection":[{"href":"https:\/\/www.icip.cat\/ca\/wp-json\/wp\/v2\/posts"}],"about":[{"href":"https:\/\/www.icip.cat\/ca\/wp-json\/wp\/v2\/types\/post"}],"author":[{"embeddable":true,"href":"https:\/\/www.icip.cat\/ca\/wp-json\/wp\/v2\/users\/2"}],"replies":[{"embeddable":true,"href":"https:\/\/www.icip.cat\/ca\/wp-json\/wp\/v2\/comments?post=51752"}],"version-history":[{"count":11,"href":"https:\/\/www.icip.cat\/ca\/wp-json\/wp\/v2\/posts\/51752\/revisions"}],"predecessor-version":[{"id":52282,"href":"https:\/\/www.icip.cat\/ca\/wp-json\/wp\/v2\/posts\/51752\/revisions\/52282"}],"wp:featuredmedia":[{"embeddable":true,"href":"https:\/\/www.icip.cat\/ca\/wp-json\/wp\/v2\/media\/51754"}],"wp:attachment":[{"href":"https:\/\/www.icip.cat\/ca\/wp-json\/wp\/v2\/media?parent=51752"}],"wp:term":[{"taxonomy":"category","embeddable":true,"href":"https:\/\/www.icip.cat\/ca\/wp-json\/wp\/v2\/categories?post=51752"},{"taxonomy":"post_tag","embeddable":true,"href":"https:\/\/www.icip.cat\/ca\/wp-json\/wp\/v2\/tags?post=51752"}],"curies":[{"name":"wp","href":"https:\/\/api.w.org\/{rel}","templated":true}]}}