{"id":53515,"date":"2025-04-07T11:22:25","date_gmt":"2025-04-07T11:22:25","guid":{"rendered":"https:\/\/www.icip.cat\/el-icip-presenta-memoria-activa-una-metodologia-para-acompanar-y-empoderar-a-mujeres-migradas-y-refugiadas\/"},"modified":"2025-04-07T11:44:14","modified_gmt":"2025-04-07T11:44:14","slug":"el-icip-presenta-memoria-activa-una-metodologia-per-acompanyar-i-apoderar-dones-migrades-i-refugiades","status":"publish","type":"post","link":"https:\/\/www.icip.cat\/ca\/el-icip-presenta-memoria-activa-una-metodologia-per-acompanyar-i-apoderar-dones-migrades-i-refugiades\/","title":{"rendered":"El ICIP presenta \u2018Mem\u00f2ria Activa\u2019, una metodologia per acompanyar i apoderar dones migrades i refugiades."},"content":{"rendered":"\n<p>El ICIP va acollir el divendres 4 d&#8217;abril la presentaci\u00f3 del llibre <em><a href=\"https:\/\/www.icip.cat\/ca\/publication\/memoria-activa-metodologia-psicosocial-para-la-construccion-de-paz-con-mujeres-inmigrantes-y-refugiadas\/\">Memoria Activa. Metodolog\u00eda psicosocial para la construcci\u00f3n de paz con mujeres inmigrantes y refugiadas<\/a><\/em>, una obra que forma part de la col\u00b7lecci\u00f3 &#8220;<a href=\"https:\/\/www.icip.cat\/ca\/publication\/memoria-activa-metodologia-psicosocial-para-la-construccion-de-paz-con-mujeres-inmigrantes-y-refugiadas\/\">Eines de pau, seguretat i just\u00edcia<\/a>&#8220;<em>. <\/em>El llibre \u00e9s fruit del treball de l&#8217;organitzaci\u00f3 <em><a href=\"https:\/\/www.mujerdiaspora.com\/\">Mujer Di\u00e1spora<\/a><\/em>, que acompanya dones migrades i refugiades en processos de sanaci\u00f3 emocional i incid\u00e8ncia social i pol\u00edtica als pa\u00efsos de destinaci\u00f3 de diverses di\u00e0spores, especialment a Catalunya, Regne Unit i Su\u00e8cia.<\/p>\n\n\n\n<p>L&#8217;acte va ser condu\u00eft per <strong>Helga Flamtermesky<\/strong>, una de les impulsores de <em>Mujer Di\u00e1spora<\/em>, una ONG que aporta estrat\u00e8gies de sanaci\u00f3 i gesti\u00f3 emocional a dones que han patit traumes a causa de la guerra als seus pa\u00efsos d&#8217;origen o durant el proc\u00e9s migratori. A partir d&#8217;aquesta experi\u00e8ncia, <em>Mujer Di\u00e1spora<\/em> ha desenvolupat una metodologia pr\u00f2pia anomenada <em>Mem\u00f2ria Activa<\/em>, basada en l&#8217;escolta profunda, l&#8217;expressi\u00f3 art\u00edstica i la transformaci\u00f3 de la mem\u00f2ria com a eina de cura i apoderament.<\/p>\n\n\n\n<p>\u201cAquesta metodologia posa en valor les hist\u00f2ries i viv\u00e8ncies de dones sovint silenciades, i busca imprimir noves emocions als records, reconstruint-los des d&#8217;un lloc de for\u00e7a, reconeixement i dignitat\u201d, va explicar Flamtermesky durant la presentaci\u00f3.<\/p>\n\n\n\n<figure class=\"wp-block-image size-large\"><img fetchpriority=\"high\" decoding=\"async\" width=\"1024\" height=\"716\" src=\"https:\/\/www.icip.cat\/wp-content\/uploads\/2025\/04\/IMG_4176-1024x716.jpg\" alt=\"\" class=\"wp-image-53490\" srcset=\"https:\/\/www.icip.cat\/wp-content\/uploads\/2025\/04\/IMG_4176-1024x716.jpg 1024w, https:\/\/www.icip.cat\/wp-content\/uploads\/2025\/04\/IMG_4176-300x210.jpg 300w, https:\/\/www.icip.cat\/wp-content\/uploads\/2025\/04\/IMG_4176-768x537.jpg 768w, https:\/\/www.icip.cat\/wp-content\/uploads\/2025\/04\/IMG_4176-1536x1074.jpg 1536w, https:\/\/www.icip.cat\/wp-content\/uploads\/2025\/04\/IMG_4176-2048x1432.jpg 2048w\" sizes=\"(max-width: 1024px) 100vw, 1024px\" \/><\/figure>\n\n\n\n<p>El llibre detalla cinc eixos que sostenen aquest enfocament: sensorialitat, sanaci\u00f3, diversitat, espiritualitat i retorn simb\u00f2lic, i ofereix recursos concrets per aplicar-los, com l&#8217;\u00fas de la cuina com a espai de mem\u00f2ria i creaci\u00f3 col\u00b7lectiva. A m\u00e9s, recull testimonis col\u00b7lectius, pr\u00e0ctiques art\u00edstiques, propostes pedag\u00f2giques i reflexions que poden servir com a guia tant per a professionals com per a comunitats que desitgin posar la cura i la mem\u00f2ria al centre dels processos de pau.<\/p>\n\n\n\n<p>L&#8217;acte va comptar amb intervencions de veus destacades de la di\u00e0spora colombiana i col\u00b7laboradors de Fran\u00e7a i S\u00edria, com la cantautora <strong>Marta G\u00f3mez<\/strong>, el documentalista <strong>Iv\u00e1n Guarnizo<\/strong>, la fot\u00f2grafa <strong>Ingrid Guyon<\/strong> i la doctora en hist\u00f2ria <strong>Nour Salameh<\/strong>. Tots ells han participat en diverses experi\u00e8ncies liderades per <em>Mujer Di\u00e1spora<\/em> que ara queden recollides al llibre.<\/p>\n\n\n\n<p>\u201cEn un context marcat per l&#8217;augment de les migracions for\u00e7ades i les viol\u00e8ncies globals, <em>Mem\u00f2ria Activa<\/em> no \u00e9s nom\u00e9s un llibre: \u00e9s una eina de reconstrucci\u00f3 col\u00b7lectiva, una aposta per una pau amb rostre de dona, i un crit per visibilitzar aquelles hist\u00f2ries que mai haurien d\u2019haver estat invisibilitzades\u201d, va afegir Mar\u00eda Eugenia Bland\u00f3n, responsable de l&#8217;\u00e0rea de <a href=\"https:\/\/www.icip.cat\/ca\/memoria-convivencia-i-reconciliacio\/\">Mem\u00f2ria, conviv\u00e8ncia i reconciliaci\u00f3<\/a> de l&#8217;ICIP.<\/p>\n\n\n\n<p>El llibre es pot <a href=\"https:\/\/www.icip.cat\/wp-content\/uploads\/eines_31.pdf\">descarregar gratu\u00eftament<\/a> des de la web de l&#8217;ICIP, i s&#8217;ofereix com una eina viva, pensada per ser llegida, compartida i portada a la pr\u00e0ctica.<br><\/p>\n\n\n\n<figure class=\"wp-block-gallery has-nested-images columns-default is-cropped wp-block-gallery-1 is-layout-flex wp-block-gallery-is-layout-flex\">\n<figure class=\"wp-block-image size-large\"><img decoding=\"async\" width=\"1024\" height=\"683\" data-id=\"53502\" src=\"https:\/\/www.icip.cat\/wp-content\/uploads\/2025\/04\/IMG_4239-1024x683.jpg\" alt=\"\" class=\"wp-image-53502\" srcset=\"https:\/\/www.icip.cat\/wp-content\/uploads\/2025\/04\/IMG_4239-1024x683.jpg 1024w, https:\/\/www.icip.cat\/wp-content\/uploads\/2025\/04\/IMG_4239-300x200.jpg 300w, https:\/\/www.icip.cat\/wp-content\/uploads\/2025\/04\/IMG_4239-768x512.jpg 768w, https:\/\/www.icip.cat\/wp-content\/uploads\/2025\/04\/IMG_4239-1536x1024.jpg 1536w, https:\/\/www.icip.cat\/wp-content\/uploads\/2025\/04\/IMG_4239-2048x1366.jpg 2048w\" sizes=\"(max-width: 1024px) 100vw, 1024px\" \/><\/figure>\n\n\n\n<figure class=\"wp-block-image size-large\"><img decoding=\"async\" width=\"1024\" height=\"711\" data-id=\"53496\" src=\"https:\/\/www.icip.cat\/wp-content\/uploads\/2025\/04\/IMG_4204-1024x711.jpg\" alt=\"\" class=\"wp-image-53496\" srcset=\"https:\/\/www.icip.cat\/wp-content\/uploads\/2025\/04\/IMG_4204-1024x711.jpg 1024w, https:\/\/www.icip.cat\/wp-content\/uploads\/2025\/04\/IMG_4204-300x208.jpg 300w, https:\/\/www.icip.cat\/wp-content\/uploads\/2025\/04\/IMG_4204-768x534.jpg 768w, https:\/\/www.icip.cat\/wp-content\/uploads\/2025\/04\/IMG_4204-1536x1067.jpg 1536w, https:\/\/www.icip.cat\/wp-content\/uploads\/2025\/04\/IMG_4204-2048x1423.jpg 2048w\" sizes=\"(max-width: 1024px) 100vw, 1024px\" \/><\/figure>\n\n\n\n<figure class=\"wp-block-image size-large\"><img loading=\"lazy\" decoding=\"async\" width=\"1024\" height=\"683\" data-id=\"53505\" src=\"https:\/\/www.icip.cat\/wp-content\/uploads\/2025\/04\/IMG_4242-1-1024x683.jpg\" alt=\"\" class=\"wp-image-53505\" srcset=\"https:\/\/www.icip.cat\/wp-content\/uploads\/2025\/04\/IMG_4242-1-1024x683.jpg 1024w, https:\/\/www.icip.cat\/wp-content\/uploads\/2025\/04\/IMG_4242-1-300x200.jpg 300w, https:\/\/www.icip.cat\/wp-content\/uploads\/2025\/04\/IMG_4242-1-768x512.jpg 768w, https:\/\/www.icip.cat\/wp-content\/uploads\/2025\/04\/IMG_4242-1-1536x1024.jpg 1536w, https:\/\/www.icip.cat\/wp-content\/uploads\/2025\/04\/IMG_4242-1-2048x1365.jpg 2048w\" sizes=\"(max-width: 1024px) 100vw, 1024px\" \/><\/figure>\n\n\n\n<figure class=\"wp-block-image size-large\"><img loading=\"lazy\" decoding=\"async\" width=\"1024\" height=\"691\" data-id=\"53499\" src=\"https:\/\/www.icip.cat\/wp-content\/uploads\/2025\/04\/IMG_4231-1024x691.jpg\" alt=\"\" class=\"wp-image-53499\" srcset=\"https:\/\/www.icip.cat\/wp-content\/uploads\/2025\/04\/IMG_4231-1024x691.jpg 1024w, https:\/\/www.icip.cat\/wp-content\/uploads\/2025\/04\/IMG_4231-300x202.jpg 300w, https:\/\/www.icip.cat\/wp-content\/uploads\/2025\/04\/IMG_4231-768x518.jpg 768w, https:\/\/www.icip.cat\/wp-content\/uploads\/2025\/04\/IMG_4231-1536x1036.jpg 1536w, https:\/\/www.icip.cat\/wp-content\/uploads\/2025\/04\/IMG_4231-2048x1381.jpg 2048w\" sizes=\"(max-width: 1024px) 100vw, 1024px\" \/><\/figure>\n<\/figure>\n","protected":false},"excerpt":{"rendered":"<p>El ICIP va acollir el divendres 4 d&#8217;abril la presentaci\u00f3 del llibre Memoria Activa. Metodolog\u00eda psicosocial para la construcci\u00f3n de paz con mujeres inmigrantes y refugiadas, una obra que forma part de la col\u00b7lecci\u00f3 &#8220;Eines de pau, seguretat i just\u00edcia&#8220;. El llibre \u00e9s fruit del treball de l&#8217;organitzaci\u00f3 Mujer Di\u00e1spora, que acompanya dones migrades i [&hellip;]<\/p>\n","protected":false},"author":4,"featured_media":53491,"comment_status":"closed","ping_status":"closed","sticky":false,"template":"","format":"standard","meta":{"_acf_changed":false,"footnotes":""},"categories":[4],"tags":[],"class_list":["post-53515","post","type-post","status-publish","format-standard","has-post-thumbnail","hentry","category-sense-categoria"],"acf":[],"yoast_head":"<!-- This site is optimized with the Yoast SEO plugin v25.6 - https:\/\/yoast.com\/wordpress\/plugins\/seo\/ -->\n<title>El ICIP presenta \u2018Mem\u00f2ria Activa\u2019, una metodologia per acompanyar i apoderar dones migrades i refugiades. - ICIP<\/title>\n<meta name=\"description\" content=\"El llibre \u00e9s fruit de la feina de l&#039;organitzaci\u00f3 Mujer Di\u00e1spora, que acompanya dones migrades i refugiades en processos de sanaci\u00f3.\" \/>\n<meta name=\"robots\" content=\"index, follow, max-snippet:-1, max-image-preview:large, max-video-preview:-1\" \/>\n<link rel=\"canonical\" href=\"https:\/\/www.icip.cat\/ca\/el-icip-presenta-memoria-activa-una-metodologia-per-acompanyar-i-apoderar-dones-migrades-i-refugiades\/\" \/>\n<meta property=\"og:locale\" content=\"ca_ES\" \/>\n<meta property=\"og:type\" content=\"article\" \/>\n<meta property=\"og:title\" content=\"El ICIP presenta \u2018Mem\u00f2ria Activa\u2019, una metodologia per acompanyar i apoderar dones migrades i refugiades. - ICIP\" \/>\n<meta property=\"og:description\" content=\"El llibre \u00e9s fruit de la feina de l&#039;organitzaci\u00f3 Mujer Di\u00e1spora, que acompanya dones migrades i refugiades en processos de sanaci\u00f3.\" \/>\n<meta property=\"og:url\" content=\"https:\/\/www.icip.cat\/ca\/el-icip-presenta-memoria-activa-una-metodologia-per-acompanyar-i-apoderar-dones-migrades-i-refugiades\/\" \/>\n<meta property=\"og:site_name\" content=\"ICIP\" \/>\n<meta property=\"article:published_time\" content=\"2025-04-07T11:22:25+00:00\" \/>\n<meta property=\"article:modified_time\" content=\"2025-04-07T11:44:14+00:00\" \/>\n<meta property=\"og:image\" content=\"https:\/\/www.icip.cat\/wp-content\/uploads\/2025\/04\/IMG_4176-scaled.jpg\" \/>\n\t<meta property=\"og:image:width\" content=\"2560\" \/>\n\t<meta property=\"og:image:height\" content=\"1790\" \/>\n\t<meta property=\"og:image:type\" content=\"image\/jpeg\" \/>\n<meta name=\"author\" content=\"Chema\" \/>\n<meta name=\"twitter:card\" content=\"summary_large_image\" \/>\n<meta name=\"twitter:label1\" content=\"Escrit per\" \/>\n\t<meta name=\"twitter:data1\" content=\"Chema\" \/>\n\t<meta name=\"twitter:label2\" content=\"Temps estimat de lectura\" \/>\n\t<meta name=\"twitter:data2\" content=\"4 minuts\" \/>\n<script type=\"application\/ld+json\" class=\"yoast-schema-graph\">{\"@context\":\"https:\/\/schema.org\",\"@graph\":[{\"@type\":\"Article\",\"@id\":\"https:\/\/www.icip.cat\/ca\/el-icip-presenta-memoria-activa-una-metodologia-per-acompanyar-i-apoderar-dones-migrades-i-refugiades\/#article\",\"isPartOf\":{\"@id\":\"https:\/\/www.icip.cat\/ca\/el-icip-presenta-memoria-activa-una-metodologia-per-acompanyar-i-apoderar-dones-migrades-i-refugiades\/\"},\"author\":{\"name\":\"Chema\",\"@id\":\"https:\/\/www.icip.cat\/ca\/#\/schema\/person\/e284535162658ee91802f63c00dc616d\"},\"headline\":\"El ICIP presenta \u2018Mem\u00f2ria Activa\u2019, una metodologia per acompanyar i apoderar dones migrades i refugiades.\",\"datePublished\":\"2025-04-07T11:22:25+00:00\",\"dateModified\":\"2025-04-07T11:44:14+00:00\",\"mainEntityOfPage\":{\"@id\":\"https:\/\/www.icip.cat\/ca\/el-icip-presenta-memoria-activa-una-metodologia-per-acompanyar-i-apoderar-dones-migrades-i-refugiades\/\"},\"wordCount\":499,\"publisher\":{\"@id\":\"https:\/\/www.icip.cat\/ca\/#organization\"},\"image\":{\"@id\":\"https:\/\/www.icip.cat\/ca\/el-icip-presenta-memoria-activa-una-metodologia-per-acompanyar-i-apoderar-dones-migrades-i-refugiades\/#primaryimage\"},\"thumbnailUrl\":\"https:\/\/www.icip.cat\/wp-content\/uploads\/2025\/04\/IMG_4176-scaled.jpg\",\"inLanguage\":\"ca\"},{\"@type\":\"WebPage\",\"@id\":\"https:\/\/www.icip.cat\/ca\/el-icip-presenta-memoria-activa-una-metodologia-per-acompanyar-i-apoderar-dones-migrades-i-refugiades\/\",\"url\":\"https:\/\/www.icip.cat\/ca\/el-icip-presenta-memoria-activa-una-metodologia-per-acompanyar-i-apoderar-dones-migrades-i-refugiades\/\",\"name\":\"El ICIP presenta \u2018Mem\u00f2ria Activa\u2019, una metodologia per acompanyar i apoderar dones migrades i refugiades. - ICIP\",\"isPartOf\":{\"@id\":\"https:\/\/www.icip.cat\/ca\/#website\"},\"primaryImageOfPage\":{\"@id\":\"https:\/\/www.icip.cat\/ca\/el-icip-presenta-memoria-activa-una-metodologia-per-acompanyar-i-apoderar-dones-migrades-i-refugiades\/#primaryimage\"},\"image\":{\"@id\":\"https:\/\/www.icip.cat\/ca\/el-icip-presenta-memoria-activa-una-metodologia-per-acompanyar-i-apoderar-dones-migrades-i-refugiades\/#primaryimage\"},\"thumbnailUrl\":\"https:\/\/www.icip.cat\/wp-content\/uploads\/2025\/04\/IMG_4176-scaled.jpg\",\"datePublished\":\"2025-04-07T11:22:25+00:00\",\"dateModified\":\"2025-04-07T11:44:14+00:00\",\"description\":\"El llibre \u00e9s fruit de la feina de l'organitzaci\u00f3 Mujer Di\u00e1spora, que acompanya dones migrades i refugiades en processos de sanaci\u00f3.\",\"inLanguage\":\"ca\",\"potentialAction\":[{\"@type\":\"ReadAction\",\"target\":[\"https:\/\/www.icip.cat\/ca\/el-icip-presenta-memoria-activa-una-metodologia-per-acompanyar-i-apoderar-dones-migrades-i-refugiades\/\"]}]},{\"@type\":\"ImageObject\",\"inLanguage\":\"ca\",\"@id\":\"https:\/\/www.icip.cat\/ca\/el-icip-presenta-memoria-activa-una-metodologia-per-acompanyar-i-apoderar-dones-migrades-i-refugiades\/#primaryimage\",\"url\":\"https:\/\/www.icip.cat\/wp-content\/uploads\/2025\/04\/IMG_4176-scaled.jpg\",\"contentUrl\":\"https:\/\/www.icip.cat\/wp-content\/uploads\/2025\/04\/IMG_4176-scaled.jpg\",\"width\":2560,\"height\":1790},{\"@type\":\"WebSite\",\"@id\":\"https:\/\/www.icip.cat\/ca\/#website\",\"url\":\"https:\/\/www.icip.cat\/ca\/\",\"name\":\"ICIP\",\"description\":\"\",\"publisher\":{\"@id\":\"https:\/\/www.icip.cat\/ca\/#organization\"},\"potentialAction\":[{\"@type\":\"SearchAction\",\"target\":{\"@type\":\"EntryPoint\",\"urlTemplate\":\"https:\/\/www.icip.cat\/ca\/?s={search_term_string}\"},\"query-input\":{\"@type\":\"PropertyValueSpecification\",\"valueRequired\":true,\"valueName\":\"search_term_string\"}}],\"inLanguage\":\"ca\"},{\"@type\":\"Organization\",\"@id\":\"https:\/\/www.icip.cat\/ca\/#organization\",\"name\":\"ICIP\",\"url\":\"https:\/\/www.icip.cat\/ca\/\",\"logo\":{\"@type\":\"ImageObject\",\"inLanguage\":\"ca\",\"@id\":\"https:\/\/www.icip.cat\/ca\/#\/schema\/logo\/image\/\",\"url\":\"https:\/\/www.icip.cat\/wp-content\/uploads\/2021\/02\/logo-2.png\",\"contentUrl\":\"https:\/\/www.icip.cat\/wp-content\/uploads\/2021\/02\/logo-2.png\",\"width\":562,\"height\":391,\"caption\":\"ICIP\"},\"image\":{\"@id\":\"https:\/\/www.icip.cat\/ca\/#\/schema\/logo\/image\/\"}},{\"@type\":\"Person\",\"@id\":\"https:\/\/www.icip.cat\/ca\/#\/schema\/person\/e284535162658ee91802f63c00dc616d\",\"name\":\"Chema\",\"image\":{\"@type\":\"ImageObject\",\"inLanguage\":\"ca\",\"@id\":\"https:\/\/www.icip.cat\/ca\/#\/schema\/person\/image\/\",\"url\":\"https:\/\/secure.gravatar.com\/avatar\/22acda3b315ce622eb88469f87a1968bb698bc09085a9de947706166d956f8c8?s=96&d=mm&r=g\",\"contentUrl\":\"https:\/\/secure.gravatar.com\/avatar\/22acda3b315ce622eb88469f87a1968bb698bc09085a9de947706166d956f8c8?s=96&d=mm&r=g\",\"caption\":\"Chema\"},\"url\":\"https:\/\/www.icip.cat\/ca\/author\/chema\/\"}]}<\/script>\n<!-- \/ Yoast SEO plugin. -->","yoast_head_json":{"title":"El ICIP presenta \u2018Mem\u00f2ria Activa\u2019, una metodologia per acompanyar i apoderar dones migrades i refugiades. - ICIP","description":"El llibre \u00e9s fruit de la feina de l'organitzaci\u00f3 Mujer Di\u00e1spora, que acompanya dones migrades i refugiades en processos de sanaci\u00f3.","robots":{"index":"index","follow":"follow","max-snippet":"max-snippet:-1","max-image-preview":"max-image-preview:large","max-video-preview":"max-video-preview:-1"},"canonical":"https:\/\/www.icip.cat\/ca\/el-icip-presenta-memoria-activa-una-metodologia-per-acompanyar-i-apoderar-dones-migrades-i-refugiades\/","og_locale":"ca_ES","og_type":"article","og_title":"El ICIP presenta \u2018Mem\u00f2ria Activa\u2019, una metodologia per acompanyar i apoderar dones migrades i refugiades. - ICIP","og_description":"El llibre \u00e9s fruit de la feina de l'organitzaci\u00f3 Mujer Di\u00e1spora, que acompanya dones migrades i refugiades en processos de sanaci\u00f3.","og_url":"https:\/\/www.icip.cat\/ca\/el-icip-presenta-memoria-activa-una-metodologia-per-acompanyar-i-apoderar-dones-migrades-i-refugiades\/","og_site_name":"ICIP","article_published_time":"2025-04-07T11:22:25+00:00","article_modified_time":"2025-04-07T11:44:14+00:00","og_image":[{"width":2560,"height":1790,"url":"https:\/\/www.icip.cat\/wp-content\/uploads\/2025\/04\/IMG_4176-scaled.jpg","type":"image\/jpeg"}],"author":"Chema","twitter_card":"summary_large_image","twitter_misc":{"Escrit per":"Chema","Temps estimat de lectura":"4 minuts"},"schema":{"@context":"https:\/\/schema.org","@graph":[{"@type":"Article","@id":"https:\/\/www.icip.cat\/ca\/el-icip-presenta-memoria-activa-una-metodologia-per-acompanyar-i-apoderar-dones-migrades-i-refugiades\/#article","isPartOf":{"@id":"https:\/\/www.icip.cat\/ca\/el-icip-presenta-memoria-activa-una-metodologia-per-acompanyar-i-apoderar-dones-migrades-i-refugiades\/"},"author":{"name":"Chema","@id":"https:\/\/www.icip.cat\/ca\/#\/schema\/person\/e284535162658ee91802f63c00dc616d"},"headline":"El ICIP presenta \u2018Mem\u00f2ria Activa\u2019, una metodologia per acompanyar i apoderar dones migrades i refugiades.","datePublished":"2025-04-07T11:22:25+00:00","dateModified":"2025-04-07T11:44:14+00:00","mainEntityOfPage":{"@id":"https:\/\/www.icip.cat\/ca\/el-icip-presenta-memoria-activa-una-metodologia-per-acompanyar-i-apoderar-dones-migrades-i-refugiades\/"},"wordCount":499,"publisher":{"@id":"https:\/\/www.icip.cat\/ca\/#organization"},"image":{"@id":"https:\/\/www.icip.cat\/ca\/el-icip-presenta-memoria-activa-una-metodologia-per-acompanyar-i-apoderar-dones-migrades-i-refugiades\/#primaryimage"},"thumbnailUrl":"https:\/\/www.icip.cat\/wp-content\/uploads\/2025\/04\/IMG_4176-scaled.jpg","inLanguage":"ca"},{"@type":"WebPage","@id":"https:\/\/www.icip.cat\/ca\/el-icip-presenta-memoria-activa-una-metodologia-per-acompanyar-i-apoderar-dones-migrades-i-refugiades\/","url":"https:\/\/www.icip.cat\/ca\/el-icip-presenta-memoria-activa-una-metodologia-per-acompanyar-i-apoderar-dones-migrades-i-refugiades\/","name":"El ICIP presenta \u2018Mem\u00f2ria Activa\u2019, una metodologia per acompanyar i apoderar dones migrades i refugiades. - ICIP","isPartOf":{"@id":"https:\/\/www.icip.cat\/ca\/#website"},"primaryImageOfPage":{"@id":"https:\/\/www.icip.cat\/ca\/el-icip-presenta-memoria-activa-una-metodologia-per-acompanyar-i-apoderar-dones-migrades-i-refugiades\/#primaryimage"},"image":{"@id":"https:\/\/www.icip.cat\/ca\/el-icip-presenta-memoria-activa-una-metodologia-per-acompanyar-i-apoderar-dones-migrades-i-refugiades\/#primaryimage"},"thumbnailUrl":"https:\/\/www.icip.cat\/wp-content\/uploads\/2025\/04\/IMG_4176-scaled.jpg","datePublished":"2025-04-07T11:22:25+00:00","dateModified":"2025-04-07T11:44:14+00:00","description":"El llibre \u00e9s fruit de la feina de l'organitzaci\u00f3 Mujer Di\u00e1spora, que acompanya dones migrades i refugiades en processos de sanaci\u00f3.","inLanguage":"ca","potentialAction":[{"@type":"ReadAction","target":["https:\/\/www.icip.cat\/ca\/el-icip-presenta-memoria-activa-una-metodologia-per-acompanyar-i-apoderar-dones-migrades-i-refugiades\/"]}]},{"@type":"ImageObject","inLanguage":"ca","@id":"https:\/\/www.icip.cat\/ca\/el-icip-presenta-memoria-activa-una-metodologia-per-acompanyar-i-apoderar-dones-migrades-i-refugiades\/#primaryimage","url":"https:\/\/www.icip.cat\/wp-content\/uploads\/2025\/04\/IMG_4176-scaled.jpg","contentUrl":"https:\/\/www.icip.cat\/wp-content\/uploads\/2025\/04\/IMG_4176-scaled.jpg","width":2560,"height":1790},{"@type":"WebSite","@id":"https:\/\/www.icip.cat\/ca\/#website","url":"https:\/\/www.icip.cat\/ca\/","name":"ICIP","description":"","publisher":{"@id":"https:\/\/www.icip.cat\/ca\/#organization"},"potentialAction":[{"@type":"SearchAction","target":{"@type":"EntryPoint","urlTemplate":"https:\/\/www.icip.cat\/ca\/?s={search_term_string}"},"query-input":{"@type":"PropertyValueSpecification","valueRequired":true,"valueName":"search_term_string"}}],"inLanguage":"ca"},{"@type":"Organization","@id":"https:\/\/www.icip.cat\/ca\/#organization","name":"ICIP","url":"https:\/\/www.icip.cat\/ca\/","logo":{"@type":"ImageObject","inLanguage":"ca","@id":"https:\/\/www.icip.cat\/ca\/#\/schema\/logo\/image\/","url":"https:\/\/www.icip.cat\/wp-content\/uploads\/2021\/02\/logo-2.png","contentUrl":"https:\/\/www.icip.cat\/wp-content\/uploads\/2021\/02\/logo-2.png","width":562,"height":391,"caption":"ICIP"},"image":{"@id":"https:\/\/www.icip.cat\/ca\/#\/schema\/logo\/image\/"}},{"@type":"Person","@id":"https:\/\/www.icip.cat\/ca\/#\/schema\/person\/e284535162658ee91802f63c00dc616d","name":"Chema","image":{"@type":"ImageObject","inLanguage":"ca","@id":"https:\/\/www.icip.cat\/ca\/#\/schema\/person\/image\/","url":"https:\/\/secure.gravatar.com\/avatar\/22acda3b315ce622eb88469f87a1968bb698bc09085a9de947706166d956f8c8?s=96&d=mm&r=g","contentUrl":"https:\/\/secure.gravatar.com\/avatar\/22acda3b315ce622eb88469f87a1968bb698bc09085a9de947706166d956f8c8?s=96&d=mm&r=g","caption":"Chema"},"url":"https:\/\/www.icip.cat\/ca\/author\/chema\/"}]}},"_links":{"self":[{"href":"https:\/\/www.icip.cat\/ca\/wp-json\/wp\/v2\/posts\/53515","targetHints":{"allow":["GET"]}}],"collection":[{"href":"https:\/\/www.icip.cat\/ca\/wp-json\/wp\/v2\/posts"}],"about":[{"href":"https:\/\/www.icip.cat\/ca\/wp-json\/wp\/v2\/types\/post"}],"author":[{"embeddable":true,"href":"https:\/\/www.icip.cat\/ca\/wp-json\/wp\/v2\/users\/4"}],"replies":[{"embeddable":true,"href":"https:\/\/www.icip.cat\/ca\/wp-json\/wp\/v2\/comments?post=53515"}],"version-history":[{"count":1,"href":"https:\/\/www.icip.cat\/ca\/wp-json\/wp\/v2\/posts\/53515\/revisions"}],"predecessor-version":[{"id":53517,"href":"https:\/\/www.icip.cat\/ca\/wp-json\/wp\/v2\/posts\/53515\/revisions\/53517"}],"wp:featuredmedia":[{"embeddable":true,"href":"https:\/\/www.icip.cat\/ca\/wp-json\/wp\/v2\/media\/53491"}],"wp:attachment":[{"href":"https:\/\/www.icip.cat\/ca\/wp-json\/wp\/v2\/media?parent=53515"}],"wp:term":[{"taxonomy":"category","embeddable":true,"href":"https:\/\/www.icip.cat\/ca\/wp-json\/wp\/v2\/categories?post=53515"},{"taxonomy":"post_tag","embeddable":true,"href":"https:\/\/www.icip.cat\/ca\/wp-json\/wp\/v2\/tags?post=53515"}],"curies":[{"name":"wp","href":"https:\/\/api.w.org\/{rel}","templated":true}]}}