{"id":61915,"date":"2026-03-30T10:57:45","date_gmt":"2026-03-30T10:57:45","guid":{"rendered":"https:\/\/www.icip.cat\/?p=61915"},"modified":"2026-04-09T10:58:35","modified_gmt":"2026-04-09T10:58:35","slug":"comenca-la-xvi-gira-de-primavera-de-ciutats-defensores-amb-activistes-de-cinc-paisos","status":"publish","type":"post","link":"https:\/\/www.icip.cat\/ca\/comenca-la-xvi-gira-de-primavera-de-ciutats-defensores-amb-activistes-de-cinc-paisos\/","title":{"rendered":"Comen\u00e7a la XVI Gira de Primavera de Ciutats Defensores amb activistes de cinc pa\u00efsos"},"content":{"rendered":"\n<p>La XVI edici\u00f3 de Ciutats Defensores dels Drets Humans arrenca el pr\u00f2xim 13 d&#8217;abril amb la inauguraci\u00f3 de la gira de primavera, que tindr\u00e0 lloc a la seu de l&#8217;\u00c0rea Metropolitana de Barcelona. Fins al 22 d&#8217;abril, cinc persones defensores procedents de M\u00e8xic, Col\u00f2mbia, Palestina, El Salvador i el Kurdistan recorreran diferents municipis catalans per compartir les seves experi\u00e8ncies i denunciar les vulneracions de drets humans que pateixen en els seus territoris.<\/p>\n\n\n\n<p>El projecte, coordinat pel Fons Catal\u00e0 de Cooperaci\u00f3 al Desenvolupament i gestionat per la Comissi\u00f3 Catalana d&#8217;Ajuda al Refugiat, compta amb la participaci\u00f3 de 28 ajuntaments i diverses entitats i institucions catalanes, entre les quals l&#8217;ICIP, que hi dona suport institucional.<\/p>\n\n\n\n<p>Des del 2013, Ciutats Defensores treballa per visibilitzar la tasca de les persones defensores dels drets humans i denunciar la persecuci\u00f3 que pateixen, alhora que contribueix a enfortir les xarxes de protecci\u00f3 i a promoure una ciutadania m\u00e9s conscient i compromesa amb els drets humans.<\/p>\n\n\n\n<p><strong>Veus des de primera l\u00ednia<\/strong><\/p>\n\n\n\n<p>El projecte gira al voltant de l&#8217;estada a Catalunya d&#8217;un grup de defensores i defensors que treballen en contextos de conflicte o alta vulnerabilitat. Durant la seva visita, participen en confer\u00e8ncies, activitats educatives, trobades institucionals i entrevistes amb mitjans de comunicaci\u00f3.<\/p>\n\n\n\n<p>Entre les participants d&#8217;aquesta edici\u00f3 hi ha perfils diversos per\u00f2 amb un element com\u00fa: el comprom\u00eds sostingut amb la defensa dels drets humans en contextos adversos.<\/p>\n\n\n\n<p>En <strong>Jenkidar Shikhdmmar<\/strong>, del Kurdistan, treballa per visibilitzar la situaci\u00f3 del poble kurd i les vulneracions de drets de les minories. <strong>Natali Gonz\u00e1lez Arce<\/strong> aporta des de Col\u00f2mbia una traject\u00f2ria vinculada a la construcci\u00f3 de pau, el feminisme i el treball amb joves en risc d&#8217;exclusi\u00f3.<\/p>\n\n\n\n<p>Tamb\u00e9 hi participar\u00e0 <strong>Zaina Qazzaz, <\/strong>que oferir\u00e0 des de Palestina el testimoni d&#8217;una generaci\u00f3 marcada pel conflicte a Gaza i les dificultats per continuar el seu projecte de vida. <strong>Constantino Rub\u00e9n Moreno M\u00e9ndez<\/strong> compartir\u00e0 la seva experi\u00e8ncia en la defensa dels drets dels pobles ind\u00edgenes i la documentaci\u00f3 de vulneracions de drets humans a Chiapas, M\u00e8xic.<\/p>\n\n\n\n<p><strong>Suport i incid\u00e8ncia des de Catalunya<\/strong><\/p>\n\n\n\n<p>La pres\u00e8ncia d&#8217;aquestes veus a Catalunya no \u00e9s merament simb\u00f2lica. La gira ofereix un espai de protecci\u00f3 temporal i projecci\u00f3 internacional per a persones que sovint treballen en situacions de risc, i alhora facilita l&#8217;intercanvi amb institucions, societat civil i ciutadania.<\/p>\n\n\n\n<p>En aquest sentit, la participaci\u00f3 de l&#8217;ICIP s&#8217;inscriu en el seu comprom\u00eds de promoure la cultura de pau, donar suport a les persones defensores i contribuir a generar narratives que connectin les realitats globals amb el context local.<\/p>\n\n\n\n<p>La gira de primavera donar\u00e0 pas a una segona fase a la tardor, prevista entre el 29 de setembre i el 8 d&#8217;octubre, consolidant un projecte que, m\u00e9s enll\u00e0 de les visites puntuals, busca construir aliances duradores en defensa dels drets humans.<\/p>\n","protected":false},"excerpt":{"rendered":"<p>La XVI edici\u00f3 de Ciutats Defensores dels Drets Humans arrenca el pr\u00f2xim 13 d&#8217;abril amb la inauguraci\u00f3 de la gira de primavera, que tindr\u00e0 lloc a la seu de l&#8217;\u00c0rea Metropolitana de Barcelona. Fins al 22 d&#8217;abril, cinc persones defensores procedents de M\u00e8xic, Col\u00f2mbia, Palestina, El Salvador i el Kurdistan recorreran diferents municipis catalans per [&hellip;]<\/p>\n","protected":false},"author":4,"featured_media":39577,"comment_status":"closed","ping_status":"closed","sticky":false,"template":"","format":"standard","meta":{"_acf_changed":false,"footnotes":""},"categories":[4],"tags":[],"class_list":["post-61915","post","type-post","status-publish","format-standard","has-post-thumbnail","hentry","category-sense-categoria"],"acf":[],"yoast_head":"<!-- This site is optimized with the Yoast SEO plugin v25.6 - https:\/\/yoast.com\/wordpress\/plugins\/seo\/ -->\n<title>Comen\u00e7a la XVI Gira de Primavera de Ciutats Defensores amb activistes de cinc pa\u00efsos - ICIP<\/title>\n<meta name=\"description\" content=\"L&#039;activitat arrenca el 13 d&#039;abril amb la inauguraci\u00f3 de la gira de primavera, que tindr\u00e0 lloc a la seu de l&#039;\u00c0rea Metropolitana de Barcelona.\" \/>\n<meta name=\"robots\" content=\"index, follow, max-snippet:-1, max-image-preview:large, max-video-preview:-1\" \/>\n<link rel=\"canonical\" href=\"https:\/\/www.icip.cat\/ca\/comenca-la-xvi-gira-de-primavera-de-ciutats-defensores-amb-activistes-de-cinc-paisos\/\" \/>\n<meta property=\"og:locale\" content=\"ca_ES\" \/>\n<meta property=\"og:type\" content=\"article\" \/>\n<meta property=\"og:title\" content=\"Comen\u00e7a la XVI Gira de Primavera de Ciutats Defensores amb activistes de cinc pa\u00efsos - ICIP\" \/>\n<meta property=\"og:description\" content=\"L&#039;activitat arrenca el 13 d&#039;abril amb la inauguraci\u00f3 de la gira de primavera, que tindr\u00e0 lloc a la seu de l&#039;\u00c0rea Metropolitana de Barcelona.\" \/>\n<meta property=\"og:url\" content=\"https:\/\/www.icip.cat\/ca\/comenca-la-xvi-gira-de-primavera-de-ciutats-defensores-amb-activistes-de-cinc-paisos\/\" \/>\n<meta property=\"og:site_name\" content=\"ICIP\" \/>\n<meta property=\"article:published_time\" content=\"2026-03-30T10:57:45+00:00\" \/>\n<meta property=\"article:modified_time\" content=\"2026-04-09T10:58:35+00:00\" \/>\n<meta property=\"og:image\" content=\"https:\/\/www.icip.cat\/wp-content\/uploads\/2023\/09\/ciutats-1-e1727681791466.png\" \/>\n\t<meta property=\"og:image:width\" content=\"654\" \/>\n\t<meta property=\"og:image:height\" content=\"421\" \/>\n\t<meta property=\"og:image:type\" content=\"image\/png\" \/>\n<meta name=\"author\" content=\"Chema\" \/>\n<meta name=\"twitter:card\" content=\"summary_large_image\" \/>\n<meta name=\"twitter:label1\" content=\"Escrit per\" \/>\n\t<meta name=\"twitter:data1\" content=\"Chema\" \/>\n\t<meta name=\"twitter:label2\" content=\"Temps estimat de lectura\" \/>\n\t<meta name=\"twitter:data2\" content=\"3 minuts\" \/>\n<script type=\"application\/ld+json\" class=\"yoast-schema-graph\">{\"@context\":\"https:\/\/schema.org\",\"@graph\":[{\"@type\":\"Article\",\"@id\":\"https:\/\/www.icip.cat\/ca\/comenca-la-xvi-gira-de-primavera-de-ciutats-defensores-amb-activistes-de-cinc-paisos\/#article\",\"isPartOf\":{\"@id\":\"https:\/\/www.icip.cat\/ca\/comenca-la-xvi-gira-de-primavera-de-ciutats-defensores-amb-activistes-de-cinc-paisos\/\"},\"author\":{\"name\":\"Chema\",\"@id\":\"https:\/\/www.icip.cat\/ca\/#\/schema\/person\/e284535162658ee91802f63c00dc616d\"},\"headline\":\"Comen\u00e7a la XVI Gira de Primavera de Ciutats Defensores amb activistes de cinc pa\u00efsos\",\"datePublished\":\"2026-03-30T10:57:45+00:00\",\"dateModified\":\"2026-04-09T10:58:35+00:00\",\"mainEntityOfPage\":{\"@id\":\"https:\/\/www.icip.cat\/ca\/comenca-la-xvi-gira-de-primavera-de-ciutats-defensores-amb-activistes-de-cinc-paisos\/\"},\"wordCount\":505,\"publisher\":{\"@id\":\"https:\/\/www.icip.cat\/ca\/#organization\"},\"image\":{\"@id\":\"https:\/\/www.icip.cat\/ca\/comenca-la-xvi-gira-de-primavera-de-ciutats-defensores-amb-activistes-de-cinc-paisos\/#primaryimage\"},\"thumbnailUrl\":\"https:\/\/www.icip.cat\/wp-content\/uploads\/2023\/09\/ciutats-1-e1727681791466.png\",\"inLanguage\":\"ca\"},{\"@type\":\"WebPage\",\"@id\":\"https:\/\/www.icip.cat\/ca\/comenca-la-xvi-gira-de-primavera-de-ciutats-defensores-amb-activistes-de-cinc-paisos\/\",\"url\":\"https:\/\/www.icip.cat\/ca\/comenca-la-xvi-gira-de-primavera-de-ciutats-defensores-amb-activistes-de-cinc-paisos\/\",\"name\":\"Comen\u00e7a la XVI Gira de Primavera de Ciutats Defensores amb activistes de cinc pa\u00efsos - ICIP\",\"isPartOf\":{\"@id\":\"https:\/\/www.icip.cat\/ca\/#website\"},\"primaryImageOfPage\":{\"@id\":\"https:\/\/www.icip.cat\/ca\/comenca-la-xvi-gira-de-primavera-de-ciutats-defensores-amb-activistes-de-cinc-paisos\/#primaryimage\"},\"image\":{\"@id\":\"https:\/\/www.icip.cat\/ca\/comenca-la-xvi-gira-de-primavera-de-ciutats-defensores-amb-activistes-de-cinc-paisos\/#primaryimage\"},\"thumbnailUrl\":\"https:\/\/www.icip.cat\/wp-content\/uploads\/2023\/09\/ciutats-1-e1727681791466.png\",\"datePublished\":\"2026-03-30T10:57:45+00:00\",\"dateModified\":\"2026-04-09T10:58:35+00:00\",\"description\":\"L'activitat arrenca el 13 d'abril amb la inauguraci\u00f3 de la gira de primavera, que tindr\u00e0 lloc a la seu de l'\u00c0rea Metropolitana de Barcelona.\",\"inLanguage\":\"ca\",\"potentialAction\":[{\"@type\":\"ReadAction\",\"target\":[\"https:\/\/www.icip.cat\/ca\/comenca-la-xvi-gira-de-primavera-de-ciutats-defensores-amb-activistes-de-cinc-paisos\/\"]}]},{\"@type\":\"ImageObject\",\"inLanguage\":\"ca\",\"@id\":\"https:\/\/www.icip.cat\/ca\/comenca-la-xvi-gira-de-primavera-de-ciutats-defensores-amb-activistes-de-cinc-paisos\/#primaryimage\",\"url\":\"https:\/\/www.icip.cat\/wp-content\/uploads\/2023\/09\/ciutats-1-e1727681791466.png\",\"contentUrl\":\"https:\/\/www.icip.cat\/wp-content\/uploads\/2023\/09\/ciutats-1-e1727681791466.png\",\"width\":654,\"height\":421},{\"@type\":\"WebSite\",\"@id\":\"https:\/\/www.icip.cat\/ca\/#website\",\"url\":\"https:\/\/www.icip.cat\/ca\/\",\"name\":\"ICIP\",\"description\":\"\",\"publisher\":{\"@id\":\"https:\/\/www.icip.cat\/ca\/#organization\"},\"potentialAction\":[{\"@type\":\"SearchAction\",\"target\":{\"@type\":\"EntryPoint\",\"urlTemplate\":\"https:\/\/www.icip.cat\/ca\/?s={search_term_string}\"},\"query-input\":{\"@type\":\"PropertyValueSpecification\",\"valueRequired\":true,\"valueName\":\"search_term_string\"}}],\"inLanguage\":\"ca\"},{\"@type\":\"Organization\",\"@id\":\"https:\/\/www.icip.cat\/ca\/#organization\",\"name\":\"ICIP\",\"url\":\"https:\/\/www.icip.cat\/ca\/\",\"logo\":{\"@type\":\"ImageObject\",\"inLanguage\":\"ca\",\"@id\":\"https:\/\/www.icip.cat\/ca\/#\/schema\/logo\/image\/\",\"url\":\"https:\/\/www.icip.cat\/wp-content\/uploads\/2021\/02\/logo-2.png\",\"contentUrl\":\"https:\/\/www.icip.cat\/wp-content\/uploads\/2021\/02\/logo-2.png\",\"width\":562,\"height\":391,\"caption\":\"ICIP\"},\"image\":{\"@id\":\"https:\/\/www.icip.cat\/ca\/#\/schema\/logo\/image\/\"}},{\"@type\":\"Person\",\"@id\":\"https:\/\/www.icip.cat\/ca\/#\/schema\/person\/e284535162658ee91802f63c00dc616d\",\"name\":\"Chema\",\"image\":{\"@type\":\"ImageObject\",\"inLanguage\":\"ca\",\"@id\":\"https:\/\/www.icip.cat\/ca\/#\/schema\/person\/image\/\",\"url\":\"https:\/\/secure.gravatar.com\/avatar\/22acda3b315ce622eb88469f87a1968bb698bc09085a9de947706166d956f8c8?s=96&d=mm&r=g\",\"contentUrl\":\"https:\/\/secure.gravatar.com\/avatar\/22acda3b315ce622eb88469f87a1968bb698bc09085a9de947706166d956f8c8?s=96&d=mm&r=g\",\"caption\":\"Chema\"},\"url\":\"https:\/\/www.icip.cat\/ca\/author\/chema\/\"}]}<\/script>\n<!-- \/ Yoast SEO plugin. -->","yoast_head_json":{"title":"Comen\u00e7a la XVI Gira de Primavera de Ciutats Defensores amb activistes de cinc pa\u00efsos - ICIP","description":"L'activitat arrenca el 13 d'abril amb la inauguraci\u00f3 de la gira de primavera, que tindr\u00e0 lloc a la seu de l'\u00c0rea Metropolitana de Barcelona.","robots":{"index":"index","follow":"follow","max-snippet":"max-snippet:-1","max-image-preview":"max-image-preview:large","max-video-preview":"max-video-preview:-1"},"canonical":"https:\/\/www.icip.cat\/ca\/comenca-la-xvi-gira-de-primavera-de-ciutats-defensores-amb-activistes-de-cinc-paisos\/","og_locale":"ca_ES","og_type":"article","og_title":"Comen\u00e7a la XVI Gira de Primavera de Ciutats Defensores amb activistes de cinc pa\u00efsos - ICIP","og_description":"L'activitat arrenca el 13 d'abril amb la inauguraci\u00f3 de la gira de primavera, que tindr\u00e0 lloc a la seu de l'\u00c0rea Metropolitana de Barcelona.","og_url":"https:\/\/www.icip.cat\/ca\/comenca-la-xvi-gira-de-primavera-de-ciutats-defensores-amb-activistes-de-cinc-paisos\/","og_site_name":"ICIP","article_published_time":"2026-03-30T10:57:45+00:00","article_modified_time":"2026-04-09T10:58:35+00:00","og_image":[{"width":654,"height":421,"url":"https:\/\/www.icip.cat\/wp-content\/uploads\/2023\/09\/ciutats-1-e1727681791466.png","type":"image\/png"}],"author":"Chema","twitter_card":"summary_large_image","twitter_misc":{"Escrit per":"Chema","Temps estimat de lectura":"3 minuts"},"schema":{"@context":"https:\/\/schema.org","@graph":[{"@type":"Article","@id":"https:\/\/www.icip.cat\/ca\/comenca-la-xvi-gira-de-primavera-de-ciutats-defensores-amb-activistes-de-cinc-paisos\/#article","isPartOf":{"@id":"https:\/\/www.icip.cat\/ca\/comenca-la-xvi-gira-de-primavera-de-ciutats-defensores-amb-activistes-de-cinc-paisos\/"},"author":{"name":"Chema","@id":"https:\/\/www.icip.cat\/ca\/#\/schema\/person\/e284535162658ee91802f63c00dc616d"},"headline":"Comen\u00e7a la XVI Gira de Primavera de Ciutats Defensores amb activistes de cinc pa\u00efsos","datePublished":"2026-03-30T10:57:45+00:00","dateModified":"2026-04-09T10:58:35+00:00","mainEntityOfPage":{"@id":"https:\/\/www.icip.cat\/ca\/comenca-la-xvi-gira-de-primavera-de-ciutats-defensores-amb-activistes-de-cinc-paisos\/"},"wordCount":505,"publisher":{"@id":"https:\/\/www.icip.cat\/ca\/#organization"},"image":{"@id":"https:\/\/www.icip.cat\/ca\/comenca-la-xvi-gira-de-primavera-de-ciutats-defensores-amb-activistes-de-cinc-paisos\/#primaryimage"},"thumbnailUrl":"https:\/\/www.icip.cat\/wp-content\/uploads\/2023\/09\/ciutats-1-e1727681791466.png","inLanguage":"ca"},{"@type":"WebPage","@id":"https:\/\/www.icip.cat\/ca\/comenca-la-xvi-gira-de-primavera-de-ciutats-defensores-amb-activistes-de-cinc-paisos\/","url":"https:\/\/www.icip.cat\/ca\/comenca-la-xvi-gira-de-primavera-de-ciutats-defensores-amb-activistes-de-cinc-paisos\/","name":"Comen\u00e7a la XVI Gira de Primavera de Ciutats Defensores amb activistes de cinc pa\u00efsos - ICIP","isPartOf":{"@id":"https:\/\/www.icip.cat\/ca\/#website"},"primaryImageOfPage":{"@id":"https:\/\/www.icip.cat\/ca\/comenca-la-xvi-gira-de-primavera-de-ciutats-defensores-amb-activistes-de-cinc-paisos\/#primaryimage"},"image":{"@id":"https:\/\/www.icip.cat\/ca\/comenca-la-xvi-gira-de-primavera-de-ciutats-defensores-amb-activistes-de-cinc-paisos\/#primaryimage"},"thumbnailUrl":"https:\/\/www.icip.cat\/wp-content\/uploads\/2023\/09\/ciutats-1-e1727681791466.png","datePublished":"2026-03-30T10:57:45+00:00","dateModified":"2026-04-09T10:58:35+00:00","description":"L'activitat arrenca el 13 d'abril amb la inauguraci\u00f3 de la gira de primavera, que tindr\u00e0 lloc a la seu de l'\u00c0rea Metropolitana de Barcelona.","inLanguage":"ca","potentialAction":[{"@type":"ReadAction","target":["https:\/\/www.icip.cat\/ca\/comenca-la-xvi-gira-de-primavera-de-ciutats-defensores-amb-activistes-de-cinc-paisos\/"]}]},{"@type":"ImageObject","inLanguage":"ca","@id":"https:\/\/www.icip.cat\/ca\/comenca-la-xvi-gira-de-primavera-de-ciutats-defensores-amb-activistes-de-cinc-paisos\/#primaryimage","url":"https:\/\/www.icip.cat\/wp-content\/uploads\/2023\/09\/ciutats-1-e1727681791466.png","contentUrl":"https:\/\/www.icip.cat\/wp-content\/uploads\/2023\/09\/ciutats-1-e1727681791466.png","width":654,"height":421},{"@type":"WebSite","@id":"https:\/\/www.icip.cat\/ca\/#website","url":"https:\/\/www.icip.cat\/ca\/","name":"ICIP","description":"","publisher":{"@id":"https:\/\/www.icip.cat\/ca\/#organization"},"potentialAction":[{"@type":"SearchAction","target":{"@type":"EntryPoint","urlTemplate":"https:\/\/www.icip.cat\/ca\/?s={search_term_string}"},"query-input":{"@type":"PropertyValueSpecification","valueRequired":true,"valueName":"search_term_string"}}],"inLanguage":"ca"},{"@type":"Organization","@id":"https:\/\/www.icip.cat\/ca\/#organization","name":"ICIP","url":"https:\/\/www.icip.cat\/ca\/","logo":{"@type":"ImageObject","inLanguage":"ca","@id":"https:\/\/www.icip.cat\/ca\/#\/schema\/logo\/image\/","url":"https:\/\/www.icip.cat\/wp-content\/uploads\/2021\/02\/logo-2.png","contentUrl":"https:\/\/www.icip.cat\/wp-content\/uploads\/2021\/02\/logo-2.png","width":562,"height":391,"caption":"ICIP"},"image":{"@id":"https:\/\/www.icip.cat\/ca\/#\/schema\/logo\/image\/"}},{"@type":"Person","@id":"https:\/\/www.icip.cat\/ca\/#\/schema\/person\/e284535162658ee91802f63c00dc616d","name":"Chema","image":{"@type":"ImageObject","inLanguage":"ca","@id":"https:\/\/www.icip.cat\/ca\/#\/schema\/person\/image\/","url":"https:\/\/secure.gravatar.com\/avatar\/22acda3b315ce622eb88469f87a1968bb698bc09085a9de947706166d956f8c8?s=96&d=mm&r=g","contentUrl":"https:\/\/secure.gravatar.com\/avatar\/22acda3b315ce622eb88469f87a1968bb698bc09085a9de947706166d956f8c8?s=96&d=mm&r=g","caption":"Chema"},"url":"https:\/\/www.icip.cat\/ca\/author\/chema\/"}]}},"_links":{"self":[{"href":"https:\/\/www.icip.cat\/ca\/wp-json\/wp\/v2\/posts\/61915","targetHints":{"allow":["GET"]}}],"collection":[{"href":"https:\/\/www.icip.cat\/ca\/wp-json\/wp\/v2\/posts"}],"about":[{"href":"https:\/\/www.icip.cat\/ca\/wp-json\/wp\/v2\/types\/post"}],"author":[{"embeddable":true,"href":"https:\/\/www.icip.cat\/ca\/wp-json\/wp\/v2\/users\/4"}],"replies":[{"embeddable":true,"href":"https:\/\/www.icip.cat\/ca\/wp-json\/wp\/v2\/comments?post=61915"}],"version-history":[{"count":3,"href":"https:\/\/www.icip.cat\/ca\/wp-json\/wp\/v2\/posts\/61915\/revisions"}],"predecessor-version":[{"id":62023,"href":"https:\/\/www.icip.cat\/ca\/wp-json\/wp\/v2\/posts\/61915\/revisions\/62023"}],"wp:featuredmedia":[{"embeddable":true,"href":"https:\/\/www.icip.cat\/ca\/wp-json\/wp\/v2\/media\/39577"}],"wp:attachment":[{"href":"https:\/\/www.icip.cat\/ca\/wp-json\/wp\/v2\/media?parent=61915"}],"wp:term":[{"taxonomy":"category","embeddable":true,"href":"https:\/\/www.icip.cat\/ca\/wp-json\/wp\/v2\/categories?post=61915"},{"taxonomy":"post_tag","embeddable":true,"href":"https:\/\/www.icip.cat\/ca\/wp-json\/wp\/v2\/tags?post=61915"}],"curies":[{"name":"wp","href":"https:\/\/api.w.org\/{rel}","templated":true}]}}