{"id":62286,"date":"2026-04-28T10:41:41","date_gmt":"2026-04-28T10:41:41","guid":{"rendered":"https:\/\/www.icip.cat\/?p=62286"},"modified":"2026-04-28T11:36:53","modified_gmt":"2026-04-28T11:36:53","slug":"un-activista-palesti-i-un-disraelia-reivindiquen-a-barcelona-la-noviolencia-per-construir-un-futur-en-pau-a-palestina","status":"publish","type":"post","link":"https:\/\/www.icip.cat\/ca\/un-activista-palesti-i-un-disraelia-reivindiquen-a-barcelona-la-noviolencia-per-construir-un-futur-en-pau-a-palestina\/","title":{"rendered":"Un activista palest\u00ed i un d\u2019israeli\u00e0 reivindiquen a Barcelona la noviol\u00e8ncia per construir un futur en pau"},"content":{"rendered":"\n<p>El Teatre Llu\u00efsos de Gr\u00e0cia ha acollit aquest dilluns 27 d\u2019abril l\u2019acte <em>\u201c<\/em><strong>Palestins i israelians junts per la pau i contra l\u2019ocupaci\u00f3<\/strong><em>\u201d<\/em>, organitzat per l\u2019ICIP, FundiPau, NOVACT i Llu\u00efsos de Gr\u00e0cia, en el marc del 20\u00e8 aniversari del moviment <a href=\"https:\/\/www.cfpeace.org\/\">Combatants for Peace<\/a>.<\/p>\n\n\n\n<p>La conversa, moderada per la vicepresidenta de FundiPau, <strong>Carme Su\u00f1\u00e9<\/strong>, ha reunit dos membres de l\u2019organitzaci\u00f3: l\u2019israeli\u00e0 <strong>Elik Elhanan<\/strong> i el palest\u00ed <strong>Ahmed Helou<\/strong>, que han compartit les experi\u00e8ncies personals i l\u2019aposta per la resist\u00e8ncia noviolenta com a alternativa al cicle de viol\u00e8ncia i deshumanitzaci\u00f3 marcat per d\u00e8cades de conflicte, l\u2019ocupaci\u00f3 dels territoris palestins i el genocidi a la Franja de Gaza.<\/p>\n\n\n\n<p>Exsoldat d\u2019una unitat especial de l\u2019ex\u00e8rcit israeli\u00e0 i cofundador de Combatants for Peace, Elhanan ha explicat com la mort de la seva germana en un atemptat su\u00efcida de Ham\u00e0s l\u2019any 1997 va transformar profundament la seva mirada sobre el conflicte. \u201c<strong>La revenja no val la pena<\/strong>\u201d, ha afirmat. Enlloc del desig de venjan\u00e7a, despr\u00e9s d\u2019aquell fet Elhanan va decidir desmarcar-se de la viol\u00e8ncia, conven\u00e7ut que <strong>la l\u00f2gica militar i la viol\u00e8ncia exercida per Israel nom\u00e9s alimenta noves formes de viol\u00e8ncia<\/strong> al costat palest\u00ed.<\/p>\n\n\n\n<p>Durant la seva intervenci\u00f3, Elhanan ha defensat la necessitat de trencar la visi\u00f3 \u201cmonol\u00edtica\u201d de l\u2019enemic i crear espais de trobada entre palestins i israelians. \u201c<strong>L\u2019ocupaci\u00f3 \u00e9s la principal font de viol\u00e8ncia a la regi\u00f3<\/strong>\u201d, ha dit, i ha reivindicat la import\u00e0ncia de c<strong>onstruir un espai pol\u00edtic compartit basat en el reconeixement mutu i la igualtat<\/strong>.<\/p>\n\n\n\n<p>Per la seva banda, Ahmed Helou ha explicat com es va unir a Ham\u00e0s amb nom\u00e9s 15 anys per combatre l\u2019ocupaci\u00f3 israeliana i com, despr\u00e9s de passar per la pres\u00f3 i perdre desenes de familiars i amics, va arribar a la conclusi\u00f3 que la viol\u00e8ncia nom\u00e9s perpetua el sofriment. \u201c<strong>La noviol\u00e8ncia \u00e9s el cam\u00ed per aconseguir a llibertat<\/strong>\u201d, ha afirmat.<\/p>\n\n\n\n<p>Helou ha destacat que el contacte directe amb israelians contraris a l\u2019ocupaci\u00f3 va ser clau en la seva transformaci\u00f3 personal, ja que li va permetre deixar de veure l\u2019\u201daltre\u201d \u00fanicament com un enemic. En aquest sentit, va definir Combatants for Peace com \u201cun s\u00edmbol del futur\u201d i una prova que palestins i israelians poden treballar conjuntament per la just\u00edcia, la dignitat i la seguretat d\u2019ambd\u00f3s pobles.<\/p>\n\n\n\n<p>Tots dos activistes han coincidit a assenyalar les<strong> dificultats de defensar posicions noviolentes en el context actual, marcat per la polaritzaci\u00f3, el dolor i la deshumanitzaci\u00f3<\/strong>. Tot i aix\u00f2, han reivindicat la necessitat de continuar construint alternatives basades en el di\u00e0leg i l\u2019empatia davant de les narratives que presenten la viol\u00e8ncia com a inevitable.<\/p>\n\n\n\n<p>L\u2019acte ha concl\u00f2s amb una reivindicaci\u00f3 de la feina de Combatants for Peace, un moviment creat l\u2019any 2006 per excombatents palestins i israelians que van decidir abandonar les armes per treballar conjuntament per una soluci\u00f3 pac\u00edfica al conflicte. L\u2019organitzaci\u00f3 promou accions de resist\u00e8ncia noviolenta, espais de di\u00e0leg i iniciatives de sensibilitzaci\u00f3 tant a Israel i Palestina com a escala internacional, amb l\u2019objectiu de demostrar que \u00e9s possible construir alternatives basades en la just\u00edcia, la igualtat i el reconeixement mutu.<\/p>\n\n\n\n<figure class=\"wp-block-gallery has-nested-images columns-default is-cropped wp-block-gallery-1 is-layout-flex wp-block-gallery-is-layout-flex\">\n<figure class=\"wp-block-image size-large\"><img fetchpriority=\"high\" decoding=\"async\" width=\"1024\" height=\"682\" data-id=\"62290\" src=\"https:\/\/www.icip.cat\/wp-content\/uploads\/2026\/04\/99320e54-ba83-4b7e-a1de-4fbecfe6f51f-1024x682.jpg\" alt=\"\" class=\"wp-image-62290\" srcset=\"https:\/\/www.icip.cat\/wp-content\/uploads\/2026\/04\/99320e54-ba83-4b7e-a1de-4fbecfe6f51f-1024x682.jpg 1024w, https:\/\/www.icip.cat\/wp-content\/uploads\/2026\/04\/99320e54-ba83-4b7e-a1de-4fbecfe6f51f-300x200.jpg 300w, https:\/\/www.icip.cat\/wp-content\/uploads\/2026\/04\/99320e54-ba83-4b7e-a1de-4fbecfe6f51f-768x512.jpg 768w, https:\/\/www.icip.cat\/wp-content\/uploads\/2026\/04\/99320e54-ba83-4b7e-a1de-4fbecfe6f51f-1536x1023.jpg 1536w, https:\/\/www.icip.cat\/wp-content\/uploads\/2026\/04\/99320e54-ba83-4b7e-a1de-4fbecfe6f51f.jpg 1600w\" sizes=\"(max-width: 1024px) 100vw, 1024px\" \/><\/figure>\n\n\n\n<figure class=\"wp-block-image size-large\"><img decoding=\"async\" width=\"1024\" height=\"768\" data-id=\"62302\" src=\"https:\/\/www.icip.cat\/wp-content\/uploads\/2026\/04\/72049076-bdd9-4c52-b4ca-509553a4cabd-1-1024x768.jpg\" alt=\"\" class=\"wp-image-62302\" srcset=\"https:\/\/www.icip.cat\/wp-content\/uploads\/2026\/04\/72049076-bdd9-4c52-b4ca-509553a4cabd-1-1024x768.jpg 1024w, https:\/\/www.icip.cat\/wp-content\/uploads\/2026\/04\/72049076-bdd9-4c52-b4ca-509553a4cabd-1-300x225.jpg 300w, https:\/\/www.icip.cat\/wp-content\/uploads\/2026\/04\/72049076-bdd9-4c52-b4ca-509553a4cabd-1-768x576.jpg 768w, https:\/\/www.icip.cat\/wp-content\/uploads\/2026\/04\/72049076-bdd9-4c52-b4ca-509553a4cabd-1-1536x1152.jpg 1536w, https:\/\/www.icip.cat\/wp-content\/uploads\/2026\/04\/72049076-bdd9-4c52-b4ca-509553a4cabd-1.jpg 2048w\" sizes=\"(max-width: 1024px) 100vw, 1024px\" \/><\/figure>\n\n\n\n<figure class=\"wp-block-image size-large\"><img decoding=\"async\" width=\"1024\" height=\"768\" data-id=\"62305\" src=\"https:\/\/www.icip.cat\/wp-content\/uploads\/2026\/04\/c6f415c5-e25f-48ca-bd35-9f811f98e62a-1024x768.jpg\" alt=\"\" class=\"wp-image-62305\" srcset=\"https:\/\/www.icip.cat\/wp-content\/uploads\/2026\/04\/c6f415c5-e25f-48ca-bd35-9f811f98e62a-1024x768.jpg 1024w, https:\/\/www.icip.cat\/wp-content\/uploads\/2026\/04\/c6f415c5-e25f-48ca-bd35-9f811f98e62a-300x225.jpg 300w, https:\/\/www.icip.cat\/wp-content\/uploads\/2026\/04\/c6f415c5-e25f-48ca-bd35-9f811f98e62a-768x576.jpg 768w, https:\/\/www.icip.cat\/wp-content\/uploads\/2026\/04\/c6f415c5-e25f-48ca-bd35-9f811f98e62a-1536x1152.jpg 1536w, https:\/\/www.icip.cat\/wp-content\/uploads\/2026\/04\/c6f415c5-e25f-48ca-bd35-9f811f98e62a.jpg 1600w\" sizes=\"(max-width: 1024px) 100vw, 1024px\" \/><\/figure>\n<\/figure>\n","protected":false},"excerpt":{"rendered":"<p>El Teatre Llu\u00efsos de Gr\u00e0cia ha acollit aquest dilluns 27 d\u2019abril l\u2019acte \u201cPalestins i israelians junts per la pau i contra l\u2019ocupaci\u00f3\u201d, organitzat per l\u2019ICIP, FundiPau, NOVACT i Llu\u00efsos de Gr\u00e0cia, en el marc del 20\u00e8 aniversari del moviment Combatants for Peace. La conversa, moderada per la vicepresidenta de FundiPau, Carme Su\u00f1\u00e9, ha reunit dos [&hellip;]<\/p>\n","protected":false},"author":2,"featured_media":62290,"comment_status":"closed","ping_status":"closed","sticky":false,"template":"","format":"standard","meta":{"_acf_changed":false,"footnotes":""},"categories":[4],"tags":[],"class_list":["post-62286","post","type-post","status-publish","format-standard","has-post-thumbnail","hentry","category-sense-categoria"],"acf":[],"yoast_head":"<!-- This site is optimized with the Yoast SEO plugin v25.6 - https:\/\/yoast.com\/wordpress\/plugins\/seo\/ -->\n<title>Un activista palest\u00ed i un d\u2019israeli\u00e0 reivindiquen a Barcelona la noviol\u00e8ncia per construir un futur en pau - ICIP<\/title>\n<meta name=\"description\" content=\"Ahmed Helou i Elik Elhanan son membres de Combatants for Peace, organitzaci\u00f3 que reuneix excombatents que defensen la resist\u00e8ncia noviolenta\" \/>\n<meta name=\"robots\" content=\"index, follow, max-snippet:-1, max-image-preview:large, max-video-preview:-1\" \/>\n<link rel=\"canonical\" href=\"https:\/\/www.icip.cat\/ca\/un-activista-palesti-i-un-disraelia-reivindiquen-a-barcelona-la-noviolencia-per-construir-un-futur-en-pau-a-palestina\/\" \/>\n<meta property=\"og:locale\" content=\"ca_ES\" \/>\n<meta property=\"og:type\" content=\"article\" \/>\n<meta property=\"og:title\" content=\"Un activista palest\u00ed i un d\u2019israeli\u00e0 reivindiquen a Barcelona la noviol\u00e8ncia per construir un futur en pau - ICIP\" \/>\n<meta property=\"og:description\" content=\"Ahmed Helou i Elik Elhanan son membres de Combatants for Peace, organitzaci\u00f3 que reuneix excombatents que defensen la resist\u00e8ncia noviolenta\" \/>\n<meta property=\"og:url\" content=\"https:\/\/www.icip.cat\/ca\/un-activista-palesti-i-un-disraelia-reivindiquen-a-barcelona-la-noviolencia-per-construir-un-futur-en-pau-a-palestina\/\" \/>\n<meta property=\"og:site_name\" content=\"ICIP\" \/>\n<meta property=\"article:published_time\" content=\"2026-04-28T10:41:41+00:00\" \/>\n<meta property=\"article:modified_time\" content=\"2026-04-28T11:36:53+00:00\" \/>\n<meta property=\"og:image\" content=\"https:\/\/www.icip.cat\/wp-content\/uploads\/2026\/04\/99320e54-ba83-4b7e-a1de-4fbecfe6f51f.jpg\" \/>\n\t<meta property=\"og:image:width\" content=\"1600\" \/>\n\t<meta property=\"og:image:height\" content=\"1066\" \/>\n\t<meta property=\"og:image:type\" content=\"image\/jpeg\" \/>\n<meta name=\"author\" content=\"Eugenia\" \/>\n<meta name=\"twitter:card\" content=\"summary_large_image\" \/>\n<meta name=\"twitter:label1\" content=\"Escrit per\" \/>\n\t<meta name=\"twitter:data1\" content=\"Eugenia\" \/>\n\t<meta name=\"twitter:label2\" content=\"Temps estimat de lectura\" \/>\n\t<meta name=\"twitter:data2\" content=\"4 minuts\" \/>\n<script type=\"application\/ld+json\" class=\"yoast-schema-graph\">{\"@context\":\"https:\/\/schema.org\",\"@graph\":[{\"@type\":\"Article\",\"@id\":\"https:\/\/www.icip.cat\/ca\/un-activista-palesti-i-un-disraelia-reivindiquen-a-barcelona-la-noviolencia-per-construir-un-futur-en-pau-a-palestina\/#article\",\"isPartOf\":{\"@id\":\"https:\/\/www.icip.cat\/ca\/un-activista-palesti-i-un-disraelia-reivindiquen-a-barcelona-la-noviolencia-per-construir-un-futur-en-pau-a-palestina\/\"},\"author\":{\"name\":\"Eugenia\",\"@id\":\"https:\/\/www.icip.cat\/ca\/#\/schema\/person\/ecaf8460603e6e32c80f3acbf4178fa6\"},\"headline\":\"Un activista palest\u00ed i un d\u2019israeli\u00e0 reivindiquen a Barcelona la noviol\u00e8ncia per construir un futur en pau\",\"datePublished\":\"2026-04-28T10:41:41+00:00\",\"dateModified\":\"2026-04-28T11:36:53+00:00\",\"mainEntityOfPage\":{\"@id\":\"https:\/\/www.icip.cat\/ca\/un-activista-palesti-i-un-disraelia-reivindiquen-a-barcelona-la-noviolencia-per-construir-un-futur-en-pau-a-palestina\/\"},\"wordCount\":578,\"publisher\":{\"@id\":\"https:\/\/www.icip.cat\/ca\/#organization\"},\"image\":{\"@id\":\"https:\/\/www.icip.cat\/ca\/un-activista-palesti-i-un-disraelia-reivindiquen-a-barcelona-la-noviolencia-per-construir-un-futur-en-pau-a-palestina\/#primaryimage\"},\"thumbnailUrl\":\"https:\/\/www.icip.cat\/wp-content\/uploads\/2026\/04\/99320e54-ba83-4b7e-a1de-4fbecfe6f51f.jpg\",\"inLanguage\":\"ca\"},{\"@type\":\"WebPage\",\"@id\":\"https:\/\/www.icip.cat\/ca\/un-activista-palesti-i-un-disraelia-reivindiquen-a-barcelona-la-noviolencia-per-construir-un-futur-en-pau-a-palestina\/\",\"url\":\"https:\/\/www.icip.cat\/ca\/un-activista-palesti-i-un-disraelia-reivindiquen-a-barcelona-la-noviolencia-per-construir-un-futur-en-pau-a-palestina\/\",\"name\":\"Un activista palest\u00ed i un d\u2019israeli\u00e0 reivindiquen a Barcelona la noviol\u00e8ncia per construir un futur en pau - ICIP\",\"isPartOf\":{\"@id\":\"https:\/\/www.icip.cat\/ca\/#website\"},\"primaryImageOfPage\":{\"@id\":\"https:\/\/www.icip.cat\/ca\/un-activista-palesti-i-un-disraelia-reivindiquen-a-barcelona-la-noviolencia-per-construir-un-futur-en-pau-a-palestina\/#primaryimage\"},\"image\":{\"@id\":\"https:\/\/www.icip.cat\/ca\/un-activista-palesti-i-un-disraelia-reivindiquen-a-barcelona-la-noviolencia-per-construir-un-futur-en-pau-a-palestina\/#primaryimage\"},\"thumbnailUrl\":\"https:\/\/www.icip.cat\/wp-content\/uploads\/2026\/04\/99320e54-ba83-4b7e-a1de-4fbecfe6f51f.jpg\",\"datePublished\":\"2026-04-28T10:41:41+00:00\",\"dateModified\":\"2026-04-28T11:36:53+00:00\",\"description\":\"Ahmed Helou i Elik Elhanan son membres de Combatants for Peace, organitzaci\u00f3 que reuneix excombatents que defensen la resist\u00e8ncia noviolenta\",\"inLanguage\":\"ca\",\"potentialAction\":[{\"@type\":\"ReadAction\",\"target\":[\"https:\/\/www.icip.cat\/ca\/un-activista-palesti-i-un-disraelia-reivindiquen-a-barcelona-la-noviolencia-per-construir-un-futur-en-pau-a-palestina\/\"]}]},{\"@type\":\"ImageObject\",\"inLanguage\":\"ca\",\"@id\":\"https:\/\/www.icip.cat\/ca\/un-activista-palesti-i-un-disraelia-reivindiquen-a-barcelona-la-noviolencia-per-construir-un-futur-en-pau-a-palestina\/#primaryimage\",\"url\":\"https:\/\/www.icip.cat\/wp-content\/uploads\/2026\/04\/99320e54-ba83-4b7e-a1de-4fbecfe6f51f.jpg\",\"contentUrl\":\"https:\/\/www.icip.cat\/wp-content\/uploads\/2026\/04\/99320e54-ba83-4b7e-a1de-4fbecfe6f51f.jpg\",\"width\":1600,\"height\":1066},{\"@type\":\"WebSite\",\"@id\":\"https:\/\/www.icip.cat\/ca\/#website\",\"url\":\"https:\/\/www.icip.cat\/ca\/\",\"name\":\"ICIP\",\"description\":\"\",\"publisher\":{\"@id\":\"https:\/\/www.icip.cat\/ca\/#organization\"},\"potentialAction\":[{\"@type\":\"SearchAction\",\"target\":{\"@type\":\"EntryPoint\",\"urlTemplate\":\"https:\/\/www.icip.cat\/ca\/?s={search_term_string}\"},\"query-input\":{\"@type\":\"PropertyValueSpecification\",\"valueRequired\":true,\"valueName\":\"search_term_string\"}}],\"inLanguage\":\"ca\"},{\"@type\":\"Organization\",\"@id\":\"https:\/\/www.icip.cat\/ca\/#organization\",\"name\":\"ICIP\",\"url\":\"https:\/\/www.icip.cat\/ca\/\",\"logo\":{\"@type\":\"ImageObject\",\"inLanguage\":\"ca\",\"@id\":\"https:\/\/www.icip.cat\/ca\/#\/schema\/logo\/image\/\",\"url\":\"https:\/\/www.icip.cat\/wp-content\/uploads\/2021\/02\/logo-2.png\",\"contentUrl\":\"https:\/\/www.icip.cat\/wp-content\/uploads\/2021\/02\/logo-2.png\",\"width\":562,\"height\":391,\"caption\":\"ICIP\"},\"image\":{\"@id\":\"https:\/\/www.icip.cat\/ca\/#\/schema\/logo\/image\/\"}},{\"@type\":\"Person\",\"@id\":\"https:\/\/www.icip.cat\/ca\/#\/schema\/person\/ecaf8460603e6e32c80f3acbf4178fa6\",\"name\":\"Eugenia\",\"image\":{\"@type\":\"ImageObject\",\"inLanguage\":\"ca\",\"@id\":\"https:\/\/www.icip.cat\/ca\/#\/schema\/person\/image\/\",\"url\":\"https:\/\/secure.gravatar.com\/avatar\/d30b42e0caf7d7c3d97196ad2e94636c7bb0cc353a49ec8660d01bc0ff98b480?s=96&d=mm&r=g\",\"contentUrl\":\"https:\/\/secure.gravatar.com\/avatar\/d30b42e0caf7d7c3d97196ad2e94636c7bb0cc353a49ec8660d01bc0ff98b480?s=96&d=mm&r=g\",\"caption\":\"Eugenia\"},\"url\":\"https:\/\/www.icip.cat\/ca\/author\/eugenia\/\"}]}<\/script>\n<!-- \/ Yoast SEO plugin. -->","yoast_head_json":{"title":"Un activista palest\u00ed i un d\u2019israeli\u00e0 reivindiquen a Barcelona la noviol\u00e8ncia per construir un futur en pau - ICIP","description":"Ahmed Helou i Elik Elhanan son membres de Combatants for Peace, organitzaci\u00f3 que reuneix excombatents que defensen la resist\u00e8ncia noviolenta","robots":{"index":"index","follow":"follow","max-snippet":"max-snippet:-1","max-image-preview":"max-image-preview:large","max-video-preview":"max-video-preview:-1"},"canonical":"https:\/\/www.icip.cat\/ca\/un-activista-palesti-i-un-disraelia-reivindiquen-a-barcelona-la-noviolencia-per-construir-un-futur-en-pau-a-palestina\/","og_locale":"ca_ES","og_type":"article","og_title":"Un activista palest\u00ed i un d\u2019israeli\u00e0 reivindiquen a Barcelona la noviol\u00e8ncia per construir un futur en pau - ICIP","og_description":"Ahmed Helou i Elik Elhanan son membres de Combatants for Peace, organitzaci\u00f3 que reuneix excombatents que defensen la resist\u00e8ncia noviolenta","og_url":"https:\/\/www.icip.cat\/ca\/un-activista-palesti-i-un-disraelia-reivindiquen-a-barcelona-la-noviolencia-per-construir-un-futur-en-pau-a-palestina\/","og_site_name":"ICIP","article_published_time":"2026-04-28T10:41:41+00:00","article_modified_time":"2026-04-28T11:36:53+00:00","og_image":[{"width":1600,"height":1066,"url":"https:\/\/www.icip.cat\/wp-content\/uploads\/2026\/04\/99320e54-ba83-4b7e-a1de-4fbecfe6f51f.jpg","type":"image\/jpeg"}],"author":"Eugenia","twitter_card":"summary_large_image","twitter_misc":{"Escrit per":"Eugenia","Temps estimat de lectura":"4 minuts"},"schema":{"@context":"https:\/\/schema.org","@graph":[{"@type":"Article","@id":"https:\/\/www.icip.cat\/ca\/un-activista-palesti-i-un-disraelia-reivindiquen-a-barcelona-la-noviolencia-per-construir-un-futur-en-pau-a-palestina\/#article","isPartOf":{"@id":"https:\/\/www.icip.cat\/ca\/un-activista-palesti-i-un-disraelia-reivindiquen-a-barcelona-la-noviolencia-per-construir-un-futur-en-pau-a-palestina\/"},"author":{"name":"Eugenia","@id":"https:\/\/www.icip.cat\/ca\/#\/schema\/person\/ecaf8460603e6e32c80f3acbf4178fa6"},"headline":"Un activista palest\u00ed i un d\u2019israeli\u00e0 reivindiquen a Barcelona la noviol\u00e8ncia per construir un futur en pau","datePublished":"2026-04-28T10:41:41+00:00","dateModified":"2026-04-28T11:36:53+00:00","mainEntityOfPage":{"@id":"https:\/\/www.icip.cat\/ca\/un-activista-palesti-i-un-disraelia-reivindiquen-a-barcelona-la-noviolencia-per-construir-un-futur-en-pau-a-palestina\/"},"wordCount":578,"publisher":{"@id":"https:\/\/www.icip.cat\/ca\/#organization"},"image":{"@id":"https:\/\/www.icip.cat\/ca\/un-activista-palesti-i-un-disraelia-reivindiquen-a-barcelona-la-noviolencia-per-construir-un-futur-en-pau-a-palestina\/#primaryimage"},"thumbnailUrl":"https:\/\/www.icip.cat\/wp-content\/uploads\/2026\/04\/99320e54-ba83-4b7e-a1de-4fbecfe6f51f.jpg","inLanguage":"ca"},{"@type":"WebPage","@id":"https:\/\/www.icip.cat\/ca\/un-activista-palesti-i-un-disraelia-reivindiquen-a-barcelona-la-noviolencia-per-construir-un-futur-en-pau-a-palestina\/","url":"https:\/\/www.icip.cat\/ca\/un-activista-palesti-i-un-disraelia-reivindiquen-a-barcelona-la-noviolencia-per-construir-un-futur-en-pau-a-palestina\/","name":"Un activista palest\u00ed i un d\u2019israeli\u00e0 reivindiquen a Barcelona la noviol\u00e8ncia per construir un futur en pau - ICIP","isPartOf":{"@id":"https:\/\/www.icip.cat\/ca\/#website"},"primaryImageOfPage":{"@id":"https:\/\/www.icip.cat\/ca\/un-activista-palesti-i-un-disraelia-reivindiquen-a-barcelona-la-noviolencia-per-construir-un-futur-en-pau-a-palestina\/#primaryimage"},"image":{"@id":"https:\/\/www.icip.cat\/ca\/un-activista-palesti-i-un-disraelia-reivindiquen-a-barcelona-la-noviolencia-per-construir-un-futur-en-pau-a-palestina\/#primaryimage"},"thumbnailUrl":"https:\/\/www.icip.cat\/wp-content\/uploads\/2026\/04\/99320e54-ba83-4b7e-a1de-4fbecfe6f51f.jpg","datePublished":"2026-04-28T10:41:41+00:00","dateModified":"2026-04-28T11:36:53+00:00","description":"Ahmed Helou i Elik Elhanan son membres de Combatants for Peace, organitzaci\u00f3 que reuneix excombatents que defensen la resist\u00e8ncia noviolenta","inLanguage":"ca","potentialAction":[{"@type":"ReadAction","target":["https:\/\/www.icip.cat\/ca\/un-activista-palesti-i-un-disraelia-reivindiquen-a-barcelona-la-noviolencia-per-construir-un-futur-en-pau-a-palestina\/"]}]},{"@type":"ImageObject","inLanguage":"ca","@id":"https:\/\/www.icip.cat\/ca\/un-activista-palesti-i-un-disraelia-reivindiquen-a-barcelona-la-noviolencia-per-construir-un-futur-en-pau-a-palestina\/#primaryimage","url":"https:\/\/www.icip.cat\/wp-content\/uploads\/2026\/04\/99320e54-ba83-4b7e-a1de-4fbecfe6f51f.jpg","contentUrl":"https:\/\/www.icip.cat\/wp-content\/uploads\/2026\/04\/99320e54-ba83-4b7e-a1de-4fbecfe6f51f.jpg","width":1600,"height":1066},{"@type":"WebSite","@id":"https:\/\/www.icip.cat\/ca\/#website","url":"https:\/\/www.icip.cat\/ca\/","name":"ICIP","description":"","publisher":{"@id":"https:\/\/www.icip.cat\/ca\/#organization"},"potentialAction":[{"@type":"SearchAction","target":{"@type":"EntryPoint","urlTemplate":"https:\/\/www.icip.cat\/ca\/?s={search_term_string}"},"query-input":{"@type":"PropertyValueSpecification","valueRequired":true,"valueName":"search_term_string"}}],"inLanguage":"ca"},{"@type":"Organization","@id":"https:\/\/www.icip.cat\/ca\/#organization","name":"ICIP","url":"https:\/\/www.icip.cat\/ca\/","logo":{"@type":"ImageObject","inLanguage":"ca","@id":"https:\/\/www.icip.cat\/ca\/#\/schema\/logo\/image\/","url":"https:\/\/www.icip.cat\/wp-content\/uploads\/2021\/02\/logo-2.png","contentUrl":"https:\/\/www.icip.cat\/wp-content\/uploads\/2021\/02\/logo-2.png","width":562,"height":391,"caption":"ICIP"},"image":{"@id":"https:\/\/www.icip.cat\/ca\/#\/schema\/logo\/image\/"}},{"@type":"Person","@id":"https:\/\/www.icip.cat\/ca\/#\/schema\/person\/ecaf8460603e6e32c80f3acbf4178fa6","name":"Eugenia","image":{"@type":"ImageObject","inLanguage":"ca","@id":"https:\/\/www.icip.cat\/ca\/#\/schema\/person\/image\/","url":"https:\/\/secure.gravatar.com\/avatar\/d30b42e0caf7d7c3d97196ad2e94636c7bb0cc353a49ec8660d01bc0ff98b480?s=96&d=mm&r=g","contentUrl":"https:\/\/secure.gravatar.com\/avatar\/d30b42e0caf7d7c3d97196ad2e94636c7bb0cc353a49ec8660d01bc0ff98b480?s=96&d=mm&r=g","caption":"Eugenia"},"url":"https:\/\/www.icip.cat\/ca\/author\/eugenia\/"}]}},"_links":{"self":[{"href":"https:\/\/www.icip.cat\/ca\/wp-json\/wp\/v2\/posts\/62286","targetHints":{"allow":["GET"]}}],"collection":[{"href":"https:\/\/www.icip.cat\/ca\/wp-json\/wp\/v2\/posts"}],"about":[{"href":"https:\/\/www.icip.cat\/ca\/wp-json\/wp\/v2\/types\/post"}],"author":[{"embeddable":true,"href":"https:\/\/www.icip.cat\/ca\/wp-json\/wp\/v2\/users\/2"}],"replies":[{"embeddable":true,"href":"https:\/\/www.icip.cat\/ca\/wp-json\/wp\/v2\/comments?post=62286"}],"version-history":[{"count":7,"href":"https:\/\/www.icip.cat\/ca\/wp-json\/wp\/v2\/posts\/62286\/revisions"}],"predecessor-version":[{"id":62318,"href":"https:\/\/www.icip.cat\/ca\/wp-json\/wp\/v2\/posts\/62286\/revisions\/62318"}],"wp:featuredmedia":[{"embeddable":true,"href":"https:\/\/www.icip.cat\/ca\/wp-json\/wp\/v2\/media\/62290"}],"wp:attachment":[{"href":"https:\/\/www.icip.cat\/ca\/wp-json\/wp\/v2\/media?parent=62286"}],"wp:term":[{"taxonomy":"category","embeddable":true,"href":"https:\/\/www.icip.cat\/ca\/wp-json\/wp\/v2\/categories?post=62286"},{"taxonomy":"post_tag","embeddable":true,"href":"https:\/\/www.icip.cat\/ca\/wp-json\/wp\/v2\/tags?post=62286"}],"curies":[{"name":"wp","href":"https:\/\/api.w.org\/{rel}","templated":true}]}}