{"id":6655,"date":"2018-01-05T08:00:00","date_gmt":"2018-01-05T08:00:00","guid":{"rendered":"http:\/\/www.icip.cat\/anna-bastida-educator-and-member-of-icips-first-governing-board-has-died\/"},"modified":"2018-01-05T08:00:00","modified_gmt":"2018-01-05T08:00:00","slug":"anna-bastida-educator-and-member-of-icips-first-governing-board-has-died","status":"publish","type":"post","link":"https:\/\/www.icip.cat\/en\/anna-bastida-educator-and-member-of-icips-first-governing-board-has-died\/","title":{"rendered":"Anna Bastida, educator and member of ICIP\u2019s first Governing Board has died"},"content":{"rendered":"<p>Anna Bastida (Manresa, 1951), who was a member of the first ICIP Governing Board, in 2008, has died at the age of 67.<br \/>\nProfessor of the Department of Didactics of Social Sciences at the University of Barcelona, she is the author of several studies on education for peace in schools, such as Desaprender la guerra. Una visi\u00f3n cr\u00edtica de la educaci\u00f3n para la paz (1994), Els conflictes armats (2003) and Estat de la q\u00fcesti\u00f3 de l\u2019educaci\u00f3 per a la pau a Catalunya i a la resta de l\u2019Estat espanyol (2009).<br \/>\nThe ICIP Governing Board and team are deeply saddened by her passing and would like to express our appreciation for her valuable contribution in the field of education for peace.<\/p>\n","protected":false},"excerpt":{"rendered":"<p>Professor of the Department of Didactics of Social Sciences at the University of Barcelona and author of several studies on education for peace.<\/p>\n","protected":false},"author":1,"featured_media":6656,"comment_status":"closed","ping_status":"open","sticky":false,"template":"","format":"standard","meta":{"_acf_changed":false,"footnotes":""},"categories":[4],"tags":[],"class_list":["post-6655","post","type-post","status-publish","format-standard","has-post-thumbnail","hentry","category-sense-categoria"],"acf":[],"yoast_head":"<!-- This site is optimized with the Yoast SEO plugin v25.6 - https:\/\/yoast.com\/wordpress\/plugins\/seo\/ -->\n<title>Anna Bastida, educator and member of ICIP\u2019s first Governing Board has died - ICIP<\/title>\n<meta name=\"robots\" content=\"index, follow, max-snippet:-1, max-image-preview:large, max-video-preview:-1\" \/>\n<link rel=\"canonical\" href=\"https:\/\/www.icip.cat\/en\/anna-bastida-educator-and-member-of-icips-first-governing-board-has-died\/\" \/>\n<meta property=\"og:locale\" content=\"en_US\" \/>\n<meta property=\"og:type\" content=\"article\" \/>\n<meta property=\"og:title\" content=\"Anna Bastida, educator and member of ICIP\u2019s first Governing Board has died - ICIP\" \/>\n<meta property=\"og:description\" content=\"Professor of the Department of Didactics of Social Sciences at the University of Barcelona and author of several studies on education for peace.\" \/>\n<meta property=\"og:url\" content=\"https:\/\/www.icip.cat\/en\/anna-bastida-educator-and-member-of-icips-first-governing-board-has-died\/\" \/>\n<meta property=\"og:site_name\" content=\"ICIP\" \/>\n<meta property=\"article:published_time\" content=\"2018-01-05T08:00:00+00:00\" \/>\n<meta property=\"og:image\" content=\"https:\/\/www.icip.cat\/wp-content\/uploads\/2018\/01\/Anna-Bastida-2.jpg_1636844351.jpg\" \/>\n\t<meta property=\"og:image:width\" content=\"190\" \/>\n\t<meta property=\"og:image:height\" content=\"170\" \/>\n\t<meta property=\"og:image:type\" content=\"image\/jpeg\" \/>\n<meta name=\"author\" content=\"whads\" \/>\n<meta name=\"twitter:card\" content=\"summary_large_image\" \/>\n<meta name=\"twitter:label1\" content=\"Written by\" \/>\n\t<meta name=\"twitter:data1\" content=\"whads\" \/>\n\t<meta name=\"twitter:label2\" content=\"Est. reading time\" \/>\n\t<meta name=\"twitter:data2\" content=\"1 minute\" \/>\n<script type=\"application\/ld+json\" class=\"yoast-schema-graph\">{\"@context\":\"https:\/\/schema.org\",\"@graph\":[{\"@type\":\"Article\",\"@id\":\"https:\/\/www.icip.cat\/en\/anna-bastida-educator-and-member-of-icips-first-governing-board-has-died\/#article\",\"isPartOf\":{\"@id\":\"https:\/\/www.icip.cat\/en\/anna-bastida-educator-and-member-of-icips-first-governing-board-has-died\/\"},\"author\":{\"name\":\"whads\",\"@id\":\"https:\/\/www.icip.cat\/ca\/#\/schema\/person\/35404003404833995eee2bb6e3115dc6\"},\"headline\":\"Anna Bastida, educator and member of ICIP\u2019s first Governing Board has died\",\"datePublished\":\"2018-01-05T08:00:00+00:00\",\"mainEntityOfPage\":{\"@id\":\"https:\/\/www.icip.cat\/en\/anna-bastida-educator-and-member-of-icips-first-governing-board-has-died\/\"},\"wordCount\":133,\"publisher\":{\"@id\":\"https:\/\/www.icip.cat\/ca\/#organization\"},\"image\":{\"@id\":\"https:\/\/www.icip.cat\/en\/anna-bastida-educator-and-member-of-icips-first-governing-board-has-died\/#primaryimage\"},\"thumbnailUrl\":\"https:\/\/www.icip.cat\/wp-content\/uploads\/2018\/01\/Anna-Bastida-2.jpg_1636844351.jpg\",\"articleSection\":[\"Sense categoria\"],\"inLanguage\":\"en-US\"},{\"@type\":\"WebPage\",\"@id\":\"https:\/\/www.icip.cat\/en\/anna-bastida-educator-and-member-of-icips-first-governing-board-has-died\/\",\"url\":\"https:\/\/www.icip.cat\/en\/anna-bastida-educator-and-member-of-icips-first-governing-board-has-died\/\",\"name\":\"Anna Bastida, educator and member of ICIP\u2019s first Governing Board has died - ICIP\",\"isPartOf\":{\"@id\":\"https:\/\/www.icip.cat\/ca\/#website\"},\"primaryImageOfPage\":{\"@id\":\"https:\/\/www.icip.cat\/en\/anna-bastida-educator-and-member-of-icips-first-governing-board-has-died\/#primaryimage\"},\"image\":{\"@id\":\"https:\/\/www.icip.cat\/en\/anna-bastida-educator-and-member-of-icips-first-governing-board-has-died\/#primaryimage\"},\"thumbnailUrl\":\"https:\/\/www.icip.cat\/wp-content\/uploads\/2018\/01\/Anna-Bastida-2.jpg_1636844351.jpg\",\"datePublished\":\"2018-01-05T08:00:00+00:00\",\"inLanguage\":\"en-US\",\"potentialAction\":[{\"@type\":\"ReadAction\",\"target\":[\"https:\/\/www.icip.cat\/en\/anna-bastida-educator-and-member-of-icips-first-governing-board-has-died\/\"]}]},{\"@type\":\"ImageObject\",\"inLanguage\":\"en-US\",\"@id\":\"https:\/\/www.icip.cat\/en\/anna-bastida-educator-and-member-of-icips-first-governing-board-has-died\/#primaryimage\",\"url\":\"https:\/\/www.icip.cat\/wp-content\/uploads\/2018\/01\/Anna-Bastida-2.jpg_1636844351.jpg\",\"contentUrl\":\"https:\/\/www.icip.cat\/wp-content\/uploads\/2018\/01\/Anna-Bastida-2.jpg_1636844351.jpg\",\"width\":190,\"height\":170,\"caption\":\"Anna Bastida, educator and member of ICIP\u2019s first Governing Board has died\"},{\"@type\":\"WebSite\",\"@id\":\"https:\/\/www.icip.cat\/ca\/#website\",\"url\":\"https:\/\/www.icip.cat\/ca\/\",\"name\":\"ICIP\",\"description\":\"\",\"publisher\":{\"@id\":\"https:\/\/www.icip.cat\/ca\/#organization\"},\"potentialAction\":[{\"@type\":\"SearchAction\",\"target\":{\"@type\":\"EntryPoint\",\"urlTemplate\":\"https:\/\/www.icip.cat\/ca\/?s={search_term_string}\"},\"query-input\":{\"@type\":\"PropertyValueSpecification\",\"valueRequired\":true,\"valueName\":\"search_term_string\"}}],\"inLanguage\":\"en-US\"},{\"@type\":\"Organization\",\"@id\":\"https:\/\/www.icip.cat\/ca\/#organization\",\"name\":\"ICIP\",\"url\":\"https:\/\/www.icip.cat\/ca\/\",\"logo\":{\"@type\":\"ImageObject\",\"inLanguage\":\"en-US\",\"@id\":\"https:\/\/www.icip.cat\/ca\/#\/schema\/logo\/image\/\",\"url\":\"https:\/\/www.icip.cat\/wp-content\/uploads\/2021\/02\/logo-2.png\",\"contentUrl\":\"https:\/\/www.icip.cat\/wp-content\/uploads\/2021\/02\/logo-2.png\",\"width\":562,\"height\":391,\"caption\":\"ICIP\"},\"image\":{\"@id\":\"https:\/\/www.icip.cat\/ca\/#\/schema\/logo\/image\/\"}},{\"@type\":\"Person\",\"@id\":\"https:\/\/www.icip.cat\/ca\/#\/schema\/person\/35404003404833995eee2bb6e3115dc6\",\"name\":\"whads\",\"image\":{\"@type\":\"ImageObject\",\"inLanguage\":\"en-US\",\"@id\":\"https:\/\/www.icip.cat\/ca\/#\/schema\/person\/image\/\",\"url\":\"https:\/\/secure.gravatar.com\/avatar\/6a92e4ce03d9442c546cc4afecfc51777413608a6d55a7b50040700657b6b30f?s=96&d=mm&r=g\",\"contentUrl\":\"https:\/\/secure.gravatar.com\/avatar\/6a92e4ce03d9442c546cc4afecfc51777413608a6d55a7b50040700657b6b30f?s=96&d=mm&r=g\",\"caption\":\"whads\"},\"sameAs\":[\"http:\/\/www.icip.cat\"],\"url\":\"https:\/\/www.icip.cat\/en\/author\/whads\/\"}]}<\/script>\n<!-- \/ Yoast SEO plugin. -->","yoast_head_json":{"title":"Anna Bastida, educator and member of ICIP\u2019s first Governing Board has died - ICIP","robots":{"index":"index","follow":"follow","max-snippet":"max-snippet:-1","max-image-preview":"max-image-preview:large","max-video-preview":"max-video-preview:-1"},"canonical":"https:\/\/www.icip.cat\/en\/anna-bastida-educator-and-member-of-icips-first-governing-board-has-died\/","og_locale":"en_US","og_type":"article","og_title":"Anna Bastida, educator and member of ICIP\u2019s first Governing Board has died - ICIP","og_description":"Professor of the Department of Didactics of Social Sciences at the University of Barcelona and author of several studies on education for peace.","og_url":"https:\/\/www.icip.cat\/en\/anna-bastida-educator-and-member-of-icips-first-governing-board-has-died\/","og_site_name":"ICIP","article_published_time":"2018-01-05T08:00:00+00:00","og_image":[{"width":190,"height":170,"url":"https:\/\/www.icip.cat\/wp-content\/uploads\/2018\/01\/Anna-Bastida-2.jpg_1636844351.jpg","type":"image\/jpeg"}],"author":"whads","twitter_card":"summary_large_image","twitter_misc":{"Written by":"whads","Est. reading time":"1 minute"},"schema":{"@context":"https:\/\/schema.org","@graph":[{"@type":"Article","@id":"https:\/\/www.icip.cat\/en\/anna-bastida-educator-and-member-of-icips-first-governing-board-has-died\/#article","isPartOf":{"@id":"https:\/\/www.icip.cat\/en\/anna-bastida-educator-and-member-of-icips-first-governing-board-has-died\/"},"author":{"name":"whads","@id":"https:\/\/www.icip.cat\/ca\/#\/schema\/person\/35404003404833995eee2bb6e3115dc6"},"headline":"Anna Bastida, educator and member of ICIP\u2019s first Governing Board has died","datePublished":"2018-01-05T08:00:00+00:00","mainEntityOfPage":{"@id":"https:\/\/www.icip.cat\/en\/anna-bastida-educator-and-member-of-icips-first-governing-board-has-died\/"},"wordCount":133,"publisher":{"@id":"https:\/\/www.icip.cat\/ca\/#organization"},"image":{"@id":"https:\/\/www.icip.cat\/en\/anna-bastida-educator-and-member-of-icips-first-governing-board-has-died\/#primaryimage"},"thumbnailUrl":"https:\/\/www.icip.cat\/wp-content\/uploads\/2018\/01\/Anna-Bastida-2.jpg_1636844351.jpg","articleSection":["Sense categoria"],"inLanguage":"en-US"},{"@type":"WebPage","@id":"https:\/\/www.icip.cat\/en\/anna-bastida-educator-and-member-of-icips-first-governing-board-has-died\/","url":"https:\/\/www.icip.cat\/en\/anna-bastida-educator-and-member-of-icips-first-governing-board-has-died\/","name":"Anna Bastida, educator and member of ICIP\u2019s first Governing Board has died - ICIP","isPartOf":{"@id":"https:\/\/www.icip.cat\/ca\/#website"},"primaryImageOfPage":{"@id":"https:\/\/www.icip.cat\/en\/anna-bastida-educator-and-member-of-icips-first-governing-board-has-died\/#primaryimage"},"image":{"@id":"https:\/\/www.icip.cat\/en\/anna-bastida-educator-and-member-of-icips-first-governing-board-has-died\/#primaryimage"},"thumbnailUrl":"https:\/\/www.icip.cat\/wp-content\/uploads\/2018\/01\/Anna-Bastida-2.jpg_1636844351.jpg","datePublished":"2018-01-05T08:00:00+00:00","inLanguage":"en-US","potentialAction":[{"@type":"ReadAction","target":["https:\/\/www.icip.cat\/en\/anna-bastida-educator-and-member-of-icips-first-governing-board-has-died\/"]}]},{"@type":"ImageObject","inLanguage":"en-US","@id":"https:\/\/www.icip.cat\/en\/anna-bastida-educator-and-member-of-icips-first-governing-board-has-died\/#primaryimage","url":"https:\/\/www.icip.cat\/wp-content\/uploads\/2018\/01\/Anna-Bastida-2.jpg_1636844351.jpg","contentUrl":"https:\/\/www.icip.cat\/wp-content\/uploads\/2018\/01\/Anna-Bastida-2.jpg_1636844351.jpg","width":190,"height":170,"caption":"Anna Bastida, educator and member of ICIP\u2019s first Governing Board has died"},{"@type":"WebSite","@id":"https:\/\/www.icip.cat\/ca\/#website","url":"https:\/\/www.icip.cat\/ca\/","name":"ICIP","description":"","publisher":{"@id":"https:\/\/www.icip.cat\/ca\/#organization"},"potentialAction":[{"@type":"SearchAction","target":{"@type":"EntryPoint","urlTemplate":"https:\/\/www.icip.cat\/ca\/?s={search_term_string}"},"query-input":{"@type":"PropertyValueSpecification","valueRequired":true,"valueName":"search_term_string"}}],"inLanguage":"en-US"},{"@type":"Organization","@id":"https:\/\/www.icip.cat\/ca\/#organization","name":"ICIP","url":"https:\/\/www.icip.cat\/ca\/","logo":{"@type":"ImageObject","inLanguage":"en-US","@id":"https:\/\/www.icip.cat\/ca\/#\/schema\/logo\/image\/","url":"https:\/\/www.icip.cat\/wp-content\/uploads\/2021\/02\/logo-2.png","contentUrl":"https:\/\/www.icip.cat\/wp-content\/uploads\/2021\/02\/logo-2.png","width":562,"height":391,"caption":"ICIP"},"image":{"@id":"https:\/\/www.icip.cat\/ca\/#\/schema\/logo\/image\/"}},{"@type":"Person","@id":"https:\/\/www.icip.cat\/ca\/#\/schema\/person\/35404003404833995eee2bb6e3115dc6","name":"whads","image":{"@type":"ImageObject","inLanguage":"en-US","@id":"https:\/\/www.icip.cat\/ca\/#\/schema\/person\/image\/","url":"https:\/\/secure.gravatar.com\/avatar\/6a92e4ce03d9442c546cc4afecfc51777413608a6d55a7b50040700657b6b30f?s=96&d=mm&r=g","contentUrl":"https:\/\/secure.gravatar.com\/avatar\/6a92e4ce03d9442c546cc4afecfc51777413608a6d55a7b50040700657b6b30f?s=96&d=mm&r=g","caption":"whads"},"sameAs":["http:\/\/www.icip.cat"],"url":"https:\/\/www.icip.cat\/en\/author\/whads\/"}]}},"_links":{"self":[{"href":"https:\/\/www.icip.cat\/en\/wp-json\/wp\/v2\/posts\/6655","targetHints":{"allow":["GET"]}}],"collection":[{"href":"https:\/\/www.icip.cat\/en\/wp-json\/wp\/v2\/posts"}],"about":[{"href":"https:\/\/www.icip.cat\/en\/wp-json\/wp\/v2\/types\/post"}],"author":[{"embeddable":true,"href":"https:\/\/www.icip.cat\/en\/wp-json\/wp\/v2\/users\/1"}],"replies":[{"embeddable":true,"href":"https:\/\/www.icip.cat\/en\/wp-json\/wp\/v2\/comments?post=6655"}],"version-history":[{"count":0,"href":"https:\/\/www.icip.cat\/en\/wp-json\/wp\/v2\/posts\/6655\/revisions"}],"wp:featuredmedia":[{"embeddable":true,"href":"https:\/\/www.icip.cat\/en\/wp-json\/wp\/v2\/media\/6656"}],"wp:attachment":[{"href":"https:\/\/www.icip.cat\/en\/wp-json\/wp\/v2\/media?parent=6655"}],"wp:term":[{"taxonomy":"category","embeddable":true,"href":"https:\/\/www.icip.cat\/en\/wp-json\/wp\/v2\/categories?post=6655"},{"taxonomy":"post_tag","embeddable":true,"href":"https:\/\/www.icip.cat\/en\/wp-json\/wp\/v2\/tags?post=6655"}],"curies":[{"name":"wp","href":"https:\/\/api.w.org\/{rel}","templated":true}]}}