{"id":10457,"date":"2013-09-20T08:31:49","date_gmt":"2013-09-20T08:31:49","guid":{"rendered":"http:\/\/www.icip.cat\/jovan-divjak-premio-icip-constructors-de-pau-2013\/"},"modified":"2022-10-08T08:55:17","modified_gmt":"2022-10-08T08:55:17","slug":"jovan-divjak-premio-icip-constructors-de-pau-2013","status":"publish","type":"post","link":"https:\/\/www.icip.cat\/es\/jovan-divjak-premio-icip-constructors-de-pau-2013\/","title":{"rendered":"Jovan Divjak, Premio ICIP Constructores de Paz 2013"},"content":{"rendered":"<p>El Premio ICIP Constructores de Paz 2013 reconoci\u00f3 el exgeneral bosnio de origen serbio, Jovan Divjak, por \u00absu coraje, como militar, en desobedecer las \u00f3rdenes del Ej\u00e9rcito Popular Yugoslavo y defender Sarajevo durante el asedio de la Guerra de los Balcanes, y posteriormente, por su dilatada tarea c\u00edvica, con diversas iniciativas a favor de las v\u00edctimas de la guerra\u00bb.<\/p>\n<p>La ceremonia de entrega del galard\u00f3n tuvo lugar el 17 de marzo de 2014 en el Parlamento de Catalu\u00f1a. De general a constructor de paz Jovan Divjak naci\u00f3 en Belgrado el a\u00f1o 1937 en el s\u00ed de una familia serbia originaria de la regi\u00f3n bosnia Bosanska Krajina. La primavera de 1992, cuando empez\u00f3 el asedio en Sarajevo, Divjak recibi\u00f3 la orden de Belgrado de salir de la ciudad.<\/p>\n<p>\u00c9l la rehus\u00f3 y abandon\u00f3 el Ej\u00e9rcito Popular Yugoslavo para servir como comandante en el Ej\u00e9rcito de la Rep\u00fablica de Bosnia y Hercegovina, en un acto de desobediencia y de compromiso con los que sufr\u00edan la agresi\u00f3n. Desde esta nueva posici\u00f3n, Divjak supervis\u00f3 y coordin\u00f3 la defensa de Sarajevo &#8211; s\u00edmbolo de la multietnicidad- ante el ataque de las tropas serbias, lideradas por el general Radovan Karadzic. Por esta valerosa actitud se lo conoce como &#8216;el serbio que defendi\u00f3 Sarajevo&#8217;, aunque \u00e9l mismo se define como bosnio nacido en Belgrado, y es considerado un h\u00e9roe nacional en Bosnia. Una vez retirado de la carrera militar, en 1994, Divjak particip\u00f3 en la fundaci\u00f3n de la asociaci\u00f3n OGBH (\u00abLa Educaci\u00f3n construye Bosnia y Hercegovina\u00bb), de la cual es director ejecutivo.<\/p>\n<p>La asociaci\u00f3n trabaja para garantirzar la escolaridad de todos los ni\u00f1os v\u00edctimas de la guerra de Bosnia, independientemente de su etnia, proporcion\u00e1ndolos becas y soporte material. Por su tarea en la asociaci\u00f3n, Divjak ha recibido numerosos reconocimientos locales e internacionales.<\/p>\n<p><\/p>\n\n\n<figure class=\"wp-block-embed is-type-video is-provider-youtube wp-block-embed-youtube wp-embed-aspect-4-3 wp-has-aspect-ratio\"><div class=\"wp-block-embed__wrapper\">\n<iframe title=\"Jovan Divjak, la guerra a Sarajevo, el present i el futur de B\u00f2snia\" width=\"640\" height=\"480\" src=\"https:\/\/www.youtube.com\/embed\/JKMdEzVCXQc?feature=oembed\" frameborder=\"0\" allow=\"accelerometer; autoplay; clipboard-write; encrypted-media; gyroscope; picture-in-picture; web-share\" referrerpolicy=\"strict-origin-when-cross-origin\" allowfullscreen><\/iframe>\n<\/div><\/figure>\n","protected":false},"excerpt":{"rendered":"<p>El guard\u00f3 reconeix el coratge de l&#8217;exgeneral que va defensar Sarajevo durant la Guerra dels Balcans i la seva dilatada tasca c\u00edvica en favor de les v\u00edctimes de la guerra.<\/p>\n","protected":false},"author":1,"featured_media":0,"comment_status":"closed","ping_status":"open","sticky":false,"template":"","format":"standard","meta":{"_acf_changed":false,"footnotes":""},"categories":[5],"tags":[],"class_list":["post-10457","post","type-post","status-publish","format-standard","hentry","category-sin-categorizar"],"acf":[],"yoast_head":"<!-- This site is optimized with the Yoast SEO plugin v25.6 - https:\/\/yoast.com\/wordpress\/plugins\/seo\/ -->\n<title>Jovan Divjak, Premio ICIP Constructores de Paz 2013 - ICIP<\/title>\n<meta name=\"robots\" content=\"index, follow, max-snippet:-1, max-image-preview:large, max-video-preview:-1\" \/>\n<link rel=\"canonical\" href=\"https:\/\/www.icip.cat\/es\/jovan-divjak-premio-icip-constructors-de-pau-2013\/\" \/>\n<meta property=\"og:locale\" content=\"es_ES\" \/>\n<meta property=\"og:type\" content=\"article\" \/>\n<meta property=\"og:title\" content=\"Jovan Divjak, Premio ICIP Constructores de Paz 2013 - ICIP\" \/>\n<meta property=\"og:description\" content=\"El guard\u00f3 reconeix el coratge de l&#039;exgeneral que va defensar Sarajevo durant la Guerra dels Balcans i la seva dilatada tasca c\u00edvica en favor de les v\u00edctimes de la guerra.\" \/>\n<meta property=\"og:url\" content=\"https:\/\/www.icip.cat\/es\/jovan-divjak-premio-icip-constructors-de-pau-2013\/\" \/>\n<meta property=\"og:site_name\" content=\"ICIP\" \/>\n<meta property=\"article:published_time\" content=\"2013-09-20T08:31:49+00:00\" \/>\n<meta property=\"article:modified_time\" content=\"2022-10-08T08:55:17+00:00\" \/>\n<meta name=\"author\" content=\"whads\" \/>\n<meta name=\"twitter:card\" content=\"summary_large_image\" \/>\n<meta name=\"twitter:label1\" content=\"Escrito por\" \/>\n\t<meta name=\"twitter:data1\" content=\"whads\" \/>\n\t<meta name=\"twitter:label2\" content=\"Tiempo de lectura\" \/>\n\t<meta name=\"twitter:data2\" content=\"2 minutos\" \/>\n<script type=\"application\/ld+json\" class=\"yoast-schema-graph\">{\"@context\":\"https:\/\/schema.org\",\"@graph\":[{\"@type\":\"Article\",\"@id\":\"https:\/\/www.icip.cat\/es\/jovan-divjak-premio-icip-constructors-de-pau-2013\/#article\",\"isPartOf\":{\"@id\":\"https:\/\/www.icip.cat\/es\/jovan-divjak-premio-icip-constructors-de-pau-2013\/\"},\"author\":{\"name\":\"whads\",\"@id\":\"https:\/\/www.icip.cat\/ca\/#\/schema\/person\/35404003404833995eee2bb6e3115dc6\"},\"headline\":\"Jovan Divjak, Premio ICIP Constructores de Paz 2013\",\"datePublished\":\"2013-09-20T08:31:49+00:00\",\"dateModified\":\"2022-10-08T08:55:17+00:00\",\"mainEntityOfPage\":{\"@id\":\"https:\/\/www.icip.cat\/es\/jovan-divjak-premio-icip-constructors-de-pau-2013\/\"},\"wordCount\":323,\"publisher\":{\"@id\":\"https:\/\/www.icip.cat\/ca\/#organization\"},\"articleSection\":[\"Sin categorizar\"],\"inLanguage\":\"es\"},{\"@type\":\"WebPage\",\"@id\":\"https:\/\/www.icip.cat\/es\/jovan-divjak-premio-icip-constructors-de-pau-2013\/\",\"url\":\"https:\/\/www.icip.cat\/es\/jovan-divjak-premio-icip-constructors-de-pau-2013\/\",\"name\":\"Jovan Divjak, Premio ICIP Constructores de Paz 2013 - ICIP\",\"isPartOf\":{\"@id\":\"https:\/\/www.icip.cat\/ca\/#website\"},\"datePublished\":\"2013-09-20T08:31:49+00:00\",\"dateModified\":\"2022-10-08T08:55:17+00:00\",\"inLanguage\":\"es\",\"potentialAction\":[{\"@type\":\"ReadAction\",\"target\":[\"https:\/\/www.icip.cat\/es\/jovan-divjak-premio-icip-constructors-de-pau-2013\/\"]}]},{\"@type\":\"WebSite\",\"@id\":\"https:\/\/www.icip.cat\/ca\/#website\",\"url\":\"https:\/\/www.icip.cat\/ca\/\",\"name\":\"ICIP\",\"description\":\"\",\"publisher\":{\"@id\":\"https:\/\/www.icip.cat\/ca\/#organization\"},\"potentialAction\":[{\"@type\":\"SearchAction\",\"target\":{\"@type\":\"EntryPoint\",\"urlTemplate\":\"https:\/\/www.icip.cat\/ca\/?s={search_term_string}\"},\"query-input\":{\"@type\":\"PropertyValueSpecification\",\"valueRequired\":true,\"valueName\":\"search_term_string\"}}],\"inLanguage\":\"es\"},{\"@type\":\"Organization\",\"@id\":\"https:\/\/www.icip.cat\/ca\/#organization\",\"name\":\"ICIP\",\"url\":\"https:\/\/www.icip.cat\/ca\/\",\"logo\":{\"@type\":\"ImageObject\",\"inLanguage\":\"es\",\"@id\":\"https:\/\/www.icip.cat\/ca\/#\/schema\/logo\/image\/\",\"url\":\"https:\/\/www.icip.cat\/wp-content\/uploads\/2021\/02\/logo-2.png\",\"contentUrl\":\"https:\/\/www.icip.cat\/wp-content\/uploads\/2021\/02\/logo-2.png\",\"width\":562,\"height\":391,\"caption\":\"ICIP\"},\"image\":{\"@id\":\"https:\/\/www.icip.cat\/ca\/#\/schema\/logo\/image\/\"}},{\"@type\":\"Person\",\"@id\":\"https:\/\/www.icip.cat\/ca\/#\/schema\/person\/35404003404833995eee2bb6e3115dc6\",\"name\":\"whads\",\"image\":{\"@type\":\"ImageObject\",\"inLanguage\":\"es\",\"@id\":\"https:\/\/www.icip.cat\/ca\/#\/schema\/person\/image\/\",\"url\":\"https:\/\/secure.gravatar.com\/avatar\/6a92e4ce03d9442c546cc4afecfc51777413608a6d55a7b50040700657b6b30f?s=96&d=mm&r=g\",\"contentUrl\":\"https:\/\/secure.gravatar.com\/avatar\/6a92e4ce03d9442c546cc4afecfc51777413608a6d55a7b50040700657b6b30f?s=96&d=mm&r=g\",\"caption\":\"whads\"},\"sameAs\":[\"http:\/\/www.icip.cat\"],\"url\":\"https:\/\/www.icip.cat\/es\/author\/whads\/\"}]}<\/script>\n<!-- \/ Yoast SEO plugin. -->","yoast_head_json":{"title":"Jovan Divjak, Premio ICIP Constructores de Paz 2013 - ICIP","robots":{"index":"index","follow":"follow","max-snippet":"max-snippet:-1","max-image-preview":"max-image-preview:large","max-video-preview":"max-video-preview:-1"},"canonical":"https:\/\/www.icip.cat\/es\/jovan-divjak-premio-icip-constructors-de-pau-2013\/","og_locale":"es_ES","og_type":"article","og_title":"Jovan Divjak, Premio ICIP Constructores de Paz 2013 - ICIP","og_description":"El guard\u00f3 reconeix el coratge de l'exgeneral que va defensar Sarajevo durant la Guerra dels Balcans i la seva dilatada tasca c\u00edvica en favor de les v\u00edctimes de la guerra.","og_url":"https:\/\/www.icip.cat\/es\/jovan-divjak-premio-icip-constructors-de-pau-2013\/","og_site_name":"ICIP","article_published_time":"2013-09-20T08:31:49+00:00","article_modified_time":"2022-10-08T08:55:17+00:00","author":"whads","twitter_card":"summary_large_image","twitter_misc":{"Escrito por":"whads","Tiempo de lectura":"2 minutos"},"schema":{"@context":"https:\/\/schema.org","@graph":[{"@type":"Article","@id":"https:\/\/www.icip.cat\/es\/jovan-divjak-premio-icip-constructors-de-pau-2013\/#article","isPartOf":{"@id":"https:\/\/www.icip.cat\/es\/jovan-divjak-premio-icip-constructors-de-pau-2013\/"},"author":{"name":"whads","@id":"https:\/\/www.icip.cat\/ca\/#\/schema\/person\/35404003404833995eee2bb6e3115dc6"},"headline":"Jovan Divjak, Premio ICIP Constructores de Paz 2013","datePublished":"2013-09-20T08:31:49+00:00","dateModified":"2022-10-08T08:55:17+00:00","mainEntityOfPage":{"@id":"https:\/\/www.icip.cat\/es\/jovan-divjak-premio-icip-constructors-de-pau-2013\/"},"wordCount":323,"publisher":{"@id":"https:\/\/www.icip.cat\/ca\/#organization"},"articleSection":["Sin categorizar"],"inLanguage":"es"},{"@type":"WebPage","@id":"https:\/\/www.icip.cat\/es\/jovan-divjak-premio-icip-constructors-de-pau-2013\/","url":"https:\/\/www.icip.cat\/es\/jovan-divjak-premio-icip-constructors-de-pau-2013\/","name":"Jovan Divjak, Premio ICIP Constructores de Paz 2013 - ICIP","isPartOf":{"@id":"https:\/\/www.icip.cat\/ca\/#website"},"datePublished":"2013-09-20T08:31:49+00:00","dateModified":"2022-10-08T08:55:17+00:00","inLanguage":"es","potentialAction":[{"@type":"ReadAction","target":["https:\/\/www.icip.cat\/es\/jovan-divjak-premio-icip-constructors-de-pau-2013\/"]}]},{"@type":"WebSite","@id":"https:\/\/www.icip.cat\/ca\/#website","url":"https:\/\/www.icip.cat\/ca\/","name":"ICIP","description":"","publisher":{"@id":"https:\/\/www.icip.cat\/ca\/#organization"},"potentialAction":[{"@type":"SearchAction","target":{"@type":"EntryPoint","urlTemplate":"https:\/\/www.icip.cat\/ca\/?s={search_term_string}"},"query-input":{"@type":"PropertyValueSpecification","valueRequired":true,"valueName":"search_term_string"}}],"inLanguage":"es"},{"@type":"Organization","@id":"https:\/\/www.icip.cat\/ca\/#organization","name":"ICIP","url":"https:\/\/www.icip.cat\/ca\/","logo":{"@type":"ImageObject","inLanguage":"es","@id":"https:\/\/www.icip.cat\/ca\/#\/schema\/logo\/image\/","url":"https:\/\/www.icip.cat\/wp-content\/uploads\/2021\/02\/logo-2.png","contentUrl":"https:\/\/www.icip.cat\/wp-content\/uploads\/2021\/02\/logo-2.png","width":562,"height":391,"caption":"ICIP"},"image":{"@id":"https:\/\/www.icip.cat\/ca\/#\/schema\/logo\/image\/"}},{"@type":"Person","@id":"https:\/\/www.icip.cat\/ca\/#\/schema\/person\/35404003404833995eee2bb6e3115dc6","name":"whads","image":{"@type":"ImageObject","inLanguage":"es","@id":"https:\/\/www.icip.cat\/ca\/#\/schema\/person\/image\/","url":"https:\/\/secure.gravatar.com\/avatar\/6a92e4ce03d9442c546cc4afecfc51777413608a6d55a7b50040700657b6b30f?s=96&d=mm&r=g","contentUrl":"https:\/\/secure.gravatar.com\/avatar\/6a92e4ce03d9442c546cc4afecfc51777413608a6d55a7b50040700657b6b30f?s=96&d=mm&r=g","caption":"whads"},"sameAs":["http:\/\/www.icip.cat"],"url":"https:\/\/www.icip.cat\/es\/author\/whads\/"}]}},"_links":{"self":[{"href":"https:\/\/www.icip.cat\/es\/wp-json\/wp\/v2\/posts\/10457","targetHints":{"allow":["GET"]}}],"collection":[{"href":"https:\/\/www.icip.cat\/es\/wp-json\/wp\/v2\/posts"}],"about":[{"href":"https:\/\/www.icip.cat\/es\/wp-json\/wp\/v2\/types\/post"}],"author":[{"embeddable":true,"href":"https:\/\/www.icip.cat\/es\/wp-json\/wp\/v2\/users\/1"}],"replies":[{"embeddable":true,"href":"https:\/\/www.icip.cat\/es\/wp-json\/wp\/v2\/comments?post=10457"}],"version-history":[{"count":8,"href":"https:\/\/www.icip.cat\/es\/wp-json\/wp\/v2\/posts\/10457\/revisions"}],"predecessor-version":[{"id":32613,"href":"https:\/\/www.icip.cat\/es\/wp-json\/wp\/v2\/posts\/10457\/revisions\/32613"}],"wp:attachment":[{"href":"https:\/\/www.icip.cat\/es\/wp-json\/wp\/v2\/media?parent=10457"}],"wp:term":[{"taxonomy":"category","embeddable":true,"href":"https:\/\/www.icip.cat\/es\/wp-json\/wp\/v2\/categories?post=10457"},{"taxonomy":"post_tag","embeddable":true,"href":"https:\/\/www.icip.cat\/es\/wp-json\/wp\/v2\/tags?post=10457"}],"curies":[{"name":"wp","href":"https:\/\/api.w.org\/{rel}","templated":true}]}}