{"id":13883,"date":"2020-10-21T10:39:05","date_gmt":"2020-10-21T10:39:05","guid":{"rendered":"http:\/\/www.icip.cat\/nuevas-convocatorias-abiertas\/"},"modified":"2021-02-10T16:07:00","modified_gmt":"2021-02-10T16:07:00","slug":"nuevas-convocatorias-abiertas","status":"publish","type":"post","link":"https:\/\/www.icip.cat\/es\/nuevas-convocatorias-abiertas\/","title":{"rendered":"Nuevas convocatorias abiertas"},"content":{"rendered":"\n<p><strong>Para la documentaci\u00f3n de espacios de pensamiento cr\u00edtico y para la conceptualizaci\u00f3n y dise\u00f1o de una exposici\u00f3n itinerante.<\/strong><\/p>\n\n\n\n<p>El ICIP ha abierto este mes de diciembre dos convocatorias de contratos de servicios. <\/p>\n\n\n\n<p>La primera convocatoria es para la documentaci\u00f3n de experiencias de espacios para el an\u00e1lisis cr\u00edtico y la sensibilizaci\u00f3n en construcci\u00f3n de paz. Concretamente, el objeto de la contrataci\u00f3n es la realizaci\u00f3n de documentos descriptivos sobre museos de la paz, hotel de entidades y centros y espacios de pensamiento cr\u00edtico sobre paz, violencia y justicia global, a nivel internacional.<\/p>\n\n\n\n<p>El plazo de presentaci\u00f3n de propuestas estar\u00e1 abierto hasta el pr\u00f3ximo 30 de enero de 2021. Las personas o entidades interesadas en participar en la convocatoria deben enviar la documentaci\u00f3n requerida al correo <a href=\"mailto:mfuentes@icip.cat\">mfuentes@icip.cat<\/a> indicando en el asunto \u00abTdR espacios de reflexi\u00f3n cr\u00edtica\u00bb. <\/p>\n\n\n\n<p>La segunda convocatoria es para la conceptualizaci\u00f3n, elaboraci\u00f3n de contenidos y dise\u00f1o de una exposici\u00f3n itinerante relacionada con el \u00e1rea de trabajo \u00abViolencias fuera de contextos b\u00e9licos\u00bb. La muestra debe tener como objetivos 1) explicar, con una visi\u00f3n global y una perspectiva de g\u00e9nero, que m\u00e1s all\u00e1 de las guerras en curso existen otros tipos de situaciones extremamente violentas que condicionan la vida de las personas; 2) reconocer y poner en valor el papel de las personas y los colectivos que construyen paz en situaciones de violencia cr\u00f3nica; 3) estimular la conciencia ciudadana sobre las oportunidades e impacto de las intervenciones de la poblaci\u00f3n en la resoluci\u00f3n de conflictos y construcci\u00f3n de paz, incluso en las situaciones m\u00e1s adversas.<\/p>\n\n\n\n<p>En este caso, el plazo de presentaci\u00f3n de propuestas finaliza el pr\u00f3ximo 15 de febrero de 2021. Las personas o entidades interesadas en participar en la convocatoria deben enviar la documentaci\u00f3n requerida al correo <a href=\"mailto:convocatories@icip.cat\">convocatories@icip.cat<\/a><\/p>\n","protected":false},"excerpt":{"rendered":"<p>Para la documentaci\u00f3n de espacios de pensamiento cr\u00edtico y para la conceptualizaci\u00f3n y dise\u00f1o de una exposici\u00f3n itinerante. El ICIP ha abierto este mes de diciembre dos convocatorias de contratos de servicios. La primera convocatoria es para la documentaci\u00f3n de experiencias de espacios para el an\u00e1lisis cr\u00edtico y la sensibilizaci\u00f3n en construcci\u00f3n de paz. Concretamente, [&hellip;]<\/p>\n","protected":false},"author":1,"featured_media":12056,"comment_status":"open","ping_status":"open","sticky":false,"template":"","format":"standard","meta":{"_acf_changed":false,"footnotes":""},"categories":[5],"tags":[],"class_list":["post-13883","post","type-post","status-publish","format-standard","has-post-thumbnail","hentry","category-sin-categorizar"],"acf":[],"yoast_head":"<!-- This site is optimized with the Yoast SEO plugin v25.6 - https:\/\/yoast.com\/wordpress\/plugins\/seo\/ -->\n<title>Nuevas convocatorias abiertas - ICIP<\/title>\n<meta name=\"robots\" content=\"index, follow, max-snippet:-1, max-image-preview:large, max-video-preview:-1\" \/>\n<link rel=\"canonical\" href=\"https:\/\/www.icip.cat\/es\/nuevas-convocatorias-abiertas\/\" \/>\n<meta property=\"og:locale\" content=\"es_ES\" \/>\n<meta property=\"og:type\" content=\"article\" \/>\n<meta property=\"og:title\" content=\"Nuevas convocatorias abiertas - ICIP\" \/>\n<meta property=\"og:description\" content=\"Para la documentaci\u00f3n de espacios de pensamiento cr\u00edtico y para la conceptualizaci\u00f3n y dise\u00f1o de una exposici\u00f3n itinerante. El ICIP ha abierto este mes de diciembre dos convocatorias de contratos de servicios. La primera convocatoria es para la documentaci\u00f3n de experiencias de espacios para el an\u00e1lisis cr\u00edtico y la sensibilizaci\u00f3n en construcci\u00f3n de paz. Concretamente, [&hellip;]\" \/>\n<meta property=\"og:url\" content=\"https:\/\/www.icip.cat\/es\/nuevas-convocatorias-abiertas\/\" \/>\n<meta property=\"og:site_name\" content=\"ICIP\" \/>\n<meta property=\"article:published_time\" content=\"2020-10-21T10:39:05+00:00\" \/>\n<meta property=\"article:modified_time\" content=\"2021-02-10T16:07:00+00:00\" \/>\n<meta property=\"og:image\" content=\"https:\/\/www.icip.cat\/wp-content\/uploads\/2021\/01\/pexels-fotografierende-1194775-scaled.jpg\" \/>\n\t<meta property=\"og:image:width\" content=\"1707\" \/>\n\t<meta property=\"og:image:height\" content=\"2560\" \/>\n\t<meta property=\"og:image:type\" content=\"image\/jpeg\" \/>\n<meta name=\"author\" content=\"whads\" \/>\n<meta name=\"twitter:card\" content=\"summary_large_image\" \/>\n<meta name=\"twitter:label1\" content=\"Escrito por\" \/>\n\t<meta name=\"twitter:data1\" content=\"whads\" \/>\n\t<meta name=\"twitter:label2\" content=\"Tiempo de lectura\" \/>\n\t<meta name=\"twitter:data2\" content=\"2 minutos\" \/>\n<script type=\"application\/ld+json\" class=\"yoast-schema-graph\">{\"@context\":\"https:\/\/schema.org\",\"@graph\":[{\"@type\":\"Article\",\"@id\":\"https:\/\/www.icip.cat\/es\/nuevas-convocatorias-abiertas\/#article\",\"isPartOf\":{\"@id\":\"https:\/\/www.icip.cat\/es\/nuevas-convocatorias-abiertas\/\"},\"author\":{\"name\":\"whads\",\"@id\":\"https:\/\/www.icip.cat\/ca\/#\/schema\/person\/35404003404833995eee2bb6e3115dc6\"},\"headline\":\"Nuevas convocatorias abiertas\",\"datePublished\":\"2020-10-21T10:39:05+00:00\",\"dateModified\":\"2021-02-10T16:07:00+00:00\",\"mainEntityOfPage\":{\"@id\":\"https:\/\/www.icip.cat\/es\/nuevas-convocatorias-abiertas\/\"},\"wordCount\":321,\"commentCount\":0,\"publisher\":{\"@id\":\"https:\/\/www.icip.cat\/ca\/#organization\"},\"image\":{\"@id\":\"https:\/\/www.icip.cat\/es\/nuevas-convocatorias-abiertas\/#primaryimage\"},\"thumbnailUrl\":\"https:\/\/www.icip.cat\/wp-content\/uploads\/2021\/01\/pexels-fotografierende-1194775-scaled.jpg\",\"articleSection\":[\"Sin categorizar\"],\"inLanguage\":\"es\"},{\"@type\":\"WebPage\",\"@id\":\"https:\/\/www.icip.cat\/es\/nuevas-convocatorias-abiertas\/\",\"url\":\"https:\/\/www.icip.cat\/es\/nuevas-convocatorias-abiertas\/\",\"name\":\"Nuevas convocatorias abiertas - ICIP\",\"isPartOf\":{\"@id\":\"https:\/\/www.icip.cat\/ca\/#website\"},\"primaryImageOfPage\":{\"@id\":\"https:\/\/www.icip.cat\/es\/nuevas-convocatorias-abiertas\/#primaryimage\"},\"image\":{\"@id\":\"https:\/\/www.icip.cat\/es\/nuevas-convocatorias-abiertas\/#primaryimage\"},\"thumbnailUrl\":\"https:\/\/www.icip.cat\/wp-content\/uploads\/2021\/01\/pexels-fotografierende-1194775-scaled.jpg\",\"datePublished\":\"2020-10-21T10:39:05+00:00\",\"dateModified\":\"2021-02-10T16:07:00+00:00\",\"inLanguage\":\"es\",\"potentialAction\":[{\"@type\":\"ReadAction\",\"target\":[\"https:\/\/www.icip.cat\/es\/nuevas-convocatorias-abiertas\/\"]}]},{\"@type\":\"ImageObject\",\"inLanguage\":\"es\",\"@id\":\"https:\/\/www.icip.cat\/es\/nuevas-convocatorias-abiertas\/#primaryimage\",\"url\":\"https:\/\/www.icip.cat\/wp-content\/uploads\/2021\/01\/pexels-fotografierende-1194775-scaled.jpg\",\"contentUrl\":\"https:\/\/www.icip.cat\/wp-content\/uploads\/2021\/01\/pexels-fotografierende-1194775-scaled.jpg\",\"width\":1707,\"height\":2560},{\"@type\":\"WebSite\",\"@id\":\"https:\/\/www.icip.cat\/ca\/#website\",\"url\":\"https:\/\/www.icip.cat\/ca\/\",\"name\":\"ICIP\",\"description\":\"\",\"publisher\":{\"@id\":\"https:\/\/www.icip.cat\/ca\/#organization\"},\"potentialAction\":[{\"@type\":\"SearchAction\",\"target\":{\"@type\":\"EntryPoint\",\"urlTemplate\":\"https:\/\/www.icip.cat\/ca\/?s={search_term_string}\"},\"query-input\":{\"@type\":\"PropertyValueSpecification\",\"valueRequired\":true,\"valueName\":\"search_term_string\"}}],\"inLanguage\":\"es\"},{\"@type\":\"Organization\",\"@id\":\"https:\/\/www.icip.cat\/ca\/#organization\",\"name\":\"ICIP\",\"url\":\"https:\/\/www.icip.cat\/ca\/\",\"logo\":{\"@type\":\"ImageObject\",\"inLanguage\":\"es\",\"@id\":\"https:\/\/www.icip.cat\/ca\/#\/schema\/logo\/image\/\",\"url\":\"https:\/\/www.icip.cat\/wp-content\/uploads\/2021\/02\/logo-2.png\",\"contentUrl\":\"https:\/\/www.icip.cat\/wp-content\/uploads\/2021\/02\/logo-2.png\",\"width\":562,\"height\":391,\"caption\":\"ICIP\"},\"image\":{\"@id\":\"https:\/\/www.icip.cat\/ca\/#\/schema\/logo\/image\/\"}},{\"@type\":\"Person\",\"@id\":\"https:\/\/www.icip.cat\/ca\/#\/schema\/person\/35404003404833995eee2bb6e3115dc6\",\"name\":\"whads\",\"image\":{\"@type\":\"ImageObject\",\"inLanguage\":\"es\",\"@id\":\"https:\/\/www.icip.cat\/ca\/#\/schema\/person\/image\/\",\"url\":\"https:\/\/secure.gravatar.com\/avatar\/6a92e4ce03d9442c546cc4afecfc51777413608a6d55a7b50040700657b6b30f?s=96&d=mm&r=g\",\"contentUrl\":\"https:\/\/secure.gravatar.com\/avatar\/6a92e4ce03d9442c546cc4afecfc51777413608a6d55a7b50040700657b6b30f?s=96&d=mm&r=g\",\"caption\":\"whads\"},\"sameAs\":[\"http:\/\/www.icip.cat\"],\"url\":\"https:\/\/www.icip.cat\/es\/author\/whads\/\"}]}<\/script>\n<!-- \/ Yoast SEO plugin. -->","yoast_head_json":{"title":"Nuevas convocatorias abiertas - ICIP","robots":{"index":"index","follow":"follow","max-snippet":"max-snippet:-1","max-image-preview":"max-image-preview:large","max-video-preview":"max-video-preview:-1"},"canonical":"https:\/\/www.icip.cat\/es\/nuevas-convocatorias-abiertas\/","og_locale":"es_ES","og_type":"article","og_title":"Nuevas convocatorias abiertas - ICIP","og_description":"Para la documentaci\u00f3n de espacios de pensamiento cr\u00edtico y para la conceptualizaci\u00f3n y dise\u00f1o de una exposici\u00f3n itinerante. El ICIP ha abierto este mes de diciembre dos convocatorias de contratos de servicios. La primera convocatoria es para la documentaci\u00f3n de experiencias de espacios para el an\u00e1lisis cr\u00edtico y la sensibilizaci\u00f3n en construcci\u00f3n de paz. Concretamente, [&hellip;]","og_url":"https:\/\/www.icip.cat\/es\/nuevas-convocatorias-abiertas\/","og_site_name":"ICIP","article_published_time":"2020-10-21T10:39:05+00:00","article_modified_time":"2021-02-10T16:07:00+00:00","og_image":[{"width":1707,"height":2560,"url":"https:\/\/www.icip.cat\/wp-content\/uploads\/2021\/01\/pexels-fotografierende-1194775-scaled.jpg","type":"image\/jpeg"}],"author":"whads","twitter_card":"summary_large_image","twitter_misc":{"Escrito por":"whads","Tiempo de lectura":"2 minutos"},"schema":{"@context":"https:\/\/schema.org","@graph":[{"@type":"Article","@id":"https:\/\/www.icip.cat\/es\/nuevas-convocatorias-abiertas\/#article","isPartOf":{"@id":"https:\/\/www.icip.cat\/es\/nuevas-convocatorias-abiertas\/"},"author":{"name":"whads","@id":"https:\/\/www.icip.cat\/ca\/#\/schema\/person\/35404003404833995eee2bb6e3115dc6"},"headline":"Nuevas convocatorias abiertas","datePublished":"2020-10-21T10:39:05+00:00","dateModified":"2021-02-10T16:07:00+00:00","mainEntityOfPage":{"@id":"https:\/\/www.icip.cat\/es\/nuevas-convocatorias-abiertas\/"},"wordCount":321,"commentCount":0,"publisher":{"@id":"https:\/\/www.icip.cat\/ca\/#organization"},"image":{"@id":"https:\/\/www.icip.cat\/es\/nuevas-convocatorias-abiertas\/#primaryimage"},"thumbnailUrl":"https:\/\/www.icip.cat\/wp-content\/uploads\/2021\/01\/pexels-fotografierende-1194775-scaled.jpg","articleSection":["Sin categorizar"],"inLanguage":"es"},{"@type":"WebPage","@id":"https:\/\/www.icip.cat\/es\/nuevas-convocatorias-abiertas\/","url":"https:\/\/www.icip.cat\/es\/nuevas-convocatorias-abiertas\/","name":"Nuevas convocatorias abiertas - ICIP","isPartOf":{"@id":"https:\/\/www.icip.cat\/ca\/#website"},"primaryImageOfPage":{"@id":"https:\/\/www.icip.cat\/es\/nuevas-convocatorias-abiertas\/#primaryimage"},"image":{"@id":"https:\/\/www.icip.cat\/es\/nuevas-convocatorias-abiertas\/#primaryimage"},"thumbnailUrl":"https:\/\/www.icip.cat\/wp-content\/uploads\/2021\/01\/pexels-fotografierende-1194775-scaled.jpg","datePublished":"2020-10-21T10:39:05+00:00","dateModified":"2021-02-10T16:07:00+00:00","inLanguage":"es","potentialAction":[{"@type":"ReadAction","target":["https:\/\/www.icip.cat\/es\/nuevas-convocatorias-abiertas\/"]}]},{"@type":"ImageObject","inLanguage":"es","@id":"https:\/\/www.icip.cat\/es\/nuevas-convocatorias-abiertas\/#primaryimage","url":"https:\/\/www.icip.cat\/wp-content\/uploads\/2021\/01\/pexels-fotografierende-1194775-scaled.jpg","contentUrl":"https:\/\/www.icip.cat\/wp-content\/uploads\/2021\/01\/pexels-fotografierende-1194775-scaled.jpg","width":1707,"height":2560},{"@type":"WebSite","@id":"https:\/\/www.icip.cat\/ca\/#website","url":"https:\/\/www.icip.cat\/ca\/","name":"ICIP","description":"","publisher":{"@id":"https:\/\/www.icip.cat\/ca\/#organization"},"potentialAction":[{"@type":"SearchAction","target":{"@type":"EntryPoint","urlTemplate":"https:\/\/www.icip.cat\/ca\/?s={search_term_string}"},"query-input":{"@type":"PropertyValueSpecification","valueRequired":true,"valueName":"search_term_string"}}],"inLanguage":"es"},{"@type":"Organization","@id":"https:\/\/www.icip.cat\/ca\/#organization","name":"ICIP","url":"https:\/\/www.icip.cat\/ca\/","logo":{"@type":"ImageObject","inLanguage":"es","@id":"https:\/\/www.icip.cat\/ca\/#\/schema\/logo\/image\/","url":"https:\/\/www.icip.cat\/wp-content\/uploads\/2021\/02\/logo-2.png","contentUrl":"https:\/\/www.icip.cat\/wp-content\/uploads\/2021\/02\/logo-2.png","width":562,"height":391,"caption":"ICIP"},"image":{"@id":"https:\/\/www.icip.cat\/ca\/#\/schema\/logo\/image\/"}},{"@type":"Person","@id":"https:\/\/www.icip.cat\/ca\/#\/schema\/person\/35404003404833995eee2bb6e3115dc6","name":"whads","image":{"@type":"ImageObject","inLanguage":"es","@id":"https:\/\/www.icip.cat\/ca\/#\/schema\/person\/image\/","url":"https:\/\/secure.gravatar.com\/avatar\/6a92e4ce03d9442c546cc4afecfc51777413608a6d55a7b50040700657b6b30f?s=96&d=mm&r=g","contentUrl":"https:\/\/secure.gravatar.com\/avatar\/6a92e4ce03d9442c546cc4afecfc51777413608a6d55a7b50040700657b6b30f?s=96&d=mm&r=g","caption":"whads"},"sameAs":["http:\/\/www.icip.cat"],"url":"https:\/\/www.icip.cat\/es\/author\/whads\/"}]}},"_links":{"self":[{"href":"https:\/\/www.icip.cat\/es\/wp-json\/wp\/v2\/posts\/13883","targetHints":{"allow":["GET"]}}],"collection":[{"href":"https:\/\/www.icip.cat\/es\/wp-json\/wp\/v2\/posts"}],"about":[{"href":"https:\/\/www.icip.cat\/es\/wp-json\/wp\/v2\/types\/post"}],"author":[{"embeddable":true,"href":"https:\/\/www.icip.cat\/es\/wp-json\/wp\/v2\/users\/1"}],"replies":[{"embeddable":true,"href":"https:\/\/www.icip.cat\/es\/wp-json\/wp\/v2\/comments?post=13883"}],"version-history":[{"count":7,"href":"https:\/\/www.icip.cat\/es\/wp-json\/wp\/v2\/posts\/13883\/revisions"}],"predecessor-version":[{"id":14037,"href":"https:\/\/www.icip.cat\/es\/wp-json\/wp\/v2\/posts\/13883\/revisions\/14037"}],"wp:featuredmedia":[{"embeddable":true,"href":"https:\/\/www.icip.cat\/es\/wp-json\/wp\/v2\/media\/12056"}],"wp:attachment":[{"href":"https:\/\/www.icip.cat\/es\/wp-json\/wp\/v2\/media?parent=13883"}],"wp:term":[{"taxonomy":"category","embeddable":true,"href":"https:\/\/www.icip.cat\/es\/wp-json\/wp\/v2\/categories?post=13883"},{"taxonomy":"post_tag","embeddable":true,"href":"https:\/\/www.icip.cat\/es\/wp-json\/wp\/v2\/tags?post=13883"}],"curies":[{"name":"wp","href":"https:\/\/api.w.org\/{rel}","templated":true}]}}