{"id":16480,"date":"2018-02-10T17:13:20","date_gmt":"2018-02-10T17:13:20","guid":{"rendered":"http:\/\/www.icip.cat\/alumnos-del-ins-lauro-y-la-oficina-joven-del-garraf-ganan-la-segunda-edicion-del-concurso-de-hip-hop-por-la-pau\/"},"modified":"2021-02-12T11:43:34","modified_gmt":"2021-02-12T11:43:34","slug":"alumnos-del-ins-lauro-y-la-oficina-joven-del-garraf-ganan-la-segunda-edicion-del-concurso-de-hip-hop-por-la-pau","status":"publish","type":"post","link":"https:\/\/www.icip.cat\/es\/alumnos-del-ins-lauro-y-la-oficina-joven-del-garraf-ganan-la-segunda-edicion-del-concurso-de-hip-hop-por-la-pau\/","title":{"rendered":"Alumnos del INS Lauro y la Oficina Joven del Garraf ganan la segunda edici\u00f3n del Concurso de Hip hop por la Pau"},"content":{"rendered":"<p>El jurado de la segunda edici\u00f3n del Concurso ICIP de Hip hop por la Pau ha hecho p\u00fablico su veredicto despu\u00e9s de visualizar la totalidad de obras presentadas.<\/p>\n<p><strong>Modalidad 1<\/strong> (dirigida a estudiantes de secundaria, bachillerato y formaci\u00f3n profesional):<\/p>\n<p>&#8211; Primer premio para los alumnos del INS Lauro de Les Franqueses del Vall\u00e8s para el videoclip <a href=\"https:\/\/www.youtube.com\/watch?v=0xmxSFpBNBU&amp;index=4&amp;list=PLnRJUy9WU-3AK9S-CCRjBaCLNhONNWnxm\">\u00abRequiem for a dream\u00bb<\/a>.<br \/>\n&#8211; Segundo premio para los alumnos del INS Hug Roger III de Sort para el videoclip <a href=\"https:\/\/www.youtube.com\/watch?v=x6GLLjDOpN0&amp;index=6&amp;list=PLnRJUy9WU-3AK9S-CCRjBaCLNhONNWnxm\">\u00abNada a decir, mucho para criticar\u00bb<\/a>.<br \/>\n&#8211; Menci\u00f3n especial en el Instituto Escuela El Tilo de Barcelona para el videoclip <a href=\"https:\/\/www.youtube.com\/watch?v=qmWCNYKt0NE&amp;list=PLnRJUy9WU-3AK9S-CCRjBaCLNhONNWnxm&amp;index=5\">\u00abEl Rap del Tilo\u00bb<\/a>, por el elogio a la diversidad y el trabajo de cohesi\u00f3n de grupo.<\/p>\n<p><strong>Modalidad 2<\/strong>(dirigida a j\u00f3venes de entre 12 y 25 a\u00f1os vinculados a una entidad):<\/p>\n<p>&#8211; Primer premio para la Oficina Joven del Garraf para el videoclip <a href=\"https:\/\/www.youtube.com\/watch?v=TzY9ZrW_BXw&amp;index=3&amp;list=PLnRJUy9WU-3AK9S-CCRjBaCLNhONNWnxm\">\u00abGritando al mundo\u00bb<\/a>.<br \/>\n&#8211; Segundo premio para la Fundaci\u00f3n Servicio Gerundense de Pedagog\u00eda para el videoclip \u00ab\u00bfDe qu\u00e9 lado est\u00e1s?\u00bb.<br \/>\n&#8211; Menci\u00f3n especial al Consejo Comarcal del Alt Empord\u00e0 para videoclip <a href=\"https:\/\/www.youtube.com\/watch?v=QAO5KAZU218&amp;list=PLnRJUy9WU-3AK9S-CCRjBaCLNhONNWnxm&amp;index=1\">\u00abBarreras cut\u00e1neas\u00bb<\/a> por su calidad y excelencia t\u00e9cnica.<\/p>\n<p>El Concurso ICIP de Hip-hop por la Paz tiene como objetivo dar visibilidad al compromiso y la creatividad de los j\u00f3venes en el \u00e1mbito de la cultura de paz. El certamen cuenta con el apoyo del Departamento de Ense\u00f1anza y de la Direcci\u00f3n General de Juventud de la Generalitat de Catalu\u00f1a.<\/p>\n","protected":false},"excerpt":{"rendered":"<p>Entre los galardonados tambi\u00e9n hay alumnos del INS Hug Roger III, el Instituto Escuela El Tilo, la Fundaci\u00f3n Servicio Gerundense de Pedagog\u00eda y el Consejo Comarcal del Alt Empord\u00e0<\/p>\n","protected":false},"author":1,"featured_media":0,"comment_status":"closed","ping_status":"open","sticky":false,"template":"","format":"standard","meta":{"_acf_changed":false,"footnotes":""},"categories":[5],"tags":[],"class_list":["post-16480","post","type-post","status-publish","format-standard","hentry","category-sin-categorizar"],"acf":[],"yoast_head":"<!-- This site is optimized with the Yoast SEO plugin v25.6 - https:\/\/yoast.com\/wordpress\/plugins\/seo\/ -->\n<title>Alumnos del INS Lauro y la Oficina Joven del Garraf ganan la segunda edici\u00f3n del Concurso de Hip hop por la Pau - ICIP<\/title>\n<meta name=\"robots\" content=\"index, follow, max-snippet:-1, max-image-preview:large, max-video-preview:-1\" \/>\n<link rel=\"canonical\" href=\"https:\/\/www.icip.cat\/es\/alumnos-del-ins-lauro-y-la-oficina-joven-del-garraf-ganan-la-segunda-edicion-del-concurso-de-hip-hop-por-la-pau\/\" \/>\n<meta property=\"og:locale\" content=\"es_ES\" \/>\n<meta property=\"og:type\" content=\"article\" \/>\n<meta property=\"og:title\" content=\"Alumnos del INS Lauro y la Oficina Joven del Garraf ganan la segunda edici\u00f3n del Concurso de Hip hop por la Pau - ICIP\" \/>\n<meta property=\"og:description\" content=\"Entre los galardonados tambi\u00e9n hay alumnos del INS Hug Roger III, el Instituto Escuela El Tilo, la Fundaci\u00f3n Servicio Gerundense de Pedagog\u00eda y el Consejo Comarcal del Alt Empord\u00e0\" \/>\n<meta property=\"og:url\" content=\"https:\/\/www.icip.cat\/es\/alumnos-del-ins-lauro-y-la-oficina-joven-del-garraf-ganan-la-segunda-edicion-del-concurso-de-hip-hop-por-la-pau\/\" \/>\n<meta property=\"og:site_name\" content=\"ICIP\" \/>\n<meta property=\"article:published_time\" content=\"2018-02-10T17:13:20+00:00\" \/>\n<meta property=\"article:modified_time\" content=\"2021-02-12T11:43:34+00:00\" \/>\n<meta name=\"author\" content=\"whads\" \/>\n<meta name=\"twitter:card\" content=\"summary_large_image\" \/>\n<meta name=\"twitter:label1\" content=\"Escrito por\" \/>\n\t<meta name=\"twitter:data1\" content=\"whads\" \/>\n\t<meta name=\"twitter:label2\" content=\"Tiempo de lectura\" \/>\n\t<meta name=\"twitter:data2\" content=\"1 minuto\" \/>\n<script type=\"application\/ld+json\" class=\"yoast-schema-graph\">{\"@context\":\"https:\/\/schema.org\",\"@graph\":[{\"@type\":\"Article\",\"@id\":\"https:\/\/www.icip.cat\/es\/alumnos-del-ins-lauro-y-la-oficina-joven-del-garraf-ganan-la-segunda-edicion-del-concurso-de-hip-hop-por-la-pau\/#article\",\"isPartOf\":{\"@id\":\"https:\/\/www.icip.cat\/es\/alumnos-del-ins-lauro-y-la-oficina-joven-del-garraf-ganan-la-segunda-edicion-del-concurso-de-hip-hop-por-la-pau\/\"},\"author\":{\"name\":\"whads\",\"@id\":\"https:\/\/www.icip.cat\/ca\/#\/schema\/person\/35404003404833995eee2bb6e3115dc6\"},\"headline\":\"Alumnos del INS Lauro y la Oficina Joven del Garraf ganan la segunda edici\u00f3n del Concurso de Hip hop por la Pau\",\"datePublished\":\"2018-02-10T17:13:20+00:00\",\"dateModified\":\"2021-02-12T11:43:34+00:00\",\"mainEntityOfPage\":{\"@id\":\"https:\/\/www.icip.cat\/es\/alumnos-del-ins-lauro-y-la-oficina-joven-del-garraf-ganan-la-segunda-edicion-del-concurso-de-hip-hop-por-la-pau\/\"},\"wordCount\":268,\"publisher\":{\"@id\":\"https:\/\/www.icip.cat\/ca\/#organization\"},\"articleSection\":[\"Sin categorizar\"],\"inLanguage\":\"es\"},{\"@type\":\"WebPage\",\"@id\":\"https:\/\/www.icip.cat\/es\/alumnos-del-ins-lauro-y-la-oficina-joven-del-garraf-ganan-la-segunda-edicion-del-concurso-de-hip-hop-por-la-pau\/\",\"url\":\"https:\/\/www.icip.cat\/es\/alumnos-del-ins-lauro-y-la-oficina-joven-del-garraf-ganan-la-segunda-edicion-del-concurso-de-hip-hop-por-la-pau\/\",\"name\":\"Alumnos del INS Lauro y la Oficina Joven del Garraf ganan la segunda edici\u00f3n del Concurso de Hip hop por la Pau - ICIP\",\"isPartOf\":{\"@id\":\"https:\/\/www.icip.cat\/ca\/#website\"},\"datePublished\":\"2018-02-10T17:13:20+00:00\",\"dateModified\":\"2021-02-12T11:43:34+00:00\",\"inLanguage\":\"es\",\"potentialAction\":[{\"@type\":\"ReadAction\",\"target\":[\"https:\/\/www.icip.cat\/es\/alumnos-del-ins-lauro-y-la-oficina-joven-del-garraf-ganan-la-segunda-edicion-del-concurso-de-hip-hop-por-la-pau\/\"]}]},{\"@type\":\"WebSite\",\"@id\":\"https:\/\/www.icip.cat\/ca\/#website\",\"url\":\"https:\/\/www.icip.cat\/ca\/\",\"name\":\"ICIP\",\"description\":\"\",\"publisher\":{\"@id\":\"https:\/\/www.icip.cat\/ca\/#organization\"},\"potentialAction\":[{\"@type\":\"SearchAction\",\"target\":{\"@type\":\"EntryPoint\",\"urlTemplate\":\"https:\/\/www.icip.cat\/ca\/?s={search_term_string}\"},\"query-input\":{\"@type\":\"PropertyValueSpecification\",\"valueRequired\":true,\"valueName\":\"search_term_string\"}}],\"inLanguage\":\"es\"},{\"@type\":\"Organization\",\"@id\":\"https:\/\/www.icip.cat\/ca\/#organization\",\"name\":\"ICIP\",\"url\":\"https:\/\/www.icip.cat\/ca\/\",\"logo\":{\"@type\":\"ImageObject\",\"inLanguage\":\"es\",\"@id\":\"https:\/\/www.icip.cat\/ca\/#\/schema\/logo\/image\/\",\"url\":\"https:\/\/www.icip.cat\/wp-content\/uploads\/2021\/02\/logo-2.png\",\"contentUrl\":\"https:\/\/www.icip.cat\/wp-content\/uploads\/2021\/02\/logo-2.png\",\"width\":562,\"height\":391,\"caption\":\"ICIP\"},\"image\":{\"@id\":\"https:\/\/www.icip.cat\/ca\/#\/schema\/logo\/image\/\"}},{\"@type\":\"Person\",\"@id\":\"https:\/\/www.icip.cat\/ca\/#\/schema\/person\/35404003404833995eee2bb6e3115dc6\",\"name\":\"whads\",\"image\":{\"@type\":\"ImageObject\",\"inLanguage\":\"es\",\"@id\":\"https:\/\/www.icip.cat\/ca\/#\/schema\/person\/image\/\",\"url\":\"https:\/\/secure.gravatar.com\/avatar\/6a92e4ce03d9442c546cc4afecfc51777413608a6d55a7b50040700657b6b30f?s=96&d=mm&r=g\",\"contentUrl\":\"https:\/\/secure.gravatar.com\/avatar\/6a92e4ce03d9442c546cc4afecfc51777413608a6d55a7b50040700657b6b30f?s=96&d=mm&r=g\",\"caption\":\"whads\"},\"sameAs\":[\"http:\/\/www.icip.cat\"],\"url\":\"https:\/\/www.icip.cat\/es\/author\/whads\/\"}]}<\/script>\n<!-- \/ Yoast SEO plugin. -->","yoast_head_json":{"title":"Alumnos del INS Lauro y la Oficina Joven del Garraf ganan la segunda edici\u00f3n del Concurso de Hip hop por la Pau - ICIP","robots":{"index":"index","follow":"follow","max-snippet":"max-snippet:-1","max-image-preview":"max-image-preview:large","max-video-preview":"max-video-preview:-1"},"canonical":"https:\/\/www.icip.cat\/es\/alumnos-del-ins-lauro-y-la-oficina-joven-del-garraf-ganan-la-segunda-edicion-del-concurso-de-hip-hop-por-la-pau\/","og_locale":"es_ES","og_type":"article","og_title":"Alumnos del INS Lauro y la Oficina Joven del Garraf ganan la segunda edici\u00f3n del Concurso de Hip hop por la Pau - ICIP","og_description":"Entre los galardonados tambi\u00e9n hay alumnos del INS Hug Roger III, el Instituto Escuela El Tilo, la Fundaci\u00f3n Servicio Gerundense de Pedagog\u00eda y el Consejo Comarcal del Alt Empord\u00e0","og_url":"https:\/\/www.icip.cat\/es\/alumnos-del-ins-lauro-y-la-oficina-joven-del-garraf-ganan-la-segunda-edicion-del-concurso-de-hip-hop-por-la-pau\/","og_site_name":"ICIP","article_published_time":"2018-02-10T17:13:20+00:00","article_modified_time":"2021-02-12T11:43:34+00:00","author":"whads","twitter_card":"summary_large_image","twitter_misc":{"Escrito por":"whads","Tiempo de lectura":"1 minuto"},"schema":{"@context":"https:\/\/schema.org","@graph":[{"@type":"Article","@id":"https:\/\/www.icip.cat\/es\/alumnos-del-ins-lauro-y-la-oficina-joven-del-garraf-ganan-la-segunda-edicion-del-concurso-de-hip-hop-por-la-pau\/#article","isPartOf":{"@id":"https:\/\/www.icip.cat\/es\/alumnos-del-ins-lauro-y-la-oficina-joven-del-garraf-ganan-la-segunda-edicion-del-concurso-de-hip-hop-por-la-pau\/"},"author":{"name":"whads","@id":"https:\/\/www.icip.cat\/ca\/#\/schema\/person\/35404003404833995eee2bb6e3115dc6"},"headline":"Alumnos del INS Lauro y la Oficina Joven del Garraf ganan la segunda edici\u00f3n del Concurso de Hip hop por la Pau","datePublished":"2018-02-10T17:13:20+00:00","dateModified":"2021-02-12T11:43:34+00:00","mainEntityOfPage":{"@id":"https:\/\/www.icip.cat\/es\/alumnos-del-ins-lauro-y-la-oficina-joven-del-garraf-ganan-la-segunda-edicion-del-concurso-de-hip-hop-por-la-pau\/"},"wordCount":268,"publisher":{"@id":"https:\/\/www.icip.cat\/ca\/#organization"},"articleSection":["Sin categorizar"],"inLanguage":"es"},{"@type":"WebPage","@id":"https:\/\/www.icip.cat\/es\/alumnos-del-ins-lauro-y-la-oficina-joven-del-garraf-ganan-la-segunda-edicion-del-concurso-de-hip-hop-por-la-pau\/","url":"https:\/\/www.icip.cat\/es\/alumnos-del-ins-lauro-y-la-oficina-joven-del-garraf-ganan-la-segunda-edicion-del-concurso-de-hip-hop-por-la-pau\/","name":"Alumnos del INS Lauro y la Oficina Joven del Garraf ganan la segunda edici\u00f3n del Concurso de Hip hop por la Pau - ICIP","isPartOf":{"@id":"https:\/\/www.icip.cat\/ca\/#website"},"datePublished":"2018-02-10T17:13:20+00:00","dateModified":"2021-02-12T11:43:34+00:00","inLanguage":"es","potentialAction":[{"@type":"ReadAction","target":["https:\/\/www.icip.cat\/es\/alumnos-del-ins-lauro-y-la-oficina-joven-del-garraf-ganan-la-segunda-edicion-del-concurso-de-hip-hop-por-la-pau\/"]}]},{"@type":"WebSite","@id":"https:\/\/www.icip.cat\/ca\/#website","url":"https:\/\/www.icip.cat\/ca\/","name":"ICIP","description":"","publisher":{"@id":"https:\/\/www.icip.cat\/ca\/#organization"},"potentialAction":[{"@type":"SearchAction","target":{"@type":"EntryPoint","urlTemplate":"https:\/\/www.icip.cat\/ca\/?s={search_term_string}"},"query-input":{"@type":"PropertyValueSpecification","valueRequired":true,"valueName":"search_term_string"}}],"inLanguage":"es"},{"@type":"Organization","@id":"https:\/\/www.icip.cat\/ca\/#organization","name":"ICIP","url":"https:\/\/www.icip.cat\/ca\/","logo":{"@type":"ImageObject","inLanguage":"es","@id":"https:\/\/www.icip.cat\/ca\/#\/schema\/logo\/image\/","url":"https:\/\/www.icip.cat\/wp-content\/uploads\/2021\/02\/logo-2.png","contentUrl":"https:\/\/www.icip.cat\/wp-content\/uploads\/2021\/02\/logo-2.png","width":562,"height":391,"caption":"ICIP"},"image":{"@id":"https:\/\/www.icip.cat\/ca\/#\/schema\/logo\/image\/"}},{"@type":"Person","@id":"https:\/\/www.icip.cat\/ca\/#\/schema\/person\/35404003404833995eee2bb6e3115dc6","name":"whads","image":{"@type":"ImageObject","inLanguage":"es","@id":"https:\/\/www.icip.cat\/ca\/#\/schema\/person\/image\/","url":"https:\/\/secure.gravatar.com\/avatar\/6a92e4ce03d9442c546cc4afecfc51777413608a6d55a7b50040700657b6b30f?s=96&d=mm&r=g","contentUrl":"https:\/\/secure.gravatar.com\/avatar\/6a92e4ce03d9442c546cc4afecfc51777413608a6d55a7b50040700657b6b30f?s=96&d=mm&r=g","caption":"whads"},"sameAs":["http:\/\/www.icip.cat"],"url":"https:\/\/www.icip.cat\/es\/author\/whads\/"}]}},"_links":{"self":[{"href":"https:\/\/www.icip.cat\/es\/wp-json\/wp\/v2\/posts\/16480","targetHints":{"allow":["GET"]}}],"collection":[{"href":"https:\/\/www.icip.cat\/es\/wp-json\/wp\/v2\/posts"}],"about":[{"href":"https:\/\/www.icip.cat\/es\/wp-json\/wp\/v2\/types\/post"}],"author":[{"embeddable":true,"href":"https:\/\/www.icip.cat\/es\/wp-json\/wp\/v2\/users\/1"}],"replies":[{"embeddable":true,"href":"https:\/\/www.icip.cat\/es\/wp-json\/wp\/v2\/comments?post=16480"}],"version-history":[{"count":3,"href":"https:\/\/www.icip.cat\/es\/wp-json\/wp\/v2\/posts\/16480\/revisions"}],"predecessor-version":[{"id":16598,"href":"https:\/\/www.icip.cat\/es\/wp-json\/wp\/v2\/posts\/16480\/revisions\/16598"}],"wp:attachment":[{"href":"https:\/\/www.icip.cat\/es\/wp-json\/wp\/v2\/media?parent=16480"}],"wp:term":[{"taxonomy":"category","embeddable":true,"href":"https:\/\/www.icip.cat\/es\/wp-json\/wp\/v2\/categories?post=16480"},{"taxonomy":"post_tag","embeddable":true,"href":"https:\/\/www.icip.cat\/es\/wp-json\/wp\/v2\/tags?post=16480"}],"curies":[{"name":"wp","href":"https:\/\/api.w.org\/{rel}","templated":true}]}}