{"id":16916,"date":"2021-03-15T09:34:00","date_gmt":"2021-03-15T09:34:00","guid":{"rendered":"http:\/\/www.icip.cat\/?p=16916"},"modified":"2021-04-09T09:36:56","modified_gmt":"2021-04-09T09:36:56","slug":"el-icip-renueva-la-imagen-corporativa-y-estrena-web","status":"publish","type":"post","link":"https:\/\/www.icip.cat\/es\/el-icip-renueva-la-imagen-corporativa-y-estrena-web\/","title":{"rendered":"El ICIP renueva la imagen corporativa y estrena web"},"content":{"rendered":"\n<p>Cuando se cumplen doce a\u00f1os de su puesta en funcionamiento, el ICIP culmina un proceso de renovaci\u00f3n de la imagen corporativa y de redise\u00f1o de la web con la voluntad de dar un nuevo impulso a la instituci\u00f3n, abrirse a nuevos p\u00fablicos, y reforzar su independencia y su vocaci\u00f3n internacional.<\/p>\n\n\n\n<p>La nueva imagen de marca nace para reflejar una mayor <strong>proximidad y dinamismo<\/strong>, partiendo de la premisa que la construcci\u00f3n de paz \u2013 motor de acci\u00f3n del ICIP- es un proceso, un estado en movimiento, y no un hito estancado o ya alcanzado- El nuevo logotipo, con un trazo sobrio y directo, refuerza las siglas ICIP y las acompa\u00f1a del nombre completo de la instituci\u00f3n, con un \u00e9nfasis especial para la palabra Paz, que adopta personalidad con la cursiva integrada. Asimismo, el logotipo incorpora una l\u00ednea inferior que evoca el di\u00e1logo, elemento transversal de la actuaci\u00f3n del Instituto.<\/p>\n\n\n\n<div class=\"wp-block-image\"><figure class=\"aligncenter size-large\"><img fetchpriority=\"high\" decoding=\"async\" width=\"560\" height=\"233\" src=\"http:\/\/www.icip.cat\/wp-content\/uploads\/2021\/02\/logo_interiorESP.png\" alt=\"\" class=\"wp-image-17089\" srcset=\"https:\/\/www.icip.cat\/wp-content\/uploads\/2021\/02\/logo_interiorESP.png 560w, https:\/\/www.icip.cat\/wp-content\/uploads\/2021\/02\/logo_interiorESP-300x125.png 300w\" sizes=\"(max-width: 560px) 100vw, 560px\" \/><\/figure><\/div>\n\n\n\n<p>El cambio de imagen corporativa se ha elaborado con el estudio de dise\u00f1o Talking y va acompa\u00f1ado del lanzamiento de una <strong>nueva web<\/strong>, desarrollada en este caso por la empresa Whads. La nueva web www.icip.cat es multiling\u00fce \u2013 en catal\u00e1n, espa\u00f1ol e ingl\u00e9s, los tres idiomas vehiculares de la instituci\u00f3n- y con <strong>dise\u00f1o responsivo<\/strong>, adaptado a los diferentes dispositivos m\u00f3viles y tabletas. Permite una navegaci\u00f3n clara y \u00e1gil por las diferentes ramas que componen el ICIP: las cuatro \u00e1reas de trabajo, los diferentes canales y soportes de transmisi\u00f3n de conocimientos y de divulgaci\u00f3n de la cultura de paz, y la Biblioteca como centro de referencia en su \u00e1mbito en Catalu\u00f1a.<\/p>\n\n\n\n<p>El proceso de renovaci\u00f3n tambi\u00e9n ha incluido el cambio de dominio a @icip.cat en los correos corporativos de la instituci\u00f3n.<\/p>\n\n\n\n<figure class=\"wp-block-embed-youtube wp-block-embed is-type-video is-provider-youtube wp-embed-aspect-16-9 wp-has-aspect-ratio\"><div class=\"wp-block-embed__wrapper\">\n<iframe title=\"&quot;Avanzamos por la paz&quot;\" width=\"640\" height=\"360\" src=\"https:\/\/www.youtube.com\/embed\/TMJ1FAXD-m8?feature=oembed\" frameborder=\"0\" allow=\"accelerometer; autoplay; clipboard-write; encrypted-media; gyroscope; picture-in-picture; web-share\" referrerpolicy=\"strict-origin-when-cross-origin\" allowfullscreen><\/iframe>\n<\/div><\/figure>\n","protected":false},"excerpt":{"rendered":"<p>Cuando se cumplen doce a\u00f1os de su puesta en funcionamiento, el ICIP culmina un proceso de renovaci\u00f3n de la imagen corporativa y de redise\u00f1o de la web con la voluntad de dar un nuevo impulso a la instituci\u00f3n, abrirse a nuevos p\u00fablicos, y reforzar su independencia y su vocaci\u00f3n internacional. La nueva imagen de marca [&hellip;]<\/p>\n","protected":false},"author":2,"featured_media":16855,"comment_status":"open","ping_status":"open","sticky":false,"template":"","format":"standard","meta":{"_acf_changed":false,"footnotes":""},"categories":[5],"tags":[],"class_list":["post-16916","post","type-post","status-publish","format-standard","has-post-thumbnail","hentry","category-sin-categorizar"],"acf":[],"yoast_head":"<!-- This site is optimized with the Yoast SEO plugin v25.6 - https:\/\/yoast.com\/wordpress\/plugins\/seo\/ -->\n<title>El ICIP renueva la imagen corporativa y estrena web - ICIP<\/title>\n<meta name=\"robots\" content=\"index, follow, max-snippet:-1, max-image-preview:large, max-video-preview:-1\" \/>\n<link rel=\"canonical\" href=\"https:\/\/www.icip.cat\/es\/el-icip-renueva-la-imagen-corporativa-y-estrena-web\/\" \/>\n<meta property=\"og:locale\" content=\"es_ES\" \/>\n<meta property=\"og:type\" content=\"article\" \/>\n<meta property=\"og:title\" content=\"El ICIP renueva la imagen corporativa y estrena web - ICIP\" \/>\n<meta property=\"og:description\" content=\"Cuando se cumplen doce a\u00f1os de su puesta en funcionamiento, el ICIP culmina un proceso de renovaci\u00f3n de la imagen corporativa y de redise\u00f1o de la web con la voluntad de dar un nuevo impulso a la instituci\u00f3n, abrirse a nuevos p\u00fablicos, y reforzar su independencia y su vocaci\u00f3n internacional. La nueva imagen de marca [&hellip;]\" \/>\n<meta property=\"og:url\" content=\"https:\/\/www.icip.cat\/es\/el-icip-renueva-la-imagen-corporativa-y-estrena-web\/\" \/>\n<meta property=\"og:site_name\" content=\"ICIP\" \/>\n<meta property=\"article:published_time\" content=\"2021-03-15T09:34:00+00:00\" \/>\n<meta property=\"article:modified_time\" content=\"2021-04-09T09:36:56+00:00\" \/>\n<meta property=\"og:image\" content=\"https:\/\/www.icip.cat\/wp-content\/uploads\/2021\/02\/ICIP_logo.png\" \/>\n\t<meta property=\"og:image:width\" content=\"560\" \/>\n\t<meta property=\"og:image:height\" content=\"410\" \/>\n\t<meta property=\"og:image:type\" content=\"image\/png\" \/>\n<meta name=\"author\" content=\"Eugenia\" \/>\n<meta name=\"twitter:card\" content=\"summary_large_image\" \/>\n<meta name=\"twitter:label1\" content=\"Escrito por\" \/>\n\t<meta name=\"twitter:data1\" content=\"Eugenia\" \/>\n\t<meta name=\"twitter:label2\" content=\"Tiempo de lectura\" \/>\n\t<meta name=\"twitter:data2\" content=\"2 minutos\" \/>\n<script type=\"application\/ld+json\" class=\"yoast-schema-graph\">{\"@context\":\"https:\/\/schema.org\",\"@graph\":[{\"@type\":\"Article\",\"@id\":\"https:\/\/www.icip.cat\/es\/el-icip-renueva-la-imagen-corporativa-y-estrena-web\/#article\",\"isPartOf\":{\"@id\":\"https:\/\/www.icip.cat\/es\/el-icip-renueva-la-imagen-corporativa-y-estrena-web\/\"},\"author\":{\"name\":\"Eugenia\",\"@id\":\"https:\/\/www.icip.cat\/ca\/#\/schema\/person\/ecaf8460603e6e32c80f3acbf4178fa6\"},\"headline\":\"El ICIP renueva la imagen corporativa y estrena web\",\"datePublished\":\"2021-03-15T09:34:00+00:00\",\"dateModified\":\"2021-04-09T09:36:56+00:00\",\"mainEntityOfPage\":{\"@id\":\"https:\/\/www.icip.cat\/es\/el-icip-renueva-la-imagen-corporativa-y-estrena-web\/\"},\"wordCount\":322,\"commentCount\":0,\"publisher\":{\"@id\":\"https:\/\/www.icip.cat\/ca\/#organization\"},\"image\":{\"@id\":\"https:\/\/www.icip.cat\/es\/el-icip-renueva-la-imagen-corporativa-y-estrena-web\/#primaryimage\"},\"thumbnailUrl\":\"https:\/\/www.icip.cat\/wp-content\/uploads\/2021\/02\/ICIP_logo.png\",\"articleSection\":[\"Sin categorizar\"],\"inLanguage\":\"es\"},{\"@type\":\"WebPage\",\"@id\":\"https:\/\/www.icip.cat\/es\/el-icip-renueva-la-imagen-corporativa-y-estrena-web\/\",\"url\":\"https:\/\/www.icip.cat\/es\/el-icip-renueva-la-imagen-corporativa-y-estrena-web\/\",\"name\":\"El ICIP renueva la imagen corporativa y estrena web - ICIP\",\"isPartOf\":{\"@id\":\"https:\/\/www.icip.cat\/ca\/#website\"},\"primaryImageOfPage\":{\"@id\":\"https:\/\/www.icip.cat\/es\/el-icip-renueva-la-imagen-corporativa-y-estrena-web\/#primaryimage\"},\"image\":{\"@id\":\"https:\/\/www.icip.cat\/es\/el-icip-renueva-la-imagen-corporativa-y-estrena-web\/#primaryimage\"},\"thumbnailUrl\":\"https:\/\/www.icip.cat\/wp-content\/uploads\/2021\/02\/ICIP_logo.png\",\"datePublished\":\"2021-03-15T09:34:00+00:00\",\"dateModified\":\"2021-04-09T09:36:56+00:00\",\"inLanguage\":\"es\",\"potentialAction\":[{\"@type\":\"ReadAction\",\"target\":[\"https:\/\/www.icip.cat\/es\/el-icip-renueva-la-imagen-corporativa-y-estrena-web\/\"]}]},{\"@type\":\"ImageObject\",\"inLanguage\":\"es\",\"@id\":\"https:\/\/www.icip.cat\/es\/el-icip-renueva-la-imagen-corporativa-y-estrena-web\/#primaryimage\",\"url\":\"https:\/\/www.icip.cat\/wp-content\/uploads\/2021\/02\/ICIP_logo.png\",\"contentUrl\":\"https:\/\/www.icip.cat\/wp-content\/uploads\/2021\/02\/ICIP_logo.png\",\"width\":560,\"height\":410},{\"@type\":\"WebSite\",\"@id\":\"https:\/\/www.icip.cat\/ca\/#website\",\"url\":\"https:\/\/www.icip.cat\/ca\/\",\"name\":\"ICIP\",\"description\":\"\",\"publisher\":{\"@id\":\"https:\/\/www.icip.cat\/ca\/#organization\"},\"potentialAction\":[{\"@type\":\"SearchAction\",\"target\":{\"@type\":\"EntryPoint\",\"urlTemplate\":\"https:\/\/www.icip.cat\/ca\/?s={search_term_string}\"},\"query-input\":{\"@type\":\"PropertyValueSpecification\",\"valueRequired\":true,\"valueName\":\"search_term_string\"}}],\"inLanguage\":\"es\"},{\"@type\":\"Organization\",\"@id\":\"https:\/\/www.icip.cat\/ca\/#organization\",\"name\":\"ICIP\",\"url\":\"https:\/\/www.icip.cat\/ca\/\",\"logo\":{\"@type\":\"ImageObject\",\"inLanguage\":\"es\",\"@id\":\"https:\/\/www.icip.cat\/ca\/#\/schema\/logo\/image\/\",\"url\":\"https:\/\/www.icip.cat\/wp-content\/uploads\/2021\/02\/logo-2.png\",\"contentUrl\":\"https:\/\/www.icip.cat\/wp-content\/uploads\/2021\/02\/logo-2.png\",\"width\":562,\"height\":391,\"caption\":\"ICIP\"},\"image\":{\"@id\":\"https:\/\/www.icip.cat\/ca\/#\/schema\/logo\/image\/\"}},{\"@type\":\"Person\",\"@id\":\"https:\/\/www.icip.cat\/ca\/#\/schema\/person\/ecaf8460603e6e32c80f3acbf4178fa6\",\"name\":\"Eugenia\",\"image\":{\"@type\":\"ImageObject\",\"inLanguage\":\"es\",\"@id\":\"https:\/\/www.icip.cat\/ca\/#\/schema\/person\/image\/\",\"url\":\"https:\/\/secure.gravatar.com\/avatar\/d30b42e0caf7d7c3d97196ad2e94636c7bb0cc353a49ec8660d01bc0ff98b480?s=96&d=mm&r=g\",\"contentUrl\":\"https:\/\/secure.gravatar.com\/avatar\/d30b42e0caf7d7c3d97196ad2e94636c7bb0cc353a49ec8660d01bc0ff98b480?s=96&d=mm&r=g\",\"caption\":\"Eugenia\"},\"url\":\"https:\/\/www.icip.cat\/es\/author\/eugenia\/\"}]}<\/script>\n<!-- \/ Yoast SEO plugin. -->","yoast_head_json":{"title":"El ICIP renueva la imagen corporativa y estrena web - ICIP","robots":{"index":"index","follow":"follow","max-snippet":"max-snippet:-1","max-image-preview":"max-image-preview:large","max-video-preview":"max-video-preview:-1"},"canonical":"https:\/\/www.icip.cat\/es\/el-icip-renueva-la-imagen-corporativa-y-estrena-web\/","og_locale":"es_ES","og_type":"article","og_title":"El ICIP renueva la imagen corporativa y estrena web - ICIP","og_description":"Cuando se cumplen doce a\u00f1os de su puesta en funcionamiento, el ICIP culmina un proceso de renovaci\u00f3n de la imagen corporativa y de redise\u00f1o de la web con la voluntad de dar un nuevo impulso a la instituci\u00f3n, abrirse a nuevos p\u00fablicos, y reforzar su independencia y su vocaci\u00f3n internacional. La nueva imagen de marca [&hellip;]","og_url":"https:\/\/www.icip.cat\/es\/el-icip-renueva-la-imagen-corporativa-y-estrena-web\/","og_site_name":"ICIP","article_published_time":"2021-03-15T09:34:00+00:00","article_modified_time":"2021-04-09T09:36:56+00:00","og_image":[{"width":560,"height":410,"url":"https:\/\/www.icip.cat\/wp-content\/uploads\/2021\/02\/ICIP_logo.png","type":"image\/png"}],"author":"Eugenia","twitter_card":"summary_large_image","twitter_misc":{"Escrito por":"Eugenia","Tiempo de lectura":"2 minutos"},"schema":{"@context":"https:\/\/schema.org","@graph":[{"@type":"Article","@id":"https:\/\/www.icip.cat\/es\/el-icip-renueva-la-imagen-corporativa-y-estrena-web\/#article","isPartOf":{"@id":"https:\/\/www.icip.cat\/es\/el-icip-renueva-la-imagen-corporativa-y-estrena-web\/"},"author":{"name":"Eugenia","@id":"https:\/\/www.icip.cat\/ca\/#\/schema\/person\/ecaf8460603e6e32c80f3acbf4178fa6"},"headline":"El ICIP renueva la imagen corporativa y estrena web","datePublished":"2021-03-15T09:34:00+00:00","dateModified":"2021-04-09T09:36:56+00:00","mainEntityOfPage":{"@id":"https:\/\/www.icip.cat\/es\/el-icip-renueva-la-imagen-corporativa-y-estrena-web\/"},"wordCount":322,"commentCount":0,"publisher":{"@id":"https:\/\/www.icip.cat\/ca\/#organization"},"image":{"@id":"https:\/\/www.icip.cat\/es\/el-icip-renueva-la-imagen-corporativa-y-estrena-web\/#primaryimage"},"thumbnailUrl":"https:\/\/www.icip.cat\/wp-content\/uploads\/2021\/02\/ICIP_logo.png","articleSection":["Sin categorizar"],"inLanguage":"es"},{"@type":"WebPage","@id":"https:\/\/www.icip.cat\/es\/el-icip-renueva-la-imagen-corporativa-y-estrena-web\/","url":"https:\/\/www.icip.cat\/es\/el-icip-renueva-la-imagen-corporativa-y-estrena-web\/","name":"El ICIP renueva la imagen corporativa y estrena web - ICIP","isPartOf":{"@id":"https:\/\/www.icip.cat\/ca\/#website"},"primaryImageOfPage":{"@id":"https:\/\/www.icip.cat\/es\/el-icip-renueva-la-imagen-corporativa-y-estrena-web\/#primaryimage"},"image":{"@id":"https:\/\/www.icip.cat\/es\/el-icip-renueva-la-imagen-corporativa-y-estrena-web\/#primaryimage"},"thumbnailUrl":"https:\/\/www.icip.cat\/wp-content\/uploads\/2021\/02\/ICIP_logo.png","datePublished":"2021-03-15T09:34:00+00:00","dateModified":"2021-04-09T09:36:56+00:00","inLanguage":"es","potentialAction":[{"@type":"ReadAction","target":["https:\/\/www.icip.cat\/es\/el-icip-renueva-la-imagen-corporativa-y-estrena-web\/"]}]},{"@type":"ImageObject","inLanguage":"es","@id":"https:\/\/www.icip.cat\/es\/el-icip-renueva-la-imagen-corporativa-y-estrena-web\/#primaryimage","url":"https:\/\/www.icip.cat\/wp-content\/uploads\/2021\/02\/ICIP_logo.png","contentUrl":"https:\/\/www.icip.cat\/wp-content\/uploads\/2021\/02\/ICIP_logo.png","width":560,"height":410},{"@type":"WebSite","@id":"https:\/\/www.icip.cat\/ca\/#website","url":"https:\/\/www.icip.cat\/ca\/","name":"ICIP","description":"","publisher":{"@id":"https:\/\/www.icip.cat\/ca\/#organization"},"potentialAction":[{"@type":"SearchAction","target":{"@type":"EntryPoint","urlTemplate":"https:\/\/www.icip.cat\/ca\/?s={search_term_string}"},"query-input":{"@type":"PropertyValueSpecification","valueRequired":true,"valueName":"search_term_string"}}],"inLanguage":"es"},{"@type":"Organization","@id":"https:\/\/www.icip.cat\/ca\/#organization","name":"ICIP","url":"https:\/\/www.icip.cat\/ca\/","logo":{"@type":"ImageObject","inLanguage":"es","@id":"https:\/\/www.icip.cat\/ca\/#\/schema\/logo\/image\/","url":"https:\/\/www.icip.cat\/wp-content\/uploads\/2021\/02\/logo-2.png","contentUrl":"https:\/\/www.icip.cat\/wp-content\/uploads\/2021\/02\/logo-2.png","width":562,"height":391,"caption":"ICIP"},"image":{"@id":"https:\/\/www.icip.cat\/ca\/#\/schema\/logo\/image\/"}},{"@type":"Person","@id":"https:\/\/www.icip.cat\/ca\/#\/schema\/person\/ecaf8460603e6e32c80f3acbf4178fa6","name":"Eugenia","image":{"@type":"ImageObject","inLanguage":"es","@id":"https:\/\/www.icip.cat\/ca\/#\/schema\/person\/image\/","url":"https:\/\/secure.gravatar.com\/avatar\/d30b42e0caf7d7c3d97196ad2e94636c7bb0cc353a49ec8660d01bc0ff98b480?s=96&d=mm&r=g","contentUrl":"https:\/\/secure.gravatar.com\/avatar\/d30b42e0caf7d7c3d97196ad2e94636c7bb0cc353a49ec8660d01bc0ff98b480?s=96&d=mm&r=g","caption":"Eugenia"},"url":"https:\/\/www.icip.cat\/es\/author\/eugenia\/"}]}},"_links":{"self":[{"href":"https:\/\/www.icip.cat\/es\/wp-json\/wp\/v2\/posts\/16916","targetHints":{"allow":["GET"]}}],"collection":[{"href":"https:\/\/www.icip.cat\/es\/wp-json\/wp\/v2\/posts"}],"about":[{"href":"https:\/\/www.icip.cat\/es\/wp-json\/wp\/v2\/types\/post"}],"author":[{"embeddable":true,"href":"https:\/\/www.icip.cat\/es\/wp-json\/wp\/v2\/users\/2"}],"replies":[{"embeddable":true,"href":"https:\/\/www.icip.cat\/es\/wp-json\/wp\/v2\/comments?post=16916"}],"version-history":[{"count":8,"href":"https:\/\/www.icip.cat\/es\/wp-json\/wp\/v2\/posts\/16916\/revisions"}],"predecessor-version":[{"id":17515,"href":"https:\/\/www.icip.cat\/es\/wp-json\/wp\/v2\/posts\/16916\/revisions\/17515"}],"wp:featuredmedia":[{"embeddable":true,"href":"https:\/\/www.icip.cat\/es\/wp-json\/wp\/v2\/media\/16855"}],"wp:attachment":[{"href":"https:\/\/www.icip.cat\/es\/wp-json\/wp\/v2\/media?parent=16916"}],"wp:term":[{"taxonomy":"category","embeddable":true,"href":"https:\/\/www.icip.cat\/es\/wp-json\/wp\/v2\/categories?post=16916"},{"taxonomy":"post_tag","embeddable":true,"href":"https:\/\/www.icip.cat\/es\/wp-json\/wp\/v2\/tags?post=16916"}],"curies":[{"name":"wp","href":"https:\/\/api.w.org\/{rel}","templated":true}]}}