{"id":17800,"date":"2021-03-15T09:42:28","date_gmt":"2021-03-15T09:42:28","guid":{"rendered":"https:\/\/www.icip.cat\/la-violencia-de-genere-lassetjament-escolar-i-el-racisme-temes-centrals-dels-clips-guanyadors-del-v-concurs-de-hip-hop-per-la-pau\/"},"modified":"2021-03-15T09:52:31","modified_gmt":"2021-03-15T09:52:31","slug":"la-violencia-de-genere-lassetjament-escolar-i-el-racisme-temes-centrals-dels-clips-guanyadors-del-v-concurs-de-hip-hop-per-la-pau","status":"publish","type":"post","link":"https:\/\/www.icip.cat\/es\/la-violencia-de-genere-lassetjament-escolar-i-el-racisme-temes-centrals-dels-clips-guanyadors-del-v-concurs-de-hip-hop-per-la-pau\/","title":{"rendered":"La violencia de g\u00e9nero, el acoso escolar y el racismo, temas centrales de los clips ganadores del V Concurso de Hip-hop por la Paz"},"content":{"rendered":"\n<p>El jurado de la quinta edici\u00f3n del Concurso ICIP de Hip-Hop por la Paz ha hecho p\u00fablico este mes de marzo el veredicto del certamen, que tiene como objetivo fomentar la creatividad y dar visibilidad al compromiso del j\u00f3venes en el \u00e1mbito de la paz. En esta ocasi\u00f3n las obras premiadas abordan tem\u00e1ticas como la violencia de g\u00e9nero, el acoso escolar y el racismo, y engloban mensajes de rechazo a toda forma de discriminaci\u00f3n y abuso.<\/p>\n\n\n\n<p>El concurso se dirige a j\u00f3venes de 12 a 25 a\u00f1os y consta de dos modalidades:<\/p>\n\n\n\n<p>En la <strong>Modalidad 1<\/strong>, dirigida a estudiantes de secundaria, bachillerato y formaci\u00f3n professional de Catalu\u00f1a, los clips ganadores han sido:<\/p>\n\n\n\n<ul class=\"wp-block-list\"><li><strong>Primer premio: \u201cAix\u00f2 ha de canviar\u201d<\/strong>, videoclip creado por alumnos de 4\u00ba de ESO del Instituto Guillem Cat\u00e0 de Manresa (Bages), ganador de la grabaci\u00f3n y producci\u00f3n musical de una pieza de rap en un estudio profesional con asesoramiento art\u00edstico. Se trata de un clip de denuncia al sistema con una mirada centrada en la violencia de g\u00e9nero:<\/li><\/ul>\n\n\n\n<figure class=\"wp-block-embed-youtube aligncenter wp-block-embed is-type-video is-provider-youtube wp-embed-aspect-16-9 wp-has-aspect-ratio\"><div class=\"wp-block-embed__wrapper\">\n<iframe title=\"&quot;Aix\u00f2 ha de canviar&quot;\" width=\"640\" height=\"360\" src=\"https:\/\/www.youtube.com\/embed\/UTlrTbTQoPA?feature=oembed\" frameborder=\"0\" allow=\"accelerometer; autoplay; clipboard-write; encrypted-media; gyroscope; picture-in-picture; web-share\" referrerpolicy=\"strict-origin-when-cross-origin\" allowfullscreen><\/iframe>\n<\/div><\/figure>\n\n\n\n<ul class=\"wp-block-list\"><li><strong>Segundo premio: \u201cEn este infierno\u201d<\/strong>, videoclip creado por alumnos del Institut Escola Montagut de Santa Susanna (Maresme), ganador de un taller de rap impartido por un profesional del hip-hop. En este caso es una obra de denuncia del acoso escolar y un grito para visibilizar los maltratos:<\/li><\/ul>\n\n\n\n<figure class=\"wp-block-embed-youtube aligncenter wp-block-embed is-type-video is-provider-youtube wp-embed-aspect-16-9 wp-has-aspect-ratio\"><div class=\"wp-block-embed__wrapper\">\n<iframe title=\"&quot;En este infierno&quot;\" width=\"640\" height=\"360\" src=\"https:\/\/www.youtube.com\/embed\/pwm_ctb87Mk?feature=oembed\" frameborder=\"0\" allow=\"accelerometer; autoplay; clipboard-write; encrypted-media; gyroscope; picture-in-picture; web-share\" referrerpolicy=\"strict-origin-when-cross-origin\" allowfullscreen><\/iframe>\n<\/div><\/figure>\n\n\n\n<p>En la <strong>Modalidad 2<\/strong>, dirigida a j\u00f3venes de entre 12 y 25 a\u00f1os vinculados a centros y entidades juveniles, culturales, c\u00edvicas o de acci\u00f3n socioeducativa de Catalu\u00f1a, las piezas ganadoras han sido:<\/p>\n\n\n\n<ul class=\"wp-block-list\"><li><strong>Primer premio: \u201cNo sound bite\u201d<\/strong>, videoclip creado por j\u00f3venes del taller de creaci\u00f3n art\u00edstica del Centro Penitenciario Brians 2, ganador de la grabaci\u00f3n y producci\u00f3n musical de una pieza de rap en un estudio profesional con asesoramiento art\u00edstico. La pieza es un grito a favor del empoderamiento personal y de lucha contra las discriminaciones:<\/li><\/ul>\n\n\n\n<figure class=\"wp-block-embed-youtube aligncenter wp-block-embed is-type-video is-provider-youtube wp-embed-aspect-16-9 wp-has-aspect-ratio\"><div class=\"wp-block-embed__wrapper\">\n<iframe title=\"&quot;No sound bite&quot;\" width=\"640\" height=\"360\" src=\"https:\/\/www.youtube.com\/embed\/RZqfejYFLmw?feature=oembed\" frameborder=\"0\" allow=\"accelerometer; autoplay; clipboard-write; encrypted-media; gyroscope; picture-in-picture; web-share\" referrerpolicy=\"strict-origin-when-cross-origin\" allowfullscreen><\/iframe>\n<\/div><\/figure>\n\n\n\n<ul class=\"wp-block-list\"><li><strong>Segundo premi: \u201cEl camino de los valientes\u201d<\/strong>, videoclip creado por j\u00f3venes en formaci\u00f3n de C\u00e1ritas Diocesana de Girona, ganador de un taller de rap impartido por un profesional del hip-hop. La obra es un clamor a favor de la igualdad, una denuncia de las discriminaciones que sufren muchos chicos y chicas inmigrantes llegados a Catalu\u00f1a:<\/li><\/ul>\n\n\n\n<figure class=\"wp-block-embed-youtube aligncenter wp-block-embed is-type-video is-provider-youtube wp-embed-aspect-16-9 wp-has-aspect-ratio\"><div class=\"wp-block-embed__wrapper\">\n<iframe title=\"&quot;El camino de los valientes&quot;\" width=\"640\" height=\"360\" src=\"https:\/\/www.youtube.com\/embed\/qwo5nQ9eld8?feature=oembed\" frameborder=\"0\" allow=\"accelerometer; autoplay; clipboard-write; encrypted-media; gyroscope; picture-in-picture; web-share\" referrerpolicy=\"strict-origin-when-cross-origin\" allowfullscreen><\/iframe>\n<\/div><\/figure>\n\n\n\n<p>El Concurso ICIP de Hip-hop por la Paz tiene como objetivo dar visibilidad al compromiso y a la creatividad de los j\u00f3venes en el \u00e1mbito de la cultura de paz. El certamen tiene el apoyo del Departamento de Educaci\u00f3n, la Direcci\u00f3n Genera de Juventud y la Agencia Catalana de Cooperaci\u00f3n al Desarrollo. <\/p>\n","protected":false},"excerpt":{"rendered":"<p>El jurado de la quinta edici\u00f3n del Concurso ICIP de Hip-Hop por la Paz ha hecho p\u00fablico este mes de marzo el veredicto del certamen, que tiene como objetivo fomentar la creatividad y dar visibilidad al compromiso del j\u00f3venes en el \u00e1mbito de la paz. En esta ocasi\u00f3n las obras premiadas abordan tem\u00e1ticas como la [&hellip;]<\/p>\n","protected":false},"author":2,"featured_media":17641,"comment_status":"open","ping_status":"open","sticky":false,"template":"","format":"standard","meta":{"_acf_changed":false,"footnotes":""},"categories":[5],"tags":[],"class_list":["post-17800","post","type-post","status-publish","format-standard","has-post-thumbnail","hentry","category-sin-categorizar"],"acf":[],"yoast_head":"<!-- This site is optimized with the Yoast SEO plugin v25.6 - https:\/\/yoast.com\/wordpress\/plugins\/seo\/ -->\n<title>La violencia de g\u00e9nero, el acoso escolar y el racismo, temas centrales de los clips ganadores del V Concurso de Hip-hop por la Paz - ICIP<\/title>\n<meta name=\"robots\" content=\"index, follow, max-snippet:-1, max-image-preview:large, max-video-preview:-1\" \/>\n<link rel=\"canonical\" href=\"https:\/\/www.icip.cat\/es\/la-violencia-de-genere-lassetjament-escolar-i-el-racisme-temes-centrals-dels-clips-guanyadors-del-v-concurs-de-hip-hop-per-la-pau\/\" \/>\n<meta property=\"og:locale\" content=\"es_ES\" \/>\n<meta property=\"og:type\" content=\"article\" \/>\n<meta property=\"og:title\" content=\"La violencia de g\u00e9nero, el acoso escolar y el racismo, temas centrales de los clips ganadores del V Concurso de Hip-hop por la Paz - ICIP\" \/>\n<meta property=\"og:description\" content=\"El jurado de la quinta edici\u00f3n del Concurso ICIP de Hip-Hop por la Paz ha hecho p\u00fablico este mes de marzo el veredicto del certamen, que tiene como objetivo fomentar la creatividad y dar visibilidad al compromiso del j\u00f3venes en el \u00e1mbito de la paz. En esta ocasi\u00f3n las obras premiadas abordan tem\u00e1ticas como la [&hellip;]\" \/>\n<meta property=\"og:url\" content=\"https:\/\/www.icip.cat\/es\/la-violencia-de-genere-lassetjament-escolar-i-el-racisme-temes-centrals-dels-clips-guanyadors-del-v-concurs-de-hip-hop-per-la-pau\/\" \/>\n<meta property=\"og:site_name\" content=\"ICIP\" \/>\n<meta property=\"article:published_time\" content=\"2021-03-15T09:42:28+00:00\" \/>\n<meta property=\"article:modified_time\" content=\"2021-03-15T09:52:31+00:00\" \/>\n<meta property=\"og:image\" content=\"https:\/\/www.icip.cat\/wp-content\/uploads\/2021\/03\/hiphopV.png\" \/>\n\t<meta property=\"og:image:width\" content=\"578\" \/>\n\t<meta property=\"og:image:height\" content=\"320\" \/>\n\t<meta property=\"og:image:type\" content=\"image\/png\" \/>\n<meta name=\"author\" content=\"Eugenia\" \/>\n<meta name=\"twitter:card\" content=\"summary_large_image\" \/>\n<meta name=\"twitter:image\" content=\"http:\/\/www.icip.cat\/wp-content\/uploads\/2021\/03\/hiphopV.png\" \/>\n<meta name=\"twitter:label1\" content=\"Escrito por\" \/>\n\t<meta name=\"twitter:data1\" content=\"Eugenia\" \/>\n\t<meta name=\"twitter:label2\" content=\"Tiempo de lectura\" \/>\n\t<meta name=\"twitter:data2\" content=\"2 minutos\" \/>\n<script type=\"application\/ld+json\" class=\"yoast-schema-graph\">{\"@context\":\"https:\/\/schema.org\",\"@graph\":[{\"@type\":\"Article\",\"@id\":\"https:\/\/www.icip.cat\/es\/la-violencia-de-genere-lassetjament-escolar-i-el-racisme-temes-centrals-dels-clips-guanyadors-del-v-concurs-de-hip-hop-per-la-pau\/#article\",\"isPartOf\":{\"@id\":\"https:\/\/www.icip.cat\/es\/la-violencia-de-genere-lassetjament-escolar-i-el-racisme-temes-centrals-dels-clips-guanyadors-del-v-concurs-de-hip-hop-per-la-pau\/\"},\"author\":{\"name\":\"Eugenia\",\"@id\":\"https:\/\/www.icip.cat\/ca\/#\/schema\/person\/ecaf8460603e6e32c80f3acbf4178fa6\"},\"headline\":\"La violencia de g\u00e9nero, el acoso escolar y el racismo, temas centrales de los clips ganadores del V Concurso de Hip-hop por la Paz\",\"datePublished\":\"2021-03-15T09:42:28+00:00\",\"dateModified\":\"2021-03-15T09:52:31+00:00\",\"mainEntityOfPage\":{\"@id\":\"https:\/\/www.icip.cat\/es\/la-violencia-de-genere-lassetjament-escolar-i-el-racisme-temes-centrals-dels-clips-guanyadors-del-v-concurs-de-hip-hop-per-la-pau\/\"},\"wordCount\":481,\"commentCount\":0,\"publisher\":{\"@id\":\"https:\/\/www.icip.cat\/ca\/#organization\"},\"image\":{\"@id\":\"https:\/\/www.icip.cat\/es\/la-violencia-de-genere-lassetjament-escolar-i-el-racisme-temes-centrals-dels-clips-guanyadors-del-v-concurs-de-hip-hop-per-la-pau\/#primaryimage\"},\"thumbnailUrl\":\"https:\/\/www.icip.cat\/wp-content\/uploads\/2021\/03\/hiphopV.png\",\"articleSection\":[\"Sin categorizar\"],\"inLanguage\":\"es\"},{\"@type\":\"WebPage\",\"@id\":\"https:\/\/www.icip.cat\/es\/la-violencia-de-genere-lassetjament-escolar-i-el-racisme-temes-centrals-dels-clips-guanyadors-del-v-concurs-de-hip-hop-per-la-pau\/\",\"url\":\"https:\/\/www.icip.cat\/es\/la-violencia-de-genere-lassetjament-escolar-i-el-racisme-temes-centrals-dels-clips-guanyadors-del-v-concurs-de-hip-hop-per-la-pau\/\",\"name\":\"La violencia de g\u00e9nero, el acoso escolar y el racismo, temas centrales de los clips ganadores del V Concurso de Hip-hop por la Paz - ICIP\",\"isPartOf\":{\"@id\":\"https:\/\/www.icip.cat\/ca\/#website\"},\"primaryImageOfPage\":{\"@id\":\"https:\/\/www.icip.cat\/es\/la-violencia-de-genere-lassetjament-escolar-i-el-racisme-temes-centrals-dels-clips-guanyadors-del-v-concurs-de-hip-hop-per-la-pau\/#primaryimage\"},\"image\":{\"@id\":\"https:\/\/www.icip.cat\/es\/la-violencia-de-genere-lassetjament-escolar-i-el-racisme-temes-centrals-dels-clips-guanyadors-del-v-concurs-de-hip-hop-per-la-pau\/#primaryimage\"},\"thumbnailUrl\":\"https:\/\/www.icip.cat\/wp-content\/uploads\/2021\/03\/hiphopV.png\",\"datePublished\":\"2021-03-15T09:42:28+00:00\",\"dateModified\":\"2021-03-15T09:52:31+00:00\",\"inLanguage\":\"es\",\"potentialAction\":[{\"@type\":\"ReadAction\",\"target\":[\"https:\/\/www.icip.cat\/es\/la-violencia-de-genere-lassetjament-escolar-i-el-racisme-temes-centrals-dels-clips-guanyadors-del-v-concurs-de-hip-hop-per-la-pau\/\"]}]},{\"@type\":\"ImageObject\",\"inLanguage\":\"es\",\"@id\":\"https:\/\/www.icip.cat\/es\/la-violencia-de-genere-lassetjament-escolar-i-el-racisme-temes-centrals-dels-clips-guanyadors-del-v-concurs-de-hip-hop-per-la-pau\/#primaryimage\",\"url\":\"https:\/\/www.icip.cat\/wp-content\/uploads\/2021\/03\/hiphopV.png\",\"contentUrl\":\"https:\/\/www.icip.cat\/wp-content\/uploads\/2021\/03\/hiphopV.png\",\"width\":578,\"height\":320},{\"@type\":\"WebSite\",\"@id\":\"https:\/\/www.icip.cat\/ca\/#website\",\"url\":\"https:\/\/www.icip.cat\/ca\/\",\"name\":\"ICIP\",\"description\":\"\",\"publisher\":{\"@id\":\"https:\/\/www.icip.cat\/ca\/#organization\"},\"potentialAction\":[{\"@type\":\"SearchAction\",\"target\":{\"@type\":\"EntryPoint\",\"urlTemplate\":\"https:\/\/www.icip.cat\/ca\/?s={search_term_string}\"},\"query-input\":{\"@type\":\"PropertyValueSpecification\",\"valueRequired\":true,\"valueName\":\"search_term_string\"}}],\"inLanguage\":\"es\"},{\"@type\":\"Organization\",\"@id\":\"https:\/\/www.icip.cat\/ca\/#organization\",\"name\":\"ICIP\",\"url\":\"https:\/\/www.icip.cat\/ca\/\",\"logo\":{\"@type\":\"ImageObject\",\"inLanguage\":\"es\",\"@id\":\"https:\/\/www.icip.cat\/ca\/#\/schema\/logo\/image\/\",\"url\":\"https:\/\/www.icip.cat\/wp-content\/uploads\/2021\/02\/logo-2.png\",\"contentUrl\":\"https:\/\/www.icip.cat\/wp-content\/uploads\/2021\/02\/logo-2.png\",\"width\":562,\"height\":391,\"caption\":\"ICIP\"},\"image\":{\"@id\":\"https:\/\/www.icip.cat\/ca\/#\/schema\/logo\/image\/\"}},{\"@type\":\"Person\",\"@id\":\"https:\/\/www.icip.cat\/ca\/#\/schema\/person\/ecaf8460603e6e32c80f3acbf4178fa6\",\"name\":\"Eugenia\",\"image\":{\"@type\":\"ImageObject\",\"inLanguage\":\"es\",\"@id\":\"https:\/\/www.icip.cat\/ca\/#\/schema\/person\/image\/\",\"url\":\"https:\/\/secure.gravatar.com\/avatar\/d30b42e0caf7d7c3d97196ad2e94636c7bb0cc353a49ec8660d01bc0ff98b480?s=96&d=mm&r=g\",\"contentUrl\":\"https:\/\/secure.gravatar.com\/avatar\/d30b42e0caf7d7c3d97196ad2e94636c7bb0cc353a49ec8660d01bc0ff98b480?s=96&d=mm&r=g\",\"caption\":\"Eugenia\"},\"url\":\"https:\/\/www.icip.cat\/es\/author\/eugenia\/\"}]}<\/script>\n<!-- \/ Yoast SEO plugin. -->","yoast_head_json":{"title":"La violencia de g\u00e9nero, el acoso escolar y el racismo, temas centrales de los clips ganadores del V Concurso de Hip-hop por la Paz - ICIP","robots":{"index":"index","follow":"follow","max-snippet":"max-snippet:-1","max-image-preview":"max-image-preview:large","max-video-preview":"max-video-preview:-1"},"canonical":"https:\/\/www.icip.cat\/es\/la-violencia-de-genere-lassetjament-escolar-i-el-racisme-temes-centrals-dels-clips-guanyadors-del-v-concurs-de-hip-hop-per-la-pau\/","og_locale":"es_ES","og_type":"article","og_title":"La violencia de g\u00e9nero, el acoso escolar y el racismo, temas centrales de los clips ganadores del V Concurso de Hip-hop por la Paz - ICIP","og_description":"El jurado de la quinta edici\u00f3n del Concurso ICIP de Hip-Hop por la Paz ha hecho p\u00fablico este mes de marzo el veredicto del certamen, que tiene como objetivo fomentar la creatividad y dar visibilidad al compromiso del j\u00f3venes en el \u00e1mbito de la paz. En esta ocasi\u00f3n las obras premiadas abordan tem\u00e1ticas como la [&hellip;]","og_url":"https:\/\/www.icip.cat\/es\/la-violencia-de-genere-lassetjament-escolar-i-el-racisme-temes-centrals-dels-clips-guanyadors-del-v-concurs-de-hip-hop-per-la-pau\/","og_site_name":"ICIP","article_published_time":"2021-03-15T09:42:28+00:00","article_modified_time":"2021-03-15T09:52:31+00:00","og_image":[{"width":578,"height":320,"url":"https:\/\/www.icip.cat\/wp-content\/uploads\/2021\/03\/hiphopV.png","type":"image\/png"}],"author":"Eugenia","twitter_card":"summary_large_image","twitter_image":"http:\/\/www.icip.cat\/wp-content\/uploads\/2021\/03\/hiphopV.png","twitter_misc":{"Escrito por":"Eugenia","Tiempo de lectura":"2 minutos"},"schema":{"@context":"https:\/\/schema.org","@graph":[{"@type":"Article","@id":"https:\/\/www.icip.cat\/es\/la-violencia-de-genere-lassetjament-escolar-i-el-racisme-temes-centrals-dels-clips-guanyadors-del-v-concurs-de-hip-hop-per-la-pau\/#article","isPartOf":{"@id":"https:\/\/www.icip.cat\/es\/la-violencia-de-genere-lassetjament-escolar-i-el-racisme-temes-centrals-dels-clips-guanyadors-del-v-concurs-de-hip-hop-per-la-pau\/"},"author":{"name":"Eugenia","@id":"https:\/\/www.icip.cat\/ca\/#\/schema\/person\/ecaf8460603e6e32c80f3acbf4178fa6"},"headline":"La violencia de g\u00e9nero, el acoso escolar y el racismo, temas centrales de los clips ganadores del V Concurso de Hip-hop por la Paz","datePublished":"2021-03-15T09:42:28+00:00","dateModified":"2021-03-15T09:52:31+00:00","mainEntityOfPage":{"@id":"https:\/\/www.icip.cat\/es\/la-violencia-de-genere-lassetjament-escolar-i-el-racisme-temes-centrals-dels-clips-guanyadors-del-v-concurs-de-hip-hop-per-la-pau\/"},"wordCount":481,"commentCount":0,"publisher":{"@id":"https:\/\/www.icip.cat\/ca\/#organization"},"image":{"@id":"https:\/\/www.icip.cat\/es\/la-violencia-de-genere-lassetjament-escolar-i-el-racisme-temes-centrals-dels-clips-guanyadors-del-v-concurs-de-hip-hop-per-la-pau\/#primaryimage"},"thumbnailUrl":"https:\/\/www.icip.cat\/wp-content\/uploads\/2021\/03\/hiphopV.png","articleSection":["Sin categorizar"],"inLanguage":"es"},{"@type":"WebPage","@id":"https:\/\/www.icip.cat\/es\/la-violencia-de-genere-lassetjament-escolar-i-el-racisme-temes-centrals-dels-clips-guanyadors-del-v-concurs-de-hip-hop-per-la-pau\/","url":"https:\/\/www.icip.cat\/es\/la-violencia-de-genere-lassetjament-escolar-i-el-racisme-temes-centrals-dels-clips-guanyadors-del-v-concurs-de-hip-hop-per-la-pau\/","name":"La violencia de g\u00e9nero, el acoso escolar y el racismo, temas centrales de los clips ganadores del V Concurso de Hip-hop por la Paz - ICIP","isPartOf":{"@id":"https:\/\/www.icip.cat\/ca\/#website"},"primaryImageOfPage":{"@id":"https:\/\/www.icip.cat\/es\/la-violencia-de-genere-lassetjament-escolar-i-el-racisme-temes-centrals-dels-clips-guanyadors-del-v-concurs-de-hip-hop-per-la-pau\/#primaryimage"},"image":{"@id":"https:\/\/www.icip.cat\/es\/la-violencia-de-genere-lassetjament-escolar-i-el-racisme-temes-centrals-dels-clips-guanyadors-del-v-concurs-de-hip-hop-per-la-pau\/#primaryimage"},"thumbnailUrl":"https:\/\/www.icip.cat\/wp-content\/uploads\/2021\/03\/hiphopV.png","datePublished":"2021-03-15T09:42:28+00:00","dateModified":"2021-03-15T09:52:31+00:00","inLanguage":"es","potentialAction":[{"@type":"ReadAction","target":["https:\/\/www.icip.cat\/es\/la-violencia-de-genere-lassetjament-escolar-i-el-racisme-temes-centrals-dels-clips-guanyadors-del-v-concurs-de-hip-hop-per-la-pau\/"]}]},{"@type":"ImageObject","inLanguage":"es","@id":"https:\/\/www.icip.cat\/es\/la-violencia-de-genere-lassetjament-escolar-i-el-racisme-temes-centrals-dels-clips-guanyadors-del-v-concurs-de-hip-hop-per-la-pau\/#primaryimage","url":"https:\/\/www.icip.cat\/wp-content\/uploads\/2021\/03\/hiphopV.png","contentUrl":"https:\/\/www.icip.cat\/wp-content\/uploads\/2021\/03\/hiphopV.png","width":578,"height":320},{"@type":"WebSite","@id":"https:\/\/www.icip.cat\/ca\/#website","url":"https:\/\/www.icip.cat\/ca\/","name":"ICIP","description":"","publisher":{"@id":"https:\/\/www.icip.cat\/ca\/#organization"},"potentialAction":[{"@type":"SearchAction","target":{"@type":"EntryPoint","urlTemplate":"https:\/\/www.icip.cat\/ca\/?s={search_term_string}"},"query-input":{"@type":"PropertyValueSpecification","valueRequired":true,"valueName":"search_term_string"}}],"inLanguage":"es"},{"@type":"Organization","@id":"https:\/\/www.icip.cat\/ca\/#organization","name":"ICIP","url":"https:\/\/www.icip.cat\/ca\/","logo":{"@type":"ImageObject","inLanguage":"es","@id":"https:\/\/www.icip.cat\/ca\/#\/schema\/logo\/image\/","url":"https:\/\/www.icip.cat\/wp-content\/uploads\/2021\/02\/logo-2.png","contentUrl":"https:\/\/www.icip.cat\/wp-content\/uploads\/2021\/02\/logo-2.png","width":562,"height":391,"caption":"ICIP"},"image":{"@id":"https:\/\/www.icip.cat\/ca\/#\/schema\/logo\/image\/"}},{"@type":"Person","@id":"https:\/\/www.icip.cat\/ca\/#\/schema\/person\/ecaf8460603e6e32c80f3acbf4178fa6","name":"Eugenia","image":{"@type":"ImageObject","inLanguage":"es","@id":"https:\/\/www.icip.cat\/ca\/#\/schema\/person\/image\/","url":"https:\/\/secure.gravatar.com\/avatar\/d30b42e0caf7d7c3d97196ad2e94636c7bb0cc353a49ec8660d01bc0ff98b480?s=96&d=mm&r=g","contentUrl":"https:\/\/secure.gravatar.com\/avatar\/d30b42e0caf7d7c3d97196ad2e94636c7bb0cc353a49ec8660d01bc0ff98b480?s=96&d=mm&r=g","caption":"Eugenia"},"url":"https:\/\/www.icip.cat\/es\/author\/eugenia\/"}]}},"_links":{"self":[{"href":"https:\/\/www.icip.cat\/es\/wp-json\/wp\/v2\/posts\/17800","targetHints":{"allow":["GET"]}}],"collection":[{"href":"https:\/\/www.icip.cat\/es\/wp-json\/wp\/v2\/posts"}],"about":[{"href":"https:\/\/www.icip.cat\/es\/wp-json\/wp\/v2\/types\/post"}],"author":[{"embeddable":true,"href":"https:\/\/www.icip.cat\/es\/wp-json\/wp\/v2\/users\/2"}],"replies":[{"embeddable":true,"href":"https:\/\/www.icip.cat\/es\/wp-json\/wp\/v2\/comments?post=17800"}],"version-history":[{"count":4,"href":"https:\/\/www.icip.cat\/es\/wp-json\/wp\/v2\/posts\/17800\/revisions"}],"predecessor-version":[{"id":17807,"href":"https:\/\/www.icip.cat\/es\/wp-json\/wp\/v2\/posts\/17800\/revisions\/17807"}],"wp:featuredmedia":[{"embeddable":true,"href":"https:\/\/www.icip.cat\/es\/wp-json\/wp\/v2\/media\/17641"}],"wp:attachment":[{"href":"https:\/\/www.icip.cat\/es\/wp-json\/wp\/v2\/media?parent=17800"}],"wp:term":[{"taxonomy":"category","embeddable":true,"href":"https:\/\/www.icip.cat\/es\/wp-json\/wp\/v2\/categories?post=17800"},{"taxonomy":"post_tag","embeddable":true,"href":"https:\/\/www.icip.cat\/es\/wp-json\/wp\/v2\/tags?post=17800"}],"curies":[{"name":"wp","href":"https:\/\/api.w.org\/{rel}","templated":true}]}}