{"id":18124,"date":"2021-04-07T09:59:04","date_gmt":"2021-04-07T09:59:04","guid":{"rendered":"http:\/\/www.icip.cat\/?p=18124"},"modified":"2021-04-07T10:00:10","modified_gmt":"2021-04-07T10:00:10","slug":"hasta-siempre-arcadi","status":"publish","type":"post","link":"https:\/\/www.icip.cat\/es\/hasta-siempre-arcadi\/","title":{"rendered":"Hasta siempre, Arcadi"},"content":{"rendered":"\n<p>El equipo humano y la Junta de Gobierno del\u00a0ICIP expresamos nuestro m\u00e1s sincero p\u00e9same\u00a0por\u00a0la muerte del amigo\u00a0Arcadi Oliveres, maestro y referente indiscutible\u00a0para\u00a0todo el movimiento pacifista en Catalu\u00f1a.<\/p>\n\n\n\n<p>Arcadi\u00a0nos ha acompa\u00f1ado desde que el\u00a0ICIP empez\u00f3 a\u00a0caminar\u00a0en el a\u00f1o 2009. E incluso antes, ya que fue uno de los promotores de la creaci\u00f3n del Instituto. Estuvo estrechamente vinculado sobre todo los primeros a\u00f1os de funcionamiento, como miembro de la primera Junta de Gobierno, para definir la hoja de ruta para promover la cultura de paz, en Catalu\u00f1a y en el mundo.<\/p>\n\n\n\n<p>Coherente, radical en las ideas y pr\u00f3ximo en las formas, Arcadi\u00a0ha sido una persona de paz. Nunca ha tenido uno no por respuesta y siempre ha defendido todas las causas que ha sabido que supon\u00edan una mayor humanizaci\u00f3n, una mayor justicia social: la lucha contra el comercio de armas o contra la deuda externa de los pa\u00edses empobrecidos, la objeci\u00f3n de conciencia al servicio militar obligatorio, la objeci\u00f3n fiscal, la lucha contra las desigualdades, las injusticias y las guerras en general.<\/p>\n\n\n\n<p>Una trayectoria de justicia y de paz que el\u00a0ICIP\u00a0le reconoci\u00f3 el a\u00f1o 2017 con el <a href=\"http:\/\/www.icip.cat\/es\/arcadi-oliveres-premio-icip-constructores-de-paz-2017\/\">Premio\u00a0ICIP Constructores de\u00a0Paz<\/a>\u00a0\u201cpor su compromiso e incansable dedicaci\u00f3n con la promoci\u00f3n de paz, la justicia social, los derechos humanos y el desarme, desde un punto de vista universal.\u201d<\/p>\n\n\n\n<p>Arcadi\u00a0nos deja un legado inmenso, como inmensa ser\u00e1 su ausencia.<\/p>\n\n\n\n<p>Como dec\u00eda el activista y periodista\u00a0David Fern\u00e0ndez en la glosa que escribi\u00f3 con motivo del Premio\u00a0ICIP: \u201cTodas y todos somos\u00a0Arcadi\u00a0(o qu\u00e9 m\u00e1s querr\u00edamos)\u201d.<\/p>\n\n\n\n<p>Descansa en paz,&nbsp;Arcadi.<\/p>\n","protected":false},"excerpt":{"rendered":"<p>El equipo humano y la Junta de Gobierno del\u00a0ICIP expresamos nuestro m\u00e1s sincero p\u00e9same\u00a0por\u00a0la muerte del amigo\u00a0Arcadi Oliveres, maestro y referente indiscutible\u00a0para\u00a0todo el movimiento pacifista en Catalu\u00f1a. Arcadi\u00a0nos ha acompa\u00f1ado desde que el\u00a0ICIP empez\u00f3 a\u00a0caminar\u00a0en el a\u00f1o 2009. E incluso antes, ya que fue uno de los promotores de la creaci\u00f3n del Instituto. Estuvo estrechamente [&hellip;]<\/p>\n","protected":false},"author":2,"featured_media":18116,"comment_status":"open","ping_status":"open","sticky":false,"template":"","format":"standard","meta":{"_acf_changed":false,"footnotes":""},"categories":[5],"tags":[],"class_list":["post-18124","post","type-post","status-publish","format-standard","has-post-thumbnail","hentry","category-sin-categorizar"],"acf":[],"yoast_head":"<!-- This site is optimized with the Yoast SEO plugin v25.6 - https:\/\/yoast.com\/wordpress\/plugins\/seo\/ -->\n<title>Hasta siempre, Arcadi - ICIP<\/title>\n<meta name=\"robots\" content=\"index, follow, max-snippet:-1, max-image-preview:large, max-video-preview:-1\" \/>\n<link rel=\"canonical\" href=\"https:\/\/www.icip.cat\/es\/hasta-siempre-arcadi\/\" \/>\n<meta property=\"og:locale\" content=\"es_ES\" \/>\n<meta property=\"og:type\" content=\"article\" \/>\n<meta property=\"og:title\" content=\"Hasta siempre, Arcadi - ICIP\" \/>\n<meta property=\"og:description\" content=\"El equipo humano y la Junta de Gobierno del\u00a0ICIP expresamos nuestro m\u00e1s sincero p\u00e9same\u00a0por\u00a0la muerte del amigo\u00a0Arcadi Oliveres, maestro y referente indiscutible\u00a0para\u00a0todo el movimiento pacifista en Catalu\u00f1a. Arcadi\u00a0nos ha acompa\u00f1ado desde que el\u00a0ICIP empez\u00f3 a\u00a0caminar\u00a0en el a\u00f1o 2009. E incluso antes, ya que fue uno de los promotores de la creaci\u00f3n del Instituto. Estuvo estrechamente [&hellip;]\" \/>\n<meta property=\"og:url\" content=\"https:\/\/www.icip.cat\/es\/hasta-siempre-arcadi\/\" \/>\n<meta property=\"og:site_name\" content=\"ICIP\" \/>\n<meta property=\"article:published_time\" content=\"2021-04-07T09:59:04+00:00\" \/>\n<meta property=\"article:modified_time\" content=\"2021-04-07T10:00:10+00:00\" \/>\n<meta property=\"og:image\" content=\"https:\/\/www.icip.cat\/wp-content\/uploads\/2021\/04\/arcadi.png\" \/>\n\t<meta property=\"og:image:width\" content=\"590\" \/>\n\t<meta property=\"og:image:height\" content=\"334\" \/>\n\t<meta property=\"og:image:type\" content=\"image\/png\" \/>\n<meta name=\"author\" content=\"Eugenia\" \/>\n<meta name=\"twitter:card\" content=\"summary_large_image\" \/>\n<meta name=\"twitter:label1\" content=\"Escrito por\" \/>\n\t<meta name=\"twitter:data1\" content=\"Eugenia\" \/>\n\t<meta name=\"twitter:label2\" content=\"Tiempo de lectura\" \/>\n\t<meta name=\"twitter:data2\" content=\"2 minutos\" \/>\n<script type=\"application\/ld+json\" class=\"yoast-schema-graph\">{\"@context\":\"https:\/\/schema.org\",\"@graph\":[{\"@type\":\"Article\",\"@id\":\"https:\/\/www.icip.cat\/es\/hasta-siempre-arcadi\/#article\",\"isPartOf\":{\"@id\":\"https:\/\/www.icip.cat\/es\/hasta-siempre-arcadi\/\"},\"author\":{\"name\":\"Eugenia\",\"@id\":\"https:\/\/www.icip.cat\/ca\/#\/schema\/person\/ecaf8460603e6e32c80f3acbf4178fa6\"},\"headline\":\"Hasta siempre, Arcadi\",\"datePublished\":\"2021-04-07T09:59:04+00:00\",\"dateModified\":\"2021-04-07T10:00:10+00:00\",\"mainEntityOfPage\":{\"@id\":\"https:\/\/www.icip.cat\/es\/hasta-siempre-arcadi\/\"},\"wordCount\":294,\"commentCount\":0,\"publisher\":{\"@id\":\"https:\/\/www.icip.cat\/ca\/#organization\"},\"image\":{\"@id\":\"https:\/\/www.icip.cat\/es\/hasta-siempre-arcadi\/#primaryimage\"},\"thumbnailUrl\":\"https:\/\/www.icip.cat\/wp-content\/uploads\/2021\/04\/arcadi.png\",\"articleSection\":[\"Sin categorizar\"],\"inLanguage\":\"es\"},{\"@type\":\"WebPage\",\"@id\":\"https:\/\/www.icip.cat\/es\/hasta-siempre-arcadi\/\",\"url\":\"https:\/\/www.icip.cat\/es\/hasta-siempre-arcadi\/\",\"name\":\"Hasta siempre, Arcadi - ICIP\",\"isPartOf\":{\"@id\":\"https:\/\/www.icip.cat\/ca\/#website\"},\"primaryImageOfPage\":{\"@id\":\"https:\/\/www.icip.cat\/es\/hasta-siempre-arcadi\/#primaryimage\"},\"image\":{\"@id\":\"https:\/\/www.icip.cat\/es\/hasta-siempre-arcadi\/#primaryimage\"},\"thumbnailUrl\":\"https:\/\/www.icip.cat\/wp-content\/uploads\/2021\/04\/arcadi.png\",\"datePublished\":\"2021-04-07T09:59:04+00:00\",\"dateModified\":\"2021-04-07T10:00:10+00:00\",\"inLanguage\":\"es\",\"potentialAction\":[{\"@type\":\"ReadAction\",\"target\":[\"https:\/\/www.icip.cat\/es\/hasta-siempre-arcadi\/\"]}]},{\"@type\":\"ImageObject\",\"inLanguage\":\"es\",\"@id\":\"https:\/\/www.icip.cat\/es\/hasta-siempre-arcadi\/#primaryimage\",\"url\":\"https:\/\/www.icip.cat\/wp-content\/uploads\/2021\/04\/arcadi.png\",\"contentUrl\":\"https:\/\/www.icip.cat\/wp-content\/uploads\/2021\/04\/arcadi.png\",\"width\":590,\"height\":334},{\"@type\":\"WebSite\",\"@id\":\"https:\/\/www.icip.cat\/ca\/#website\",\"url\":\"https:\/\/www.icip.cat\/ca\/\",\"name\":\"ICIP\",\"description\":\"\",\"publisher\":{\"@id\":\"https:\/\/www.icip.cat\/ca\/#organization\"},\"potentialAction\":[{\"@type\":\"SearchAction\",\"target\":{\"@type\":\"EntryPoint\",\"urlTemplate\":\"https:\/\/www.icip.cat\/ca\/?s={search_term_string}\"},\"query-input\":{\"@type\":\"PropertyValueSpecification\",\"valueRequired\":true,\"valueName\":\"search_term_string\"}}],\"inLanguage\":\"es\"},{\"@type\":\"Organization\",\"@id\":\"https:\/\/www.icip.cat\/ca\/#organization\",\"name\":\"ICIP\",\"url\":\"https:\/\/www.icip.cat\/ca\/\",\"logo\":{\"@type\":\"ImageObject\",\"inLanguage\":\"es\",\"@id\":\"https:\/\/www.icip.cat\/ca\/#\/schema\/logo\/image\/\",\"url\":\"https:\/\/www.icip.cat\/wp-content\/uploads\/2021\/02\/logo-2.png\",\"contentUrl\":\"https:\/\/www.icip.cat\/wp-content\/uploads\/2021\/02\/logo-2.png\",\"width\":562,\"height\":391,\"caption\":\"ICIP\"},\"image\":{\"@id\":\"https:\/\/www.icip.cat\/ca\/#\/schema\/logo\/image\/\"}},{\"@type\":\"Person\",\"@id\":\"https:\/\/www.icip.cat\/ca\/#\/schema\/person\/ecaf8460603e6e32c80f3acbf4178fa6\",\"name\":\"Eugenia\",\"image\":{\"@type\":\"ImageObject\",\"inLanguage\":\"es\",\"@id\":\"https:\/\/www.icip.cat\/ca\/#\/schema\/person\/image\/\",\"url\":\"https:\/\/secure.gravatar.com\/avatar\/d30b42e0caf7d7c3d97196ad2e94636c7bb0cc353a49ec8660d01bc0ff98b480?s=96&d=mm&r=g\",\"contentUrl\":\"https:\/\/secure.gravatar.com\/avatar\/d30b42e0caf7d7c3d97196ad2e94636c7bb0cc353a49ec8660d01bc0ff98b480?s=96&d=mm&r=g\",\"caption\":\"Eugenia\"},\"url\":\"https:\/\/www.icip.cat\/es\/author\/eugenia\/\"}]}<\/script>\n<!-- \/ Yoast SEO plugin. -->","yoast_head_json":{"title":"Hasta siempre, Arcadi - ICIP","robots":{"index":"index","follow":"follow","max-snippet":"max-snippet:-1","max-image-preview":"max-image-preview:large","max-video-preview":"max-video-preview:-1"},"canonical":"https:\/\/www.icip.cat\/es\/hasta-siempre-arcadi\/","og_locale":"es_ES","og_type":"article","og_title":"Hasta siempre, Arcadi - ICIP","og_description":"El equipo humano y la Junta de Gobierno del\u00a0ICIP expresamos nuestro m\u00e1s sincero p\u00e9same\u00a0por\u00a0la muerte del amigo\u00a0Arcadi Oliveres, maestro y referente indiscutible\u00a0para\u00a0todo el movimiento pacifista en Catalu\u00f1a. Arcadi\u00a0nos ha acompa\u00f1ado desde que el\u00a0ICIP empez\u00f3 a\u00a0caminar\u00a0en el a\u00f1o 2009. E incluso antes, ya que fue uno de los promotores de la creaci\u00f3n del Instituto. Estuvo estrechamente [&hellip;]","og_url":"https:\/\/www.icip.cat\/es\/hasta-siempre-arcadi\/","og_site_name":"ICIP","article_published_time":"2021-04-07T09:59:04+00:00","article_modified_time":"2021-04-07T10:00:10+00:00","og_image":[{"width":590,"height":334,"url":"https:\/\/www.icip.cat\/wp-content\/uploads\/2021\/04\/arcadi.png","type":"image\/png"}],"author":"Eugenia","twitter_card":"summary_large_image","twitter_misc":{"Escrito por":"Eugenia","Tiempo de lectura":"2 minutos"},"schema":{"@context":"https:\/\/schema.org","@graph":[{"@type":"Article","@id":"https:\/\/www.icip.cat\/es\/hasta-siempre-arcadi\/#article","isPartOf":{"@id":"https:\/\/www.icip.cat\/es\/hasta-siempre-arcadi\/"},"author":{"name":"Eugenia","@id":"https:\/\/www.icip.cat\/ca\/#\/schema\/person\/ecaf8460603e6e32c80f3acbf4178fa6"},"headline":"Hasta siempre, Arcadi","datePublished":"2021-04-07T09:59:04+00:00","dateModified":"2021-04-07T10:00:10+00:00","mainEntityOfPage":{"@id":"https:\/\/www.icip.cat\/es\/hasta-siempre-arcadi\/"},"wordCount":294,"commentCount":0,"publisher":{"@id":"https:\/\/www.icip.cat\/ca\/#organization"},"image":{"@id":"https:\/\/www.icip.cat\/es\/hasta-siempre-arcadi\/#primaryimage"},"thumbnailUrl":"https:\/\/www.icip.cat\/wp-content\/uploads\/2021\/04\/arcadi.png","articleSection":["Sin categorizar"],"inLanguage":"es"},{"@type":"WebPage","@id":"https:\/\/www.icip.cat\/es\/hasta-siempre-arcadi\/","url":"https:\/\/www.icip.cat\/es\/hasta-siempre-arcadi\/","name":"Hasta siempre, Arcadi - ICIP","isPartOf":{"@id":"https:\/\/www.icip.cat\/ca\/#website"},"primaryImageOfPage":{"@id":"https:\/\/www.icip.cat\/es\/hasta-siempre-arcadi\/#primaryimage"},"image":{"@id":"https:\/\/www.icip.cat\/es\/hasta-siempre-arcadi\/#primaryimage"},"thumbnailUrl":"https:\/\/www.icip.cat\/wp-content\/uploads\/2021\/04\/arcadi.png","datePublished":"2021-04-07T09:59:04+00:00","dateModified":"2021-04-07T10:00:10+00:00","inLanguage":"es","potentialAction":[{"@type":"ReadAction","target":["https:\/\/www.icip.cat\/es\/hasta-siempre-arcadi\/"]}]},{"@type":"ImageObject","inLanguage":"es","@id":"https:\/\/www.icip.cat\/es\/hasta-siempre-arcadi\/#primaryimage","url":"https:\/\/www.icip.cat\/wp-content\/uploads\/2021\/04\/arcadi.png","contentUrl":"https:\/\/www.icip.cat\/wp-content\/uploads\/2021\/04\/arcadi.png","width":590,"height":334},{"@type":"WebSite","@id":"https:\/\/www.icip.cat\/ca\/#website","url":"https:\/\/www.icip.cat\/ca\/","name":"ICIP","description":"","publisher":{"@id":"https:\/\/www.icip.cat\/ca\/#organization"},"potentialAction":[{"@type":"SearchAction","target":{"@type":"EntryPoint","urlTemplate":"https:\/\/www.icip.cat\/ca\/?s={search_term_string}"},"query-input":{"@type":"PropertyValueSpecification","valueRequired":true,"valueName":"search_term_string"}}],"inLanguage":"es"},{"@type":"Organization","@id":"https:\/\/www.icip.cat\/ca\/#organization","name":"ICIP","url":"https:\/\/www.icip.cat\/ca\/","logo":{"@type":"ImageObject","inLanguage":"es","@id":"https:\/\/www.icip.cat\/ca\/#\/schema\/logo\/image\/","url":"https:\/\/www.icip.cat\/wp-content\/uploads\/2021\/02\/logo-2.png","contentUrl":"https:\/\/www.icip.cat\/wp-content\/uploads\/2021\/02\/logo-2.png","width":562,"height":391,"caption":"ICIP"},"image":{"@id":"https:\/\/www.icip.cat\/ca\/#\/schema\/logo\/image\/"}},{"@type":"Person","@id":"https:\/\/www.icip.cat\/ca\/#\/schema\/person\/ecaf8460603e6e32c80f3acbf4178fa6","name":"Eugenia","image":{"@type":"ImageObject","inLanguage":"es","@id":"https:\/\/www.icip.cat\/ca\/#\/schema\/person\/image\/","url":"https:\/\/secure.gravatar.com\/avatar\/d30b42e0caf7d7c3d97196ad2e94636c7bb0cc353a49ec8660d01bc0ff98b480?s=96&d=mm&r=g","contentUrl":"https:\/\/secure.gravatar.com\/avatar\/d30b42e0caf7d7c3d97196ad2e94636c7bb0cc353a49ec8660d01bc0ff98b480?s=96&d=mm&r=g","caption":"Eugenia"},"url":"https:\/\/www.icip.cat\/es\/author\/eugenia\/"}]}},"_links":{"self":[{"href":"https:\/\/www.icip.cat\/es\/wp-json\/wp\/v2\/posts\/18124","targetHints":{"allow":["GET"]}}],"collection":[{"href":"https:\/\/www.icip.cat\/es\/wp-json\/wp\/v2\/posts"}],"about":[{"href":"https:\/\/www.icip.cat\/es\/wp-json\/wp\/v2\/types\/post"}],"author":[{"embeddable":true,"href":"https:\/\/www.icip.cat\/es\/wp-json\/wp\/v2\/users\/2"}],"replies":[{"embeddable":true,"href":"https:\/\/www.icip.cat\/es\/wp-json\/wp\/v2\/comments?post=18124"}],"version-history":[{"count":3,"href":"https:\/\/www.icip.cat\/es\/wp-json\/wp\/v2\/posts\/18124\/revisions"}],"predecessor-version":[{"id":18127,"href":"https:\/\/www.icip.cat\/es\/wp-json\/wp\/v2\/posts\/18124\/revisions\/18127"}],"wp:featuredmedia":[{"embeddable":true,"href":"https:\/\/www.icip.cat\/es\/wp-json\/wp\/v2\/media\/18116"}],"wp:attachment":[{"href":"https:\/\/www.icip.cat\/es\/wp-json\/wp\/v2\/media?parent=18124"}],"wp:term":[{"taxonomy":"category","embeddable":true,"href":"https:\/\/www.icip.cat\/es\/wp-json\/wp\/v2\/categories?post=18124"},{"taxonomy":"post_tag","embeddable":true,"href":"https:\/\/www.icip.cat\/es\/wp-json\/wp\/v2\/tags?post=18124"}],"curies":[{"name":"wp","href":"https:\/\/api.w.org\/{rel}","templated":true}]}}