{"id":18691,"date":"2021-05-06T13:09:10","date_gmt":"2021-05-06T13:09:10","guid":{"rendered":"http:\/\/www.icip.cat\/projecte-ensamble-liberarte-del-salvador-la-musica-com-a-cami-dintegracio-i-reconciliacio\/"},"modified":"2021-05-06T13:18:42","modified_gmt":"2021-05-06T13:18:42","slug":"projecte-ensamble-liberarte-del-salvador-la-musica-com-a-cami-dintegracio-i-reconciliacio","status":"publish","type":"post","link":"https:\/\/www.icip.cat\/es\/projecte-ensamble-liberarte-del-salvador-la-musica-com-a-cami-dintegracio-i-reconciliacio\/","title":{"rendered":"Proyecto Ensamble LiberArte de El Salvador: la m\u00fasica como camino de integraci\u00f3n y reconciliaci\u00f3n"},"content":{"rendered":"\n<p>El\u00a0ICIP\u00a0ha promovido este martes 4 de mayo un encuentro con las integrantes y promotoras del proyecto musical\u00a0<strong>Ensamble LiberARTE<\/strong>\u00a0de El Salvador coincidiendo con la gira que el grupo hace por Catalu\u00f1a. Se trata de una iniciativa de acompa\u00f1amiento integral a chicas j\u00f3venes que se encuentran en situaci\u00f3n de alta vulnerabilidad despu\u00e9s de haber sido internas en centros penitenciarios. J\u00f3venes que ahora forman una orquesta y que a trav\u00e9s de la m\u00fasica han emprendido un proyecto de vida, de integraci\u00f3n y de reconciliaci\u00f3n alejado de las violencias.<\/p>\n\n\n\n<p>El proyecto lo impulsa la asociaci\u00f3n\u00a0Tiempos Nuevos Teatro\u00a0(TNT) de El Salvador, que ofrece a las j\u00f3venes participantes atenci\u00f3n psico-social, educativa, laboral, art\u00edstica, de salud y, cuando se requiere atenci\u00f3n jur\u00eddica. La asociaci\u00f3n ha organizado la gira de conciertos por Catalu\u00f1a \u201cVamos caminando\u201d en colaboraci\u00f3n con la asociaci\u00f3n\u00a0Huacal.<\/p>\n\n\n\n<p>En este contexto, el\u00a0ICIP\u00a0ha invitado a las integrantes de\u00a0Ensamble LiberArte\u00a0a participar en una sesi\u00f3n online, coorganizada conjuntamente con la Agencia Catalana de Cooperaci\u00f3n al Desarrollo y la Agencia Catalana de Juventud. En el acto, dos integrantes del grupo de cuerda,\u00a0Karina\u00a0y\u00a0Brenda, han explicado su experiencia personal, su paso de la prisi\u00f3n en el grupo donde ahora tocan el violonchelo y el viol\u00edn, respectivamente. Por su parte,\u00a0Candy Ch\u00e1vez, de la asociaci\u00f3n\u00a0TNT,\u00a0ha explicado que el proyecto\u00a0Ensamble LiberArte\u00a0\u201ces un puente que permite a la juventud en exclusi\u00f3n conectarse hacia otras realidades, a trav\u00e9s de la m\u00fasica.\u201d<\/p>\n\n\n\n<h4 class=\"wp-block-heading\">Gira de conciertos de Ensamble LiberArte en Catalu\u00f1a<\/h4>\n\n\n\n<p><strong>5 de mayo, 13h<\/strong> &#8211; Parroquia de Santa Anna. Barcelona<\/p>\n\n\n\n<p><strong>7 de mayo, 19h<\/strong> -Centre Rubirenc d&#8217;Alternatives Culturals. Rub\u00ed.<\/p>\n\n\n\n<p><strong>8 de mayo, 12h<\/strong> &#8211; Concierto en Espai Basset d&#8217;Hostafrancs. Barcelona.<\/p>\n\n\n\n<p><strong>9 de mayo, 19h<\/strong> &#8211; Concierto en el casal El Foment. Igualada.<\/p>\n\n\n\n<p><strong>10 de mayo, 18h<\/strong> &#8211; Biblioteca Antoni Comas. Matar\u00f3.<\/p>\n\n\n\n<p><strong>11 de mayo, 19h<\/strong> &#8211; Debate Ensamble LiberArte: M\u00fasica para vivir en libertad y con dignidad hacer un Salvador sin violencias\u00bb. Ateneu Roig. Barcelona.<\/p>\n\n\n\n<p><strong>13 de mayo, 11h<\/strong> &#8211; Debate con j\u00f3venes del Institut Pla de les Moreres. Vilanova del Cam\u00ed.<\/p>\n\n\n\n<p><strong>13 de mayo, 17h<\/strong> &#8211; Intercambio musical con la Escola Municipal de M\u00fasica de Igualada.<\/p>\n\n\n\n<p><strong>14 de mayo, 10h<\/strong> &#8211; Transgang Training Seminar UPF. Barcelona.<\/p>\n\n\n\n<p><strong>14 de mayo, 20h<\/strong> &#8211; Concierto en el Orfer\u00f3 Lleidat\u00e0. Lleida.<\/p>\n\n\n\n<p><strong>15 de mayo, 13h<\/strong> &#8211; Concierto en la Escola Amparo Casamalhuapa. <a href=\"https:\/\/www.youtube.com\/channel\/UC7jF5PPuNkil_H2lSeiUOpA\">Youtube<\/a>.<\/p>\n\n\n\n<p><strong>16 de mayo, 19h<\/strong> &#8211; Concierto en el Teatro Plaza. Caselldefels.<\/p>\n\n\n\n<p><strong>17 de mayo<\/strong> &#8211; Encuentro con el Consell Municipal de Pau i Solidaritat. Castelldefels.<\/p>\n","protected":false},"excerpt":{"rendered":"<p>El\u00a0ICIP\u00a0ha promovido este martes 4 de mayo un encuentro con las integrantes y promotoras del proyecto musical\u00a0Ensamble LiberARTE\u00a0de El Salvador coincidiendo con la gira que el grupo hace por Catalu\u00f1a. Se trata de una iniciativa de acompa\u00f1amiento integral a chicas j\u00f3venes que se encuentran en situaci\u00f3n de alta vulnerabilidad despu\u00e9s de haber sido internas en [&hellip;]<\/p>\n","protected":false},"author":2,"featured_media":18688,"comment_status":"open","ping_status":"open","sticky":false,"template":"","format":"standard","meta":{"_acf_changed":false,"footnotes":""},"categories":[5],"tags":[],"class_list":["post-18691","post","type-post","status-publish","format-standard","has-post-thumbnail","hentry","category-sin-categorizar"],"acf":[],"yoast_head":"<!-- This site is optimized with the Yoast SEO plugin v25.6 - https:\/\/yoast.com\/wordpress\/plugins\/seo\/ -->\n<title>Proyecto Ensamble LiberArte de El Salvador: la m\u00fasica como camino de integraci\u00f3n y reconciliaci\u00f3n - ICIP<\/title>\n<meta name=\"robots\" content=\"index, follow, max-snippet:-1, max-image-preview:large, max-video-preview:-1\" \/>\n<link rel=\"canonical\" href=\"https:\/\/www.icip.cat\/es\/projecte-ensamble-liberarte-del-salvador-la-musica-com-a-cami-dintegracio-i-reconciliacio\/\" \/>\n<meta property=\"og:locale\" content=\"es_ES\" \/>\n<meta property=\"og:type\" content=\"article\" \/>\n<meta property=\"og:title\" content=\"Proyecto Ensamble LiberArte de El Salvador: la m\u00fasica como camino de integraci\u00f3n y reconciliaci\u00f3n - ICIP\" \/>\n<meta property=\"og:description\" content=\"El\u00a0ICIP\u00a0ha promovido este martes 4 de mayo un encuentro con las integrantes y promotoras del proyecto musical\u00a0Ensamble LiberARTE\u00a0de El Salvador coincidiendo con la gira que el grupo hace por Catalu\u00f1a. Se trata de una iniciativa de acompa\u00f1amiento integral a chicas j\u00f3venes que se encuentran en situaci\u00f3n de alta vulnerabilidad despu\u00e9s de haber sido internas en [&hellip;]\" \/>\n<meta property=\"og:url\" content=\"https:\/\/www.icip.cat\/es\/projecte-ensamble-liberarte-del-salvador-la-musica-com-a-cami-dintegracio-i-reconciliacio\/\" \/>\n<meta property=\"og:site_name\" content=\"ICIP\" \/>\n<meta property=\"article:published_time\" content=\"2021-05-06T13:09:10+00:00\" \/>\n<meta property=\"article:modified_time\" content=\"2021-05-06T13:18:42+00:00\" \/>\n<meta property=\"og:image\" content=\"https:\/\/www.icip.cat\/wp-content\/uploads\/2021\/05\/ensamble.png\" \/>\n\t<meta property=\"og:image:width\" content=\"560\" \/>\n\t<meta property=\"og:image:height\" content=\"420\" \/>\n\t<meta property=\"og:image:type\" content=\"image\/png\" \/>\n<meta name=\"author\" content=\"Eugenia\" \/>\n<meta name=\"twitter:card\" content=\"summary_large_image\" \/>\n<meta name=\"twitter:label1\" content=\"Escrito por\" \/>\n\t<meta name=\"twitter:data1\" content=\"Eugenia\" \/>\n\t<meta name=\"twitter:label2\" content=\"Tiempo de lectura\" \/>\n\t<meta name=\"twitter:data2\" content=\"2 minutos\" \/>\n<script type=\"application\/ld+json\" class=\"yoast-schema-graph\">{\"@context\":\"https:\/\/schema.org\",\"@graph\":[{\"@type\":\"Article\",\"@id\":\"https:\/\/www.icip.cat\/es\/projecte-ensamble-liberarte-del-salvador-la-musica-com-a-cami-dintegracio-i-reconciliacio\/#article\",\"isPartOf\":{\"@id\":\"https:\/\/www.icip.cat\/es\/projecte-ensamble-liberarte-del-salvador-la-musica-com-a-cami-dintegracio-i-reconciliacio\/\"},\"author\":{\"name\":\"Eugenia\",\"@id\":\"https:\/\/www.icip.cat\/ca\/#\/schema\/person\/ecaf8460603e6e32c80f3acbf4178fa6\"},\"headline\":\"Proyecto Ensamble LiberArte de El Salvador: la m\u00fasica como camino de integraci\u00f3n y reconciliaci\u00f3n\",\"datePublished\":\"2021-05-06T13:09:10+00:00\",\"dateModified\":\"2021-05-06T13:18:42+00:00\",\"mainEntityOfPage\":{\"@id\":\"https:\/\/www.icip.cat\/es\/projecte-ensamble-liberarte-del-salvador-la-musica-com-a-cami-dintegracio-i-reconciliacio\/\"},\"wordCount\":454,\"commentCount\":0,\"publisher\":{\"@id\":\"https:\/\/www.icip.cat\/ca\/#organization\"},\"image\":{\"@id\":\"https:\/\/www.icip.cat\/es\/projecte-ensamble-liberarte-del-salvador-la-musica-com-a-cami-dintegracio-i-reconciliacio\/#primaryimage\"},\"thumbnailUrl\":\"https:\/\/www.icip.cat\/wp-content\/uploads\/2021\/05\/ensamble.png\",\"articleSection\":[\"Sin categorizar\"],\"inLanguage\":\"es\"},{\"@type\":\"WebPage\",\"@id\":\"https:\/\/www.icip.cat\/es\/projecte-ensamble-liberarte-del-salvador-la-musica-com-a-cami-dintegracio-i-reconciliacio\/\",\"url\":\"https:\/\/www.icip.cat\/es\/projecte-ensamble-liberarte-del-salvador-la-musica-com-a-cami-dintegracio-i-reconciliacio\/\",\"name\":\"Proyecto Ensamble LiberArte de El Salvador: la m\u00fasica como camino de integraci\u00f3n y reconciliaci\u00f3n - ICIP\",\"isPartOf\":{\"@id\":\"https:\/\/www.icip.cat\/ca\/#website\"},\"primaryImageOfPage\":{\"@id\":\"https:\/\/www.icip.cat\/es\/projecte-ensamble-liberarte-del-salvador-la-musica-com-a-cami-dintegracio-i-reconciliacio\/#primaryimage\"},\"image\":{\"@id\":\"https:\/\/www.icip.cat\/es\/projecte-ensamble-liberarte-del-salvador-la-musica-com-a-cami-dintegracio-i-reconciliacio\/#primaryimage\"},\"thumbnailUrl\":\"https:\/\/www.icip.cat\/wp-content\/uploads\/2021\/05\/ensamble.png\",\"datePublished\":\"2021-05-06T13:09:10+00:00\",\"dateModified\":\"2021-05-06T13:18:42+00:00\",\"inLanguage\":\"es\",\"potentialAction\":[{\"@type\":\"ReadAction\",\"target\":[\"https:\/\/www.icip.cat\/es\/projecte-ensamble-liberarte-del-salvador-la-musica-com-a-cami-dintegracio-i-reconciliacio\/\"]}]},{\"@type\":\"ImageObject\",\"inLanguage\":\"es\",\"@id\":\"https:\/\/www.icip.cat\/es\/projecte-ensamble-liberarte-del-salvador-la-musica-com-a-cami-dintegracio-i-reconciliacio\/#primaryimage\",\"url\":\"https:\/\/www.icip.cat\/wp-content\/uploads\/2021\/05\/ensamble.png\",\"contentUrl\":\"https:\/\/www.icip.cat\/wp-content\/uploads\/2021\/05\/ensamble.png\",\"width\":560,\"height\":420},{\"@type\":\"WebSite\",\"@id\":\"https:\/\/www.icip.cat\/ca\/#website\",\"url\":\"https:\/\/www.icip.cat\/ca\/\",\"name\":\"ICIP\",\"description\":\"\",\"publisher\":{\"@id\":\"https:\/\/www.icip.cat\/ca\/#organization\"},\"potentialAction\":[{\"@type\":\"SearchAction\",\"target\":{\"@type\":\"EntryPoint\",\"urlTemplate\":\"https:\/\/www.icip.cat\/ca\/?s={search_term_string}\"},\"query-input\":{\"@type\":\"PropertyValueSpecification\",\"valueRequired\":true,\"valueName\":\"search_term_string\"}}],\"inLanguage\":\"es\"},{\"@type\":\"Organization\",\"@id\":\"https:\/\/www.icip.cat\/ca\/#organization\",\"name\":\"ICIP\",\"url\":\"https:\/\/www.icip.cat\/ca\/\",\"logo\":{\"@type\":\"ImageObject\",\"inLanguage\":\"es\",\"@id\":\"https:\/\/www.icip.cat\/ca\/#\/schema\/logo\/image\/\",\"url\":\"https:\/\/www.icip.cat\/wp-content\/uploads\/2021\/02\/logo-2.png\",\"contentUrl\":\"https:\/\/www.icip.cat\/wp-content\/uploads\/2021\/02\/logo-2.png\",\"width\":562,\"height\":391,\"caption\":\"ICIP\"},\"image\":{\"@id\":\"https:\/\/www.icip.cat\/ca\/#\/schema\/logo\/image\/\"}},{\"@type\":\"Person\",\"@id\":\"https:\/\/www.icip.cat\/ca\/#\/schema\/person\/ecaf8460603e6e32c80f3acbf4178fa6\",\"name\":\"Eugenia\",\"image\":{\"@type\":\"ImageObject\",\"inLanguage\":\"es\",\"@id\":\"https:\/\/www.icip.cat\/ca\/#\/schema\/person\/image\/\",\"url\":\"https:\/\/secure.gravatar.com\/avatar\/d30b42e0caf7d7c3d97196ad2e94636c7bb0cc353a49ec8660d01bc0ff98b480?s=96&d=mm&r=g\",\"contentUrl\":\"https:\/\/secure.gravatar.com\/avatar\/d30b42e0caf7d7c3d97196ad2e94636c7bb0cc353a49ec8660d01bc0ff98b480?s=96&d=mm&r=g\",\"caption\":\"Eugenia\"},\"url\":\"https:\/\/www.icip.cat\/es\/author\/eugenia\/\"}]}<\/script>\n<!-- \/ Yoast SEO plugin. -->","yoast_head_json":{"title":"Proyecto Ensamble LiberArte de El Salvador: la m\u00fasica como camino de integraci\u00f3n y reconciliaci\u00f3n - ICIP","robots":{"index":"index","follow":"follow","max-snippet":"max-snippet:-1","max-image-preview":"max-image-preview:large","max-video-preview":"max-video-preview:-1"},"canonical":"https:\/\/www.icip.cat\/es\/projecte-ensamble-liberarte-del-salvador-la-musica-com-a-cami-dintegracio-i-reconciliacio\/","og_locale":"es_ES","og_type":"article","og_title":"Proyecto Ensamble LiberArte de El Salvador: la m\u00fasica como camino de integraci\u00f3n y reconciliaci\u00f3n - ICIP","og_description":"El\u00a0ICIP\u00a0ha promovido este martes 4 de mayo un encuentro con las integrantes y promotoras del proyecto musical\u00a0Ensamble LiberARTE\u00a0de El Salvador coincidiendo con la gira que el grupo hace por Catalu\u00f1a. Se trata de una iniciativa de acompa\u00f1amiento integral a chicas j\u00f3venes que se encuentran en situaci\u00f3n de alta vulnerabilidad despu\u00e9s de haber sido internas en [&hellip;]","og_url":"https:\/\/www.icip.cat\/es\/projecte-ensamble-liberarte-del-salvador-la-musica-com-a-cami-dintegracio-i-reconciliacio\/","og_site_name":"ICIP","article_published_time":"2021-05-06T13:09:10+00:00","article_modified_time":"2021-05-06T13:18:42+00:00","og_image":[{"width":560,"height":420,"url":"https:\/\/www.icip.cat\/wp-content\/uploads\/2021\/05\/ensamble.png","type":"image\/png"}],"author":"Eugenia","twitter_card":"summary_large_image","twitter_misc":{"Escrito por":"Eugenia","Tiempo de lectura":"2 minutos"},"schema":{"@context":"https:\/\/schema.org","@graph":[{"@type":"Article","@id":"https:\/\/www.icip.cat\/es\/projecte-ensamble-liberarte-del-salvador-la-musica-com-a-cami-dintegracio-i-reconciliacio\/#article","isPartOf":{"@id":"https:\/\/www.icip.cat\/es\/projecte-ensamble-liberarte-del-salvador-la-musica-com-a-cami-dintegracio-i-reconciliacio\/"},"author":{"name":"Eugenia","@id":"https:\/\/www.icip.cat\/ca\/#\/schema\/person\/ecaf8460603e6e32c80f3acbf4178fa6"},"headline":"Proyecto Ensamble LiberArte de El Salvador: la m\u00fasica como camino de integraci\u00f3n y reconciliaci\u00f3n","datePublished":"2021-05-06T13:09:10+00:00","dateModified":"2021-05-06T13:18:42+00:00","mainEntityOfPage":{"@id":"https:\/\/www.icip.cat\/es\/projecte-ensamble-liberarte-del-salvador-la-musica-com-a-cami-dintegracio-i-reconciliacio\/"},"wordCount":454,"commentCount":0,"publisher":{"@id":"https:\/\/www.icip.cat\/ca\/#organization"},"image":{"@id":"https:\/\/www.icip.cat\/es\/projecte-ensamble-liberarte-del-salvador-la-musica-com-a-cami-dintegracio-i-reconciliacio\/#primaryimage"},"thumbnailUrl":"https:\/\/www.icip.cat\/wp-content\/uploads\/2021\/05\/ensamble.png","articleSection":["Sin categorizar"],"inLanguage":"es"},{"@type":"WebPage","@id":"https:\/\/www.icip.cat\/es\/projecte-ensamble-liberarte-del-salvador-la-musica-com-a-cami-dintegracio-i-reconciliacio\/","url":"https:\/\/www.icip.cat\/es\/projecte-ensamble-liberarte-del-salvador-la-musica-com-a-cami-dintegracio-i-reconciliacio\/","name":"Proyecto Ensamble LiberArte de El Salvador: la m\u00fasica como camino de integraci\u00f3n y reconciliaci\u00f3n - ICIP","isPartOf":{"@id":"https:\/\/www.icip.cat\/ca\/#website"},"primaryImageOfPage":{"@id":"https:\/\/www.icip.cat\/es\/projecte-ensamble-liberarte-del-salvador-la-musica-com-a-cami-dintegracio-i-reconciliacio\/#primaryimage"},"image":{"@id":"https:\/\/www.icip.cat\/es\/projecte-ensamble-liberarte-del-salvador-la-musica-com-a-cami-dintegracio-i-reconciliacio\/#primaryimage"},"thumbnailUrl":"https:\/\/www.icip.cat\/wp-content\/uploads\/2021\/05\/ensamble.png","datePublished":"2021-05-06T13:09:10+00:00","dateModified":"2021-05-06T13:18:42+00:00","inLanguage":"es","potentialAction":[{"@type":"ReadAction","target":["https:\/\/www.icip.cat\/es\/projecte-ensamble-liberarte-del-salvador-la-musica-com-a-cami-dintegracio-i-reconciliacio\/"]}]},{"@type":"ImageObject","inLanguage":"es","@id":"https:\/\/www.icip.cat\/es\/projecte-ensamble-liberarte-del-salvador-la-musica-com-a-cami-dintegracio-i-reconciliacio\/#primaryimage","url":"https:\/\/www.icip.cat\/wp-content\/uploads\/2021\/05\/ensamble.png","contentUrl":"https:\/\/www.icip.cat\/wp-content\/uploads\/2021\/05\/ensamble.png","width":560,"height":420},{"@type":"WebSite","@id":"https:\/\/www.icip.cat\/ca\/#website","url":"https:\/\/www.icip.cat\/ca\/","name":"ICIP","description":"","publisher":{"@id":"https:\/\/www.icip.cat\/ca\/#organization"},"potentialAction":[{"@type":"SearchAction","target":{"@type":"EntryPoint","urlTemplate":"https:\/\/www.icip.cat\/ca\/?s={search_term_string}"},"query-input":{"@type":"PropertyValueSpecification","valueRequired":true,"valueName":"search_term_string"}}],"inLanguage":"es"},{"@type":"Organization","@id":"https:\/\/www.icip.cat\/ca\/#organization","name":"ICIP","url":"https:\/\/www.icip.cat\/ca\/","logo":{"@type":"ImageObject","inLanguage":"es","@id":"https:\/\/www.icip.cat\/ca\/#\/schema\/logo\/image\/","url":"https:\/\/www.icip.cat\/wp-content\/uploads\/2021\/02\/logo-2.png","contentUrl":"https:\/\/www.icip.cat\/wp-content\/uploads\/2021\/02\/logo-2.png","width":562,"height":391,"caption":"ICIP"},"image":{"@id":"https:\/\/www.icip.cat\/ca\/#\/schema\/logo\/image\/"}},{"@type":"Person","@id":"https:\/\/www.icip.cat\/ca\/#\/schema\/person\/ecaf8460603e6e32c80f3acbf4178fa6","name":"Eugenia","image":{"@type":"ImageObject","inLanguage":"es","@id":"https:\/\/www.icip.cat\/ca\/#\/schema\/person\/image\/","url":"https:\/\/secure.gravatar.com\/avatar\/d30b42e0caf7d7c3d97196ad2e94636c7bb0cc353a49ec8660d01bc0ff98b480?s=96&d=mm&r=g","contentUrl":"https:\/\/secure.gravatar.com\/avatar\/d30b42e0caf7d7c3d97196ad2e94636c7bb0cc353a49ec8660d01bc0ff98b480?s=96&d=mm&r=g","caption":"Eugenia"},"url":"https:\/\/www.icip.cat\/es\/author\/eugenia\/"}]}},"_links":{"self":[{"href":"https:\/\/www.icip.cat\/es\/wp-json\/wp\/v2\/posts\/18691","targetHints":{"allow":["GET"]}}],"collection":[{"href":"https:\/\/www.icip.cat\/es\/wp-json\/wp\/v2\/posts"}],"about":[{"href":"https:\/\/www.icip.cat\/es\/wp-json\/wp\/v2\/types\/post"}],"author":[{"embeddable":true,"href":"https:\/\/www.icip.cat\/es\/wp-json\/wp\/v2\/users\/2"}],"replies":[{"embeddable":true,"href":"https:\/\/www.icip.cat\/es\/wp-json\/wp\/v2\/comments?post=18691"}],"version-history":[{"count":3,"href":"https:\/\/www.icip.cat\/es\/wp-json\/wp\/v2\/posts\/18691\/revisions"}],"predecessor-version":[{"id":18694,"href":"https:\/\/www.icip.cat\/es\/wp-json\/wp\/v2\/posts\/18691\/revisions\/18694"}],"wp:featuredmedia":[{"embeddable":true,"href":"https:\/\/www.icip.cat\/es\/wp-json\/wp\/v2\/media\/18688"}],"wp:attachment":[{"href":"https:\/\/www.icip.cat\/es\/wp-json\/wp\/v2\/media?parent=18691"}],"wp:term":[{"taxonomy":"category","embeddable":true,"href":"https:\/\/www.icip.cat\/es\/wp-json\/wp\/v2\/categories?post=18691"},{"taxonomy":"post_tag","embeddable":true,"href":"https:\/\/www.icip.cat\/es\/wp-json\/wp\/v2\/tags?post=18691"}],"curies":[{"name":"wp","href":"https:\/\/api.w.org\/{rel}","templated":true}]}}