{"id":21990,"date":"2021-09-07T09:02:19","date_gmt":"2021-09-07T09:02:19","guid":{"rendered":"http:\/\/www.icip.cat\/nova-convocatoria-de-subvencions-per-a-treballs-de-recerca-en-lambit-de-la-pau\/"},"modified":"2021-09-07T09:08:38","modified_gmt":"2021-09-07T09:08:38","slug":"nova-convocatoria-de-subvencions-per-a-treballs-de-recerca-en-lambit-de-la-pau","status":"publish","type":"post","link":"https:\/\/www.icip.cat\/es\/nova-convocatoria-de-subvencions-per-a-treballs-de-recerca-en-lambit-de-la-pau\/","title":{"rendered":"Nueva convocatoria de subvenciones para trabajos de investigaci\u00f3n en el \u00e1mbito de la paz"},"content":{"rendered":"\n<p>El\u00a0ICIP\u00a0ha abierto nueva convocatoria de <a href=\"http:\/\/www.icip.cat\/es\/subvenciones-a-trabajos-de-investigacion-en-el-ambito-de-la-paz-r-icip\/\" target=\"_blank\" rel=\"noreferrer noopener\">subvenciones para trabajos de\u00a0investigaci\u00f3n en el \u00e1mbito de la paz<\/a> (R-ICIP 2021), con un importe global m\u00e1ximo de 60.000 euros. Las ayudas, que gestiona la Agencia de Gesti\u00f3n de Ayudas Universitarias y de\u00a0Investigaci\u00f3n (AGAUR), van destinadas a equipos investigadores de universidades del sistema universitario catal\u00e1n o centros p\u00fablicos o privados de Catalu\u00f1a sin finalidad de lucro.<\/p>\n\n\n\n<p>Seg\u00fan se establece en la convocatoria, los trabajos objeto de la subvenci\u00f3n pueden consistir en\u00a0investigaci\u00f3n\u00a0te\u00f3rica y\/o aplicada, desde cualquier disciplina o \u00e1rea de conocimiento, siempre que traten directamente sobre alguno de los \u00e1mbitos tem\u00e1ticos prioritarios del\u00a0ICIP: Memoria, convivencia y reconciliaci\u00f3n; Violencias fuera de contextos b\u00e9licos; Di\u00e1logo social y pol\u00edtico; Alternativas de seguridad.<\/p>\n\n\n\n<p>El importe m\u00ednimo de la subvenci\u00f3n para cada proyecto es de 6.000 euros, y el m\u00e1ximo es de 10.000 euros.<\/p>\n\n\n\n<p>La convocatoria estar\u00e1 abierta hasta el pr\u00f3ximo <strong>4 de octubre de 2021<\/strong>. La presentaci\u00f3n de solicitudes debe efectuarse a trav\u00e9s del portal de Tr\u00e1mites de la Generalitat, en <a href=\"https:\/\/agaur.gencat.cat\/es\/beques-i-ajuts\/convocatories-per-temes\/Subvencions-a-treballs-de-recerca-en-lambit-de-la-pau-R-ICIP-00001\" target=\"_blank\" rel=\"noreferrer noopener\">este enlace.<\/a> <br><\/p>\n","protected":false},"excerpt":{"rendered":"<p>El\u00a0ICIP\u00a0ha abierto nueva convocatoria de subvenciones para trabajos de\u00a0investigaci\u00f3n en el \u00e1mbito de la paz (R-ICIP 2021), con un importe global m\u00e1ximo de 60.000 euros. Las ayudas, que gestiona la Agencia de Gesti\u00f3n de Ayudas Universitarias y de\u00a0Investigaci\u00f3n (AGAUR), van destinadas a equipos investigadores de universidades del sistema universitario catal\u00e1n o centros p\u00fablicos o privados [&hellip;]<\/p>\n","protected":false},"author":2,"featured_media":11909,"comment_status":"open","ping_status":"open","sticky":false,"template":"","format":"standard","meta":{"_acf_changed":false,"footnotes":""},"categories":[5],"tags":[],"class_list":["post-21990","post","type-post","status-publish","format-standard","has-post-thumbnail","hentry","category-sin-categorizar"],"acf":[],"yoast_head":"<!-- This site is optimized with the Yoast SEO plugin v25.6 - https:\/\/yoast.com\/wordpress\/plugins\/seo\/ -->\n<title>Nueva convocatoria de subvenciones para trabajos de investigaci\u00f3n en el \u00e1mbito de la paz - ICIP<\/title>\n<meta name=\"robots\" content=\"index, follow, max-snippet:-1, max-image-preview:large, max-video-preview:-1\" \/>\n<link rel=\"canonical\" href=\"https:\/\/www.icip.cat\/es\/nova-convocatoria-de-subvencions-per-a-treballs-de-recerca-en-lambit-de-la-pau\/\" \/>\n<meta property=\"og:locale\" content=\"es_ES\" \/>\n<meta property=\"og:type\" content=\"article\" \/>\n<meta property=\"og:title\" content=\"Nueva convocatoria de subvenciones para trabajos de investigaci\u00f3n en el \u00e1mbito de la paz - ICIP\" \/>\n<meta property=\"og:description\" content=\"El\u00a0ICIP\u00a0ha abierto nueva convocatoria de subvenciones para trabajos de\u00a0investigaci\u00f3n en el \u00e1mbito de la paz (R-ICIP 2021), con un importe global m\u00e1ximo de 60.000 euros. Las ayudas, que gestiona la Agencia de Gesti\u00f3n de Ayudas Universitarias y de\u00a0Investigaci\u00f3n (AGAUR), van destinadas a equipos investigadores de universidades del sistema universitario catal\u00e1n o centros p\u00fablicos o privados [&hellip;]\" \/>\n<meta property=\"og:url\" content=\"https:\/\/www.icip.cat\/es\/nova-convocatoria-de-subvencions-per-a-treballs-de-recerca-en-lambit-de-la-pau\/\" \/>\n<meta property=\"og:site_name\" content=\"ICIP\" \/>\n<meta property=\"article:published_time\" content=\"2021-09-07T09:02:19+00:00\" \/>\n<meta property=\"article:modified_time\" content=\"2021-09-07T09:08:38+00:00\" \/>\n<meta property=\"og:image\" content=\"https:\/\/www.icip.cat\/wp-content\/uploads\/2021\/01\/sharon-mccutcheon-tn57JI3CewI-unsplash-scaled-e1619515634336.jpg\" \/>\n\t<meta property=\"og:image:width\" content=\"1707\" \/>\n\t<meta property=\"og:image:height\" content=\"2560\" \/>\n\t<meta property=\"og:image:type\" content=\"image\/jpeg\" \/>\n<meta name=\"author\" content=\"Eugenia\" \/>\n<meta name=\"twitter:card\" content=\"summary_large_image\" \/>\n<meta name=\"twitter:label1\" content=\"Escrito por\" \/>\n\t<meta name=\"twitter:data1\" content=\"Eugenia\" \/>\n\t<meta name=\"twitter:label2\" content=\"Tiempo de lectura\" \/>\n\t<meta name=\"twitter:data2\" content=\"1 minuto\" \/>\n<script type=\"application\/ld+json\" class=\"yoast-schema-graph\">{\"@context\":\"https:\/\/schema.org\",\"@graph\":[{\"@type\":\"Article\",\"@id\":\"https:\/\/www.icip.cat\/es\/nova-convocatoria-de-subvencions-per-a-treballs-de-recerca-en-lambit-de-la-pau\/#article\",\"isPartOf\":{\"@id\":\"https:\/\/www.icip.cat\/es\/nova-convocatoria-de-subvencions-per-a-treballs-de-recerca-en-lambit-de-la-pau\/\"},\"author\":{\"name\":\"Eugenia\",\"@id\":\"https:\/\/www.icip.cat\/ca\/#\/schema\/person\/ecaf8460603e6e32c80f3acbf4178fa6\"},\"headline\":\"Nueva convocatoria de subvenciones para trabajos de investigaci\u00f3n en el \u00e1mbito de la paz\",\"datePublished\":\"2021-09-07T09:02:19+00:00\",\"dateModified\":\"2021-09-07T09:08:38+00:00\",\"mainEntityOfPage\":{\"@id\":\"https:\/\/www.icip.cat\/es\/nova-convocatoria-de-subvencions-per-a-treballs-de-recerca-en-lambit-de-la-pau\/\"},\"wordCount\":203,\"commentCount\":0,\"publisher\":{\"@id\":\"https:\/\/www.icip.cat\/ca\/#organization\"},\"image\":{\"@id\":\"https:\/\/www.icip.cat\/es\/nova-convocatoria-de-subvencions-per-a-treballs-de-recerca-en-lambit-de-la-pau\/#primaryimage\"},\"thumbnailUrl\":\"https:\/\/www.icip.cat\/wp-content\/uploads\/2021\/01\/sharon-mccutcheon-tn57JI3CewI-unsplash-scaled-e1619515634336.jpg\",\"articleSection\":[\"Sin categorizar\"],\"inLanguage\":\"es\"},{\"@type\":\"WebPage\",\"@id\":\"https:\/\/www.icip.cat\/es\/nova-convocatoria-de-subvencions-per-a-treballs-de-recerca-en-lambit-de-la-pau\/\",\"url\":\"https:\/\/www.icip.cat\/es\/nova-convocatoria-de-subvencions-per-a-treballs-de-recerca-en-lambit-de-la-pau\/\",\"name\":\"Nueva convocatoria de subvenciones para trabajos de investigaci\u00f3n en el \u00e1mbito de la paz - ICIP\",\"isPartOf\":{\"@id\":\"https:\/\/www.icip.cat\/ca\/#website\"},\"primaryImageOfPage\":{\"@id\":\"https:\/\/www.icip.cat\/es\/nova-convocatoria-de-subvencions-per-a-treballs-de-recerca-en-lambit-de-la-pau\/#primaryimage\"},\"image\":{\"@id\":\"https:\/\/www.icip.cat\/es\/nova-convocatoria-de-subvencions-per-a-treballs-de-recerca-en-lambit-de-la-pau\/#primaryimage\"},\"thumbnailUrl\":\"https:\/\/www.icip.cat\/wp-content\/uploads\/2021\/01\/sharon-mccutcheon-tn57JI3CewI-unsplash-scaled-e1619515634336.jpg\",\"datePublished\":\"2021-09-07T09:02:19+00:00\",\"dateModified\":\"2021-09-07T09:08:38+00:00\",\"inLanguage\":\"es\",\"potentialAction\":[{\"@type\":\"ReadAction\",\"target\":[\"https:\/\/www.icip.cat\/es\/nova-convocatoria-de-subvencions-per-a-treballs-de-recerca-en-lambit-de-la-pau\/\"]}]},{\"@type\":\"ImageObject\",\"inLanguage\":\"es\",\"@id\":\"https:\/\/www.icip.cat\/es\/nova-convocatoria-de-subvencions-per-a-treballs-de-recerca-en-lambit-de-la-pau\/#primaryimage\",\"url\":\"https:\/\/www.icip.cat\/wp-content\/uploads\/2021\/01\/sharon-mccutcheon-tn57JI3CewI-unsplash-scaled-e1619515634336.jpg\",\"contentUrl\":\"https:\/\/www.icip.cat\/wp-content\/uploads\/2021\/01\/sharon-mccutcheon-tn57JI3CewI-unsplash-scaled-e1619515634336.jpg\",\"width\":1707,\"height\":2560},{\"@type\":\"WebSite\",\"@id\":\"https:\/\/www.icip.cat\/ca\/#website\",\"url\":\"https:\/\/www.icip.cat\/ca\/\",\"name\":\"ICIP\",\"description\":\"\",\"publisher\":{\"@id\":\"https:\/\/www.icip.cat\/ca\/#organization\"},\"potentialAction\":[{\"@type\":\"SearchAction\",\"target\":{\"@type\":\"EntryPoint\",\"urlTemplate\":\"https:\/\/www.icip.cat\/ca\/?s={search_term_string}\"},\"query-input\":{\"@type\":\"PropertyValueSpecification\",\"valueRequired\":true,\"valueName\":\"search_term_string\"}}],\"inLanguage\":\"es\"},{\"@type\":\"Organization\",\"@id\":\"https:\/\/www.icip.cat\/ca\/#organization\",\"name\":\"ICIP\",\"url\":\"https:\/\/www.icip.cat\/ca\/\",\"logo\":{\"@type\":\"ImageObject\",\"inLanguage\":\"es\",\"@id\":\"https:\/\/www.icip.cat\/ca\/#\/schema\/logo\/image\/\",\"url\":\"https:\/\/www.icip.cat\/wp-content\/uploads\/2021\/02\/logo-2.png\",\"contentUrl\":\"https:\/\/www.icip.cat\/wp-content\/uploads\/2021\/02\/logo-2.png\",\"width\":562,\"height\":391,\"caption\":\"ICIP\"},\"image\":{\"@id\":\"https:\/\/www.icip.cat\/ca\/#\/schema\/logo\/image\/\"}},{\"@type\":\"Person\",\"@id\":\"https:\/\/www.icip.cat\/ca\/#\/schema\/person\/ecaf8460603e6e32c80f3acbf4178fa6\",\"name\":\"Eugenia\",\"image\":{\"@type\":\"ImageObject\",\"inLanguage\":\"es\",\"@id\":\"https:\/\/www.icip.cat\/ca\/#\/schema\/person\/image\/\",\"url\":\"https:\/\/secure.gravatar.com\/avatar\/d30b42e0caf7d7c3d97196ad2e94636c7bb0cc353a49ec8660d01bc0ff98b480?s=96&d=mm&r=g\",\"contentUrl\":\"https:\/\/secure.gravatar.com\/avatar\/d30b42e0caf7d7c3d97196ad2e94636c7bb0cc353a49ec8660d01bc0ff98b480?s=96&d=mm&r=g\",\"caption\":\"Eugenia\"},\"url\":\"https:\/\/www.icip.cat\/es\/author\/eugenia\/\"}]}<\/script>\n<!-- \/ Yoast SEO plugin. -->","yoast_head_json":{"title":"Nueva convocatoria de subvenciones para trabajos de investigaci\u00f3n en el \u00e1mbito de la paz - ICIP","robots":{"index":"index","follow":"follow","max-snippet":"max-snippet:-1","max-image-preview":"max-image-preview:large","max-video-preview":"max-video-preview:-1"},"canonical":"https:\/\/www.icip.cat\/es\/nova-convocatoria-de-subvencions-per-a-treballs-de-recerca-en-lambit-de-la-pau\/","og_locale":"es_ES","og_type":"article","og_title":"Nueva convocatoria de subvenciones para trabajos de investigaci\u00f3n en el \u00e1mbito de la paz - ICIP","og_description":"El\u00a0ICIP\u00a0ha abierto nueva convocatoria de subvenciones para trabajos de\u00a0investigaci\u00f3n en el \u00e1mbito de la paz (R-ICIP 2021), con un importe global m\u00e1ximo de 60.000 euros. Las ayudas, que gestiona la Agencia de Gesti\u00f3n de Ayudas Universitarias y de\u00a0Investigaci\u00f3n (AGAUR), van destinadas a equipos investigadores de universidades del sistema universitario catal\u00e1n o centros p\u00fablicos o privados [&hellip;]","og_url":"https:\/\/www.icip.cat\/es\/nova-convocatoria-de-subvencions-per-a-treballs-de-recerca-en-lambit-de-la-pau\/","og_site_name":"ICIP","article_published_time":"2021-09-07T09:02:19+00:00","article_modified_time":"2021-09-07T09:08:38+00:00","og_image":[{"width":1707,"height":2560,"url":"https:\/\/www.icip.cat\/wp-content\/uploads\/2021\/01\/sharon-mccutcheon-tn57JI3CewI-unsplash-scaled-e1619515634336.jpg","type":"image\/jpeg"}],"author":"Eugenia","twitter_card":"summary_large_image","twitter_misc":{"Escrito por":"Eugenia","Tiempo de lectura":"1 minuto"},"schema":{"@context":"https:\/\/schema.org","@graph":[{"@type":"Article","@id":"https:\/\/www.icip.cat\/es\/nova-convocatoria-de-subvencions-per-a-treballs-de-recerca-en-lambit-de-la-pau\/#article","isPartOf":{"@id":"https:\/\/www.icip.cat\/es\/nova-convocatoria-de-subvencions-per-a-treballs-de-recerca-en-lambit-de-la-pau\/"},"author":{"name":"Eugenia","@id":"https:\/\/www.icip.cat\/ca\/#\/schema\/person\/ecaf8460603e6e32c80f3acbf4178fa6"},"headline":"Nueva convocatoria de subvenciones para trabajos de investigaci\u00f3n en el \u00e1mbito de la paz","datePublished":"2021-09-07T09:02:19+00:00","dateModified":"2021-09-07T09:08:38+00:00","mainEntityOfPage":{"@id":"https:\/\/www.icip.cat\/es\/nova-convocatoria-de-subvencions-per-a-treballs-de-recerca-en-lambit-de-la-pau\/"},"wordCount":203,"commentCount":0,"publisher":{"@id":"https:\/\/www.icip.cat\/ca\/#organization"},"image":{"@id":"https:\/\/www.icip.cat\/es\/nova-convocatoria-de-subvencions-per-a-treballs-de-recerca-en-lambit-de-la-pau\/#primaryimage"},"thumbnailUrl":"https:\/\/www.icip.cat\/wp-content\/uploads\/2021\/01\/sharon-mccutcheon-tn57JI3CewI-unsplash-scaled-e1619515634336.jpg","articleSection":["Sin categorizar"],"inLanguage":"es"},{"@type":"WebPage","@id":"https:\/\/www.icip.cat\/es\/nova-convocatoria-de-subvencions-per-a-treballs-de-recerca-en-lambit-de-la-pau\/","url":"https:\/\/www.icip.cat\/es\/nova-convocatoria-de-subvencions-per-a-treballs-de-recerca-en-lambit-de-la-pau\/","name":"Nueva convocatoria de subvenciones para trabajos de investigaci\u00f3n en el \u00e1mbito de la paz - ICIP","isPartOf":{"@id":"https:\/\/www.icip.cat\/ca\/#website"},"primaryImageOfPage":{"@id":"https:\/\/www.icip.cat\/es\/nova-convocatoria-de-subvencions-per-a-treballs-de-recerca-en-lambit-de-la-pau\/#primaryimage"},"image":{"@id":"https:\/\/www.icip.cat\/es\/nova-convocatoria-de-subvencions-per-a-treballs-de-recerca-en-lambit-de-la-pau\/#primaryimage"},"thumbnailUrl":"https:\/\/www.icip.cat\/wp-content\/uploads\/2021\/01\/sharon-mccutcheon-tn57JI3CewI-unsplash-scaled-e1619515634336.jpg","datePublished":"2021-09-07T09:02:19+00:00","dateModified":"2021-09-07T09:08:38+00:00","inLanguage":"es","potentialAction":[{"@type":"ReadAction","target":["https:\/\/www.icip.cat\/es\/nova-convocatoria-de-subvencions-per-a-treballs-de-recerca-en-lambit-de-la-pau\/"]}]},{"@type":"ImageObject","inLanguage":"es","@id":"https:\/\/www.icip.cat\/es\/nova-convocatoria-de-subvencions-per-a-treballs-de-recerca-en-lambit-de-la-pau\/#primaryimage","url":"https:\/\/www.icip.cat\/wp-content\/uploads\/2021\/01\/sharon-mccutcheon-tn57JI3CewI-unsplash-scaled-e1619515634336.jpg","contentUrl":"https:\/\/www.icip.cat\/wp-content\/uploads\/2021\/01\/sharon-mccutcheon-tn57JI3CewI-unsplash-scaled-e1619515634336.jpg","width":1707,"height":2560},{"@type":"WebSite","@id":"https:\/\/www.icip.cat\/ca\/#website","url":"https:\/\/www.icip.cat\/ca\/","name":"ICIP","description":"","publisher":{"@id":"https:\/\/www.icip.cat\/ca\/#organization"},"potentialAction":[{"@type":"SearchAction","target":{"@type":"EntryPoint","urlTemplate":"https:\/\/www.icip.cat\/ca\/?s={search_term_string}"},"query-input":{"@type":"PropertyValueSpecification","valueRequired":true,"valueName":"search_term_string"}}],"inLanguage":"es"},{"@type":"Organization","@id":"https:\/\/www.icip.cat\/ca\/#organization","name":"ICIP","url":"https:\/\/www.icip.cat\/ca\/","logo":{"@type":"ImageObject","inLanguage":"es","@id":"https:\/\/www.icip.cat\/ca\/#\/schema\/logo\/image\/","url":"https:\/\/www.icip.cat\/wp-content\/uploads\/2021\/02\/logo-2.png","contentUrl":"https:\/\/www.icip.cat\/wp-content\/uploads\/2021\/02\/logo-2.png","width":562,"height":391,"caption":"ICIP"},"image":{"@id":"https:\/\/www.icip.cat\/ca\/#\/schema\/logo\/image\/"}},{"@type":"Person","@id":"https:\/\/www.icip.cat\/ca\/#\/schema\/person\/ecaf8460603e6e32c80f3acbf4178fa6","name":"Eugenia","image":{"@type":"ImageObject","inLanguage":"es","@id":"https:\/\/www.icip.cat\/ca\/#\/schema\/person\/image\/","url":"https:\/\/secure.gravatar.com\/avatar\/d30b42e0caf7d7c3d97196ad2e94636c7bb0cc353a49ec8660d01bc0ff98b480?s=96&d=mm&r=g","contentUrl":"https:\/\/secure.gravatar.com\/avatar\/d30b42e0caf7d7c3d97196ad2e94636c7bb0cc353a49ec8660d01bc0ff98b480?s=96&d=mm&r=g","caption":"Eugenia"},"url":"https:\/\/www.icip.cat\/es\/author\/eugenia\/"}]}},"_links":{"self":[{"href":"https:\/\/www.icip.cat\/es\/wp-json\/wp\/v2\/posts\/21990","targetHints":{"allow":["GET"]}}],"collection":[{"href":"https:\/\/www.icip.cat\/es\/wp-json\/wp\/v2\/posts"}],"about":[{"href":"https:\/\/www.icip.cat\/es\/wp-json\/wp\/v2\/types\/post"}],"author":[{"embeddable":true,"href":"https:\/\/www.icip.cat\/es\/wp-json\/wp\/v2\/users\/2"}],"replies":[{"embeddable":true,"href":"https:\/\/www.icip.cat\/es\/wp-json\/wp\/v2\/comments?post=21990"}],"version-history":[{"count":4,"href":"https:\/\/www.icip.cat\/es\/wp-json\/wp\/v2\/posts\/21990\/revisions"}],"predecessor-version":[{"id":21997,"href":"https:\/\/www.icip.cat\/es\/wp-json\/wp\/v2\/posts\/21990\/revisions\/21997"}],"wp:featuredmedia":[{"embeddable":true,"href":"https:\/\/www.icip.cat\/es\/wp-json\/wp\/v2\/media\/11909"}],"wp:attachment":[{"href":"https:\/\/www.icip.cat\/es\/wp-json\/wp\/v2\/media?parent=21990"}],"wp:term":[{"taxonomy":"category","embeddable":true,"href":"https:\/\/www.icip.cat\/es\/wp-json\/wp\/v2\/categories?post=21990"},{"taxonomy":"post_tag","embeddable":true,"href":"https:\/\/www.icip.cat\/es\/wp-json\/wp\/v2\/tags?post=21990"}],"curies":[{"name":"wp","href":"https:\/\/api.w.org\/{rel}","templated":true}]}}